{"id":14238,"date":"2023-02-09T12:48:26","date_gmt":"2023-02-09T12:48:26","guid":{"rendered":"https:\/\/www.africa-press.net\/congo-brazzaville\/politique\/le-maroc-compte-intensifier-les-relations-parlementaires-avec-le-congo"},"modified":"2023-02-09T12:55:13","modified_gmt":"2023-02-09T12:55:13","slug":"le-maroc-compte-intensifier-les-relations-parlementaires-avec-le-congo","status":"publish","type":"post","link":"https:\/\/www.africa-press.net\/congo-brazzaville\/politique\/le-maroc-compte-intensifier-les-relations-parlementaires-avec-le-congo","title":{"rendered":"le maroc compte intensifier les relations parlementaires avec le congo"},"content":{"rendered":"<p><span style=\"color: #ff6600\"><strong>Africa-Press &#8211; Congo Brazzaville. <\/strong><\/span><b>L\u2019ambassadeur du Royaume du Maroc au Congo, Ahmed Agargi a indique\u0301 le 8 fe\u0301vrier a\u0300 Brazzaville que son pays entendait intensifier les relations parlementaires avec le Congo.<\/b><\/p>\n<p>\u00ab Nous avons convenu d\u2019intensifier les e\u0301changes, les visites les deux institutions, entre les de\u0301pute\u0301es du Congo et ceux du Maroc, pour que l\u2019on donne un nouvel e\u0301lan a\u0300 la relation d\u2019exception qui lie nos deux pays dans le domaine parlementaire. Cette relation d\u2019exception se traduit e\u0301galement par la coordination fructueuse dans la plupart des forums re\u0301gionaux et internationaux ou\u0300 le Maroc peut compter sur ses fre\u0300res congolais et vice versa \u00bb, a indique\u0301 Ahmed Agargi au terme de son entretien avec le pre\u0301sident de l\u2019Assemble\u0301e Nationale Isidore Mvouba.<\/p>\n<p>Le diplomate marocain a aussi fait savoir qu\u2019avec le pre\u0301sident de l\u2019Assemble\u0301e nationale, les discussions ont aussi tourne\u0301 autour de l\u2019octroi des bourses marocaines aux e\u0301tudiants congolais. \u00ab Nous accordons plus de 90 bourses aux e\u0301tudiants congolais, chaque anne\u0301e pour qu\u2019ils acquie\u0300rent un savoir-faire. Je souhaiterais que les prochaines promotions puissent e\u0302tre inte\u0301gre\u0301es dans la re\u0301alisation du plan national de de\u0301veloppement. Car nous avons l\u2019expertise dans les questions agricoles et nous sommes pre\u0302ts a\u0300 l\u2019e\u0301changer avec les fre\u0300res congolais \u00bb, a dit Ahmed Agargi.<\/p>\n<p>Ahmed Agargi a pre\u0301cise\u0301 que son pays mai\u0302trise beaucoup de technologies dans le domaine hydraulique et sportif avec la construction des infrastructures sportives et hydrauliques. \u00ab Le Maroc est donc pre\u0302t a\u0300 partager cette expertise avec les amis congolais et africains \u00bb, a conclu le diplomate marocain.<\/p>\n<p>Le diplomate marocain a releve\u0301 que son pays est dispose\u0301 de partager aussi son savoir-faire dans tous les domaines avec les autres pays africains<\/p>\n<p>L\u2019 Ambassadeur du Royaume du Maroc au Congo, Ahmed Agargi a e\u0301te\u0301 dans les anne\u0301es 2020, Consul ge\u0301ne\u0301ral du Maroc a\u0300 Montpellier, en France.<\/p>\n<p><strong>Pour plus d&rsquo;informations et d&rsquo;analyses sur la <a href=\"https:\/\/www.africa-press.net\/congo-brazzaville\">Congo Brazzaville<\/a>, suivez <a href=\"https:\/\/www.africa-press.net\/\">Africa-Press<\/a><\/strong><\/p>\n","protected":false},"excerpt":{"rendered":"<p>Africa-Press &#8211; Congo Brazzaville. L\u2019ambassadeur du Royaume du Maroc au Congo, Ahmed Agargi a indique\u0301 le 8 fe\u0301vrier a\u0300 Brazzaville que son pays entendait intensifier les relations parlementaires avec le Congo. \u00ab Nous avons convenu d\u2019intensifier les e\u0301changes, les visites les deux institutions, entre les de\u0301pute\u0301es du Congo et ceux du Maroc, pour que l\u2019on [&hellip;]<\/p>\n","protected":false},"author":82,"featured_media":14237,"comment_status":"open","ping_status":"closed","sticky":false,"template":"","format":"standard","meta":{"footnotes":""},"categories":[2,20,10],"tags":[36,47,46],"class_list":["post-14238","post","type-post","status-publish","format-standard","has-post-thumbnail","hentry","category-politique","category-top-nouvelles","category-toutes-les-actualites","tag-africa-press","tag-africa-press-congo-brazzaville","tag-congo-brazzaville"],"yoast_head":"<!-- This site is optimized with the Yoast SEO Premium plugin v26.1 (Yoast SEO v27.0) - https:\/\/yoast.com\/product\/yoast-seo-premium-wordpress\/ -->\n<title>le maroc compte intensifier les relations parlementaires avec le congo - Congo Brazzaville<\/title>\n<meta name=\"description\" content=\"L\u2019ambassadeur du Royaume du Maroc au Congo, Ahmed Agargi a indique\u0301 le 8 fe\u0301vrier a\u0300 Brazzaville que son pays entenda ...\" \/>\n<meta name=\"robots\" content=\"index, follow, max-snippet:-1, max-image-preview:large, max-video-preview:-1\" \/>\n<link rel=\"canonical\" href=\"https:\/\/www.africa-press.net\/congo-brazzaville\/politique\/le-maroc-compte-intensifier-les-relations-parlementaires-avec-le-congo\" \/>\n<meta property=\"og:locale\" content=\"fr_FR\" \/>\n<meta property=\"og:type\" content=\"article\" \/>\n<meta property=\"og:title\" content=\"le maroc compte intensifier les relations parlementaires avec le congo\" \/>\n<meta property=\"og:description\" content=\"L\u2019ambassadeur du Royaume du Maroc au Congo, Ahmed Agargi a indique\u0301 le 8 fe\u0301vrier a\u0300 Brazzaville que son pays entenda ...\" \/>\n<meta property=\"og:url\" content=\"https:\/\/www.africa-press.net\/congo-brazzaville\/politique\/le-maroc-compte-intensifier-les-relations-parlementaires-avec-le-congo\" \/>\n<meta property=\"og:site_name\" content=\"Congo Brazzaville\" \/>\n<meta property=\"article:published_time\" content=\"2023-02-09T12:48:26+00:00\" \/>\n<meta property=\"article:modified_time\" content=\"2023-02-09T12:55:13+00:00\" \/>\n<meta property=\"og:image\" content=\"https:\/\/static.africa-press.net\/congo-brazzaville\/sites\/51\/2023\/02\/postQueueImg_1675934312.29.jpg\" \/>\n\t<meta property=\"og:image:width\" content=\"933\" \/>\n\t<meta property=\"og:image:height\" content=\"445\" \/>\n\t<meta property=\"og:image:type\" content=\"image\/jpeg\" \/>\n<meta name=\"author\" content=\"cfeditorfr\" \/>\n<meta name=\"twitter:card\" content=\"summary_large_image\" \/>\n<meta name=\"twitter:label1\" content=\"\u00c9crit par\" \/>\n\t<meta name=\"twitter:data1\" content=\"cfeditorfr\" \/>\n\t<meta name=\"twitter:label2\" content=\"Dur\u00e9e de lecture estim\u00e9e\" \/>\n\t<meta name=\"twitter:data2\" content=\"2 minutes\" \/>\n<script type=\"application\/ld+json\" class=\"yoast-schema-graph\">{\"@context\":\"https:\/\/schema.org\",\"@graph\":[{\"@type\":\"Article\",\"@id\":\"https:\/\/www.africa-press.net\/congo-brazzaville\/politique\/le-maroc-compte-intensifier-les-relations-parlementaires-avec-le-congo#article\",\"isPartOf\":{\"@id\":\"https:\/\/www.africa-press.net\/congo-brazzaville\/politique\/le-maroc-compte-intensifier-les-relations-parlementaires-avec-le-congo\"},\"author\":{\"name\":\"cfeditorfr\",\"@id\":\"https:\/\/www.africa-press.net\/congo-brazzaville\/#\/schema\/person\/2b1cf3cd81a31e3cd26889ca66d677f1\"},\"headline\":\"le maroc compte intensifier les relations parlementaires avec le congo\",\"datePublished\":\"2023-02-09T12:48:26+00:00\",\"dateModified\":\"2023-02-09T12:55:13+00:00\",\"mainEntityOfPage\":{\"@id\":\"https:\/\/www.africa-press.net\/congo-brazzaville\/politique\/le-maroc-compte-intensifier-les-relations-parlementaires-avec-le-congo\"},\"wordCount\":356,\"commentCount\":0,\"image\":{\"@id\":\"https:\/\/www.africa-press.net\/congo-brazzaville\/politique\/le-maroc-compte-intensifier-les-relations-parlementaires-avec-le-congo#primaryimage\"},\"thumbnailUrl\":\"https:\/\/static.africa-press.net\/congo-brazzaville\/sites\/51\/2023\/02\/postQueueImg_1675934312.29.jpg\",\"keywords\":[\"Africa Press\",\"Africa Press-Congo Brazzaville\",\"Congo Brazzaville\"],\"articleSection\":[\"Politique\",\"Top Nouvelles\",\"Toutes les actualit\u00e9s\"],\"inLanguage\":\"fr-FR\",\"potentialAction\":[{\"@type\":\"CommentAction\",\"name\":\"Comment\",\"target\":[\"https:\/\/www.africa-press.net\/congo-brazzaville\/politique\/le-maroc-compte-intensifier-les-relations-parlementaires-avec-le-congo#respond\"]}]},{\"@type\":\"WebPage\",\"@id\":\"https:\/\/www.africa-press.net\/congo-brazzaville\/politique\/le-maroc-compte-intensifier-les-relations-parlementaires-avec-le-congo\",\"url\":\"https:\/\/www.africa-press.net\/congo-brazzaville\/politique\/le-maroc-compte-intensifier-les-relations-parlementaires-avec-le-congo\",\"name\":\"le maroc compte intensifier les relations parlementaires avec le congo - Congo Brazzaville\",\"isPartOf\":{\"@id\":\"https:\/\/www.africa-press.net\/congo-brazzaville\/#website\"},\"primaryImageOfPage\":{\"@id\":\"https:\/\/www.africa-press.net\/congo-brazzaville\/politique\/le-maroc-compte-intensifier-les-relations-parlementaires-avec-le-congo#primaryimage\"},\"image\":{\"@id\":\"https:\/\/www.africa-press.net\/congo-brazzaville\/politique\/le-maroc-compte-intensifier-les-relations-parlementaires-avec-le-congo#primaryimage\"},\"thumbnailUrl\":\"https:\/\/static.africa-press.net\/congo-brazzaville\/sites\/51\/2023\/02\/postQueueImg_1675934312.29.jpg\",\"datePublished\":\"2023-02-09T12:48:26+00:00\",\"dateModified\":\"2023-02-09T12:55:13+00:00\",\"author\":{\"@id\":\"https:\/\/www.africa-press.net\/congo-brazzaville\/#\/schema\/person\/2b1cf3cd81a31e3cd26889ca66d677f1\"},\"description\":\"L\u2019ambassadeur du Royaume du Maroc au Congo, Ahmed Agargi a indique\u0301 le 8 fe\u0301vrier a\u0300 Brazzaville que son pays entenda ...\",\"breadcrumb\":{\"@id\":\"https:\/\/www.africa-press.net\/congo-brazzaville\/politique\/le-maroc-compte-intensifier-les-relations-parlementaires-avec-le-congo#breadcrumb\"},\"inLanguage\":\"fr-FR\",\"potentialAction\":[{\"@type\":\"ReadAction\",\"target\":[\"https:\/\/www.africa-press.net\/congo-brazzaville\/politique\/le-maroc-compte-intensifier-les-relations-parlementaires-avec-le-congo\"]}]},{\"@type\":\"ImageObject\",\"inLanguage\":\"fr-FR\",\"@id\":\"https:\/\/www.africa-press.net\/congo-brazzaville\/politique\/le-maroc-compte-intensifier-les-relations-parlementaires-avec-le-congo#primaryimage\",\"url\":\"https:\/\/static.africa-press.net\/congo-brazzaville\/sites\/51\/2023\/02\/postQueueImg_1675934312.29.jpg\",\"contentUrl\":\"https:\/\/static.africa-press.net\/congo-brazzaville\/sites\/51\/2023\/02\/postQueueImg_1675934312.29.jpg\",\"width\":933,\"height\":445,\"caption\":\"le maroc compte intensifier les relations parlementaires avec le congo\"},{\"@type\":\"BreadcrumbList\",\"@id\":\"https:\/\/www.africa-press.net\/congo-brazzaville\/politique\/le-maroc-compte-intensifier-les-relations-parlementaires-avec-le-congo#breadcrumb\",\"itemListElement\":[{\"@type\":\"ListItem\",\"position\":1,\"name\":\"Accueil\",\"item\":\"https:\/\/www.africa-press.net\/congo-brazzaville\/\"},{\"@type\":\"ListItem\",\"position\":2,\"name\":\"le maroc compte intensifier les relations parlementaires avec le congo\"}]},{\"@type\":\"WebSite\",\"@id\":\"https:\/\/www.africa-press.net\/congo-brazzaville\/#website\",\"url\":\"https:\/\/www.africa-press.net\/congo-brazzaville\/\",\"name\":\"Congo Brazzaville\",\"description\":\"Just another Africa News Agency Sites site\",\"potentialAction\":[{\"@type\":\"SearchAction\",\"target\":{\"@type\":\"EntryPoint\",\"urlTemplate\":\"https:\/\/www.africa-press.net\/congo-brazzaville\/?s={search_term_string}\"},\"query-input\":{\"@type\":\"PropertyValueSpecification\",\"valueRequired\":true,\"valueName\":\"search_term_string\"}}],\"inLanguage\":\"fr-FR\"},{\"@type\":\"Person\",\"@id\":\"https:\/\/www.africa-press.net\/congo-brazzaville\/#\/schema\/person\/2b1cf3cd81a31e3cd26889ca66d677f1\",\"name\":\"cfeditorfr\"}]}<\/script>\n<!-- \/ Yoast SEO Premium plugin. -->","yoast_head_json":{"title":"le maroc compte intensifier les relations parlementaires avec le congo - Congo Brazzaville","description":"L\u2019ambassadeur du Royaume du Maroc au Congo, Ahmed Agargi a indique\u0301 le 8 fe\u0301vrier a\u0300 Brazzaville que son pays entenda ...","robots":{"index":"index","follow":"follow","max-snippet":"max-snippet:-1","max-image-preview":"max-image-preview:large","max-video-preview":"max-video-preview:-1"},"canonical":"https:\/\/www.africa-press.net\/congo-brazzaville\/politique\/le-maroc-compte-intensifier-les-relations-parlementaires-avec-le-congo","og_locale":"fr_FR","og_type":"article","og_title":"le maroc compte intensifier les relations parlementaires avec le congo","og_description":"L\u2019ambassadeur du Royaume du Maroc au Congo, Ahmed Agargi a indique\u0301 le 8 fe\u0301vrier a\u0300 Brazzaville que son pays entenda ...","og_url":"https:\/\/www.africa-press.net\/congo-brazzaville\/politique\/le-maroc-compte-intensifier-les-relations-parlementaires-avec-le-congo","og_site_name":"Congo Brazzaville","article_published_time":"2023-02-09T12:48:26+00:00","article_modified_time":"2023-02-09T12:55:13+00:00","og_image":[{"width":933,"height":445,"url":"https:\/\/static.africa-press.net\/congo-brazzaville\/sites\/51\/2023\/02\/postQueueImg_1675934312.29.jpg","type":"image\/jpeg"}],"author":"cfeditorfr","twitter_card":"summary_large_image","twitter_misc":{"\u00c9crit par":"cfeditorfr","Dur\u00e9e de lecture estim\u00e9e":"2 minutes"},"schema":{"@context":"https:\/\/schema.org","@graph":[{"@type":"Article","@id":"https:\/\/www.africa-press.net\/congo-brazzaville\/politique\/le-maroc-compte-intensifier-les-relations-parlementaires-avec-le-congo#article","isPartOf":{"@id":"https:\/\/www.africa-press.net\/congo-brazzaville\/politique\/le-maroc-compte-intensifier-les-relations-parlementaires-avec-le-congo"},"author":{"name":"cfeditorfr","@id":"https:\/\/www.africa-press.net\/congo-brazzaville\/#\/schema\/person\/2b1cf3cd81a31e3cd26889ca66d677f1"},"headline":"le maroc compte intensifier les relations parlementaires avec le congo","datePublished":"2023-02-09T12:48:26+00:00","dateModified":"2023-02-09T12:55:13+00:00","mainEntityOfPage":{"@id":"https:\/\/www.africa-press.net\/congo-brazzaville\/politique\/le-maroc-compte-intensifier-les-relations-parlementaires-avec-le-congo"},"wordCount":356,"commentCount":0,"image":{"@id":"https:\/\/www.africa-press.net\/congo-brazzaville\/politique\/le-maroc-compte-intensifier-les-relations-parlementaires-avec-le-congo#primaryimage"},"thumbnailUrl":"https:\/\/static.africa-press.net\/congo-brazzaville\/sites\/51\/2023\/02\/postQueueImg_1675934312.29.jpg","keywords":["Africa Press","Africa Press-Congo Brazzaville","Congo Brazzaville"],"articleSection":["Politique","Top Nouvelles","Toutes les actualit\u00e9s"],"inLanguage":"fr-FR","potentialAction":[{"@type":"CommentAction","name":"Comment","target":["https:\/\/www.africa-press.net\/congo-brazzaville\/politique\/le-maroc-compte-intensifier-les-relations-parlementaires-avec-le-congo#respond"]}]},{"@type":"WebPage","@id":"https:\/\/www.africa-press.net\/congo-brazzaville\/politique\/le-maroc-compte-intensifier-les-relations-parlementaires-avec-le-congo","url":"https:\/\/www.africa-press.net\/congo-brazzaville\/politique\/le-maroc-compte-intensifier-les-relations-parlementaires-avec-le-congo","name":"le maroc compte intensifier les relations parlementaires avec le congo - Congo Brazzaville","isPartOf":{"@id":"https:\/\/www.africa-press.net\/congo-brazzaville\/#website"},"primaryImageOfPage":{"@id":"https:\/\/www.africa-press.net\/congo-brazzaville\/politique\/le-maroc-compte-intensifier-les-relations-parlementaires-avec-le-congo#primaryimage"},"image":{"@id":"https:\/\/www.africa-press.net\/congo-brazzaville\/politique\/le-maroc-compte-intensifier-les-relations-parlementaires-avec-le-congo#primaryimage"},"thumbnailUrl":"https:\/\/static.africa-press.net\/congo-brazzaville\/sites\/51\/2023\/02\/postQueueImg_1675934312.29.jpg","datePublished":"2023-02-09T12:48:26+00:00","dateModified":"2023-02-09T12:55:13+00:00","author":{"@id":"https:\/\/www.africa-press.net\/congo-brazzaville\/#\/schema\/person\/2b1cf3cd81a31e3cd26889ca66d677f1"},"description":"L\u2019ambassadeur du Royaume du Maroc au Congo, Ahmed Agargi a indique\u0301 le 8 fe\u0301vrier a\u0300 Brazzaville que son pays entenda ...","breadcrumb":{"@id":"https:\/\/www.africa-press.net\/congo-brazzaville\/politique\/le-maroc-compte-intensifier-les-relations-parlementaires-avec-le-congo#breadcrumb"},"inLanguage":"fr-FR","potentialAction":[{"@type":"ReadAction","target":["https:\/\/www.africa-press.net\/congo-brazzaville\/politique\/le-maroc-compte-intensifier-les-relations-parlementaires-avec-le-congo"]}]},{"@type":"ImageObject","inLanguage":"fr-FR","@id":"https:\/\/www.africa-press.net\/congo-brazzaville\/politique\/le-maroc-compte-intensifier-les-relations-parlementaires-avec-le-congo#primaryimage","url":"https:\/\/static.africa-press.net\/congo-brazzaville\/sites\/51\/2023\/02\/postQueueImg_1675934312.29.jpg","contentUrl":"https:\/\/static.africa-press.net\/congo-brazzaville\/sites\/51\/2023\/02\/postQueueImg_1675934312.29.jpg","width":933,"height":445,"caption":"le maroc compte intensifier les relations parlementaires avec le congo"},{"@type":"BreadcrumbList","@id":"https:\/\/www.africa-press.net\/congo-brazzaville\/politique\/le-maroc-compte-intensifier-les-relations-parlementaires-avec-le-congo#breadcrumb","itemListElement":[{"@type":"ListItem","position":1,"name":"Accueil","item":"https:\/\/www.africa-press.net\/congo-brazzaville\/"},{"@type":"ListItem","position":2,"name":"le maroc compte intensifier les relations parlementaires avec le congo"}]},{"@type":"WebSite","@id":"https:\/\/www.africa-press.net\/congo-brazzaville\/#website","url":"https:\/\/www.africa-press.net\/congo-brazzaville\/","name":"Congo Brazzaville","description":"Just another Africa News Agency Sites site","potentialAction":[{"@type":"SearchAction","target":{"@type":"EntryPoint","urlTemplate":"https:\/\/www.africa-press.net\/congo-brazzaville\/?s={search_term_string}"},"query-input":{"@type":"PropertyValueSpecification","valueRequired":true,"valueName":"search_term_string"}}],"inLanguage":"fr-FR"},{"@type":"Person","@id":"https:\/\/www.africa-press.net\/congo-brazzaville\/#\/schema\/person\/2b1cf3cd81a31e3cd26889ca66d677f1","name":"cfeditorfr"}]}},"_links":{"self":[{"href":"https:\/\/www.africa-press.net\/congo-brazzaville\/wp-json\/wp\/v2\/posts\/14238","targetHints":{"allow":["GET"]}}],"collection":[{"href":"https:\/\/www.africa-press.net\/congo-brazzaville\/wp-json\/wp\/v2\/posts"}],"about":[{"href":"https:\/\/www.africa-press.net\/congo-brazzaville\/wp-json\/wp\/v2\/types\/post"}],"author":[{"embeddable":true,"href":"https:\/\/www.africa-press.net\/congo-brazzaville\/wp-json\/wp\/v2\/users\/82"}],"replies":[{"embeddable":true,"href":"https:\/\/www.africa-press.net\/congo-brazzaville\/wp-json\/wp\/v2\/comments?post=14238"}],"version-history":[{"count":0,"href":"https:\/\/www.africa-press.net\/congo-brazzaville\/wp-json\/wp\/v2\/posts\/14238\/revisions"}],"wp:featuredmedia":[{"embeddable":true,"href":"https:\/\/www.africa-press.net\/congo-brazzaville\/wp-json\/wp\/v2\/media\/14237"}],"wp:attachment":[{"href":"https:\/\/www.africa-press.net\/congo-brazzaville\/wp-json\/wp\/v2\/media?parent=14238"}],"wp:term":[{"taxonomy":"category","embeddable":true,"href":"https:\/\/www.africa-press.net\/congo-brazzaville\/wp-json\/wp\/v2\/categories?post=14238"},{"taxonomy":"post_tag","embeddable":true,"href":"https:\/\/www.africa-press.net\/congo-brazzaville\/wp-json\/wp\/v2\/tags?post=14238"}],"curies":[{"name":"wp","href":"https:\/\/api.w.org\/{rel}","templated":true}]}}