{"id":14240,"date":"2023-02-09T12:48:38","date_gmt":"2023-02-09T12:48:38","guid":{"rendered":"https:\/\/www.africa-press.net\/congo-brazzaville\/politique\/le-gouvernement-se-preoccupe-de-la-formalisation-du-secteur-informel"},"modified":"2023-02-09T12:55:50","modified_gmt":"2023-02-09T12:55:50","slug":"le-gouvernement-se-preoccupe-de-la-formalisation-du-secteur-informel","status":"publish","type":"post","link":"https:\/\/www.africa-press.net\/congo-brazzaville\/politique\/le-gouvernement-se-preoccupe-de-la-formalisation-du-secteur-informel","title":{"rendered":"le gouvernement se pr\u00e9occupe de la formalisation du secteur informel"},"content":{"rendered":"<p><span style=\"color: #ff6600\"><strong>Africa-Press &#8211; Congo Brazzaville. <\/strong><\/span><b>La Ministre de la promotion de la femme et de l\u2019inte\u0301gration de la femme au de\u0301veloppement et du secteur informel, Ine\u0300s Nefer Ingani a indique\u0301 le 8 fe\u0301vrier a\u0300 Brazzaville que les premie\u0300res assises nationales de l\u2019e\u0301conomie informelle du Congo (ANEIC) se proposent durant 3 jours comme un cadre d\u2019e\u0301change pour trouver des solutions aux proble\u0300mes qui freinent la formalisation de ce secteur afin qu\u2019il participe au de\u0301veloppement du pays.<\/b><\/p>\n<p>Deux milliards de femmes et d\u2019hommes, soit 61% de la population active dans le monde, gagnent leur vie par l\u2019e\u0301conomie informelle. Pour la majorite\u0301 d\u2019entre eux, il ne s\u2019agit pas d\u2019un libre choix, mais pluto\u0302t de la conse\u0301quence des difficulte\u0301s d\u2019acce\u0300s a\u0300 l\u2019emploi formel. Au niveau national l\u2019on a ge\u0301olocalise\u0301 42. 295 unite\u0301s e\u0301conomiques de l\u2019informel. Mais cela ne contribue pas encore a\u0300 la diversification de l\u2019e\u0301conomie a\u0300 cause de son niveau d\u2019informalite\u0301, a indique\u0301 Ine\u0300s Nefer Ingani a\u0300 l\u2019ouverture des travaux.<\/p>\n<p>Il s\u2019agit au cours des assises nationales de l\u2019e\u0301conomie informelle en Re\u0301publique du Congo d\u2019identifier les raisons et les caracte\u0301ristiques de l\u2019informalite\u0301, les obstacles au processus de formalisation afin de mettre en place les mesures incitatives, pour une contribution de l\u2019e\u0301conomie informelle au de\u0301veloppement socio-e\u0301conomique du pays, a-t-elle poursuivi.<\/p>\n<p>Pour la ministre Ines Nefer Ingani, ces assises constituent un rendez-vous d\u2019envergure, un moment de haute re\u0301flexion qui offre un espace de dialogue aux acteurs et travailleurs de l\u2019e\u0301conomie informelle, ainsi qu\u2019aux diffe\u0301rents sachants des administrations tant publique que prive\u0301es, pour mieux identifier et cerner les proble\u0300mes qui minent ce domaine en vue de de\u0301gager une feuille de route ne\u0301cessaire a\u0300 l\u2019e\u0301laboration de la politique nationale de l\u2019e\u0301conomie informelle.<\/p>\n<p>Le Repre\u0301sentant du programme des Nations Unies pour le de\u0301veloppement (PNUD), Opia Mensah Kumah a pour sa part indique\u0301 que son organisation et le Congo re\u0301fle\u0301chissent sur l\u2019octroi des micros finances aux acteurs du secteur informel pour booster leurs activite\u0301s. Cette rencontre du 8 au 10 fe\u0301vrier se tient sous le the\u0300me \u00ab quelles strate\u0301gies pour une contribution du secteur informel au de\u0301veloppement socio-e\u0301conomique \u00bb.<\/p>\n<p>Les premie\u0300res assises nationales de l\u2019e\u0301conomie informelle vont tabler sur six the\u0301matiques, notamment \u00abLa clarification du concept d\u2019e\u0301conomie informelle, l\u2019entreprise informelle au Congo, re\u0301alite\u0301, comportement et mode d\u2019e\u0301volution \u00bb, \u00ab Les mesures incitatives pour transformer l\u2019e\u0301conomie informelle \u00bb, \u00ab Comment cre\u0301er des emplois de\u0301cents dans l\u2019e\u0301conomie informelle \u00bb, \u00ab Contribution de l\u2019e\u0301conomie informelle a\u0300 la cre\u0301ation d\u2019emploi au Congo \u00bb.<\/p>\n<p>\u00ab La fiscalite\u0301 de l\u2019e\u0301conomie informelle: de\u0301fis et possibilite\u0301, quelle actions innovantes pour une ame\u0301lioration de l\u2019acce\u0300s au financement des acteurs de l\u2019e\u0301conomie informelle \u00bb ainsi que \u00ab Les femmes et e\u0301conomie informelle \u00bb font e\u0301galement partie des the\u0300mes qui seront aborde\u0301s a\u0300 ces assises .<\/p>\n<p><strong>Pour plus d&rsquo;informations et d&rsquo;analyses sur la <a href=\"https:\/\/www.africa-press.net\/congo-brazzaville\">Congo Brazzaville<\/a>, suivez <a href=\"https:\/\/www.africa-press.net\/\">Africa-Press<\/a><\/strong><\/p>\n","protected":false},"excerpt":{"rendered":"<p>Africa-Press &#8211; Congo Brazzaville. La Ministre de la promotion de la femme et de l\u2019inte\u0301gration de la femme au de\u0301veloppement et du secteur informel, Ine\u0300s Nefer Ingani a indique\u0301 le 8 fe\u0301vrier a\u0300 Brazzaville que les premie\u0300res assises nationales de l\u2019e\u0301conomie informelle du Congo (ANEIC) se proposent durant 3 jours comme un cadre d\u2019e\u0301change pour [&hellip;]<\/p>\n","protected":false},"author":82,"featured_media":14239,"comment_status":"open","ping_status":"closed","sticky":false,"template":"","format":"standard","meta":{"footnotes":""},"categories":[2,10],"tags":[36,47,46],"class_list":["post-14240","post","type-post","status-publish","format-standard","has-post-thumbnail","hentry","category-politique","category-toutes-les-actualites","tag-africa-press","tag-africa-press-congo-brazzaville","tag-congo-brazzaville"],"yoast_head":"<!-- This site is optimized with the Yoast SEO Premium plugin v26.1 (Yoast SEO v27.0) - https:\/\/yoast.com\/product\/yoast-seo-premium-wordpress\/ -->\n<title>le gouvernement se pr\u00e9occupe de la formalisation du secteur informel - Congo Brazzaville<\/title>\n<meta name=\"description\" content=\"La Ministre de la promotion de la femme et de l\u2019inte\u0301gration de la femme au de\u0301veloppement et du secteur informel, In ...\" \/>\n<meta name=\"robots\" content=\"index, follow, max-snippet:-1, max-image-preview:large, max-video-preview:-1\" \/>\n<link rel=\"canonical\" href=\"https:\/\/www.africa-press.net\/congo-brazzaville\/politique\/le-gouvernement-se-preoccupe-de-la-formalisation-du-secteur-informel\" \/>\n<meta property=\"og:locale\" content=\"fr_FR\" \/>\n<meta property=\"og:type\" content=\"article\" \/>\n<meta property=\"og:title\" content=\"le gouvernement se pr\u00e9occupe de la formalisation du secteur informel\" \/>\n<meta property=\"og:description\" content=\"La Ministre de la promotion de la femme et de l\u2019inte\u0301gration de la femme au de\u0301veloppement et du secteur informel, In ...\" \/>\n<meta property=\"og:url\" content=\"https:\/\/www.africa-press.net\/congo-brazzaville\/politique\/le-gouvernement-se-preoccupe-de-la-formalisation-du-secteur-informel\" \/>\n<meta property=\"og:site_name\" content=\"Congo Brazzaville\" \/>\n<meta property=\"article:published_time\" content=\"2023-02-09T12:48:38+00:00\" \/>\n<meta property=\"article:modified_time\" content=\"2023-02-09T12:55:50+00:00\" \/>\n<meta property=\"og:image\" content=\"https:\/\/static.africa-press.net\/congo-brazzaville\/sites\/51\/2023\/02\/postQueueImg_1675934378.52.jpg\" \/>\n\t<meta property=\"og:image:width\" content=\"749\" \/>\n\t<meta property=\"og:image:height\" content=\"444\" \/>\n\t<meta property=\"og:image:type\" content=\"image\/jpeg\" \/>\n<meta name=\"author\" content=\"cfeditorfr\" \/>\n<meta name=\"twitter:card\" content=\"summary_large_image\" \/>\n<meta name=\"twitter:label1\" content=\"\u00c9crit par\" \/>\n\t<meta name=\"twitter:data1\" content=\"cfeditorfr\" \/>\n\t<meta name=\"twitter:label2\" content=\"Dur\u00e9e de lecture estim\u00e9e\" \/>\n\t<meta name=\"twitter:data2\" content=\"3 minutes\" \/>\n<script type=\"application\/ld+json\" class=\"yoast-schema-graph\">{\"@context\":\"https:\/\/schema.org\",\"@graph\":[{\"@type\":\"Article\",\"@id\":\"https:\/\/www.africa-press.net\/congo-brazzaville\/politique\/le-gouvernement-se-preoccupe-de-la-formalisation-du-secteur-informel#article\",\"isPartOf\":{\"@id\":\"https:\/\/www.africa-press.net\/congo-brazzaville\/politique\/le-gouvernement-se-preoccupe-de-la-formalisation-du-secteur-informel\"},\"author\":{\"name\":\"cfeditorfr\",\"@id\":\"https:\/\/www.africa-press.net\/congo-brazzaville\/#\/schema\/person\/2b1cf3cd81a31e3cd26889ca66d677f1\"},\"headline\":\"le gouvernement se pr\u00e9occupe de la formalisation du secteur informel\",\"datePublished\":\"2023-02-09T12:48:38+00:00\",\"dateModified\":\"2023-02-09T12:55:50+00:00\",\"mainEntityOfPage\":{\"@id\":\"https:\/\/www.africa-press.net\/congo-brazzaville\/politique\/le-gouvernement-se-preoccupe-de-la-formalisation-du-secteur-informel\"},\"wordCount\":551,\"commentCount\":0,\"image\":{\"@id\":\"https:\/\/www.africa-press.net\/congo-brazzaville\/politique\/le-gouvernement-se-preoccupe-de-la-formalisation-du-secteur-informel#primaryimage\"},\"thumbnailUrl\":\"https:\/\/static.africa-press.net\/congo-brazzaville\/sites\/51\/2023\/02\/postQueueImg_1675934378.52.jpg\",\"keywords\":[\"Africa Press\",\"Africa Press-Congo Brazzaville\",\"Congo Brazzaville\"],\"articleSection\":[\"Politique\",\"Toutes les actualit\u00e9s\"],\"inLanguage\":\"fr-FR\",\"potentialAction\":[{\"@type\":\"CommentAction\",\"name\":\"Comment\",\"target\":[\"https:\/\/www.africa-press.net\/congo-brazzaville\/politique\/le-gouvernement-se-preoccupe-de-la-formalisation-du-secteur-informel#respond\"]}]},{\"@type\":\"WebPage\",\"@id\":\"https:\/\/www.africa-press.net\/congo-brazzaville\/politique\/le-gouvernement-se-preoccupe-de-la-formalisation-du-secteur-informel\",\"url\":\"https:\/\/www.africa-press.net\/congo-brazzaville\/politique\/le-gouvernement-se-preoccupe-de-la-formalisation-du-secteur-informel\",\"name\":\"le gouvernement se pr\u00e9occupe de la formalisation du secteur informel - Congo Brazzaville\",\"isPartOf\":{\"@id\":\"https:\/\/www.africa-press.net\/congo-brazzaville\/#website\"},\"primaryImageOfPage\":{\"@id\":\"https:\/\/www.africa-press.net\/congo-brazzaville\/politique\/le-gouvernement-se-preoccupe-de-la-formalisation-du-secteur-informel#primaryimage\"},\"image\":{\"@id\":\"https:\/\/www.africa-press.net\/congo-brazzaville\/politique\/le-gouvernement-se-preoccupe-de-la-formalisation-du-secteur-informel#primaryimage\"},\"thumbnailUrl\":\"https:\/\/static.africa-press.net\/congo-brazzaville\/sites\/51\/2023\/02\/postQueueImg_1675934378.52.jpg\",\"datePublished\":\"2023-02-09T12:48:38+00:00\",\"dateModified\":\"2023-02-09T12:55:50+00:00\",\"author\":{\"@id\":\"https:\/\/www.africa-press.net\/congo-brazzaville\/#\/schema\/person\/2b1cf3cd81a31e3cd26889ca66d677f1\"},\"description\":\"La Ministre de la promotion de la femme et de l\u2019inte\u0301gration de la femme au de\u0301veloppement et du secteur informel, In ...\",\"breadcrumb\":{\"@id\":\"https:\/\/www.africa-press.net\/congo-brazzaville\/politique\/le-gouvernement-se-preoccupe-de-la-formalisation-du-secteur-informel#breadcrumb\"},\"inLanguage\":\"fr-FR\",\"potentialAction\":[{\"@type\":\"ReadAction\",\"target\":[\"https:\/\/www.africa-press.net\/congo-brazzaville\/politique\/le-gouvernement-se-preoccupe-de-la-formalisation-du-secteur-informel\"]}]},{\"@type\":\"ImageObject\",\"inLanguage\":\"fr-FR\",\"@id\":\"https:\/\/www.africa-press.net\/congo-brazzaville\/politique\/le-gouvernement-se-preoccupe-de-la-formalisation-du-secteur-informel#primaryimage\",\"url\":\"https:\/\/static.africa-press.net\/congo-brazzaville\/sites\/51\/2023\/02\/postQueueImg_1675934378.52.jpg\",\"contentUrl\":\"https:\/\/static.africa-press.net\/congo-brazzaville\/sites\/51\/2023\/02\/postQueueImg_1675934378.52.jpg\",\"width\":749,\"height\":444,\"caption\":\"le gouvernement se pr\u00e9occupe de la formalisation du secteur informel\"},{\"@type\":\"BreadcrumbList\",\"@id\":\"https:\/\/www.africa-press.net\/congo-brazzaville\/politique\/le-gouvernement-se-preoccupe-de-la-formalisation-du-secteur-informel#breadcrumb\",\"itemListElement\":[{\"@type\":\"ListItem\",\"position\":1,\"name\":\"Accueil\",\"item\":\"https:\/\/www.africa-press.net\/congo-brazzaville\/\"},{\"@type\":\"ListItem\",\"position\":2,\"name\":\"le gouvernement se pr\u00e9occupe de la formalisation du secteur informel\"}]},{\"@type\":\"WebSite\",\"@id\":\"https:\/\/www.africa-press.net\/congo-brazzaville\/#website\",\"url\":\"https:\/\/www.africa-press.net\/congo-brazzaville\/\",\"name\":\"Congo Brazzaville\",\"description\":\"Just another Africa News Agency Sites site\",\"potentialAction\":[{\"@type\":\"SearchAction\",\"target\":{\"@type\":\"EntryPoint\",\"urlTemplate\":\"https:\/\/www.africa-press.net\/congo-brazzaville\/?s={search_term_string}\"},\"query-input\":{\"@type\":\"PropertyValueSpecification\",\"valueRequired\":true,\"valueName\":\"search_term_string\"}}],\"inLanguage\":\"fr-FR\"},{\"@type\":\"Person\",\"@id\":\"https:\/\/www.africa-press.net\/congo-brazzaville\/#\/schema\/person\/2b1cf3cd81a31e3cd26889ca66d677f1\",\"name\":\"cfeditorfr\"}]}<\/script>\n<!-- \/ Yoast SEO Premium plugin. -->","yoast_head_json":{"title":"le gouvernement se pr\u00e9occupe de la formalisation du secteur informel - Congo Brazzaville","description":"La Ministre de la promotion de la femme et de l\u2019inte\u0301gration de la femme au de\u0301veloppement et du secteur informel, In ...","robots":{"index":"index","follow":"follow","max-snippet":"max-snippet:-1","max-image-preview":"max-image-preview:large","max-video-preview":"max-video-preview:-1"},"canonical":"https:\/\/www.africa-press.net\/congo-brazzaville\/politique\/le-gouvernement-se-preoccupe-de-la-formalisation-du-secteur-informel","og_locale":"fr_FR","og_type":"article","og_title":"le gouvernement se pr\u00e9occupe de la formalisation du secteur informel","og_description":"La Ministre de la promotion de la femme et de l\u2019inte\u0301gration de la femme au de\u0301veloppement et du secteur informel, In ...","og_url":"https:\/\/www.africa-press.net\/congo-brazzaville\/politique\/le-gouvernement-se-preoccupe-de-la-formalisation-du-secteur-informel","og_site_name":"Congo Brazzaville","article_published_time":"2023-02-09T12:48:38+00:00","article_modified_time":"2023-02-09T12:55:50+00:00","og_image":[{"width":749,"height":444,"url":"https:\/\/static.africa-press.net\/congo-brazzaville\/sites\/51\/2023\/02\/postQueueImg_1675934378.52.jpg","type":"image\/jpeg"}],"author":"cfeditorfr","twitter_card":"summary_large_image","twitter_misc":{"\u00c9crit par":"cfeditorfr","Dur\u00e9e de lecture estim\u00e9e":"3 minutes"},"schema":{"@context":"https:\/\/schema.org","@graph":[{"@type":"Article","@id":"https:\/\/www.africa-press.net\/congo-brazzaville\/politique\/le-gouvernement-se-preoccupe-de-la-formalisation-du-secteur-informel#article","isPartOf":{"@id":"https:\/\/www.africa-press.net\/congo-brazzaville\/politique\/le-gouvernement-se-preoccupe-de-la-formalisation-du-secteur-informel"},"author":{"name":"cfeditorfr","@id":"https:\/\/www.africa-press.net\/congo-brazzaville\/#\/schema\/person\/2b1cf3cd81a31e3cd26889ca66d677f1"},"headline":"le gouvernement se pr\u00e9occupe de la formalisation du secteur informel","datePublished":"2023-02-09T12:48:38+00:00","dateModified":"2023-02-09T12:55:50+00:00","mainEntityOfPage":{"@id":"https:\/\/www.africa-press.net\/congo-brazzaville\/politique\/le-gouvernement-se-preoccupe-de-la-formalisation-du-secteur-informel"},"wordCount":551,"commentCount":0,"image":{"@id":"https:\/\/www.africa-press.net\/congo-brazzaville\/politique\/le-gouvernement-se-preoccupe-de-la-formalisation-du-secteur-informel#primaryimage"},"thumbnailUrl":"https:\/\/static.africa-press.net\/congo-brazzaville\/sites\/51\/2023\/02\/postQueueImg_1675934378.52.jpg","keywords":["Africa Press","Africa Press-Congo Brazzaville","Congo Brazzaville"],"articleSection":["Politique","Toutes les actualit\u00e9s"],"inLanguage":"fr-FR","potentialAction":[{"@type":"CommentAction","name":"Comment","target":["https:\/\/www.africa-press.net\/congo-brazzaville\/politique\/le-gouvernement-se-preoccupe-de-la-formalisation-du-secteur-informel#respond"]}]},{"@type":"WebPage","@id":"https:\/\/www.africa-press.net\/congo-brazzaville\/politique\/le-gouvernement-se-preoccupe-de-la-formalisation-du-secteur-informel","url":"https:\/\/www.africa-press.net\/congo-brazzaville\/politique\/le-gouvernement-se-preoccupe-de-la-formalisation-du-secteur-informel","name":"le gouvernement se pr\u00e9occupe de la formalisation du secteur informel - Congo Brazzaville","isPartOf":{"@id":"https:\/\/www.africa-press.net\/congo-brazzaville\/#website"},"primaryImageOfPage":{"@id":"https:\/\/www.africa-press.net\/congo-brazzaville\/politique\/le-gouvernement-se-preoccupe-de-la-formalisation-du-secteur-informel#primaryimage"},"image":{"@id":"https:\/\/www.africa-press.net\/congo-brazzaville\/politique\/le-gouvernement-se-preoccupe-de-la-formalisation-du-secteur-informel#primaryimage"},"thumbnailUrl":"https:\/\/static.africa-press.net\/congo-brazzaville\/sites\/51\/2023\/02\/postQueueImg_1675934378.52.jpg","datePublished":"2023-02-09T12:48:38+00:00","dateModified":"2023-02-09T12:55:50+00:00","author":{"@id":"https:\/\/www.africa-press.net\/congo-brazzaville\/#\/schema\/person\/2b1cf3cd81a31e3cd26889ca66d677f1"},"description":"La Ministre de la promotion de la femme et de l\u2019inte\u0301gration de la femme au de\u0301veloppement et du secteur informel, In ...","breadcrumb":{"@id":"https:\/\/www.africa-press.net\/congo-brazzaville\/politique\/le-gouvernement-se-preoccupe-de-la-formalisation-du-secteur-informel#breadcrumb"},"inLanguage":"fr-FR","potentialAction":[{"@type":"ReadAction","target":["https:\/\/www.africa-press.net\/congo-brazzaville\/politique\/le-gouvernement-se-preoccupe-de-la-formalisation-du-secteur-informel"]}]},{"@type":"ImageObject","inLanguage":"fr-FR","@id":"https:\/\/www.africa-press.net\/congo-brazzaville\/politique\/le-gouvernement-se-preoccupe-de-la-formalisation-du-secteur-informel#primaryimage","url":"https:\/\/static.africa-press.net\/congo-brazzaville\/sites\/51\/2023\/02\/postQueueImg_1675934378.52.jpg","contentUrl":"https:\/\/static.africa-press.net\/congo-brazzaville\/sites\/51\/2023\/02\/postQueueImg_1675934378.52.jpg","width":749,"height":444,"caption":"le gouvernement se pr\u00e9occupe de la formalisation du secteur informel"},{"@type":"BreadcrumbList","@id":"https:\/\/www.africa-press.net\/congo-brazzaville\/politique\/le-gouvernement-se-preoccupe-de-la-formalisation-du-secteur-informel#breadcrumb","itemListElement":[{"@type":"ListItem","position":1,"name":"Accueil","item":"https:\/\/www.africa-press.net\/congo-brazzaville\/"},{"@type":"ListItem","position":2,"name":"le gouvernement se pr\u00e9occupe de la formalisation du secteur informel"}]},{"@type":"WebSite","@id":"https:\/\/www.africa-press.net\/congo-brazzaville\/#website","url":"https:\/\/www.africa-press.net\/congo-brazzaville\/","name":"Congo Brazzaville","description":"Just another Africa News Agency Sites site","potentialAction":[{"@type":"SearchAction","target":{"@type":"EntryPoint","urlTemplate":"https:\/\/www.africa-press.net\/congo-brazzaville\/?s={search_term_string}"},"query-input":{"@type":"PropertyValueSpecification","valueRequired":true,"valueName":"search_term_string"}}],"inLanguage":"fr-FR"},{"@type":"Person","@id":"https:\/\/www.africa-press.net\/congo-brazzaville\/#\/schema\/person\/2b1cf3cd81a31e3cd26889ca66d677f1","name":"cfeditorfr"}]}},"_links":{"self":[{"href":"https:\/\/www.africa-press.net\/congo-brazzaville\/wp-json\/wp\/v2\/posts\/14240","targetHints":{"allow":["GET"]}}],"collection":[{"href":"https:\/\/www.africa-press.net\/congo-brazzaville\/wp-json\/wp\/v2\/posts"}],"about":[{"href":"https:\/\/www.africa-press.net\/congo-brazzaville\/wp-json\/wp\/v2\/types\/post"}],"author":[{"embeddable":true,"href":"https:\/\/www.africa-press.net\/congo-brazzaville\/wp-json\/wp\/v2\/users\/82"}],"replies":[{"embeddable":true,"href":"https:\/\/www.africa-press.net\/congo-brazzaville\/wp-json\/wp\/v2\/comments?post=14240"}],"version-history":[{"count":0,"href":"https:\/\/www.africa-press.net\/congo-brazzaville\/wp-json\/wp\/v2\/posts\/14240\/revisions"}],"wp:featuredmedia":[{"embeddable":true,"href":"https:\/\/www.africa-press.net\/congo-brazzaville\/wp-json\/wp\/v2\/media\/14239"}],"wp:attachment":[{"href":"https:\/\/www.africa-press.net\/congo-brazzaville\/wp-json\/wp\/v2\/media?parent=14240"}],"wp:term":[{"taxonomy":"category","embeddable":true,"href":"https:\/\/www.africa-press.net\/congo-brazzaville\/wp-json\/wp\/v2\/categories?post=14240"},{"taxonomy":"post_tag","embeddable":true,"href":"https:\/\/www.africa-press.net\/congo-brazzaville\/wp-json\/wp\/v2\/tags?post=14240"}],"curies":[{"name":"wp","href":"https:\/\/api.w.org\/{rel}","templated":true}]}}