{"id":14243,"date":"2023-02-09T12:40:00","date_gmt":"2023-02-09T12:40:00","guid":{"rendered":"https:\/\/www.africa-press.net\/congo-brazzaville\/politique\/la-france-entend-accompagner-le-secretariat-permanent"},"modified":"2023-02-09T12:56:27","modified_gmt":"2023-02-09T12:56:27","slug":"la-france-entend-accompagner-le-secretariat-permanent","status":"publish","type":"post","link":"https:\/\/www.africa-press.net\/congo-brazzaville\/politique\/la-france-entend-accompagner-le-secretariat-permanent","title":{"rendered":"la france entend accompagner le secr\u00e9tariat permanent"},"content":{"rendered":"<p><span style=\"color: #ff6600\"><strong>Africa-Press &#8211; Congo Brazzaville. <\/strong><\/span><b>L\u2019ambassadeur de France en Re\u0301publique du Congo, Franc\u0327ois Barateau, a fait part le 7 fe\u0301vrier a\u0300 Brazzaville, au Secre\u0301taire permanent du comite\u0301 interministe\u0301riel de l\u2019action de l\u2019Etat en mer et dans les eaux continentales, Eric Olivier Se\u0301bastien Dibas-Franck, de la disponibilite\u0301 de la France pour l\u2019accompagner dans sa mission a\u0300 caracte\u0300re interministe\u0301riel.<\/b><\/p>\n<p>\u00abNous sommes la\u0300, a\u0300 ses co\u0302te\u0301s, nous attendons l\u2019expression plus pre\u0301cises de besoins que nous allons e\u0301tudier favorablement \u00bb, a de\u0301clare\u0301 le diplomate franc\u0327ais a\u0300 la sortie de l\u2019audience qu\u2019il a eue avec Eric Olivier Se\u0301bastien Dibas-Franck.<\/p>\n<p>En outre, le Secre\u0301taire permanent a exprime\u0301 son souhait de travailler davantage avec la France, a indique\u0301 l\u2019ambassadeur franc\u0327ais, tout en soulignant que des moyens et des intentions y sont.<\/p>\n<p>Au cours de cet entretien, Franc\u0327ois Barateau a fait savoir qu\u2019il souhaitait e\u0301couter la vision du Secre\u0301taire permanent sur les instructions, les directives du plus haut niveau de l\u2019Etat congolais sur ce que doit e\u0302tre l\u2019Action de l\u2019Etat en Mer et dans les eaux continentales (AEMEC) au Congo.<\/p>\n<p>Il a appre\u0301cie\u0301 ce que fait de\u0301ja\u0300 le Congo, a\u0300 sa mesure pour contribuer au travail collectif de la se\u0301curite\u0301 en mer et dans les eaux continentales.<\/p>\n<p>Par ailleurs, les deux personnalite\u0301s ont e\u0301voque\u0301 les questions relatives au projet de cre\u0301ation de l\u2019Institut de Hautes e\u0301tudes maritimes et fluviales, que la France compte regarder avec beaucoup d\u2019attention. D\u2019autres aspects a\u0300 l\u2019instar de l\u2019e\u0301volution du droit de la mer et du colloque Martin Parfait Aime\u0301 Coussoud-Mavoungou ont e\u0301te\u0301 examine\u0301s.<\/p>\n<p>La Secre\u0301taire permanent du comite\u0301 interministe\u0301riel de l\u2019action de l\u2019Etat en mer et dans les eaux continentales a remis a\u0300 Franc\u0327ois Barateau un exemplaire de la revue congolaise qu\u2019il dirige sur \u00ab Les Transports maritimes \u00bb, transforme\u0301e en revue africaine des affaires maritimes et des transports, ainsi que d\u2019autres manuels y relatifs.<\/p>\n<p>L\u2019ambassadeur de France au Congo a e\u0301te\u0301 accompagne\u0301 par son attache\u0301 militaire.<\/p>\n<p><strong>Pour plus d&rsquo;informations et d&rsquo;analyses sur la <a href=\"https:\/\/www.africa-press.net\/congo-brazzaville\">Congo Brazzaville<\/a>, suivez <a href=\"https:\/\/www.africa-press.net\/\">Africa-Press<\/a><\/strong><\/p>\n","protected":false},"excerpt":{"rendered":"<p>Africa-Press &#8211; Congo Brazzaville. L\u2019ambassadeur de France en Re\u0301publique du Congo, Franc\u0327ois Barateau, a fait part le 7 fe\u0301vrier a\u0300 Brazzaville, au Secre\u0301taire permanent du comite\u0301 interministe\u0301riel de l\u2019action de l\u2019Etat en mer et dans les eaux continentales, Eric Olivier Se\u0301bastien Dibas-Franck, de la disponibilite\u0301 de la France pour l\u2019accompagner dans sa mission a\u0300 caracte\u0300re [&hellip;]<\/p>\n","protected":false},"author":82,"featured_media":14242,"comment_status":"open","ping_status":"closed","sticky":false,"template":"","format":"standard","meta":{"footnotes":""},"categories":[2,10],"tags":[36,47,46],"class_list":["post-14243","post","type-post","status-publish","format-standard","has-post-thumbnail","hentry","category-politique","category-toutes-les-actualites","tag-africa-press","tag-africa-press-congo-brazzaville","tag-congo-brazzaville"],"yoast_head":"<!-- This site is optimized with the Yoast SEO Premium plugin v26.1 (Yoast SEO v27.0) - https:\/\/yoast.com\/product\/yoast-seo-premium-wordpress\/ -->\n<title>la france entend accompagner le secr\u00e9tariat permanent - Congo Brazzaville<\/title>\n<meta name=\"description\" content=\"L\u2019ambassadeur de France en Re\u0301publique du Congo, Franc\u0327ois Barateau, a fait part le 7 fe\u0301vrier a\u0300 Brazzaville, au Sec ...\" \/>\n<meta name=\"robots\" content=\"index, follow, max-snippet:-1, max-image-preview:large, max-video-preview:-1\" \/>\n<link rel=\"canonical\" href=\"https:\/\/www.africa-press.net\/congo-brazzaville\/politique\/la-france-entend-accompagner-le-secretariat-permanent\" \/>\n<meta property=\"og:locale\" content=\"fr_FR\" \/>\n<meta property=\"og:type\" content=\"article\" \/>\n<meta property=\"og:title\" content=\"la france entend accompagner le secr\u00e9tariat permanent\" \/>\n<meta property=\"og:description\" content=\"L\u2019ambassadeur de France en Re\u0301publique du Congo, Franc\u0327ois Barateau, a fait part le 7 fe\u0301vrier a\u0300 Brazzaville, au Sec ...\" \/>\n<meta property=\"og:url\" content=\"https:\/\/www.africa-press.net\/congo-brazzaville\/politique\/la-france-entend-accompagner-le-secretariat-permanent\" \/>\n<meta property=\"og:site_name\" content=\"Congo Brazzaville\" \/>\n<meta property=\"article:published_time\" content=\"2023-02-09T12:40:00+00:00\" \/>\n<meta property=\"article:modified_time\" content=\"2023-02-09T12:56:27+00:00\" \/>\n<meta property=\"og:image\" content=\"https:\/\/static.africa-press.net\/congo-brazzaville\/sites\/51\/2023\/02\/postQueueImg_1675934339.01.jpg\" \/>\n\t<meta property=\"og:image:width\" content=\"733\" \/>\n\t<meta property=\"og:image:height\" content=\"435\" \/>\n\t<meta property=\"og:image:type\" content=\"image\/jpeg\" \/>\n<meta name=\"author\" content=\"cfeditorfr\" \/>\n<meta name=\"twitter:card\" content=\"summary_large_image\" \/>\n<meta name=\"twitter:label1\" content=\"\u00c9crit par\" \/>\n\t<meta name=\"twitter:data1\" content=\"cfeditorfr\" \/>\n\t<meta name=\"twitter:label2\" content=\"Dur\u00e9e de lecture estim\u00e9e\" \/>\n\t<meta name=\"twitter:data2\" content=\"2 minutes\" \/>\n<script type=\"application\/ld+json\" class=\"yoast-schema-graph\">{\"@context\":\"https:\/\/schema.org\",\"@graph\":[{\"@type\":\"Article\",\"@id\":\"https:\/\/www.africa-press.net\/congo-brazzaville\/politique\/la-france-entend-accompagner-le-secretariat-permanent#article\",\"isPartOf\":{\"@id\":\"https:\/\/www.africa-press.net\/congo-brazzaville\/politique\/la-france-entend-accompagner-le-secretariat-permanent\"},\"author\":{\"name\":\"cfeditorfr\",\"@id\":\"https:\/\/www.africa-press.net\/congo-brazzaville\/#\/schema\/person\/2b1cf3cd81a31e3cd26889ca66d677f1\"},\"headline\":\"la france entend accompagner le secr\u00e9tariat permanent\",\"datePublished\":\"2023-02-09T12:40:00+00:00\",\"dateModified\":\"2023-02-09T12:56:27+00:00\",\"mainEntityOfPage\":{\"@id\":\"https:\/\/www.africa-press.net\/congo-brazzaville\/politique\/la-france-entend-accompagner-le-secretariat-permanent\"},\"wordCount\":388,\"commentCount\":0,\"image\":{\"@id\":\"https:\/\/www.africa-press.net\/congo-brazzaville\/politique\/la-france-entend-accompagner-le-secretariat-permanent#primaryimage\"},\"thumbnailUrl\":\"https:\/\/static.africa-press.net\/congo-brazzaville\/sites\/51\/2023\/02\/postQueueImg_1675934339.01.jpg\",\"keywords\":[\"Africa Press\",\"Africa Press-Congo Brazzaville\",\"Congo Brazzaville\"],\"articleSection\":[\"Politique\",\"Toutes les actualit\u00e9s\"],\"inLanguage\":\"fr-FR\",\"potentialAction\":[{\"@type\":\"CommentAction\",\"name\":\"Comment\",\"target\":[\"https:\/\/www.africa-press.net\/congo-brazzaville\/politique\/la-france-entend-accompagner-le-secretariat-permanent#respond\"]}]},{\"@type\":\"WebPage\",\"@id\":\"https:\/\/www.africa-press.net\/congo-brazzaville\/politique\/la-france-entend-accompagner-le-secretariat-permanent\",\"url\":\"https:\/\/www.africa-press.net\/congo-brazzaville\/politique\/la-france-entend-accompagner-le-secretariat-permanent\",\"name\":\"la france entend accompagner le secr\u00e9tariat permanent - Congo Brazzaville\",\"isPartOf\":{\"@id\":\"https:\/\/www.africa-press.net\/congo-brazzaville\/#website\"},\"primaryImageOfPage\":{\"@id\":\"https:\/\/www.africa-press.net\/congo-brazzaville\/politique\/la-france-entend-accompagner-le-secretariat-permanent#primaryimage\"},\"image\":{\"@id\":\"https:\/\/www.africa-press.net\/congo-brazzaville\/politique\/la-france-entend-accompagner-le-secretariat-permanent#primaryimage\"},\"thumbnailUrl\":\"https:\/\/static.africa-press.net\/congo-brazzaville\/sites\/51\/2023\/02\/postQueueImg_1675934339.01.jpg\",\"datePublished\":\"2023-02-09T12:40:00+00:00\",\"dateModified\":\"2023-02-09T12:56:27+00:00\",\"author\":{\"@id\":\"https:\/\/www.africa-press.net\/congo-brazzaville\/#\/schema\/person\/2b1cf3cd81a31e3cd26889ca66d677f1\"},\"description\":\"L\u2019ambassadeur de France en Re\u0301publique du Congo, Franc\u0327ois Barateau, a fait part le 7 fe\u0301vrier a\u0300 Brazzaville, au Sec ...\",\"breadcrumb\":{\"@id\":\"https:\/\/www.africa-press.net\/congo-brazzaville\/politique\/la-france-entend-accompagner-le-secretariat-permanent#breadcrumb\"},\"inLanguage\":\"fr-FR\",\"potentialAction\":[{\"@type\":\"ReadAction\",\"target\":[\"https:\/\/www.africa-press.net\/congo-brazzaville\/politique\/la-france-entend-accompagner-le-secretariat-permanent\"]}]},{\"@type\":\"ImageObject\",\"inLanguage\":\"fr-FR\",\"@id\":\"https:\/\/www.africa-press.net\/congo-brazzaville\/politique\/la-france-entend-accompagner-le-secretariat-permanent#primaryimage\",\"url\":\"https:\/\/static.africa-press.net\/congo-brazzaville\/sites\/51\/2023\/02\/postQueueImg_1675934339.01.jpg\",\"contentUrl\":\"https:\/\/static.africa-press.net\/congo-brazzaville\/sites\/51\/2023\/02\/postQueueImg_1675934339.01.jpg\",\"width\":733,\"height\":435,\"caption\":\"la france entend accompagner le secr\u00e9tariat permanent\"},{\"@type\":\"BreadcrumbList\",\"@id\":\"https:\/\/www.africa-press.net\/congo-brazzaville\/politique\/la-france-entend-accompagner-le-secretariat-permanent#breadcrumb\",\"itemListElement\":[{\"@type\":\"ListItem\",\"position\":1,\"name\":\"Accueil\",\"item\":\"https:\/\/www.africa-press.net\/congo-brazzaville\/\"},{\"@type\":\"ListItem\",\"position\":2,\"name\":\"la france entend accompagner le secr\u00e9tariat permanent\"}]},{\"@type\":\"WebSite\",\"@id\":\"https:\/\/www.africa-press.net\/congo-brazzaville\/#website\",\"url\":\"https:\/\/www.africa-press.net\/congo-brazzaville\/\",\"name\":\"Congo Brazzaville\",\"description\":\"Just another Africa News Agency Sites site\",\"potentialAction\":[{\"@type\":\"SearchAction\",\"target\":{\"@type\":\"EntryPoint\",\"urlTemplate\":\"https:\/\/www.africa-press.net\/congo-brazzaville\/?s={search_term_string}\"},\"query-input\":{\"@type\":\"PropertyValueSpecification\",\"valueRequired\":true,\"valueName\":\"search_term_string\"}}],\"inLanguage\":\"fr-FR\"},{\"@type\":\"Person\",\"@id\":\"https:\/\/www.africa-press.net\/congo-brazzaville\/#\/schema\/person\/2b1cf3cd81a31e3cd26889ca66d677f1\",\"name\":\"cfeditorfr\"}]}<\/script>\n<!-- \/ Yoast SEO Premium plugin. -->","yoast_head_json":{"title":"la france entend accompagner le secr\u00e9tariat permanent - Congo Brazzaville","description":"L\u2019ambassadeur de France en Re\u0301publique du Congo, Franc\u0327ois Barateau, a fait part le 7 fe\u0301vrier a\u0300 Brazzaville, au Sec ...","robots":{"index":"index","follow":"follow","max-snippet":"max-snippet:-1","max-image-preview":"max-image-preview:large","max-video-preview":"max-video-preview:-1"},"canonical":"https:\/\/www.africa-press.net\/congo-brazzaville\/politique\/la-france-entend-accompagner-le-secretariat-permanent","og_locale":"fr_FR","og_type":"article","og_title":"la france entend accompagner le secr\u00e9tariat permanent","og_description":"L\u2019ambassadeur de France en Re\u0301publique du Congo, Franc\u0327ois Barateau, a fait part le 7 fe\u0301vrier a\u0300 Brazzaville, au Sec ...","og_url":"https:\/\/www.africa-press.net\/congo-brazzaville\/politique\/la-france-entend-accompagner-le-secretariat-permanent","og_site_name":"Congo Brazzaville","article_published_time":"2023-02-09T12:40:00+00:00","article_modified_time":"2023-02-09T12:56:27+00:00","og_image":[{"width":733,"height":435,"url":"https:\/\/static.africa-press.net\/congo-brazzaville\/sites\/51\/2023\/02\/postQueueImg_1675934339.01.jpg","type":"image\/jpeg"}],"author":"cfeditorfr","twitter_card":"summary_large_image","twitter_misc":{"\u00c9crit par":"cfeditorfr","Dur\u00e9e de lecture estim\u00e9e":"2 minutes"},"schema":{"@context":"https:\/\/schema.org","@graph":[{"@type":"Article","@id":"https:\/\/www.africa-press.net\/congo-brazzaville\/politique\/la-france-entend-accompagner-le-secretariat-permanent#article","isPartOf":{"@id":"https:\/\/www.africa-press.net\/congo-brazzaville\/politique\/la-france-entend-accompagner-le-secretariat-permanent"},"author":{"name":"cfeditorfr","@id":"https:\/\/www.africa-press.net\/congo-brazzaville\/#\/schema\/person\/2b1cf3cd81a31e3cd26889ca66d677f1"},"headline":"la france entend accompagner le secr\u00e9tariat permanent","datePublished":"2023-02-09T12:40:00+00:00","dateModified":"2023-02-09T12:56:27+00:00","mainEntityOfPage":{"@id":"https:\/\/www.africa-press.net\/congo-brazzaville\/politique\/la-france-entend-accompagner-le-secretariat-permanent"},"wordCount":388,"commentCount":0,"image":{"@id":"https:\/\/www.africa-press.net\/congo-brazzaville\/politique\/la-france-entend-accompagner-le-secretariat-permanent#primaryimage"},"thumbnailUrl":"https:\/\/static.africa-press.net\/congo-brazzaville\/sites\/51\/2023\/02\/postQueueImg_1675934339.01.jpg","keywords":["Africa Press","Africa Press-Congo Brazzaville","Congo Brazzaville"],"articleSection":["Politique","Toutes les actualit\u00e9s"],"inLanguage":"fr-FR","potentialAction":[{"@type":"CommentAction","name":"Comment","target":["https:\/\/www.africa-press.net\/congo-brazzaville\/politique\/la-france-entend-accompagner-le-secretariat-permanent#respond"]}]},{"@type":"WebPage","@id":"https:\/\/www.africa-press.net\/congo-brazzaville\/politique\/la-france-entend-accompagner-le-secretariat-permanent","url":"https:\/\/www.africa-press.net\/congo-brazzaville\/politique\/la-france-entend-accompagner-le-secretariat-permanent","name":"la france entend accompagner le secr\u00e9tariat permanent - Congo Brazzaville","isPartOf":{"@id":"https:\/\/www.africa-press.net\/congo-brazzaville\/#website"},"primaryImageOfPage":{"@id":"https:\/\/www.africa-press.net\/congo-brazzaville\/politique\/la-france-entend-accompagner-le-secretariat-permanent#primaryimage"},"image":{"@id":"https:\/\/www.africa-press.net\/congo-brazzaville\/politique\/la-france-entend-accompagner-le-secretariat-permanent#primaryimage"},"thumbnailUrl":"https:\/\/static.africa-press.net\/congo-brazzaville\/sites\/51\/2023\/02\/postQueueImg_1675934339.01.jpg","datePublished":"2023-02-09T12:40:00+00:00","dateModified":"2023-02-09T12:56:27+00:00","author":{"@id":"https:\/\/www.africa-press.net\/congo-brazzaville\/#\/schema\/person\/2b1cf3cd81a31e3cd26889ca66d677f1"},"description":"L\u2019ambassadeur de France en Re\u0301publique du Congo, Franc\u0327ois Barateau, a fait part le 7 fe\u0301vrier a\u0300 Brazzaville, au Sec ...","breadcrumb":{"@id":"https:\/\/www.africa-press.net\/congo-brazzaville\/politique\/la-france-entend-accompagner-le-secretariat-permanent#breadcrumb"},"inLanguage":"fr-FR","potentialAction":[{"@type":"ReadAction","target":["https:\/\/www.africa-press.net\/congo-brazzaville\/politique\/la-france-entend-accompagner-le-secretariat-permanent"]}]},{"@type":"ImageObject","inLanguage":"fr-FR","@id":"https:\/\/www.africa-press.net\/congo-brazzaville\/politique\/la-france-entend-accompagner-le-secretariat-permanent#primaryimage","url":"https:\/\/static.africa-press.net\/congo-brazzaville\/sites\/51\/2023\/02\/postQueueImg_1675934339.01.jpg","contentUrl":"https:\/\/static.africa-press.net\/congo-brazzaville\/sites\/51\/2023\/02\/postQueueImg_1675934339.01.jpg","width":733,"height":435,"caption":"la france entend accompagner le secr\u00e9tariat permanent"},{"@type":"BreadcrumbList","@id":"https:\/\/www.africa-press.net\/congo-brazzaville\/politique\/la-france-entend-accompagner-le-secretariat-permanent#breadcrumb","itemListElement":[{"@type":"ListItem","position":1,"name":"Accueil","item":"https:\/\/www.africa-press.net\/congo-brazzaville\/"},{"@type":"ListItem","position":2,"name":"la france entend accompagner le secr\u00e9tariat permanent"}]},{"@type":"WebSite","@id":"https:\/\/www.africa-press.net\/congo-brazzaville\/#website","url":"https:\/\/www.africa-press.net\/congo-brazzaville\/","name":"Congo Brazzaville","description":"Just another Africa News Agency Sites site","potentialAction":[{"@type":"SearchAction","target":{"@type":"EntryPoint","urlTemplate":"https:\/\/www.africa-press.net\/congo-brazzaville\/?s={search_term_string}"},"query-input":{"@type":"PropertyValueSpecification","valueRequired":true,"valueName":"search_term_string"}}],"inLanguage":"fr-FR"},{"@type":"Person","@id":"https:\/\/www.africa-press.net\/congo-brazzaville\/#\/schema\/person\/2b1cf3cd81a31e3cd26889ca66d677f1","name":"cfeditorfr"}]}},"_links":{"self":[{"href":"https:\/\/www.africa-press.net\/congo-brazzaville\/wp-json\/wp\/v2\/posts\/14243","targetHints":{"allow":["GET"]}}],"collection":[{"href":"https:\/\/www.africa-press.net\/congo-brazzaville\/wp-json\/wp\/v2\/posts"}],"about":[{"href":"https:\/\/www.africa-press.net\/congo-brazzaville\/wp-json\/wp\/v2\/types\/post"}],"author":[{"embeddable":true,"href":"https:\/\/www.africa-press.net\/congo-brazzaville\/wp-json\/wp\/v2\/users\/82"}],"replies":[{"embeddable":true,"href":"https:\/\/www.africa-press.net\/congo-brazzaville\/wp-json\/wp\/v2\/comments?post=14243"}],"version-history":[{"count":0,"href":"https:\/\/www.africa-press.net\/congo-brazzaville\/wp-json\/wp\/v2\/posts\/14243\/revisions"}],"wp:featuredmedia":[{"embeddable":true,"href":"https:\/\/www.africa-press.net\/congo-brazzaville\/wp-json\/wp\/v2\/media\/14242"}],"wp:attachment":[{"href":"https:\/\/www.africa-press.net\/congo-brazzaville\/wp-json\/wp\/v2\/media?parent=14243"}],"wp:term":[{"taxonomy":"category","embeddable":true,"href":"https:\/\/www.africa-press.net\/congo-brazzaville\/wp-json\/wp\/v2\/categories?post=14243"},{"taxonomy":"post_tag","embeddable":true,"href":"https:\/\/www.africa-press.net\/congo-brazzaville\/wp-json\/wp\/v2\/tags?post=14243"}],"curies":[{"name":"wp","href":"https:\/\/api.w.org\/{rel}","templated":true}]}}