{"id":14246,"date":"2023-02-09T12:49:07","date_gmt":"2023-02-09T12:49:07","guid":{"rendered":"https:\/\/www.africa-press.net\/congo-brazzaville\/politique\/des-defis-a-relever-pour-le-rayonnement-de-limprimerie-nationale"},"modified":"2023-02-09T12:57:00","modified_gmt":"2023-02-09T12:57:00","slug":"des-defis-a-relever-pour-le-rayonnement-de-limprimerie-nationale","status":"publish","type":"post","link":"https:\/\/www.africa-press.net\/congo-brazzaville\/politique\/des-defis-a-relever-pour-le-rayonnement-de-limprimerie-nationale","title":{"rendered":"des d\u00e9fis \u00e0 relever pour le rayonnement de l\u2019imprimerie nationale"},"content":{"rendered":"<p><span style=\"color: #ff6600\"><strong>Africa-Press &#8211; Congo Brazzaville. <\/strong><\/span><b>Le Pre\u0301sident du conseil d\u2019administration de l\u2019imprimerie nationale du Congo Arce\u0300ne Niamba a indique\u0301 le 7 fe\u0301vrier a\u0300 Brazzaville que son e\u0301quipe allait travailler, pour e\u0301laborer les strate\u0301gies capables de relancer cette entite\u0301 publique a\u0300 caracte\u0300re industriel et commercial, en vue de son rayonnement. <\/b><\/p>\n<p>\u00ab De\u0301pourvue de plateau technique depuis longtemps, l\u2019imprimerie nationale a toujours chercher a\u0300 se re\u0301inventer, mais en vain jusqu\u2019a\u0300 ce qu\u2019elle soit sous sa forme actuelle, devenu un e\u0301tablissement public a\u0300 caracte\u0300re industriel et commercial, dote\u0301 de la personnalite\u0301 morale et de l\u2019autonomie financie\u0300re, a\u0300 la faveur de la loi nume\u0301ro 27- 2021 du 12 mai 2021 \u00bb, a indique\u0301 Arce\u0300ne Niamba lors d\u2019une session de prise de contact avec les membres du conseil d\u2019administration de l\u2019imprimerie nationale du Congo.<\/p>\n<p>\u00ab Avec la direction ge\u0301ne\u0301rale et l\u2019ensemble du personnel, notre devoir, a\u0300 compter de ce jour, est de re\u0301fle\u0301chir ensemble, sur les voies et moyens susceptibles de redonner naissance a\u0300 l\u2019imprimerie nationale en relanc\u0327ant la production des diffe\u0301rents documents lie\u0301s a\u0300 l\u2019imprimerie classique ainsi que les productions des documents se\u0301curise\u0301s \u00bb, a-t-il poursuivi.<\/p>\n<p>Cette rencontre des membres du conseil d\u2019administration de l\u2019imprimerie nationale permettra e\u0301galement de pre\u0301parer leur session inaugurale.<\/p>\n<p>C\u2019est le 30 de\u0301cembre 2022 que Arce\u0300ne Niamba a e\u0301te\u0301 nomme\u0301 Pre\u0301sident du conseil d\u2019administration de l\u2019imprimerie nationale .<\/p>\n<p><strong>Pour plus d&rsquo;informations et d&rsquo;analyses sur la <a href=\"https:\/\/www.africa-press.net\/congo-brazzaville\">Congo Brazzaville<\/a>, suivez <a href=\"https:\/\/www.africa-press.net\/\">Africa-Press<\/a><\/strong><\/p>\n","protected":false},"excerpt":{"rendered":"<p>Africa-Press &#8211; Congo Brazzaville. Le Pre\u0301sident du conseil d\u2019administration de l\u2019imprimerie nationale du Congo Arce\u0300ne Niamba a indique\u0301 le 7 fe\u0301vrier a\u0300 Brazzaville que son e\u0301quipe allait travailler, pour e\u0301laborer les strate\u0301gies capables de relancer cette entite\u0301 publique a\u0300 caracte\u0300re industriel et commercial, en vue de son rayonnement. \u00ab De\u0301pourvue de plateau technique depuis longtemps, [&hellip;]<\/p>\n","protected":false},"author":82,"featured_media":14244,"comment_status":"open","ping_status":"closed","sticky":false,"template":"","format":"standard","meta":{"footnotes":""},"categories":[2,10],"tags":[36,47,46],"class_list":["post-14246","post","type-post","status-publish","format-standard","has-post-thumbnail","hentry","category-politique","category-toutes-les-actualites","tag-africa-press","tag-africa-press-congo-brazzaville","tag-congo-brazzaville"],"yoast_head":"<!-- This site is optimized with the Yoast SEO Premium plugin v26.1 (Yoast SEO v27.0) - https:\/\/yoast.com\/product\/yoast-seo-premium-wordpress\/ -->\n<title>des d\u00e9fis \u00e0 relever pour le rayonnement de l\u2019imprimerie nationale - Congo Brazzaville<\/title>\n<meta name=\"description\" content=\"Le Pre\u0301sident du conseil d\u2019administration de l\u2019imprimerie nationale du Congo Arce\u0300ne Niamba a indique\u0301 le 7 fe\u0301vrier ...\" \/>\n<meta name=\"robots\" content=\"index, follow, max-snippet:-1, max-image-preview:large, max-video-preview:-1\" \/>\n<link rel=\"canonical\" href=\"https:\/\/www.africa-press.net\/congo-brazzaville\/politique\/des-defis-a-relever-pour-le-rayonnement-de-limprimerie-nationale\" \/>\n<meta property=\"og:locale\" content=\"fr_FR\" \/>\n<meta property=\"og:type\" content=\"article\" \/>\n<meta property=\"og:title\" content=\"des d\u00e9fis \u00e0 relever pour le rayonnement de l\u2019imprimerie nationale\" \/>\n<meta property=\"og:description\" content=\"Le Pre\u0301sident du conseil d\u2019administration de l\u2019imprimerie nationale du Congo Arce\u0300ne Niamba a indique\u0301 le 7 fe\u0301vrier ...\" \/>\n<meta property=\"og:url\" content=\"https:\/\/www.africa-press.net\/congo-brazzaville\/politique\/des-defis-a-relever-pour-le-rayonnement-de-limprimerie-nationale\" \/>\n<meta property=\"og:site_name\" content=\"Congo Brazzaville\" \/>\n<meta property=\"article:published_time\" content=\"2023-02-09T12:49:07+00:00\" \/>\n<meta property=\"article:modified_time\" content=\"2023-02-09T12:57:00+00:00\" \/>\n<meta property=\"og:image\" content=\"https:\/\/static.africa-press.net\/congo-brazzaville\/sites\/51\/2023\/02\/postQueueImg_1675934358.38.jpg\" \/>\n\t<meta property=\"og:image:width\" content=\"820\" \/>\n\t<meta property=\"og:image:height\" content=\"427\" \/>\n\t<meta property=\"og:image:type\" content=\"image\/jpeg\" \/>\n<meta name=\"author\" content=\"cfeditorfr\" \/>\n<meta name=\"twitter:card\" content=\"summary_large_image\" \/>\n<meta name=\"twitter:label1\" content=\"\u00c9crit par\" \/>\n\t<meta name=\"twitter:data1\" content=\"cfeditorfr\" \/>\n\t<meta name=\"twitter:label2\" content=\"Dur\u00e9e de lecture estim\u00e9e\" \/>\n\t<meta name=\"twitter:data2\" content=\"2 minutes\" \/>\n<script type=\"application\/ld+json\" class=\"yoast-schema-graph\">{\"@context\":\"https:\/\/schema.org\",\"@graph\":[{\"@type\":\"Article\",\"@id\":\"https:\/\/www.africa-press.net\/congo-brazzaville\/politique\/des-defis-a-relever-pour-le-rayonnement-de-limprimerie-nationale#article\",\"isPartOf\":{\"@id\":\"https:\/\/www.africa-press.net\/congo-brazzaville\/politique\/des-defis-a-relever-pour-le-rayonnement-de-limprimerie-nationale\"},\"author\":{\"name\":\"cfeditorfr\",\"@id\":\"https:\/\/www.africa-press.net\/congo-brazzaville\/#\/schema\/person\/2b1cf3cd81a31e3cd26889ca66d677f1\"},\"headline\":\"des d\u00e9fis \u00e0 relever pour le rayonnement de l\u2019imprimerie nationale\",\"datePublished\":\"2023-02-09T12:49:07+00:00\",\"dateModified\":\"2023-02-09T12:57:00+00:00\",\"mainEntityOfPage\":{\"@id\":\"https:\/\/www.africa-press.net\/congo-brazzaville\/politique\/des-defis-a-relever-pour-le-rayonnement-de-limprimerie-nationale\"},\"wordCount\":276,\"commentCount\":0,\"image\":{\"@id\":\"https:\/\/www.africa-press.net\/congo-brazzaville\/politique\/des-defis-a-relever-pour-le-rayonnement-de-limprimerie-nationale#primaryimage\"},\"thumbnailUrl\":\"https:\/\/static.africa-press.net\/congo-brazzaville\/sites\/51\/2023\/02\/postQueueImg_1675934358.38.jpg\",\"keywords\":[\"Africa Press\",\"Africa Press-Congo Brazzaville\",\"Congo Brazzaville\"],\"articleSection\":[\"Politique\",\"Toutes les actualit\u00e9s\"],\"inLanguage\":\"fr-FR\",\"potentialAction\":[{\"@type\":\"CommentAction\",\"name\":\"Comment\",\"target\":[\"https:\/\/www.africa-press.net\/congo-brazzaville\/politique\/des-defis-a-relever-pour-le-rayonnement-de-limprimerie-nationale#respond\"]}]},{\"@type\":\"WebPage\",\"@id\":\"https:\/\/www.africa-press.net\/congo-brazzaville\/politique\/des-defis-a-relever-pour-le-rayonnement-de-limprimerie-nationale\",\"url\":\"https:\/\/www.africa-press.net\/congo-brazzaville\/politique\/des-defis-a-relever-pour-le-rayonnement-de-limprimerie-nationale\",\"name\":\"des d\u00e9fis \u00e0 relever pour le rayonnement de l\u2019imprimerie nationale - Congo Brazzaville\",\"isPartOf\":{\"@id\":\"https:\/\/www.africa-press.net\/congo-brazzaville\/#website\"},\"primaryImageOfPage\":{\"@id\":\"https:\/\/www.africa-press.net\/congo-brazzaville\/politique\/des-defis-a-relever-pour-le-rayonnement-de-limprimerie-nationale#primaryimage\"},\"image\":{\"@id\":\"https:\/\/www.africa-press.net\/congo-brazzaville\/politique\/des-defis-a-relever-pour-le-rayonnement-de-limprimerie-nationale#primaryimage\"},\"thumbnailUrl\":\"https:\/\/static.africa-press.net\/congo-brazzaville\/sites\/51\/2023\/02\/postQueueImg_1675934358.38.jpg\",\"datePublished\":\"2023-02-09T12:49:07+00:00\",\"dateModified\":\"2023-02-09T12:57:00+00:00\",\"author\":{\"@id\":\"https:\/\/www.africa-press.net\/congo-brazzaville\/#\/schema\/person\/2b1cf3cd81a31e3cd26889ca66d677f1\"},\"description\":\"Le Pre\u0301sident du conseil d\u2019administration de l\u2019imprimerie nationale du Congo Arce\u0300ne Niamba a indique\u0301 le 7 fe\u0301vrier ...\",\"breadcrumb\":{\"@id\":\"https:\/\/www.africa-press.net\/congo-brazzaville\/politique\/des-defis-a-relever-pour-le-rayonnement-de-limprimerie-nationale#breadcrumb\"},\"inLanguage\":\"fr-FR\",\"potentialAction\":[{\"@type\":\"ReadAction\",\"target\":[\"https:\/\/www.africa-press.net\/congo-brazzaville\/politique\/des-defis-a-relever-pour-le-rayonnement-de-limprimerie-nationale\"]}]},{\"@type\":\"ImageObject\",\"inLanguage\":\"fr-FR\",\"@id\":\"https:\/\/www.africa-press.net\/congo-brazzaville\/politique\/des-defis-a-relever-pour-le-rayonnement-de-limprimerie-nationale#primaryimage\",\"url\":\"https:\/\/static.africa-press.net\/congo-brazzaville\/sites\/51\/2023\/02\/postQueueImg_1675934358.38.jpg\",\"contentUrl\":\"https:\/\/static.africa-press.net\/congo-brazzaville\/sites\/51\/2023\/02\/postQueueImg_1675934358.38.jpg\",\"width\":820,\"height\":427,\"caption\":\"des d\u00e9fis \u00e0 relever pour le rayonnement de l\u2019imprimerie nationale\"},{\"@type\":\"BreadcrumbList\",\"@id\":\"https:\/\/www.africa-press.net\/congo-brazzaville\/politique\/des-defis-a-relever-pour-le-rayonnement-de-limprimerie-nationale#breadcrumb\",\"itemListElement\":[{\"@type\":\"ListItem\",\"position\":1,\"name\":\"Accueil\",\"item\":\"https:\/\/www.africa-press.net\/congo-brazzaville\/\"},{\"@type\":\"ListItem\",\"position\":2,\"name\":\"des d\u00e9fis \u00e0 relever pour le rayonnement de l\u2019imprimerie nationale\"}]},{\"@type\":\"WebSite\",\"@id\":\"https:\/\/www.africa-press.net\/congo-brazzaville\/#website\",\"url\":\"https:\/\/www.africa-press.net\/congo-brazzaville\/\",\"name\":\"Congo Brazzaville\",\"description\":\"Just another Africa News Agency Sites site\",\"potentialAction\":[{\"@type\":\"SearchAction\",\"target\":{\"@type\":\"EntryPoint\",\"urlTemplate\":\"https:\/\/www.africa-press.net\/congo-brazzaville\/?s={search_term_string}\"},\"query-input\":{\"@type\":\"PropertyValueSpecification\",\"valueRequired\":true,\"valueName\":\"search_term_string\"}}],\"inLanguage\":\"fr-FR\"},{\"@type\":\"Person\",\"@id\":\"https:\/\/www.africa-press.net\/congo-brazzaville\/#\/schema\/person\/2b1cf3cd81a31e3cd26889ca66d677f1\",\"name\":\"cfeditorfr\"}]}<\/script>\n<!-- \/ Yoast SEO Premium plugin. -->","yoast_head_json":{"title":"des d\u00e9fis \u00e0 relever pour le rayonnement de l\u2019imprimerie nationale - Congo Brazzaville","description":"Le Pre\u0301sident du conseil d\u2019administration de l\u2019imprimerie nationale du Congo Arce\u0300ne Niamba a indique\u0301 le 7 fe\u0301vrier ...","robots":{"index":"index","follow":"follow","max-snippet":"max-snippet:-1","max-image-preview":"max-image-preview:large","max-video-preview":"max-video-preview:-1"},"canonical":"https:\/\/www.africa-press.net\/congo-brazzaville\/politique\/des-defis-a-relever-pour-le-rayonnement-de-limprimerie-nationale","og_locale":"fr_FR","og_type":"article","og_title":"des d\u00e9fis \u00e0 relever pour le rayonnement de l\u2019imprimerie nationale","og_description":"Le Pre\u0301sident du conseil d\u2019administration de l\u2019imprimerie nationale du Congo Arce\u0300ne Niamba a indique\u0301 le 7 fe\u0301vrier ...","og_url":"https:\/\/www.africa-press.net\/congo-brazzaville\/politique\/des-defis-a-relever-pour-le-rayonnement-de-limprimerie-nationale","og_site_name":"Congo Brazzaville","article_published_time":"2023-02-09T12:49:07+00:00","article_modified_time":"2023-02-09T12:57:00+00:00","og_image":[{"width":820,"height":427,"url":"https:\/\/static.africa-press.net\/congo-brazzaville\/sites\/51\/2023\/02\/postQueueImg_1675934358.38.jpg","type":"image\/jpeg"}],"author":"cfeditorfr","twitter_card":"summary_large_image","twitter_misc":{"\u00c9crit par":"cfeditorfr","Dur\u00e9e de lecture estim\u00e9e":"2 minutes"},"schema":{"@context":"https:\/\/schema.org","@graph":[{"@type":"Article","@id":"https:\/\/www.africa-press.net\/congo-brazzaville\/politique\/des-defis-a-relever-pour-le-rayonnement-de-limprimerie-nationale#article","isPartOf":{"@id":"https:\/\/www.africa-press.net\/congo-brazzaville\/politique\/des-defis-a-relever-pour-le-rayonnement-de-limprimerie-nationale"},"author":{"name":"cfeditorfr","@id":"https:\/\/www.africa-press.net\/congo-brazzaville\/#\/schema\/person\/2b1cf3cd81a31e3cd26889ca66d677f1"},"headline":"des d\u00e9fis \u00e0 relever pour le rayonnement de l\u2019imprimerie nationale","datePublished":"2023-02-09T12:49:07+00:00","dateModified":"2023-02-09T12:57:00+00:00","mainEntityOfPage":{"@id":"https:\/\/www.africa-press.net\/congo-brazzaville\/politique\/des-defis-a-relever-pour-le-rayonnement-de-limprimerie-nationale"},"wordCount":276,"commentCount":0,"image":{"@id":"https:\/\/www.africa-press.net\/congo-brazzaville\/politique\/des-defis-a-relever-pour-le-rayonnement-de-limprimerie-nationale#primaryimage"},"thumbnailUrl":"https:\/\/static.africa-press.net\/congo-brazzaville\/sites\/51\/2023\/02\/postQueueImg_1675934358.38.jpg","keywords":["Africa Press","Africa Press-Congo Brazzaville","Congo Brazzaville"],"articleSection":["Politique","Toutes les actualit\u00e9s"],"inLanguage":"fr-FR","potentialAction":[{"@type":"CommentAction","name":"Comment","target":["https:\/\/www.africa-press.net\/congo-brazzaville\/politique\/des-defis-a-relever-pour-le-rayonnement-de-limprimerie-nationale#respond"]}]},{"@type":"WebPage","@id":"https:\/\/www.africa-press.net\/congo-brazzaville\/politique\/des-defis-a-relever-pour-le-rayonnement-de-limprimerie-nationale","url":"https:\/\/www.africa-press.net\/congo-brazzaville\/politique\/des-defis-a-relever-pour-le-rayonnement-de-limprimerie-nationale","name":"des d\u00e9fis \u00e0 relever pour le rayonnement de l\u2019imprimerie nationale - Congo Brazzaville","isPartOf":{"@id":"https:\/\/www.africa-press.net\/congo-brazzaville\/#website"},"primaryImageOfPage":{"@id":"https:\/\/www.africa-press.net\/congo-brazzaville\/politique\/des-defis-a-relever-pour-le-rayonnement-de-limprimerie-nationale#primaryimage"},"image":{"@id":"https:\/\/www.africa-press.net\/congo-brazzaville\/politique\/des-defis-a-relever-pour-le-rayonnement-de-limprimerie-nationale#primaryimage"},"thumbnailUrl":"https:\/\/static.africa-press.net\/congo-brazzaville\/sites\/51\/2023\/02\/postQueueImg_1675934358.38.jpg","datePublished":"2023-02-09T12:49:07+00:00","dateModified":"2023-02-09T12:57:00+00:00","author":{"@id":"https:\/\/www.africa-press.net\/congo-brazzaville\/#\/schema\/person\/2b1cf3cd81a31e3cd26889ca66d677f1"},"description":"Le Pre\u0301sident du conseil d\u2019administration de l\u2019imprimerie nationale du Congo Arce\u0300ne Niamba a indique\u0301 le 7 fe\u0301vrier ...","breadcrumb":{"@id":"https:\/\/www.africa-press.net\/congo-brazzaville\/politique\/des-defis-a-relever-pour-le-rayonnement-de-limprimerie-nationale#breadcrumb"},"inLanguage":"fr-FR","potentialAction":[{"@type":"ReadAction","target":["https:\/\/www.africa-press.net\/congo-brazzaville\/politique\/des-defis-a-relever-pour-le-rayonnement-de-limprimerie-nationale"]}]},{"@type":"ImageObject","inLanguage":"fr-FR","@id":"https:\/\/www.africa-press.net\/congo-brazzaville\/politique\/des-defis-a-relever-pour-le-rayonnement-de-limprimerie-nationale#primaryimage","url":"https:\/\/static.africa-press.net\/congo-brazzaville\/sites\/51\/2023\/02\/postQueueImg_1675934358.38.jpg","contentUrl":"https:\/\/static.africa-press.net\/congo-brazzaville\/sites\/51\/2023\/02\/postQueueImg_1675934358.38.jpg","width":820,"height":427,"caption":"des d\u00e9fis \u00e0 relever pour le rayonnement de l\u2019imprimerie nationale"},{"@type":"BreadcrumbList","@id":"https:\/\/www.africa-press.net\/congo-brazzaville\/politique\/des-defis-a-relever-pour-le-rayonnement-de-limprimerie-nationale#breadcrumb","itemListElement":[{"@type":"ListItem","position":1,"name":"Accueil","item":"https:\/\/www.africa-press.net\/congo-brazzaville\/"},{"@type":"ListItem","position":2,"name":"des d\u00e9fis \u00e0 relever pour le rayonnement de l\u2019imprimerie nationale"}]},{"@type":"WebSite","@id":"https:\/\/www.africa-press.net\/congo-brazzaville\/#website","url":"https:\/\/www.africa-press.net\/congo-brazzaville\/","name":"Congo Brazzaville","description":"Just another Africa News Agency Sites site","potentialAction":[{"@type":"SearchAction","target":{"@type":"EntryPoint","urlTemplate":"https:\/\/www.africa-press.net\/congo-brazzaville\/?s={search_term_string}"},"query-input":{"@type":"PropertyValueSpecification","valueRequired":true,"valueName":"search_term_string"}}],"inLanguage":"fr-FR"},{"@type":"Person","@id":"https:\/\/www.africa-press.net\/congo-brazzaville\/#\/schema\/person\/2b1cf3cd81a31e3cd26889ca66d677f1","name":"cfeditorfr"}]}},"_links":{"self":[{"href":"https:\/\/www.africa-press.net\/congo-brazzaville\/wp-json\/wp\/v2\/posts\/14246","targetHints":{"allow":["GET"]}}],"collection":[{"href":"https:\/\/www.africa-press.net\/congo-brazzaville\/wp-json\/wp\/v2\/posts"}],"about":[{"href":"https:\/\/www.africa-press.net\/congo-brazzaville\/wp-json\/wp\/v2\/types\/post"}],"author":[{"embeddable":true,"href":"https:\/\/www.africa-press.net\/congo-brazzaville\/wp-json\/wp\/v2\/users\/82"}],"replies":[{"embeddable":true,"href":"https:\/\/www.africa-press.net\/congo-brazzaville\/wp-json\/wp\/v2\/comments?post=14246"}],"version-history":[{"count":0,"href":"https:\/\/www.africa-press.net\/congo-brazzaville\/wp-json\/wp\/v2\/posts\/14246\/revisions"}],"wp:featuredmedia":[{"embeddable":true,"href":"https:\/\/www.africa-press.net\/congo-brazzaville\/wp-json\/wp\/v2\/media\/14244"}],"wp:attachment":[{"href":"https:\/\/www.africa-press.net\/congo-brazzaville\/wp-json\/wp\/v2\/media?parent=14246"}],"wp:term":[{"taxonomy":"category","embeddable":true,"href":"https:\/\/www.africa-press.net\/congo-brazzaville\/wp-json\/wp\/v2\/categories?post=14246"},{"taxonomy":"post_tag","embeddable":true,"href":"https:\/\/www.africa-press.net\/congo-brazzaville\/wp-json\/wp\/v2\/tags?post=14246"}],"curies":[{"name":"wp","href":"https:\/\/api.w.org\/{rel}","templated":true}]}}