{"id":14259,"date":"2023-02-09T22:09:00","date_gmt":"2023-02-09T22:09:00","guid":{"rendered":"https:\/\/www.africa-press.net\/congo-brazzaville\/politique\/etats-generaux-de-lenseignement-brazzaville-abrite-la-derniere-etape-des-preparatifs"},"modified":"2023-02-09T23:18:40","modified_gmt":"2023-02-09T23:18:40","slug":"etats-generaux-de-lenseignement-brazzaville-abrite-la-derniere-etape-des-preparatifs","status":"publish","type":"post","link":"https:\/\/www.africa-press.net\/congo-brazzaville\/toutes-les-actualites\/etats-generaux-de-lenseignement-brazzaville-abrite-la-derniere-etape-des-preparatifs","title":{"rendered":"Etats g\u00e9n\u00e9raux de l&rsquo;enseignement : Brazzaville abrite la derni\u00e8re \u00e9tape des pr\u00e9paratifs"},"content":{"rendered":"<p><span style=\"color: #ff6600\"><strong>Africa-Press &#8211; Congo Brazzaville. <\/strong><\/span><b>Le Haut-commissaire a\u0300 l\u2019organisation des e\u0301tats ge\u0301ne\u0301raux de l\u2019e\u0301ducation nationale, de la formation et de l\u2019alphabe\u0301tisation, Hellot Matson Mampouya, a indique\u0301 le 9 fe\u0301vrier que les consultations du de\u0301partement de Brazzaville boucleront les pre\u0301paratifs, a\u0300 sa sortie d\u2019audience avec le ministre de l\u2019Enseignement technique et professionnel, Ghislain Thierry Maguessa Ebome\u0301. <\/b><\/p>\n<p>Les consultations du de\u0301partement de Brazzaville se tiendront du 16 au 27 fe\u0301vrier, couple\u0301es aux ateliers the\u0301matiques. Au cours de ces assises, les questions lie\u0301es a\u0300 la transformation du syste\u0300me e\u0301ducatif seront aborde\u0301es.<\/p>\n<p>Selon Hellot Matson Mampouya, les pre\u0301paratifs des assises des e\u0301tats ge\u0301ne\u0301raux sont suffisamment avance\u0301s. Les consultations ont de\u0301ja\u0300 pris fin au niveau des de\u0301partements. Elles ont inte\u0301resse\u0301 e\u0301galement la communaute\u0301 e\u0301ducative de la diaspora.<\/p>\n<p>Le travail a porte\u0301 sur un certain nombre d\u2019avant-projet de loi qui sera consacre\u0301 effectivement sur la reforme du syste\u0300me e\u0301ducatif : l\u2019avant-projet de loi scolaire, de programmations budge\u0301taires et un avant-projet de loi portant orientation et programmation du de\u0301veloppement scientifique et technologique.<\/p>\n<p>\u00ab Pour une planification conse\u0301quente, il est bon qu\u2019il y ait une maitrise de diffe\u0301rents e\u0301tablissements qui se chargent de la formation professionnelle parce que le constat a e\u0301te\u0301 que chaque de\u0301partement semble disposer son e\u0301tablissement de formation \u00bb, a dit le Haut-commissaire a\u0300 l\u2019organisation des e\u0301tats ge\u0301ne\u0301raux de l\u2019e\u0301ducation nationale, de la formation et de l\u2019alphabe\u0301tisation. Ce dernier a signifie\u0301 que \u00ab ceci ne permet pas d\u2019avoir une vision claire sur les besoins en lien avec les e\u0301conomies pour e\u0301viter d\u2019enregistrer les de\u0301ficits qui ne\u0301cessitent un encadrement par la loi \u00bb.<\/p>\n<p>D\u2019apre\u0300s lui, le ministre Ghislain Thierry Maguessa Ebome\u0301 a e\u0301mis des ide\u0301es portant sur le meilleur encadrement de l\u2019ensemble des formations professionnelles et souhaite\u0301 que les pre\u0301occupations spe\u0301cifiques de la formation professionnelle soient prises en compte, inte\u0301gre\u0301es dans les de\u0301bats.<\/p>\n<p><strong>Pour plus d&rsquo;informations et d&rsquo;analyses sur la <a href=\"https:\/\/www.africa-press.net\/congo-brazzaville\">Congo Brazzaville<\/a>, suivez <a href=\"https:\/\/www.africa-press.net\/\">Africa-Press<\/a><\/strong><\/p>\n","protected":false},"excerpt":{"rendered":"<p>Africa-Press &#8211; Congo Brazzaville. Le Haut-commissaire a\u0300 l\u2019organisation des e\u0301tats ge\u0301ne\u0301raux de l\u2019e\u0301ducation nationale, de la formation et de l\u2019alphabe\u0301tisation, Hellot Matson Mampouya, a indique\u0301 le 9 fe\u0301vrier que les consultations du de\u0301partement de Brazzaville boucleront les pre\u0301paratifs, a\u0300 sa sortie d\u2019audience avec le ministre de l\u2019Enseignement technique et professionnel, Ghislain Thierry Maguessa Ebome\u0301. Les [&hellip;]<\/p>\n","protected":false},"author":82,"featured_media":14258,"comment_status":"open","ping_status":"closed","sticky":false,"template":"","format":"standard","meta":{"footnotes":""},"categories":[21,10],"tags":[36,47,46],"class_list":["post-14259","post","type-post","status-publish","format-standard","has-post-thumbnail","hentry","category-communaute","category-toutes-les-actualites","tag-africa-press","tag-africa-press-congo-brazzaville","tag-congo-brazzaville"],"yoast_head":"<!-- This site is optimized with the Yoast SEO Premium plugin v26.1 (Yoast SEO v27.0) - https:\/\/yoast.com\/product\/yoast-seo-premium-wordpress\/ -->\n<title>Etats g\u00e9n\u00e9raux de l&#039;enseignement : Brazzaville abrite la derni\u00e8re \u00e9tape des pr\u00e9paratifs - Congo Brazzaville<\/title>\n<meta name=\"description\" content=\"Le Haut-commissaire a\u0300 l\u2019organisation des e\u0301tats ge\u0301ne\u0301raux de l\u2019e\u0301ducation nationale, de la formation et de l\u2019alphab ...\" \/>\n<meta name=\"robots\" content=\"index, follow, max-snippet:-1, max-image-preview:large, max-video-preview:-1\" \/>\n<link rel=\"canonical\" href=\"https:\/\/www.africa-press.net\/congo-brazzaville\/toutes-les-actualites\/etats-generaux-de-lenseignement-brazzaville-abrite-la-derniere-etape-des-preparatifs\" \/>\n<meta property=\"og:locale\" content=\"fr_FR\" \/>\n<meta property=\"og:type\" content=\"article\" \/>\n<meta property=\"og:title\" content=\"Etats g\u00e9n\u00e9raux de l&#039;enseignement : Brazzaville abrite la derni\u00e8re \u00e9tape des pr\u00e9paratifs\" \/>\n<meta property=\"og:description\" content=\"Le Haut-commissaire a\u0300 l\u2019organisation des e\u0301tats ge\u0301ne\u0301raux de l\u2019e\u0301ducation nationale, de la formation et de l\u2019alphab ...\" \/>\n<meta property=\"og:url\" content=\"https:\/\/www.africa-press.net\/congo-brazzaville\/toutes-les-actualites\/etats-generaux-de-lenseignement-brazzaville-abrite-la-derniere-etape-des-preparatifs\" \/>\n<meta property=\"og:site_name\" content=\"Congo Brazzaville\" \/>\n<meta property=\"article:published_time\" content=\"2023-02-09T22:09:00+00:00\" \/>\n<meta property=\"article:modified_time\" content=\"2023-02-09T23:18:40+00:00\" \/>\n<meta property=\"og:image\" content=\"https:\/\/static.africa-press.net\/congo-brazzaville\/sites\/51\/2023\/02\/postQueueImg_1675967944.15.jpg\" \/>\n\t<meta property=\"og:image:width\" content=\"1749\" \/>\n\t<meta property=\"og:image:height\" content=\"768\" \/>\n\t<meta property=\"og:image:type\" content=\"image\/jpeg\" \/>\n<meta name=\"author\" content=\"cfeditorfr\" \/>\n<meta name=\"twitter:card\" content=\"summary_large_image\" \/>\n<meta name=\"twitter:label1\" content=\"\u00c9crit par\" \/>\n\t<meta name=\"twitter:data1\" content=\"cfeditorfr\" \/>\n\t<meta name=\"twitter:label2\" content=\"Dur\u00e9e de lecture estim\u00e9e\" \/>\n\t<meta name=\"twitter:data2\" content=\"2 minutes\" \/>\n<script type=\"application\/ld+json\" class=\"yoast-schema-graph\">{\"@context\":\"https:\/\/schema.org\",\"@graph\":[{\"@type\":\"Article\",\"@id\":\"https:\/\/www.africa-press.net\/congo-brazzaville\/toutes-les-actualites\/etats-generaux-de-lenseignement-brazzaville-abrite-la-derniere-etape-des-preparatifs#article\",\"isPartOf\":{\"@id\":\"https:\/\/www.africa-press.net\/congo-brazzaville\/toutes-les-actualites\/etats-generaux-de-lenseignement-brazzaville-abrite-la-derniere-etape-des-preparatifs\"},\"author\":{\"name\":\"cfeditorfr\",\"@id\":\"https:\/\/www.africa-press.net\/congo-brazzaville\/#\/schema\/person\/2b1cf3cd81a31e3cd26889ca66d677f1\"},\"headline\":\"Etats g\u00e9n\u00e9raux de l&rsquo;enseignement : Brazzaville abrite la derni\u00e8re \u00e9tape des pr\u00e9paratifs\",\"datePublished\":\"2023-02-09T22:09:00+00:00\",\"dateModified\":\"2023-02-09T23:18:40+00:00\",\"mainEntityOfPage\":{\"@id\":\"https:\/\/www.africa-press.net\/congo-brazzaville\/toutes-les-actualites\/etats-generaux-de-lenseignement-brazzaville-abrite-la-derniere-etape-des-preparatifs\"},\"wordCount\":385,\"commentCount\":0,\"image\":{\"@id\":\"https:\/\/www.africa-press.net\/congo-brazzaville\/toutes-les-actualites\/etats-generaux-de-lenseignement-brazzaville-abrite-la-derniere-etape-des-preparatifs#primaryimage\"},\"thumbnailUrl\":\"https:\/\/static.africa-press.net\/congo-brazzaville\/sites\/51\/2023\/02\/postQueueImg_1675967944.15.jpg\",\"keywords\":[\"Africa Press\",\"Africa Press-Congo Brazzaville\",\"Congo Brazzaville\"],\"articleSection\":[\"Communaut\u00e9\",\"Toutes les actualit\u00e9s\"],\"inLanguage\":\"fr-FR\",\"potentialAction\":[{\"@type\":\"CommentAction\",\"name\":\"Comment\",\"target\":[\"https:\/\/www.africa-press.net\/congo-brazzaville\/toutes-les-actualites\/etats-generaux-de-lenseignement-brazzaville-abrite-la-derniere-etape-des-preparatifs#respond\"]}]},{\"@type\":\"WebPage\",\"@id\":\"https:\/\/www.africa-press.net\/congo-brazzaville\/toutes-les-actualites\/etats-generaux-de-lenseignement-brazzaville-abrite-la-derniere-etape-des-preparatifs\",\"url\":\"https:\/\/www.africa-press.net\/congo-brazzaville\/toutes-les-actualites\/etats-generaux-de-lenseignement-brazzaville-abrite-la-derniere-etape-des-preparatifs\",\"name\":\"Etats g\u00e9n\u00e9raux de l'enseignement : Brazzaville abrite la derni\u00e8re \u00e9tape des pr\u00e9paratifs - Congo Brazzaville\",\"isPartOf\":{\"@id\":\"https:\/\/www.africa-press.net\/congo-brazzaville\/#website\"},\"primaryImageOfPage\":{\"@id\":\"https:\/\/www.africa-press.net\/congo-brazzaville\/toutes-les-actualites\/etats-generaux-de-lenseignement-brazzaville-abrite-la-derniere-etape-des-preparatifs#primaryimage\"},\"image\":{\"@id\":\"https:\/\/www.africa-press.net\/congo-brazzaville\/toutes-les-actualites\/etats-generaux-de-lenseignement-brazzaville-abrite-la-derniere-etape-des-preparatifs#primaryimage\"},\"thumbnailUrl\":\"https:\/\/static.africa-press.net\/congo-brazzaville\/sites\/51\/2023\/02\/postQueueImg_1675967944.15.jpg\",\"datePublished\":\"2023-02-09T22:09:00+00:00\",\"dateModified\":\"2023-02-09T23:18:40+00:00\",\"author\":{\"@id\":\"https:\/\/www.africa-press.net\/congo-brazzaville\/#\/schema\/person\/2b1cf3cd81a31e3cd26889ca66d677f1\"},\"description\":\"Le Haut-commissaire a\u0300 l\u2019organisation des e\u0301tats ge\u0301ne\u0301raux de l\u2019e\u0301ducation nationale, de la formation et de l\u2019alphab ...\",\"breadcrumb\":{\"@id\":\"https:\/\/www.africa-press.net\/congo-brazzaville\/toutes-les-actualites\/etats-generaux-de-lenseignement-brazzaville-abrite-la-derniere-etape-des-preparatifs#breadcrumb\"},\"inLanguage\":\"fr-FR\",\"potentialAction\":[{\"@type\":\"ReadAction\",\"target\":[\"https:\/\/www.africa-press.net\/congo-brazzaville\/toutes-les-actualites\/etats-generaux-de-lenseignement-brazzaville-abrite-la-derniere-etape-des-preparatifs\"]}]},{\"@type\":\"ImageObject\",\"inLanguage\":\"fr-FR\",\"@id\":\"https:\/\/www.africa-press.net\/congo-brazzaville\/toutes-les-actualites\/etats-generaux-de-lenseignement-brazzaville-abrite-la-derniere-etape-des-preparatifs#primaryimage\",\"url\":\"https:\/\/static.africa-press.net\/congo-brazzaville\/sites\/51\/2023\/02\/postQueueImg_1675967944.15.jpg\",\"contentUrl\":\"https:\/\/static.africa-press.net\/congo-brazzaville\/sites\/51\/2023\/02\/postQueueImg_1675967944.15.jpg\",\"width\":1749,\"height\":768,\"caption\":\"Etats g\u00e9n\u00e9raux de l'enseignement : Brazzaville abrite la derni\u00e8re \u00e9tape des pr\u00e9paratifs\"},{\"@type\":\"BreadcrumbList\",\"@id\":\"https:\/\/www.africa-press.net\/congo-brazzaville\/toutes-les-actualites\/etats-generaux-de-lenseignement-brazzaville-abrite-la-derniere-etape-des-preparatifs#breadcrumb\",\"itemListElement\":[{\"@type\":\"ListItem\",\"position\":1,\"name\":\"Accueil\",\"item\":\"https:\/\/www.africa-press.net\/congo-brazzaville\/\"},{\"@type\":\"ListItem\",\"position\":2,\"name\":\"Etats g\u00e9n\u00e9raux de l&rsquo;enseignement : Brazzaville abrite la derni\u00e8re \u00e9tape des pr\u00e9paratifs\"}]},{\"@type\":\"WebSite\",\"@id\":\"https:\/\/www.africa-press.net\/congo-brazzaville\/#website\",\"url\":\"https:\/\/www.africa-press.net\/congo-brazzaville\/\",\"name\":\"Congo Brazzaville\",\"description\":\"Just another Africa News Agency Sites site\",\"potentialAction\":[{\"@type\":\"SearchAction\",\"target\":{\"@type\":\"EntryPoint\",\"urlTemplate\":\"https:\/\/www.africa-press.net\/congo-brazzaville\/?s={search_term_string}\"},\"query-input\":{\"@type\":\"PropertyValueSpecification\",\"valueRequired\":true,\"valueName\":\"search_term_string\"}}],\"inLanguage\":\"fr-FR\"},{\"@type\":\"Person\",\"@id\":\"https:\/\/www.africa-press.net\/congo-brazzaville\/#\/schema\/person\/2b1cf3cd81a31e3cd26889ca66d677f1\",\"name\":\"cfeditorfr\"}]}<\/script>\n<!-- \/ Yoast SEO Premium plugin. -->","yoast_head_json":{"title":"Etats g\u00e9n\u00e9raux de l'enseignement : Brazzaville abrite la derni\u00e8re \u00e9tape des pr\u00e9paratifs - Congo Brazzaville","description":"Le Haut-commissaire a\u0300 l\u2019organisation des e\u0301tats ge\u0301ne\u0301raux de l\u2019e\u0301ducation nationale, de la formation et de l\u2019alphab ...","robots":{"index":"index","follow":"follow","max-snippet":"max-snippet:-1","max-image-preview":"max-image-preview:large","max-video-preview":"max-video-preview:-1"},"canonical":"https:\/\/www.africa-press.net\/congo-brazzaville\/toutes-les-actualites\/etats-generaux-de-lenseignement-brazzaville-abrite-la-derniere-etape-des-preparatifs","og_locale":"fr_FR","og_type":"article","og_title":"Etats g\u00e9n\u00e9raux de l'enseignement : Brazzaville abrite la derni\u00e8re \u00e9tape des pr\u00e9paratifs","og_description":"Le Haut-commissaire a\u0300 l\u2019organisation des e\u0301tats ge\u0301ne\u0301raux de l\u2019e\u0301ducation nationale, de la formation et de l\u2019alphab ...","og_url":"https:\/\/www.africa-press.net\/congo-brazzaville\/toutes-les-actualites\/etats-generaux-de-lenseignement-brazzaville-abrite-la-derniere-etape-des-preparatifs","og_site_name":"Congo Brazzaville","article_published_time":"2023-02-09T22:09:00+00:00","article_modified_time":"2023-02-09T23:18:40+00:00","og_image":[{"width":1749,"height":768,"url":"https:\/\/static.africa-press.net\/congo-brazzaville\/sites\/51\/2023\/02\/postQueueImg_1675967944.15.jpg","type":"image\/jpeg"}],"author":"cfeditorfr","twitter_card":"summary_large_image","twitter_misc":{"\u00c9crit par":"cfeditorfr","Dur\u00e9e de lecture estim\u00e9e":"2 minutes"},"schema":{"@context":"https:\/\/schema.org","@graph":[{"@type":"Article","@id":"https:\/\/www.africa-press.net\/congo-brazzaville\/toutes-les-actualites\/etats-generaux-de-lenseignement-brazzaville-abrite-la-derniere-etape-des-preparatifs#article","isPartOf":{"@id":"https:\/\/www.africa-press.net\/congo-brazzaville\/toutes-les-actualites\/etats-generaux-de-lenseignement-brazzaville-abrite-la-derniere-etape-des-preparatifs"},"author":{"name":"cfeditorfr","@id":"https:\/\/www.africa-press.net\/congo-brazzaville\/#\/schema\/person\/2b1cf3cd81a31e3cd26889ca66d677f1"},"headline":"Etats g\u00e9n\u00e9raux de l&rsquo;enseignement : Brazzaville abrite la derni\u00e8re \u00e9tape des pr\u00e9paratifs","datePublished":"2023-02-09T22:09:00+00:00","dateModified":"2023-02-09T23:18:40+00:00","mainEntityOfPage":{"@id":"https:\/\/www.africa-press.net\/congo-brazzaville\/toutes-les-actualites\/etats-generaux-de-lenseignement-brazzaville-abrite-la-derniere-etape-des-preparatifs"},"wordCount":385,"commentCount":0,"image":{"@id":"https:\/\/www.africa-press.net\/congo-brazzaville\/toutes-les-actualites\/etats-generaux-de-lenseignement-brazzaville-abrite-la-derniere-etape-des-preparatifs#primaryimage"},"thumbnailUrl":"https:\/\/static.africa-press.net\/congo-brazzaville\/sites\/51\/2023\/02\/postQueueImg_1675967944.15.jpg","keywords":["Africa Press","Africa Press-Congo Brazzaville","Congo Brazzaville"],"articleSection":["Communaut\u00e9","Toutes les actualit\u00e9s"],"inLanguage":"fr-FR","potentialAction":[{"@type":"CommentAction","name":"Comment","target":["https:\/\/www.africa-press.net\/congo-brazzaville\/toutes-les-actualites\/etats-generaux-de-lenseignement-brazzaville-abrite-la-derniere-etape-des-preparatifs#respond"]}]},{"@type":"WebPage","@id":"https:\/\/www.africa-press.net\/congo-brazzaville\/toutes-les-actualites\/etats-generaux-de-lenseignement-brazzaville-abrite-la-derniere-etape-des-preparatifs","url":"https:\/\/www.africa-press.net\/congo-brazzaville\/toutes-les-actualites\/etats-generaux-de-lenseignement-brazzaville-abrite-la-derniere-etape-des-preparatifs","name":"Etats g\u00e9n\u00e9raux de l'enseignement : Brazzaville abrite la derni\u00e8re \u00e9tape des pr\u00e9paratifs - Congo Brazzaville","isPartOf":{"@id":"https:\/\/www.africa-press.net\/congo-brazzaville\/#website"},"primaryImageOfPage":{"@id":"https:\/\/www.africa-press.net\/congo-brazzaville\/toutes-les-actualites\/etats-generaux-de-lenseignement-brazzaville-abrite-la-derniere-etape-des-preparatifs#primaryimage"},"image":{"@id":"https:\/\/www.africa-press.net\/congo-brazzaville\/toutes-les-actualites\/etats-generaux-de-lenseignement-brazzaville-abrite-la-derniere-etape-des-preparatifs#primaryimage"},"thumbnailUrl":"https:\/\/static.africa-press.net\/congo-brazzaville\/sites\/51\/2023\/02\/postQueueImg_1675967944.15.jpg","datePublished":"2023-02-09T22:09:00+00:00","dateModified":"2023-02-09T23:18:40+00:00","author":{"@id":"https:\/\/www.africa-press.net\/congo-brazzaville\/#\/schema\/person\/2b1cf3cd81a31e3cd26889ca66d677f1"},"description":"Le Haut-commissaire a\u0300 l\u2019organisation des e\u0301tats ge\u0301ne\u0301raux de l\u2019e\u0301ducation nationale, de la formation et de l\u2019alphab ...","breadcrumb":{"@id":"https:\/\/www.africa-press.net\/congo-brazzaville\/toutes-les-actualites\/etats-generaux-de-lenseignement-brazzaville-abrite-la-derniere-etape-des-preparatifs#breadcrumb"},"inLanguage":"fr-FR","potentialAction":[{"@type":"ReadAction","target":["https:\/\/www.africa-press.net\/congo-brazzaville\/toutes-les-actualites\/etats-generaux-de-lenseignement-brazzaville-abrite-la-derniere-etape-des-preparatifs"]}]},{"@type":"ImageObject","inLanguage":"fr-FR","@id":"https:\/\/www.africa-press.net\/congo-brazzaville\/toutes-les-actualites\/etats-generaux-de-lenseignement-brazzaville-abrite-la-derniere-etape-des-preparatifs#primaryimage","url":"https:\/\/static.africa-press.net\/congo-brazzaville\/sites\/51\/2023\/02\/postQueueImg_1675967944.15.jpg","contentUrl":"https:\/\/static.africa-press.net\/congo-brazzaville\/sites\/51\/2023\/02\/postQueueImg_1675967944.15.jpg","width":1749,"height":768,"caption":"Etats g\u00e9n\u00e9raux de l'enseignement : Brazzaville abrite la derni\u00e8re \u00e9tape des pr\u00e9paratifs"},{"@type":"BreadcrumbList","@id":"https:\/\/www.africa-press.net\/congo-brazzaville\/toutes-les-actualites\/etats-generaux-de-lenseignement-brazzaville-abrite-la-derniere-etape-des-preparatifs#breadcrumb","itemListElement":[{"@type":"ListItem","position":1,"name":"Accueil","item":"https:\/\/www.africa-press.net\/congo-brazzaville\/"},{"@type":"ListItem","position":2,"name":"Etats g\u00e9n\u00e9raux de l&rsquo;enseignement : Brazzaville abrite la derni\u00e8re \u00e9tape des pr\u00e9paratifs"}]},{"@type":"WebSite","@id":"https:\/\/www.africa-press.net\/congo-brazzaville\/#website","url":"https:\/\/www.africa-press.net\/congo-brazzaville\/","name":"Congo Brazzaville","description":"Just another Africa News Agency Sites site","potentialAction":[{"@type":"SearchAction","target":{"@type":"EntryPoint","urlTemplate":"https:\/\/www.africa-press.net\/congo-brazzaville\/?s={search_term_string}"},"query-input":{"@type":"PropertyValueSpecification","valueRequired":true,"valueName":"search_term_string"}}],"inLanguage":"fr-FR"},{"@type":"Person","@id":"https:\/\/www.africa-press.net\/congo-brazzaville\/#\/schema\/person\/2b1cf3cd81a31e3cd26889ca66d677f1","name":"cfeditorfr"}]}},"_links":{"self":[{"href":"https:\/\/www.africa-press.net\/congo-brazzaville\/wp-json\/wp\/v2\/posts\/14259","targetHints":{"allow":["GET"]}}],"collection":[{"href":"https:\/\/www.africa-press.net\/congo-brazzaville\/wp-json\/wp\/v2\/posts"}],"about":[{"href":"https:\/\/www.africa-press.net\/congo-brazzaville\/wp-json\/wp\/v2\/types\/post"}],"author":[{"embeddable":true,"href":"https:\/\/www.africa-press.net\/congo-brazzaville\/wp-json\/wp\/v2\/users\/82"}],"replies":[{"embeddable":true,"href":"https:\/\/www.africa-press.net\/congo-brazzaville\/wp-json\/wp\/v2\/comments?post=14259"}],"version-history":[{"count":0,"href":"https:\/\/www.africa-press.net\/congo-brazzaville\/wp-json\/wp\/v2\/posts\/14259\/revisions"}],"wp:featuredmedia":[{"embeddable":true,"href":"https:\/\/www.africa-press.net\/congo-brazzaville\/wp-json\/wp\/v2\/media\/14258"}],"wp:attachment":[{"href":"https:\/\/www.africa-press.net\/congo-brazzaville\/wp-json\/wp\/v2\/media?parent=14259"}],"wp:term":[{"taxonomy":"category","embeddable":true,"href":"https:\/\/www.africa-press.net\/congo-brazzaville\/wp-json\/wp\/v2\/categories?post=14259"},{"taxonomy":"post_tag","embeddable":true,"href":"https:\/\/www.africa-press.net\/congo-brazzaville\/wp-json\/wp\/v2\/tags?post=14259"}],"curies":[{"name":"wp","href":"https:\/\/api.w.org\/{rel}","templated":true}]}}