{"id":14263,"date":"2023-02-09T22:09:13","date_gmt":"2023-02-09T22:09:13","guid":{"rendered":"https:\/\/www.africa-press.net\/congo-brazzaville\/politique\/restauration-la-maison-paul-a-la-croisee-des-papilles-gustatives-des-brazzavillois"},"modified":"2023-02-09T23:19:19","modified_gmt":"2023-02-09T23:19:19","slug":"restauration-la-maison-paul-a-la-croisee-des-papilles-gustatives-des-brazzavillois","status":"publish","type":"post","link":"https:\/\/www.africa-press.net\/congo-brazzaville\/photo\/restauration-la-maison-paul-a-la-croisee-des-papilles-gustatives-des-brazzavillois","title":{"rendered":"Restauration : la maison \u00ab Paul \u00bb \u00e0 la crois\u00e9e des papilles gustatives des Brazzavillois"},"content":{"rendered":"<p><span style=\"color: #ff6600\"><strong>Africa-Press &#8211; Congo Brazzaville. <\/strong><\/span><b>Loge\u0301 dans l\u2019enceinte de Leila Mall, le restaurant Paul a proce\u0301de\u0301 a\u0300 l\u2019inauguration officielle de sa toute premie\u0300re adresse au Congo, pre\u0301cise\u0301ment a\u0300 Brazzaville, et a\u0300 la pre\u0301sentation de la gamme varie\u0301e de ses services traiteurs et de re\u0301ception, le 7 fe\u0301vrier, en pre\u0301sence des repre\u0301sentants de la marque de restauration venus de France.<\/b><\/p>\n<p>\u00ab Aujourd\u2019hui, avec l\u2019ensemble des e\u0301quipes de Paul, je suis fier d\u2019e\u0302tre ici devant vous au Congo Brazzaville pour l\u2019inauguration de la premie\u0300re maison Paul. Nous avons ouvert le 11 de\u0301cembre 2022, et pour l\u2019instant, gra\u0302ce a\u0300 vous tous, l\u2019ouverture 7j\/7 est un vrai succe\u0300s. Nous sommes ouverts du petit-de\u0301jeuner a\u0300 6h 30 pour ceux qui aiment se lever de bonne heure, sans interruption jusqu\u2019 a\u0300 22h. Je formule le v\u0153u que ce lieu devienne un lieu de rendez-vous, une vraie habitude et un endroit agre\u0301able pour passer du bon temps \u00bb, a de\u0301clare\u0301 Christian Raimbault, directeur ge\u0301ne\u0301ral Paul France et EMEA (Europe, Moyen-Orient, Afrique).<\/p>\n<p>L&rsquo;inauguration du restaurant Paul, ouvert en de\u0301cembre, a permis au public brazzavillois de mieux de\u0301couvrir l\u2019expertise et de de\u0301guster les diffe\u0301rents services culinaires dont regorge cette maison gastronomique avec une expertise datant de plus d\u2019un sie\u0300cle. De la pa\u0302tisserie varie\u0301e et multicolore a\u0300 la frai\u0302cheur d\u2019une palette bio de fruits et boissons de saison, Paul a de\u0301licieusement re\u0301gale\u0301 les convives venus nombreux pour la circonstance. Pour Nicolas Marouni, directeur des ope\u0301rations de Paul en Re\u0301publique du Congo, l\u2019inauguration de cette premie\u0300re boutique au niveau national vient a\u0300 point nomme\u0301 apre\u0300s plusieurs anne\u0301es et beaucoup de travail ne\u0301cessaires pour la voir aboutir.<\/p>\n<p>\u00ab Des e\u0301tudes de marche\u0301 aux conceptions des projets, a\u0300 l\u2019identification des sites en passant par la construction et l\u2019ame\u0301nagement, par le recrutement et surtout la formation des e\u0301quipes chez Paul, en France, sans oublier la covid-19 qui a retarde\u0301 et prolonge\u0301 le de\u0301lai de re\u0301alisation. Un grand merci a\u0300 l\u2019e\u0301quipe de direction Paul France et internationale pour leur accompagnement et leur expertise, a\u0300 l\u2019e\u0301quipe Paul Brazzaville pour leur travail et leur engagement au quotidien aupre\u0300s de nos clients. Merci aussi a\u0300 tous nos partenaires \u00bb, a de\u0301clare\u0301 Nicolas Marouni.<\/p>\n<p>Notons qu\u2019a\u0300 ce jour, Paul est pre\u0301sent dans 51 pays, dont onze sur le continent africain, totalisant avec la France plus de huit-cents maisons de la marque de restauration. Franchise internationale, Paul meuble le de\u0301cor de la galerie commerciale Leila Mall, aux co\u0302te\u0301s de six autres enseignes. Avec une main-d\u2019\u0153uvre majoritairement locale, la maison Paul contribue a\u0300 une volonte\u0301 de soutien des efforts des pouvoirs publics de cre\u0301ation d\u2019emplois et de participation re\u0301elle au de\u0301veloppement et a\u0300 la croissance e\u0301conomique du pays.<\/p>\n\r\n                <style type=\"text\/css\">\r\n                    \r\n                    #td_uid_1_69ef933637827  .td-doubleSlider-2 .td-item1 {\r\n                        background: url(https:\/\/static.africa-press.net\/congo-brazzaville\/sites\/51\/2023\/02\/postMediaimg_57_1-80x60.jpg) 0 0 no-repeat;\r\n                    }\r\n                    #td_uid_1_69ef933637827  .td-doubleSlider-2 .td-item2 {\r\n                        background: url(https:\/\/static.africa-press.net\/congo-brazzaville\/sites\/51\/2023\/02\/postMediaimg_57_2-80x60.jpg) 0 0 no-repeat;\r\n                    }\r\n                <\/style>\r\n\r\n                <div id=\"td_uid_1_69ef933637827\" class=\"td-gallery td-slide-on-2-columns\">\r\n                    <div class=\"post_td_gallery\">\r\n                        <div class=\"td-gallery-slide-top\">\r\n                           <div class=\"td-gallery-title\"><\/div>\r\n\r\n                            <div class=\"td-gallery-controls-wrapper\">\r\n                                <div class=\"td-gallery-slide-count\"><span class=\"td-gallery-slide-item-focus\">1<\/span> de 2<\/div>\r\n                                <div class=\"td-gallery-slide-prev-next-but\">\r\n                                    <i class = \"td-icon-left doubleSliderPrevButton\"><\/i>\r\n                                    <i class = \"td-icon-right doubleSliderNextButton\"><\/i>\r\n                                <\/div>\r\n                            <\/div>\r\n                        <\/div>\r\n\r\n                        <div class = \"td-doubleSlider-1 \">\r\n                            <div class = \"td-slider\">\r\n                                \r\n                    <div class = \"td-slide-item td-item1\">\r\n                        <figure class=\"td-slide-galery-figure td-slide-popup-gallery\">\r\n                            <a class=\"slide-gallery-image-link\" href=\"https:\/\/static.africa-press.net\/congo-brazzaville\/sites\/51\/2023\/02\/postMediaimg_57_1.jpg\" title=\"postMediaimg_57_1\"  data-caption=\"\"  data-description=\"\">\r\n                                <img decoding=\"async\" src=\"https:\/\/static.africa-press.net\/congo-brazzaville\/sites\/51\/2023\/02\/postMediaimg_57_1.jpg\" srcset=\"https:\/\/static.africa-press.net\/congo-brazzaville\/sites\/51\/2023\/02\/postMediaimg_57_1.jpg 1024w, https:\/\/static.africa-press.net\/congo-brazzaville\/sites\/51\/2023\/02\/postMediaimg_57_1-300x200.jpg 300w, https:\/\/static.africa-press.net\/congo-brazzaville\/sites\/51\/2023\/02\/postMediaimg_57_1-768x512.jpg 768w\" sizes=\"(max-width: 1024px) 100vw, 1024px\" alt=\"\">\r\n                            <\/a>\r\n                            \r\n                        <\/figure>\r\n                    <\/div>\r\n                    <div class = \"td-slide-item td-item2\">\r\n                        <figure class=\"td-slide-galery-figure td-slide-popup-gallery\">\r\n                            <a class=\"slide-gallery-image-link\" href=\"https:\/\/static.africa-press.net\/congo-brazzaville\/sites\/51\/2023\/02\/postMediaimg_57_2.jpg\" title=\"postMediaimg_57_2\"  data-caption=\"\"  data-description=\"\">\r\n                                <img decoding=\"async\" src=\"https:\/\/static.africa-press.net\/congo-brazzaville\/sites\/51\/2023\/02\/postMediaimg_57_2.jpg\" srcset=\"https:\/\/static.africa-press.net\/congo-brazzaville\/sites\/51\/2023\/02\/postMediaimg_57_2.jpg 1024w, https:\/\/static.africa-press.net\/congo-brazzaville\/sites\/51\/2023\/02\/postMediaimg_57_2-300x200.jpg 300w, https:\/\/static.africa-press.net\/congo-brazzaville\/sites\/51\/2023\/02\/postMediaimg_57_2-768x512.jpg 768w\" sizes=\"(max-width: 1024px) 100vw, 1024px\" alt=\"\">\r\n                            <\/a>\r\n                            \r\n                        <\/figure>\r\n                    <\/div>\r\n                            <\/div>\r\n                        <\/div>\r\n\r\n                        <div class = \"td-doubleSlider-2\">\r\n                            <div class = \"td-slider\">\r\n                                \r\n                    <div class = \"td-button td-item1\">\r\n                        <div class = \"td-border\"><\/div>\r\n                    <\/div>\r\n                    <div class = \"td-button td-item2\">\r\n                        <div class = \"td-border\"><\/div>\r\n                    <\/div>\r\n                            <\/div>\r\n                        <\/div>\r\n\r\n                    <\/div>\r\n\r\n                <\/div>\r\n                \n<p><strong>Pour plus d&rsquo;informations et d&rsquo;analyses sur la <a href=\"https:\/\/www.africa-press.net\/congo-brazzaville\">Congo Brazzaville<\/a>, suivez <a href=\"https:\/\/www.africa-press.net\/\">Africa-Press<\/a><\/strong><\/p>\n","protected":false},"excerpt":{"rendered":"<p>Africa-Press &#8211; Congo Brazzaville. Loge\u0301 dans l\u2019enceinte de Leila Mall, le restaurant Paul a proce\u0301de\u0301 a\u0300 l\u2019inauguration officielle de sa toute premie\u0300re adresse au Congo, pre\u0301cise\u0301ment a\u0300 Brazzaville, et a\u0300 la pre\u0301sentation de la gamme varie\u0301e de ses services traiteurs et de re\u0301ception, le 7 fe\u0301vrier, en pre\u0301sence des repre\u0301sentants de la marque de restauration [&hellip;]<\/p>\n","protected":false},"author":82,"featured_media":14262,"comment_status":"open","ping_status":"closed","sticky":false,"template":"","format":"standard","meta":{"footnotes":""},"categories":[21,8,10],"tags":[36,47,46],"class_list":["post-14263","post","type-post","status-publish","format-standard","has-post-thumbnail","hentry","category-communaute","category-photo","category-toutes-les-actualites","tag-africa-press","tag-africa-press-congo-brazzaville","tag-congo-brazzaville"],"yoast_head":"<!-- This site is optimized with the Yoast SEO Premium plugin v26.1 (Yoast SEO v27.0) - https:\/\/yoast.com\/product\/yoast-seo-premium-wordpress\/ -->\n<title>Restauration : la maison \u00ab Paul \u00bb \u00e0 la crois\u00e9e des papilles gustatives des Brazzavillois - Congo Brazzaville<\/title>\n<meta name=\"description\" content=\"Loge\u0301 dans l\u2019enceinte de Leila Mall, le restaurant Paul a proce\u0301de\u0301 a\u0300 l\u2019inauguration officielle de sa toute premie\u0300r ...\" \/>\n<meta name=\"robots\" content=\"index, follow, max-snippet:-1, max-image-preview:large, max-video-preview:-1\" \/>\n<link rel=\"canonical\" href=\"https:\/\/www.africa-press.net\/congo-brazzaville\/photo\/restauration-la-maison-paul-a-la-croisee-des-papilles-gustatives-des-brazzavillois\" \/>\n<meta property=\"og:locale\" content=\"fr_FR\" \/>\n<meta property=\"og:type\" content=\"article\" \/>\n<meta property=\"og:title\" content=\"Restauration : la maison \u00ab Paul \u00bb \u00e0 la crois\u00e9e des papilles gustatives des Brazzavillois\" \/>\n<meta property=\"og:description\" content=\"Loge\u0301 dans l\u2019enceinte de Leila Mall, le restaurant Paul a proce\u0301de\u0301 a\u0300 l\u2019inauguration officielle de sa toute premie\u0300r ...\" \/>\n<meta property=\"og:url\" content=\"https:\/\/www.africa-press.net\/congo-brazzaville\/photo\/restauration-la-maison-paul-a-la-croisee-des-papilles-gustatives-des-brazzavillois\" \/>\n<meta property=\"og:site_name\" content=\"Congo Brazzaville\" \/>\n<meta property=\"article:published_time\" content=\"2023-02-09T22:09:13+00:00\" \/>\n<meta property=\"article:modified_time\" content=\"2023-02-09T23:19:19+00:00\" \/>\n<meta property=\"og:image\" content=\"https:\/\/static.africa-press.net\/congo-brazzaville\/sites\/51\/2023\/02\/postQueueImg_1675967963.76.jpg\" \/>\n\t<meta property=\"og:image:width\" content=\"1024\" \/>\n\t<meta property=\"og:image:height\" content=\"683\" \/>\n\t<meta property=\"og:image:type\" content=\"image\/jpeg\" \/>\n<meta name=\"author\" content=\"cfeditorfr\" \/>\n<meta name=\"twitter:card\" content=\"summary_large_image\" \/>\n<meta name=\"twitter:label1\" content=\"\u00c9crit par\" \/>\n\t<meta name=\"twitter:data1\" content=\"cfeditorfr\" \/>\n\t<meta name=\"twitter:label2\" content=\"Dur\u00e9e de lecture estim\u00e9e\" \/>\n\t<meta name=\"twitter:data2\" content=\"3 minutes\" \/>\n<script type=\"application\/ld+json\" class=\"yoast-schema-graph\">{\"@context\":\"https:\/\/schema.org\",\"@graph\":[{\"@type\":\"Article\",\"@id\":\"https:\/\/www.africa-press.net\/congo-brazzaville\/photo\/restauration-la-maison-paul-a-la-croisee-des-papilles-gustatives-des-brazzavillois#article\",\"isPartOf\":{\"@id\":\"https:\/\/www.africa-press.net\/congo-brazzaville\/photo\/restauration-la-maison-paul-a-la-croisee-des-papilles-gustatives-des-brazzavillois\"},\"author\":{\"name\":\"cfeditorfr\",\"@id\":\"https:\/\/www.africa-press.net\/congo-brazzaville\/#\/schema\/person\/2b1cf3cd81a31e3cd26889ca66d677f1\"},\"headline\":\"Restauration : la maison \u00ab Paul \u00bb \u00e0 la crois\u00e9e des papilles gustatives des Brazzavillois\",\"datePublished\":\"2023-02-09T22:09:13+00:00\",\"dateModified\":\"2023-02-09T23:19:19+00:00\",\"mainEntityOfPage\":{\"@id\":\"https:\/\/www.africa-press.net\/congo-brazzaville\/photo\/restauration-la-maison-paul-a-la-croisee-des-papilles-gustatives-des-brazzavillois\"},\"wordCount\":537,\"commentCount\":0,\"image\":{\"@id\":\"https:\/\/www.africa-press.net\/congo-brazzaville\/photo\/restauration-la-maison-paul-a-la-croisee-des-papilles-gustatives-des-brazzavillois#primaryimage\"},\"thumbnailUrl\":\"https:\/\/static.africa-press.net\/congo-brazzaville\/sites\/51\/2023\/02\/postQueueImg_1675967963.76.jpg\",\"keywords\":[\"Africa Press\",\"Africa Press-Congo Brazzaville\",\"Congo Brazzaville\"],\"articleSection\":[\"Communaut\u00e9\",\"Photo\",\"Toutes les actualit\u00e9s\"],\"inLanguage\":\"fr-FR\",\"potentialAction\":[{\"@type\":\"CommentAction\",\"name\":\"Comment\",\"target\":[\"https:\/\/www.africa-press.net\/congo-brazzaville\/photo\/restauration-la-maison-paul-a-la-croisee-des-papilles-gustatives-des-brazzavillois#respond\"]}]},{\"@type\":\"WebPage\",\"@id\":\"https:\/\/www.africa-press.net\/congo-brazzaville\/photo\/restauration-la-maison-paul-a-la-croisee-des-papilles-gustatives-des-brazzavillois\",\"url\":\"https:\/\/www.africa-press.net\/congo-brazzaville\/photo\/restauration-la-maison-paul-a-la-croisee-des-papilles-gustatives-des-brazzavillois\",\"name\":\"Restauration : la maison \u00ab Paul \u00bb \u00e0 la crois\u00e9e des papilles gustatives des Brazzavillois - Congo Brazzaville\",\"isPartOf\":{\"@id\":\"https:\/\/www.africa-press.net\/congo-brazzaville\/#website\"},\"primaryImageOfPage\":{\"@id\":\"https:\/\/www.africa-press.net\/congo-brazzaville\/photo\/restauration-la-maison-paul-a-la-croisee-des-papilles-gustatives-des-brazzavillois#primaryimage\"},\"image\":{\"@id\":\"https:\/\/www.africa-press.net\/congo-brazzaville\/photo\/restauration-la-maison-paul-a-la-croisee-des-papilles-gustatives-des-brazzavillois#primaryimage\"},\"thumbnailUrl\":\"https:\/\/static.africa-press.net\/congo-brazzaville\/sites\/51\/2023\/02\/postQueueImg_1675967963.76.jpg\",\"datePublished\":\"2023-02-09T22:09:13+00:00\",\"dateModified\":\"2023-02-09T23:19:19+00:00\",\"author\":{\"@id\":\"https:\/\/www.africa-press.net\/congo-brazzaville\/#\/schema\/person\/2b1cf3cd81a31e3cd26889ca66d677f1\"},\"description\":\"Loge\u0301 dans l\u2019enceinte de Leila Mall, le restaurant Paul a proce\u0301de\u0301 a\u0300 l\u2019inauguration officielle de sa toute premie\u0300r ...\",\"breadcrumb\":{\"@id\":\"https:\/\/www.africa-press.net\/congo-brazzaville\/photo\/restauration-la-maison-paul-a-la-croisee-des-papilles-gustatives-des-brazzavillois#breadcrumb\"},\"inLanguage\":\"fr-FR\",\"potentialAction\":[{\"@type\":\"ReadAction\",\"target\":[\"https:\/\/www.africa-press.net\/congo-brazzaville\/photo\/restauration-la-maison-paul-a-la-croisee-des-papilles-gustatives-des-brazzavillois\"]}]},{\"@type\":\"ImageObject\",\"inLanguage\":\"fr-FR\",\"@id\":\"https:\/\/www.africa-press.net\/congo-brazzaville\/photo\/restauration-la-maison-paul-a-la-croisee-des-papilles-gustatives-des-brazzavillois#primaryimage\",\"url\":\"https:\/\/static.africa-press.net\/congo-brazzaville\/sites\/51\/2023\/02\/postQueueImg_1675967963.76.jpg\",\"contentUrl\":\"https:\/\/static.africa-press.net\/congo-brazzaville\/sites\/51\/2023\/02\/postQueueImg_1675967963.76.jpg\",\"width\":1024,\"height\":683,\"caption\":\"Restauration : la maison \u00ab Paul \u00bb \u00e0 la crois\u00e9e des papilles gustatives des Brazzavillois\"},{\"@type\":\"BreadcrumbList\",\"@id\":\"https:\/\/www.africa-press.net\/congo-brazzaville\/photo\/restauration-la-maison-paul-a-la-croisee-des-papilles-gustatives-des-brazzavillois#breadcrumb\",\"itemListElement\":[{\"@type\":\"ListItem\",\"position\":1,\"name\":\"Accueil\",\"item\":\"https:\/\/www.africa-press.net\/congo-brazzaville\/\"},{\"@type\":\"ListItem\",\"position\":2,\"name\":\"Restauration : la maison \u00ab Paul \u00bb \u00e0 la crois\u00e9e des papilles gustatives des Brazzavillois\"}]},{\"@type\":\"WebSite\",\"@id\":\"https:\/\/www.africa-press.net\/congo-brazzaville\/#website\",\"url\":\"https:\/\/www.africa-press.net\/congo-brazzaville\/\",\"name\":\"Congo Brazzaville\",\"description\":\"Just another Africa News Agency Sites site\",\"potentialAction\":[{\"@type\":\"SearchAction\",\"target\":{\"@type\":\"EntryPoint\",\"urlTemplate\":\"https:\/\/www.africa-press.net\/congo-brazzaville\/?s={search_term_string}\"},\"query-input\":{\"@type\":\"PropertyValueSpecification\",\"valueRequired\":true,\"valueName\":\"search_term_string\"}}],\"inLanguage\":\"fr-FR\"},{\"@type\":\"Person\",\"@id\":\"https:\/\/www.africa-press.net\/congo-brazzaville\/#\/schema\/person\/2b1cf3cd81a31e3cd26889ca66d677f1\",\"name\":\"cfeditorfr\"}]}<\/script>\n<!-- \/ Yoast SEO Premium plugin. -->","yoast_head_json":{"title":"Restauration : la maison \u00ab Paul \u00bb \u00e0 la crois\u00e9e des papilles gustatives des Brazzavillois - Congo Brazzaville","description":"Loge\u0301 dans l\u2019enceinte de Leila Mall, le restaurant Paul a proce\u0301de\u0301 a\u0300 l\u2019inauguration officielle de sa toute premie\u0300r ...","robots":{"index":"index","follow":"follow","max-snippet":"max-snippet:-1","max-image-preview":"max-image-preview:large","max-video-preview":"max-video-preview:-1"},"canonical":"https:\/\/www.africa-press.net\/congo-brazzaville\/photo\/restauration-la-maison-paul-a-la-croisee-des-papilles-gustatives-des-brazzavillois","og_locale":"fr_FR","og_type":"article","og_title":"Restauration : la maison \u00ab Paul \u00bb \u00e0 la crois\u00e9e des papilles gustatives des Brazzavillois","og_description":"Loge\u0301 dans l\u2019enceinte de Leila Mall, le restaurant Paul a proce\u0301de\u0301 a\u0300 l\u2019inauguration officielle de sa toute premie\u0300r ...","og_url":"https:\/\/www.africa-press.net\/congo-brazzaville\/photo\/restauration-la-maison-paul-a-la-croisee-des-papilles-gustatives-des-brazzavillois","og_site_name":"Congo Brazzaville","article_published_time":"2023-02-09T22:09:13+00:00","article_modified_time":"2023-02-09T23:19:19+00:00","og_image":[{"width":1024,"height":683,"url":"https:\/\/static.africa-press.net\/congo-brazzaville\/sites\/51\/2023\/02\/postQueueImg_1675967963.76.jpg","type":"image\/jpeg"}],"author":"cfeditorfr","twitter_card":"summary_large_image","twitter_misc":{"\u00c9crit par":"cfeditorfr","Dur\u00e9e de lecture estim\u00e9e":"3 minutes"},"schema":{"@context":"https:\/\/schema.org","@graph":[{"@type":"Article","@id":"https:\/\/www.africa-press.net\/congo-brazzaville\/photo\/restauration-la-maison-paul-a-la-croisee-des-papilles-gustatives-des-brazzavillois#article","isPartOf":{"@id":"https:\/\/www.africa-press.net\/congo-brazzaville\/photo\/restauration-la-maison-paul-a-la-croisee-des-papilles-gustatives-des-brazzavillois"},"author":{"name":"cfeditorfr","@id":"https:\/\/www.africa-press.net\/congo-brazzaville\/#\/schema\/person\/2b1cf3cd81a31e3cd26889ca66d677f1"},"headline":"Restauration : la maison \u00ab Paul \u00bb \u00e0 la crois\u00e9e des papilles gustatives des Brazzavillois","datePublished":"2023-02-09T22:09:13+00:00","dateModified":"2023-02-09T23:19:19+00:00","mainEntityOfPage":{"@id":"https:\/\/www.africa-press.net\/congo-brazzaville\/photo\/restauration-la-maison-paul-a-la-croisee-des-papilles-gustatives-des-brazzavillois"},"wordCount":537,"commentCount":0,"image":{"@id":"https:\/\/www.africa-press.net\/congo-brazzaville\/photo\/restauration-la-maison-paul-a-la-croisee-des-papilles-gustatives-des-brazzavillois#primaryimage"},"thumbnailUrl":"https:\/\/static.africa-press.net\/congo-brazzaville\/sites\/51\/2023\/02\/postQueueImg_1675967963.76.jpg","keywords":["Africa Press","Africa Press-Congo Brazzaville","Congo Brazzaville"],"articleSection":["Communaut\u00e9","Photo","Toutes les actualit\u00e9s"],"inLanguage":"fr-FR","potentialAction":[{"@type":"CommentAction","name":"Comment","target":["https:\/\/www.africa-press.net\/congo-brazzaville\/photo\/restauration-la-maison-paul-a-la-croisee-des-papilles-gustatives-des-brazzavillois#respond"]}]},{"@type":"WebPage","@id":"https:\/\/www.africa-press.net\/congo-brazzaville\/photo\/restauration-la-maison-paul-a-la-croisee-des-papilles-gustatives-des-brazzavillois","url":"https:\/\/www.africa-press.net\/congo-brazzaville\/photo\/restauration-la-maison-paul-a-la-croisee-des-papilles-gustatives-des-brazzavillois","name":"Restauration : la maison \u00ab Paul \u00bb \u00e0 la crois\u00e9e des papilles gustatives des Brazzavillois - Congo Brazzaville","isPartOf":{"@id":"https:\/\/www.africa-press.net\/congo-brazzaville\/#website"},"primaryImageOfPage":{"@id":"https:\/\/www.africa-press.net\/congo-brazzaville\/photo\/restauration-la-maison-paul-a-la-croisee-des-papilles-gustatives-des-brazzavillois#primaryimage"},"image":{"@id":"https:\/\/www.africa-press.net\/congo-brazzaville\/photo\/restauration-la-maison-paul-a-la-croisee-des-papilles-gustatives-des-brazzavillois#primaryimage"},"thumbnailUrl":"https:\/\/static.africa-press.net\/congo-brazzaville\/sites\/51\/2023\/02\/postQueueImg_1675967963.76.jpg","datePublished":"2023-02-09T22:09:13+00:00","dateModified":"2023-02-09T23:19:19+00:00","author":{"@id":"https:\/\/www.africa-press.net\/congo-brazzaville\/#\/schema\/person\/2b1cf3cd81a31e3cd26889ca66d677f1"},"description":"Loge\u0301 dans l\u2019enceinte de Leila Mall, le restaurant Paul a proce\u0301de\u0301 a\u0300 l\u2019inauguration officielle de sa toute premie\u0300r ...","breadcrumb":{"@id":"https:\/\/www.africa-press.net\/congo-brazzaville\/photo\/restauration-la-maison-paul-a-la-croisee-des-papilles-gustatives-des-brazzavillois#breadcrumb"},"inLanguage":"fr-FR","potentialAction":[{"@type":"ReadAction","target":["https:\/\/www.africa-press.net\/congo-brazzaville\/photo\/restauration-la-maison-paul-a-la-croisee-des-papilles-gustatives-des-brazzavillois"]}]},{"@type":"ImageObject","inLanguage":"fr-FR","@id":"https:\/\/www.africa-press.net\/congo-brazzaville\/photo\/restauration-la-maison-paul-a-la-croisee-des-papilles-gustatives-des-brazzavillois#primaryimage","url":"https:\/\/static.africa-press.net\/congo-brazzaville\/sites\/51\/2023\/02\/postQueueImg_1675967963.76.jpg","contentUrl":"https:\/\/static.africa-press.net\/congo-brazzaville\/sites\/51\/2023\/02\/postQueueImg_1675967963.76.jpg","width":1024,"height":683,"caption":"Restauration : la maison \u00ab Paul \u00bb \u00e0 la crois\u00e9e des papilles gustatives des Brazzavillois"},{"@type":"BreadcrumbList","@id":"https:\/\/www.africa-press.net\/congo-brazzaville\/photo\/restauration-la-maison-paul-a-la-croisee-des-papilles-gustatives-des-brazzavillois#breadcrumb","itemListElement":[{"@type":"ListItem","position":1,"name":"Accueil","item":"https:\/\/www.africa-press.net\/congo-brazzaville\/"},{"@type":"ListItem","position":2,"name":"Restauration : la maison \u00ab Paul \u00bb \u00e0 la crois\u00e9e des papilles gustatives des Brazzavillois"}]},{"@type":"WebSite","@id":"https:\/\/www.africa-press.net\/congo-brazzaville\/#website","url":"https:\/\/www.africa-press.net\/congo-brazzaville\/","name":"Congo Brazzaville","description":"Just another Africa News Agency Sites site","potentialAction":[{"@type":"SearchAction","target":{"@type":"EntryPoint","urlTemplate":"https:\/\/www.africa-press.net\/congo-brazzaville\/?s={search_term_string}"},"query-input":{"@type":"PropertyValueSpecification","valueRequired":true,"valueName":"search_term_string"}}],"inLanguage":"fr-FR"},{"@type":"Person","@id":"https:\/\/www.africa-press.net\/congo-brazzaville\/#\/schema\/person\/2b1cf3cd81a31e3cd26889ca66d677f1","name":"cfeditorfr"}]}},"_links":{"self":[{"href":"https:\/\/www.africa-press.net\/congo-brazzaville\/wp-json\/wp\/v2\/posts\/14263","targetHints":{"allow":["GET"]}}],"collection":[{"href":"https:\/\/www.africa-press.net\/congo-brazzaville\/wp-json\/wp\/v2\/posts"}],"about":[{"href":"https:\/\/www.africa-press.net\/congo-brazzaville\/wp-json\/wp\/v2\/types\/post"}],"author":[{"embeddable":true,"href":"https:\/\/www.africa-press.net\/congo-brazzaville\/wp-json\/wp\/v2\/users\/82"}],"replies":[{"embeddable":true,"href":"https:\/\/www.africa-press.net\/congo-brazzaville\/wp-json\/wp\/v2\/comments?post=14263"}],"version-history":[{"count":0,"href":"https:\/\/www.africa-press.net\/congo-brazzaville\/wp-json\/wp\/v2\/posts\/14263\/revisions"}],"wp:featuredmedia":[{"embeddable":true,"href":"https:\/\/www.africa-press.net\/congo-brazzaville\/wp-json\/wp\/v2\/media\/14262"}],"wp:attachment":[{"href":"https:\/\/www.africa-press.net\/congo-brazzaville\/wp-json\/wp\/v2\/media?parent=14263"}],"wp:term":[{"taxonomy":"category","embeddable":true,"href":"https:\/\/www.africa-press.net\/congo-brazzaville\/wp-json\/wp\/v2\/categories?post=14263"},{"taxonomy":"post_tag","embeddable":true,"href":"https:\/\/www.africa-press.net\/congo-brazzaville\/wp-json\/wp\/v2\/tags?post=14263"}],"curies":[{"name":"wp","href":"https:\/\/api.w.org\/{rel}","templated":true}]}}