{"id":1429,"date":"2021-08-28T21:39:18","date_gmt":"2021-08-28T21:39:18","guid":{"rendered":"https:\/\/www.africa-press.net\/congo-brazzaville\/?p=1429"},"modified":"2021-08-28T20:48:57","modified_gmt":"2021-08-28T20:48:57","slug":"encadrement-des-jeunes-barbara-kanam-encourage-les-etudiants-de-lisp-a-poursuivre-leurs-etudes","status":"publish","type":"post","link":"https:\/\/www.africa-press.net\/congo-brazzaville\/photo\/encadrement-des-jeunes-barbara-kanam-encourage-les-etudiants-de-lisp-a-poursuivre-leurs-etudes","title":{"rendered":"Encadrement des jeunes: Barbara Kanam encourage les \u00e9tudiants de l&rsquo;ISP \u00e0 poursuivre leurs \u00e9tudes"},"content":{"rendered":"<p><span style=\"color: #ff6600\"><strong><a href=\"https:\/\/www.africa-press.net\/\">Africa-Press<\/a> &#8211; <a href=\"https:\/\/www.africa-press.net\/congo-brazzaville\">Congo Brazzaville<\/a>. <\/strong><\/span><b>Au del\u00e0 de la musique, l&rsquo;artiste musicienne qui n&rsquo;est plus \u00e0 pr\u00e9senter fait de l&rsquo;encadrement de la jeunesse son cheval de bataille. Elle tient \u00e0 encourager les jeunes, surtout les filles, \u00e0 pers\u00e9v\u00e9rer dans la voie des \u00e9tudes pour garantir leur avenir.<\/b><\/p>\n<p>Barbara Kanam a lanc\u00e9 son appel au cours de la visite qu&rsquo;elle a effectu\u00e9e r\u00e9cemment \u00e0 l&rsquo;Institut sup\u00e9rieur p\u00e9dagogique (ISP) de la Gombe, \u00e0 Kinshasa, pour motiver les \u00e9tudiants de cet \u00e9tablissement d&rsquo;enseignement sup\u00e9rieur. Dans un \u00e9change direct avec eux, l&rsquo;artiste musicienne s&rsquo;est montr\u00e9e tr\u00e8s ouverte en prodiguant des sages conseils aux futurs cadres du pays pour qu&rsquo;ils puissent \u00eatre des mod\u00e8les afin de contribuer au d\u00e9veloppement.<\/p>\n<p><b>\u00ab\u00a0Le but de ma visite \u00e9tait de passer un message de motivation aux \u00e9tudiants, tout en les encourageant de pers\u00e9v\u00e9rer dans l&rsquo;apprentissage et d&rsquo;\u00eatre assidus aux enseignements dispens\u00e9s \u00e0 l&rsquo;institut car, ils incarnent l&rsquo;espoir et le futur du pays <\/b>\u00ab\u00a0, a expliqu\u00e9 Barbara Kanam.<\/p>\n<p>Elle a eu, a t-elle rench\u00e9ri, un \u00e9change extr\u00eamement fructueux avec les \u00e9tudiants de l&rsquo;ISP, en majorit\u00e9 les filles, les encourageant \u00e0 pers\u00e9v\u00e9, tout en leur rappelant le r\u00f4le \u00e0 jouer par chacun pour le futur des enfants congolais.<\/p>\n<p>L\u2019ISP est la premi\u00e8re \u00e9tape de la visite de Barbara Kanam. L&rsquo;artiste musicienne compte, en d\u00e9pit de ses charges, se rendre prochainement dans les autres \u00e9tablissements d&rsquo;enseignement sup\u00e9rieur pour apporter le m\u00eame message d&rsquo;encouragement aux \u00e9tudiants.<\/p>\n<p><b>\u00ab\u00a0J&rsquo;ai pris la r\u00e9solution de me rendre dans les diff\u00e9rents centres de formation universitaires et professionnels pour \u00e9changer avec les futurs cadres de mon pays! Un grand merci \u00e0 la directrice g\u00e9n\u00e9rale de l&rsquo;ISP, Emilienne Akonga, et la pr\u00e9sidente des \u00e9tudiants, Helena Ehadi, pour leur accueil et promptitude\u00a0\u00bb <\/b>, a t-elle laiss\u00e9 entendre.<\/p>\n<p>Notons que de plus en plus, la jeunesse congolaise se d\u00e9verse dans les antivaleurs qui hypoth\u00e8quent leur avenir. La d\u00e9perdition juv\u00e9nile a atteint des proportions inqui\u00e9tantes. Les \u00e9tudes sont devenues le cadet des soucis des jeunes qui se livrent \u00e0 la drogue, la prostitution\u2026L\u2019initiative de la cantatrice Barbara Kanam m\u00e9rite d\u2019\u00eatre salu\u00e9e pour encourager ces jeunes qui sont appel\u00e9s \u00e0 diriger le pays \u00e0 etre des mod\u00e8les pour les g\u00e9n\u00e9rations futures.<\/p>\n\r\n                <style type=\"text\/css\">\r\n                    \r\n                    #td_uid_1_69f45708b12b2  .td-doubleSlider-2 .td-item1 {\r\n                        background: url(https:\/\/static.africa-press.net\/centrafricaine\/sites\/51\/2021\/08\/img-612aa0cd65ada-80x60.jpg) 0 0 no-repeat;\r\n                    }\r\n                <\/style>\r\n\r\n                <div id=\"td_uid_1_69f45708b12b2\" class=\"td-gallery td-slide-on-2-columns\">\r\n                    <div class=\"post_td_gallery\">\r\n                        <div class=\"td-gallery-slide-top\">\r\n                           <div class=\"td-gallery-title\"><\/div>\r\n\r\n                            <div class=\"td-gallery-controls-wrapper\">\r\n                                <div class=\"td-gallery-slide-count\"><span class=\"td-gallery-slide-item-focus\">1<\/span> de 2<\/div>\r\n                                <div class=\"td-gallery-slide-prev-next-but\">\r\n                                    <i class = \"td-icon-left doubleSliderPrevButton\"><\/i>\r\n                                    <i class = \"td-icon-right doubleSliderNextButton\"><\/i>\r\n                                <\/div>\r\n                            <\/div>\r\n                        <\/div>\r\n\r\n                        <div class = \"td-doubleSlider-1 \">\r\n                            <div class = \"td-slider\">\r\n                                \r\n                    <div class = \"td-slide-item td-item1\">\r\n                        <figure class=\"td-slide-galery-figure td-slide-popup-gallery\">\r\n                            <a class=\"slide-gallery-image-link\" href=\"https:\/\/static.africa-press.net\/centrafricaine\/sites\/51\/2021\/08\/img-612aa0cd65ada.jpg\" title=\"img-612aa0cd65ada\"  data-caption=\"\"  data-description=\"\">\r\n                                <img decoding=\"async\" src=\"https:\/\/static.africa-press.net\/centrafricaine\/sites\/51\/2021\/08\/img-612aa0cd65ada.jpg\" srcset=\"https:\/\/static.africa-press.net\/congo-brazzaville\/sites\/51\/2021\/08\/img-612aa0cd65ada.jpg 720w, https:\/\/static.africa-press.net\/congo-brazzaville\/sites\/51\/2021\/08\/img-612aa0cd65ada-300x200.jpg 300w\" sizes=\"(max-width: 720px) 100vw, 720px\" alt=\"\">\r\n                            <\/a>\r\n                            \r\n                        <\/figure>\r\n                    <\/div>\r\n                            <\/div>\r\n                        <\/div>\r\n\r\n                        <div class = \"td-doubleSlider-2\">\r\n                            <div class = \"td-slider\">\r\n                                \r\n                    <div class = \"td-button td-item1\">\r\n                        <div class = \"td-border\"><\/div>\r\n                    <\/div>\r\n                            <\/div>\r\n                        <\/div>\r\n\r\n                    <\/div>\r\n\r\n                <\/div>\r\n                \n","protected":false},"excerpt":{"rendered":"<p>Africa-Press &#8211; Congo Brazzaville. Au del\u00e0 de la musique, l&rsquo;artiste musicienne qui n&rsquo;est plus \u00e0 pr\u00e9senter fait de l&rsquo;encadrement de la jeunesse son cheval de bataille. Elle tient \u00e0 encourager les jeunes, surtout les filles, \u00e0 pers\u00e9v\u00e9rer dans la voie des \u00e9tudes pour garantir leur avenir. Barbara Kanam a lanc\u00e9 son appel au cours de [&hellip;]<\/p>\n","protected":false},"author":82,"featured_media":1428,"comment_status":"open","ping_status":"closed","sticky":false,"template":"","format":"standard","meta":{"footnotes":""},"categories":[21,11,8,20,10],"tags":[36,47,46],"class_list":["post-1429","post","type-post","status-publish","format-standard","has-post-thumbnail","hentry","category-communaute","category-homepage-french","category-photo","category-top-nouvelles","category-toutes-les-actualites","tag-africa-press","tag-africa-press-congo-brazzaville","tag-congo-brazzaville"],"yoast_head":"<!-- This site is optimized with the Yoast SEO Premium plugin v26.1 (Yoast SEO v27.0) - https:\/\/yoast.com\/product\/yoast-seo-premium-wordpress\/ -->\n<title>Encadrement des jeunes: Barbara Kanam encourage les \u00e9tudiants de l&#039;ISP \u00e0 poursuivre leurs \u00e9tudes - Congo Brazzaville<\/title>\n<meta name=\"description\" content=\"Au del\u00e0 de la musique, l&#039;artiste musicienne qui n&#039;est plus \u00e0 pr\u00e9senter fait de l&#039;encadrement de la jeunesse son cheva ...\" \/>\n<meta name=\"robots\" content=\"index, follow, max-snippet:-1, max-image-preview:large, max-video-preview:-1\" \/>\n<link rel=\"canonical\" href=\"https:\/\/www.africa-press.net\/congo-brazzaville\/photo\/encadrement-des-jeunes-barbara-kanam-encourage-les-etudiants-de-lisp-a-poursuivre-leurs-etudes\" \/>\n<meta property=\"og:locale\" content=\"fr_FR\" \/>\n<meta property=\"og:type\" content=\"article\" \/>\n<meta property=\"og:title\" content=\"Encadrement des jeunes: Barbara Kanam encourage les \u00e9tudiants de l&#039;ISP \u00e0 poursuivre leurs \u00e9tudes\" \/>\n<meta property=\"og:description\" content=\"Au del\u00e0 de la musique, l&#039;artiste musicienne qui n&#039;est plus \u00e0 pr\u00e9senter fait de l&#039;encadrement de la jeunesse son cheva ...\" \/>\n<meta property=\"og:url\" content=\"https:\/\/www.africa-press.net\/congo-brazzaville\/photo\/encadrement-des-jeunes-barbara-kanam-encourage-les-etudiants-de-lisp-a-poursuivre-leurs-etudes\" \/>\n<meta property=\"og:site_name\" content=\"Congo Brazzaville\" \/>\n<meta property=\"article:published_time\" content=\"2021-08-28T21:39:18+00:00\" \/>\n<meta property=\"og:image\" content=\"https:\/\/static.africa-press.net\/centrafricaine\/sites\/51\/2021\/08\/img-612aa0d55ae33.jpg\" \/>\n\t<meta property=\"og:image:width\" content=\"720\" \/>\n\t<meta property=\"og:image:height\" content=\"480\" \/>\n\t<meta property=\"og:image:type\" content=\"image\/jpeg\" \/>\n<meta name=\"author\" content=\"cfeditorfr\" \/>\n<meta name=\"twitter:card\" content=\"summary_large_image\" \/>\n<meta name=\"twitter:label1\" content=\"\u00c9crit par\" \/>\n\t<meta name=\"twitter:data1\" content=\"cfeditorfr\" \/>\n\t<meta name=\"twitter:label2\" content=\"Dur\u00e9e de lecture estim\u00e9e\" \/>\n\t<meta name=\"twitter:data2\" content=\"2 minutes\" \/>\n<script type=\"application\/ld+json\" class=\"yoast-schema-graph\">{\"@context\":\"https:\/\/schema.org\",\"@graph\":[{\"@type\":\"Article\",\"@id\":\"https:\/\/www.africa-press.net\/congo-brazzaville\/photo\/encadrement-des-jeunes-barbara-kanam-encourage-les-etudiants-de-lisp-a-poursuivre-leurs-etudes#article\",\"isPartOf\":{\"@id\":\"https:\/\/www.africa-press.net\/congo-brazzaville\/photo\/encadrement-des-jeunes-barbara-kanam-encourage-les-etudiants-de-lisp-a-poursuivre-leurs-etudes\"},\"author\":{\"name\":\"cfeditorfr\",\"@id\":\"https:\/\/www.africa-press.net\/congo-brazzaville\/#\/schema\/person\/2b1cf3cd81a31e3cd26889ca66d677f1\"},\"headline\":\"Encadrement des jeunes: Barbara Kanam encourage les \u00e9tudiants de l&rsquo;ISP \u00e0 poursuivre leurs \u00e9tudes\",\"datePublished\":\"2021-08-28T21:39:18+00:00\",\"mainEntityOfPage\":{\"@id\":\"https:\/\/www.africa-press.net\/congo-brazzaville\/photo\/encadrement-des-jeunes-barbara-kanam-encourage-les-etudiants-de-lisp-a-poursuivre-leurs-etudes\"},\"wordCount\":428,\"commentCount\":0,\"image\":{\"@id\":\"https:\/\/www.africa-press.net\/congo-brazzaville\/photo\/encadrement-des-jeunes-barbara-kanam-encourage-les-etudiants-de-lisp-a-poursuivre-leurs-etudes#primaryimage\"},\"thumbnailUrl\":\"https:\/\/static.africa-press.net\/centrafricaine\/sites\/51\/2021\/08\/img-612aa0d55ae33.jpg\",\"keywords\":[\"Africa Press\",\"Africa Press-Congo Brazzaville\",\"Congo Brazzaville\"],\"articleSection\":[\"Communaut\u00e9\",\"homepage-french\",\"Photo\",\"Top Nouvelles\",\"Toutes les actualit\u00e9s\"],\"inLanguage\":\"fr-FR\",\"potentialAction\":[{\"@type\":\"CommentAction\",\"name\":\"Comment\",\"target\":[\"https:\/\/www.africa-press.net\/congo-brazzaville\/photo\/encadrement-des-jeunes-barbara-kanam-encourage-les-etudiants-de-lisp-a-poursuivre-leurs-etudes#respond\"]}]},{\"@type\":\"WebPage\",\"@id\":\"https:\/\/www.africa-press.net\/congo-brazzaville\/photo\/encadrement-des-jeunes-barbara-kanam-encourage-les-etudiants-de-lisp-a-poursuivre-leurs-etudes\",\"url\":\"https:\/\/www.africa-press.net\/congo-brazzaville\/photo\/encadrement-des-jeunes-barbara-kanam-encourage-les-etudiants-de-lisp-a-poursuivre-leurs-etudes\",\"name\":\"Encadrement des jeunes: Barbara Kanam encourage les \u00e9tudiants de l'ISP \u00e0 poursuivre leurs \u00e9tudes - Congo Brazzaville\",\"isPartOf\":{\"@id\":\"https:\/\/www.africa-press.net\/congo-brazzaville\/#website\"},\"primaryImageOfPage\":{\"@id\":\"https:\/\/www.africa-press.net\/congo-brazzaville\/photo\/encadrement-des-jeunes-barbara-kanam-encourage-les-etudiants-de-lisp-a-poursuivre-leurs-etudes#primaryimage\"},\"image\":{\"@id\":\"https:\/\/www.africa-press.net\/congo-brazzaville\/photo\/encadrement-des-jeunes-barbara-kanam-encourage-les-etudiants-de-lisp-a-poursuivre-leurs-etudes#primaryimage\"},\"thumbnailUrl\":\"https:\/\/static.africa-press.net\/centrafricaine\/sites\/51\/2021\/08\/img-612aa0d55ae33.jpg\",\"datePublished\":\"2021-08-28T21:39:18+00:00\",\"author\":{\"@id\":\"https:\/\/www.africa-press.net\/congo-brazzaville\/#\/schema\/person\/2b1cf3cd81a31e3cd26889ca66d677f1\"},\"description\":\"Au del\u00e0 de la musique, l'artiste musicienne qui n'est plus \u00e0 pr\u00e9senter fait de l'encadrement de la jeunesse son cheva ...\",\"breadcrumb\":{\"@id\":\"https:\/\/www.africa-press.net\/congo-brazzaville\/photo\/encadrement-des-jeunes-barbara-kanam-encourage-les-etudiants-de-lisp-a-poursuivre-leurs-etudes#breadcrumb\"},\"inLanguage\":\"fr-FR\",\"potentialAction\":[{\"@type\":\"ReadAction\",\"target\":[\"https:\/\/www.africa-press.net\/congo-brazzaville\/photo\/encadrement-des-jeunes-barbara-kanam-encourage-les-etudiants-de-lisp-a-poursuivre-leurs-etudes\"]}]},{\"@type\":\"ImageObject\",\"inLanguage\":\"fr-FR\",\"@id\":\"https:\/\/www.africa-press.net\/congo-brazzaville\/photo\/encadrement-des-jeunes-barbara-kanam-encourage-les-etudiants-de-lisp-a-poursuivre-leurs-etudes#primaryimage\",\"url\":\"https:\/\/static.africa-press.net\/centrafricaine\/sites\/51\/2021\/08\/img-612aa0d55ae33.jpg\",\"contentUrl\":\"https:\/\/static.africa-press.net\/centrafricaine\/sites\/51\/2021\/08\/img-612aa0d55ae33.jpg\",\"width\":720,\"height\":480,\"caption\":\"Encadrement des jeunes: Barbara Kanam encourage les \u00e9tudiants de l'ISP \u00e0 poursuivre leurs \u00e9tudes\"},{\"@type\":\"BreadcrumbList\",\"@id\":\"https:\/\/www.africa-press.net\/congo-brazzaville\/photo\/encadrement-des-jeunes-barbara-kanam-encourage-les-etudiants-de-lisp-a-poursuivre-leurs-etudes#breadcrumb\",\"itemListElement\":[{\"@type\":\"ListItem\",\"position\":1,\"name\":\"Accueil\",\"item\":\"https:\/\/www.africa-press.net\/congo-brazzaville\/\"},{\"@type\":\"ListItem\",\"position\":2,\"name\":\"Encadrement des jeunes: Barbara Kanam encourage les \u00e9tudiants de l&#8217;ISP \u00e0 poursuivre leurs \u00e9tudes\"}]},{\"@type\":\"WebSite\",\"@id\":\"https:\/\/www.africa-press.net\/congo-brazzaville\/#website\",\"url\":\"https:\/\/www.africa-press.net\/congo-brazzaville\/\",\"name\":\"Congo Brazzaville\",\"description\":\"Just another Africa News Agency Sites site\",\"potentialAction\":[{\"@type\":\"SearchAction\",\"target\":{\"@type\":\"EntryPoint\",\"urlTemplate\":\"https:\/\/www.africa-press.net\/congo-brazzaville\/?s={search_term_string}\"},\"query-input\":{\"@type\":\"PropertyValueSpecification\",\"valueRequired\":true,\"valueName\":\"search_term_string\"}}],\"inLanguage\":\"fr-FR\"},{\"@type\":\"Person\",\"@id\":\"https:\/\/www.africa-press.net\/congo-brazzaville\/#\/schema\/person\/2b1cf3cd81a31e3cd26889ca66d677f1\",\"name\":\"cfeditorfr\"}]}<\/script>\n<!-- \/ Yoast SEO Premium plugin. -->","yoast_head_json":{"title":"Encadrement des jeunes: Barbara Kanam encourage les \u00e9tudiants de l'ISP \u00e0 poursuivre leurs \u00e9tudes - Congo Brazzaville","description":"Au del\u00e0 de la musique, l'artiste musicienne qui n'est plus \u00e0 pr\u00e9senter fait de l'encadrement de la jeunesse son cheva ...","robots":{"index":"index","follow":"follow","max-snippet":"max-snippet:-1","max-image-preview":"max-image-preview:large","max-video-preview":"max-video-preview:-1"},"canonical":"https:\/\/www.africa-press.net\/congo-brazzaville\/photo\/encadrement-des-jeunes-barbara-kanam-encourage-les-etudiants-de-lisp-a-poursuivre-leurs-etudes","og_locale":"fr_FR","og_type":"article","og_title":"Encadrement des jeunes: Barbara Kanam encourage les \u00e9tudiants de l'ISP \u00e0 poursuivre leurs \u00e9tudes","og_description":"Au del\u00e0 de la musique, l'artiste musicienne qui n'est plus \u00e0 pr\u00e9senter fait de l'encadrement de la jeunesse son cheva ...","og_url":"https:\/\/www.africa-press.net\/congo-brazzaville\/photo\/encadrement-des-jeunes-barbara-kanam-encourage-les-etudiants-de-lisp-a-poursuivre-leurs-etudes","og_site_name":"Congo Brazzaville","article_published_time":"2021-08-28T21:39:18+00:00","og_image":[{"width":720,"height":480,"url":"https:\/\/static.africa-press.net\/centrafricaine\/sites\/51\/2021\/08\/img-612aa0d55ae33.jpg","type":"image\/jpeg"}],"author":"cfeditorfr","twitter_card":"summary_large_image","twitter_misc":{"\u00c9crit par":"cfeditorfr","Dur\u00e9e de lecture estim\u00e9e":"2 minutes"},"schema":{"@context":"https:\/\/schema.org","@graph":[{"@type":"Article","@id":"https:\/\/www.africa-press.net\/congo-brazzaville\/photo\/encadrement-des-jeunes-barbara-kanam-encourage-les-etudiants-de-lisp-a-poursuivre-leurs-etudes#article","isPartOf":{"@id":"https:\/\/www.africa-press.net\/congo-brazzaville\/photo\/encadrement-des-jeunes-barbara-kanam-encourage-les-etudiants-de-lisp-a-poursuivre-leurs-etudes"},"author":{"name":"cfeditorfr","@id":"https:\/\/www.africa-press.net\/congo-brazzaville\/#\/schema\/person\/2b1cf3cd81a31e3cd26889ca66d677f1"},"headline":"Encadrement des jeunes: Barbara Kanam encourage les \u00e9tudiants de l&rsquo;ISP \u00e0 poursuivre leurs \u00e9tudes","datePublished":"2021-08-28T21:39:18+00:00","mainEntityOfPage":{"@id":"https:\/\/www.africa-press.net\/congo-brazzaville\/photo\/encadrement-des-jeunes-barbara-kanam-encourage-les-etudiants-de-lisp-a-poursuivre-leurs-etudes"},"wordCount":428,"commentCount":0,"image":{"@id":"https:\/\/www.africa-press.net\/congo-brazzaville\/photo\/encadrement-des-jeunes-barbara-kanam-encourage-les-etudiants-de-lisp-a-poursuivre-leurs-etudes#primaryimage"},"thumbnailUrl":"https:\/\/static.africa-press.net\/centrafricaine\/sites\/51\/2021\/08\/img-612aa0d55ae33.jpg","keywords":["Africa Press","Africa Press-Congo Brazzaville","Congo Brazzaville"],"articleSection":["Communaut\u00e9","homepage-french","Photo","Top Nouvelles","Toutes les actualit\u00e9s"],"inLanguage":"fr-FR","potentialAction":[{"@type":"CommentAction","name":"Comment","target":["https:\/\/www.africa-press.net\/congo-brazzaville\/photo\/encadrement-des-jeunes-barbara-kanam-encourage-les-etudiants-de-lisp-a-poursuivre-leurs-etudes#respond"]}]},{"@type":"WebPage","@id":"https:\/\/www.africa-press.net\/congo-brazzaville\/photo\/encadrement-des-jeunes-barbara-kanam-encourage-les-etudiants-de-lisp-a-poursuivre-leurs-etudes","url":"https:\/\/www.africa-press.net\/congo-brazzaville\/photo\/encadrement-des-jeunes-barbara-kanam-encourage-les-etudiants-de-lisp-a-poursuivre-leurs-etudes","name":"Encadrement des jeunes: Barbara Kanam encourage les \u00e9tudiants de l'ISP \u00e0 poursuivre leurs \u00e9tudes - Congo Brazzaville","isPartOf":{"@id":"https:\/\/www.africa-press.net\/congo-brazzaville\/#website"},"primaryImageOfPage":{"@id":"https:\/\/www.africa-press.net\/congo-brazzaville\/photo\/encadrement-des-jeunes-barbara-kanam-encourage-les-etudiants-de-lisp-a-poursuivre-leurs-etudes#primaryimage"},"image":{"@id":"https:\/\/www.africa-press.net\/congo-brazzaville\/photo\/encadrement-des-jeunes-barbara-kanam-encourage-les-etudiants-de-lisp-a-poursuivre-leurs-etudes#primaryimage"},"thumbnailUrl":"https:\/\/static.africa-press.net\/centrafricaine\/sites\/51\/2021\/08\/img-612aa0d55ae33.jpg","datePublished":"2021-08-28T21:39:18+00:00","author":{"@id":"https:\/\/www.africa-press.net\/congo-brazzaville\/#\/schema\/person\/2b1cf3cd81a31e3cd26889ca66d677f1"},"description":"Au del\u00e0 de la musique, l'artiste musicienne qui n'est plus \u00e0 pr\u00e9senter fait de l'encadrement de la jeunesse son cheva ...","breadcrumb":{"@id":"https:\/\/www.africa-press.net\/congo-brazzaville\/photo\/encadrement-des-jeunes-barbara-kanam-encourage-les-etudiants-de-lisp-a-poursuivre-leurs-etudes#breadcrumb"},"inLanguage":"fr-FR","potentialAction":[{"@type":"ReadAction","target":["https:\/\/www.africa-press.net\/congo-brazzaville\/photo\/encadrement-des-jeunes-barbara-kanam-encourage-les-etudiants-de-lisp-a-poursuivre-leurs-etudes"]}]},{"@type":"ImageObject","inLanguage":"fr-FR","@id":"https:\/\/www.africa-press.net\/congo-brazzaville\/photo\/encadrement-des-jeunes-barbara-kanam-encourage-les-etudiants-de-lisp-a-poursuivre-leurs-etudes#primaryimage","url":"https:\/\/static.africa-press.net\/centrafricaine\/sites\/51\/2021\/08\/img-612aa0d55ae33.jpg","contentUrl":"https:\/\/static.africa-press.net\/centrafricaine\/sites\/51\/2021\/08\/img-612aa0d55ae33.jpg","width":720,"height":480,"caption":"Encadrement des jeunes: Barbara Kanam encourage les \u00e9tudiants de l'ISP \u00e0 poursuivre leurs \u00e9tudes"},{"@type":"BreadcrumbList","@id":"https:\/\/www.africa-press.net\/congo-brazzaville\/photo\/encadrement-des-jeunes-barbara-kanam-encourage-les-etudiants-de-lisp-a-poursuivre-leurs-etudes#breadcrumb","itemListElement":[{"@type":"ListItem","position":1,"name":"Accueil","item":"https:\/\/www.africa-press.net\/congo-brazzaville\/"},{"@type":"ListItem","position":2,"name":"Encadrement des jeunes: Barbara Kanam encourage les \u00e9tudiants de l&#8217;ISP \u00e0 poursuivre leurs \u00e9tudes"}]},{"@type":"WebSite","@id":"https:\/\/www.africa-press.net\/congo-brazzaville\/#website","url":"https:\/\/www.africa-press.net\/congo-brazzaville\/","name":"Congo Brazzaville","description":"Just another Africa News Agency Sites site","potentialAction":[{"@type":"SearchAction","target":{"@type":"EntryPoint","urlTemplate":"https:\/\/www.africa-press.net\/congo-brazzaville\/?s={search_term_string}"},"query-input":{"@type":"PropertyValueSpecification","valueRequired":true,"valueName":"search_term_string"}}],"inLanguage":"fr-FR"},{"@type":"Person","@id":"https:\/\/www.africa-press.net\/congo-brazzaville\/#\/schema\/person\/2b1cf3cd81a31e3cd26889ca66d677f1","name":"cfeditorfr"}]}},"_links":{"self":[{"href":"https:\/\/www.africa-press.net\/congo-brazzaville\/wp-json\/wp\/v2\/posts\/1429","targetHints":{"allow":["GET"]}}],"collection":[{"href":"https:\/\/www.africa-press.net\/congo-brazzaville\/wp-json\/wp\/v2\/posts"}],"about":[{"href":"https:\/\/www.africa-press.net\/congo-brazzaville\/wp-json\/wp\/v2\/types\/post"}],"author":[{"embeddable":true,"href":"https:\/\/www.africa-press.net\/congo-brazzaville\/wp-json\/wp\/v2\/users\/82"}],"replies":[{"embeddable":true,"href":"https:\/\/www.africa-press.net\/congo-brazzaville\/wp-json\/wp\/v2\/comments?post=1429"}],"version-history":[{"count":0,"href":"https:\/\/www.africa-press.net\/congo-brazzaville\/wp-json\/wp\/v2\/posts\/1429\/revisions"}],"wp:featuredmedia":[{"embeddable":true,"href":"https:\/\/www.africa-press.net\/congo-brazzaville\/wp-json\/wp\/v2\/media\/1428"}],"wp:attachment":[{"href":"https:\/\/www.africa-press.net\/congo-brazzaville\/wp-json\/wp\/v2\/media?parent=1429"}],"wp:term":[{"taxonomy":"category","embeddable":true,"href":"https:\/\/www.africa-press.net\/congo-brazzaville\/wp-json\/wp\/v2\/categories?post=1429"},{"taxonomy":"post_tag","embeddable":true,"href":"https:\/\/www.africa-press.net\/congo-brazzaville\/wp-json\/wp\/v2\/tags?post=1429"}],"curies":[{"name":"wp","href":"https:\/\/api.w.org\/{rel}","templated":true}]}}