{"id":14305,"date":"2023-02-10T17:30:06","date_gmt":"2023-02-10T17:30:06","guid":{"rendered":"https:\/\/www.africa-press.net\/congo-brazzaville\/politique\/mercato-mampassi-en-turquie-kembo-a-gijon-louqakima-prolonge-a-la-roma"},"modified":"2023-02-10T19:18:25","modified_gmt":"2023-02-10T19:18:25","slug":"mercato-mampassi-en-turquie-kembo-a-gijon-louqakima-prolonge-a-la-roma","status":"publish","type":"post","link":"https:\/\/www.africa-press.net\/congo-brazzaville\/sports\/mercato-mampassi-en-turquie-kembo-a-gijon-louqakima-prolonge-a-la-roma","title":{"rendered":"Mercato : Mampassi en Turquie, Kembo \u00e0 Gijon, Louqakima prolonge \u00e0 la Roma"},"content":{"rendered":"<p><span style=\"color: #ff6600\"><strong>Africa-Press &#8211; Congo Brazzaville. <\/strong><\/span>En manque de temps de jeu au Lokomotiv Moscou (7 matches, 4 comme titulaire, en championnat, 352 minutes), Mark Mampassi va finir la saison en Super Lig turque.<\/p>\n<p>Le de\u0301fenseur central de 19 ans est pre\u0302te\u0301 jusqu\u2019en juin prochain a\u0300 Antalyaspor, 13e de premie\u0300re division turque.<\/p>\n<p>Forme\u0301 au Shakhtar Donetsk, sa ville d\u2019origine, le Congol-Ukrainien avait rejoint le Lokomotiv Moscou en janvier 2022. Le droitier d\u20191m83 est international ukrainien en cate\u0301gories d\u2019a\u0302ge (de U16 a\u0300 U19).<\/p>\n<p>En Italie, Corentin Louakima a prolonge\u0301 le contrat qui le lie a\u0300 l\u2019AS Roma. Arrive\u0301 en 2020 pour une dure\u0301e de trois ans, l\u2019arrie\u0300re droit de 19 ans sera Romain jusqu\u2019a\u0300 2025.<\/p>\n<p>Rappelons que le Franco-Congolais, qui aurait jete\u0301 son de\u0301volu sur le Congo sans jamais e\u0302tre appele\u0301, a e\u0301te\u0301 forme\u0301 au PSG ou\u0300 il a fait ses classes jusqu\u2019en U17. Depuis, il porte le maillot de la Louve en U18 et U19 pour 46 matches, 2 buts et 3 passes de\u0301cisives.<\/p>\n<p>A l\u2019essai depuis de\u0301but janvier, le de\u0301fenseur de 20 ans a convaincu les dirigeants du Sporting Gijon de lui proposer un contrat d\u2019une dure\u0301e non communique\u0301e. Le gaucher d\u2019un me\u0300tre 96, forme\u0301 a\u0300 Tours, e\u0301voluait en e\u0301quipes de jeunes du RC Lens depuis 2019.<\/p>\n<p>Natif du Mans et international franc\u0327ais U17, Yann Kebo Diantela inte\u0301grera d\u2019abord la re\u0301serve du club, qui gravite en 5e division espagnole.<\/p>\n<p>Rappelons que l\u2019e\u0301quipe premie\u0300re, pensionnaire de Segunda division (2e division), fait partie de la galaxie City Football Group, comme Manchester City, Troyes, New York City ou Palerme.<\/p>\n<p><strong>Pour plus d&rsquo;informations et d&rsquo;analyses sur la <a href=\"https:\/\/www.africa-press.net\/congo-brazzaville\">Congo Brazzaville<\/a>, suivez <a href=\"https:\/\/www.africa-press.net\/\">Africa-Press<\/a><\/strong><\/p>\n","protected":false},"excerpt":{"rendered":"<p>Africa-Press &#8211; Congo Brazzaville. En manque de temps de jeu au Lokomotiv Moscou (7 matches, 4 comme titulaire, en championnat, 352 minutes), Mark Mampassi va finir la saison en Super Lig turque. Le de\u0301fenseur central de 19 ans est pre\u0302te\u0301 jusqu\u2019en juin prochain a\u0300 Antalyaspor, 13e de premie\u0300re division turque. Forme\u0301 au Shakhtar Donetsk, sa [&hellip;]<\/p>\n","protected":false},"author":82,"featured_media":14304,"comment_status":"open","ping_status":"closed","sticky":false,"template":"","format":"standard","meta":{"footnotes":""},"categories":[6,10],"tags":[36,47,46],"class_list":["post-14305","post","type-post","status-publish","format-standard","has-post-thumbnail","hentry","category-sports","category-toutes-les-actualites","tag-africa-press","tag-africa-press-congo-brazzaville","tag-congo-brazzaville"],"yoast_head":"<!-- This site is optimized with the Yoast SEO Premium plugin v26.1 (Yoast SEO v27.0) - https:\/\/yoast.com\/product\/yoast-seo-premium-wordpress\/ -->\n<title>Mercato : Mampassi en Turquie, Kembo \u00e0 Gijon, Louqakima prolonge \u00e0 la Roma - Congo Brazzaville<\/title>\n<meta name=\"description\" content=\"En manque de temps de jeu au Lokomotiv Moscou (7 matches, 4 comme titulaire, en championnat, 352 minutes), Mark Mampassi ...\" \/>\n<meta name=\"robots\" content=\"index, follow, max-snippet:-1, max-image-preview:large, max-video-preview:-1\" \/>\n<link rel=\"canonical\" href=\"https:\/\/www.africa-press.net\/congo-brazzaville\/sports\/mercato-mampassi-en-turquie-kembo-a-gijon-louqakima-prolonge-a-la-roma\" \/>\n<meta property=\"og:locale\" content=\"fr_FR\" \/>\n<meta property=\"og:type\" content=\"article\" \/>\n<meta property=\"og:title\" content=\"Mercato : Mampassi en Turquie, Kembo \u00e0 Gijon, Louqakima prolonge \u00e0 la Roma\" \/>\n<meta property=\"og:description\" content=\"En manque de temps de jeu au Lokomotiv Moscou (7 matches, 4 comme titulaire, en championnat, 352 minutes), Mark Mampassi ...\" \/>\n<meta property=\"og:url\" content=\"https:\/\/www.africa-press.net\/congo-brazzaville\/sports\/mercato-mampassi-en-turquie-kembo-a-gijon-louqakima-prolonge-a-la-roma\" \/>\n<meta property=\"og:site_name\" content=\"Congo Brazzaville\" \/>\n<meta property=\"article:published_time\" content=\"2023-02-10T17:30:06+00:00\" \/>\n<meta property=\"article:modified_time\" content=\"2023-02-10T19:18:25+00:00\" \/>\n<meta property=\"og:image\" content=\"https:\/\/static.africa-press.net\/congo-brazzaville\/sites\/51\/2023\/02\/postQueueImg_1676037616.90.jpg\" \/>\n\t<meta property=\"og:image:width\" content=\"1024\" \/>\n\t<meta property=\"og:image:height\" content=\"683\" \/>\n\t<meta property=\"og:image:type\" content=\"image\/jpeg\" \/>\n<meta name=\"author\" content=\"cfeditorfr\" \/>\n<meta name=\"twitter:card\" content=\"summary_large_image\" \/>\n<meta name=\"twitter:label1\" content=\"\u00c9crit par\" \/>\n\t<meta name=\"twitter:data1\" content=\"cfeditorfr\" \/>\n\t<meta name=\"twitter:label2\" content=\"Dur\u00e9e de lecture estim\u00e9e\" \/>\n\t<meta name=\"twitter:data2\" content=\"2 minutes\" \/>\n<script type=\"application\/ld+json\" class=\"yoast-schema-graph\">{\"@context\":\"https:\/\/schema.org\",\"@graph\":[{\"@type\":\"Article\",\"@id\":\"https:\/\/www.africa-press.net\/congo-brazzaville\/sports\/mercato-mampassi-en-turquie-kembo-a-gijon-louqakima-prolonge-a-la-roma#article\",\"isPartOf\":{\"@id\":\"https:\/\/www.africa-press.net\/congo-brazzaville\/sports\/mercato-mampassi-en-turquie-kembo-a-gijon-louqakima-prolonge-a-la-roma\"},\"author\":{\"name\":\"cfeditorfr\",\"@id\":\"https:\/\/www.africa-press.net\/congo-brazzaville\/#\/schema\/person\/2b1cf3cd81a31e3cd26889ca66d677f1\"},\"headline\":\"Mercato : Mampassi en Turquie, Kembo \u00e0 Gijon, Louqakima prolonge \u00e0 la Roma\",\"datePublished\":\"2023-02-10T17:30:06+00:00\",\"dateModified\":\"2023-02-10T19:18:25+00:00\",\"mainEntityOfPage\":{\"@id\":\"https:\/\/www.africa-press.net\/congo-brazzaville\/sports\/mercato-mampassi-en-turquie-kembo-a-gijon-louqakima-prolonge-a-la-roma\"},\"wordCount\":300,\"commentCount\":0,\"image\":{\"@id\":\"https:\/\/www.africa-press.net\/congo-brazzaville\/sports\/mercato-mampassi-en-turquie-kembo-a-gijon-louqakima-prolonge-a-la-roma#primaryimage\"},\"thumbnailUrl\":\"https:\/\/static.africa-press.net\/congo-brazzaville\/sites\/51\/2023\/02\/postQueueImg_1676037616.90.jpg\",\"keywords\":[\"Africa Press\",\"Africa Press-Congo Brazzaville\",\"Congo Brazzaville\"],\"articleSection\":[\"Sports\",\"Toutes les actualit\u00e9s\"],\"inLanguage\":\"fr-FR\",\"potentialAction\":[{\"@type\":\"CommentAction\",\"name\":\"Comment\",\"target\":[\"https:\/\/www.africa-press.net\/congo-brazzaville\/sports\/mercato-mampassi-en-turquie-kembo-a-gijon-louqakima-prolonge-a-la-roma#respond\"]}]},{\"@type\":\"WebPage\",\"@id\":\"https:\/\/www.africa-press.net\/congo-brazzaville\/sports\/mercato-mampassi-en-turquie-kembo-a-gijon-louqakima-prolonge-a-la-roma\",\"url\":\"https:\/\/www.africa-press.net\/congo-brazzaville\/sports\/mercato-mampassi-en-turquie-kembo-a-gijon-louqakima-prolonge-a-la-roma\",\"name\":\"Mercato : Mampassi en Turquie, Kembo \u00e0 Gijon, Louqakima prolonge \u00e0 la Roma - Congo Brazzaville\",\"isPartOf\":{\"@id\":\"https:\/\/www.africa-press.net\/congo-brazzaville\/#website\"},\"primaryImageOfPage\":{\"@id\":\"https:\/\/www.africa-press.net\/congo-brazzaville\/sports\/mercato-mampassi-en-turquie-kembo-a-gijon-louqakima-prolonge-a-la-roma#primaryimage\"},\"image\":{\"@id\":\"https:\/\/www.africa-press.net\/congo-brazzaville\/sports\/mercato-mampassi-en-turquie-kembo-a-gijon-louqakima-prolonge-a-la-roma#primaryimage\"},\"thumbnailUrl\":\"https:\/\/static.africa-press.net\/congo-brazzaville\/sites\/51\/2023\/02\/postQueueImg_1676037616.90.jpg\",\"datePublished\":\"2023-02-10T17:30:06+00:00\",\"dateModified\":\"2023-02-10T19:18:25+00:00\",\"author\":{\"@id\":\"https:\/\/www.africa-press.net\/congo-brazzaville\/#\/schema\/person\/2b1cf3cd81a31e3cd26889ca66d677f1\"},\"description\":\"En manque de temps de jeu au Lokomotiv Moscou (7 matches, 4 comme titulaire, en championnat, 352 minutes), Mark Mampassi ...\",\"breadcrumb\":{\"@id\":\"https:\/\/www.africa-press.net\/congo-brazzaville\/sports\/mercato-mampassi-en-turquie-kembo-a-gijon-louqakima-prolonge-a-la-roma#breadcrumb\"},\"inLanguage\":\"fr-FR\",\"potentialAction\":[{\"@type\":\"ReadAction\",\"target\":[\"https:\/\/www.africa-press.net\/congo-brazzaville\/sports\/mercato-mampassi-en-turquie-kembo-a-gijon-louqakima-prolonge-a-la-roma\"]}]},{\"@type\":\"ImageObject\",\"inLanguage\":\"fr-FR\",\"@id\":\"https:\/\/www.africa-press.net\/congo-brazzaville\/sports\/mercato-mampassi-en-turquie-kembo-a-gijon-louqakima-prolonge-a-la-roma#primaryimage\",\"url\":\"https:\/\/static.africa-press.net\/congo-brazzaville\/sites\/51\/2023\/02\/postQueueImg_1676037616.90.jpg\",\"contentUrl\":\"https:\/\/static.africa-press.net\/congo-brazzaville\/sites\/51\/2023\/02\/postQueueImg_1676037616.90.jpg\",\"width\":1024,\"height\":683,\"caption\":\"Mercato : Mampassi en Turquie, Kembo \u00e0 Gijon, Louqakima prolonge \u00e0 la Roma\"},{\"@type\":\"BreadcrumbList\",\"@id\":\"https:\/\/www.africa-press.net\/congo-brazzaville\/sports\/mercato-mampassi-en-turquie-kembo-a-gijon-louqakima-prolonge-a-la-roma#breadcrumb\",\"itemListElement\":[{\"@type\":\"ListItem\",\"position\":1,\"name\":\"Accueil\",\"item\":\"https:\/\/www.africa-press.net\/congo-brazzaville\/\"},{\"@type\":\"ListItem\",\"position\":2,\"name\":\"Mercato : Mampassi en Turquie, Kembo \u00e0 Gijon, Louqakima prolonge \u00e0 la Roma\"}]},{\"@type\":\"WebSite\",\"@id\":\"https:\/\/www.africa-press.net\/congo-brazzaville\/#website\",\"url\":\"https:\/\/www.africa-press.net\/congo-brazzaville\/\",\"name\":\"Congo Brazzaville\",\"description\":\"Just another Africa News Agency Sites site\",\"potentialAction\":[{\"@type\":\"SearchAction\",\"target\":{\"@type\":\"EntryPoint\",\"urlTemplate\":\"https:\/\/www.africa-press.net\/congo-brazzaville\/?s={search_term_string}\"},\"query-input\":{\"@type\":\"PropertyValueSpecification\",\"valueRequired\":true,\"valueName\":\"search_term_string\"}}],\"inLanguage\":\"fr-FR\"},{\"@type\":\"Person\",\"@id\":\"https:\/\/www.africa-press.net\/congo-brazzaville\/#\/schema\/person\/2b1cf3cd81a31e3cd26889ca66d677f1\",\"name\":\"cfeditorfr\"}]}<\/script>\n<!-- \/ Yoast SEO Premium plugin. -->","yoast_head_json":{"title":"Mercato : Mampassi en Turquie, Kembo \u00e0 Gijon, Louqakima prolonge \u00e0 la Roma - Congo Brazzaville","description":"En manque de temps de jeu au Lokomotiv Moscou (7 matches, 4 comme titulaire, en championnat, 352 minutes), Mark Mampassi ...","robots":{"index":"index","follow":"follow","max-snippet":"max-snippet:-1","max-image-preview":"max-image-preview:large","max-video-preview":"max-video-preview:-1"},"canonical":"https:\/\/www.africa-press.net\/congo-brazzaville\/sports\/mercato-mampassi-en-turquie-kembo-a-gijon-louqakima-prolonge-a-la-roma","og_locale":"fr_FR","og_type":"article","og_title":"Mercato : Mampassi en Turquie, Kembo \u00e0 Gijon, Louqakima prolonge \u00e0 la Roma","og_description":"En manque de temps de jeu au Lokomotiv Moscou (7 matches, 4 comme titulaire, en championnat, 352 minutes), Mark Mampassi ...","og_url":"https:\/\/www.africa-press.net\/congo-brazzaville\/sports\/mercato-mampassi-en-turquie-kembo-a-gijon-louqakima-prolonge-a-la-roma","og_site_name":"Congo Brazzaville","article_published_time":"2023-02-10T17:30:06+00:00","article_modified_time":"2023-02-10T19:18:25+00:00","og_image":[{"width":1024,"height":683,"url":"https:\/\/static.africa-press.net\/congo-brazzaville\/sites\/51\/2023\/02\/postQueueImg_1676037616.90.jpg","type":"image\/jpeg"}],"author":"cfeditorfr","twitter_card":"summary_large_image","twitter_misc":{"\u00c9crit par":"cfeditorfr","Dur\u00e9e de lecture estim\u00e9e":"2 minutes"},"schema":{"@context":"https:\/\/schema.org","@graph":[{"@type":"Article","@id":"https:\/\/www.africa-press.net\/congo-brazzaville\/sports\/mercato-mampassi-en-turquie-kembo-a-gijon-louqakima-prolonge-a-la-roma#article","isPartOf":{"@id":"https:\/\/www.africa-press.net\/congo-brazzaville\/sports\/mercato-mampassi-en-turquie-kembo-a-gijon-louqakima-prolonge-a-la-roma"},"author":{"name":"cfeditorfr","@id":"https:\/\/www.africa-press.net\/congo-brazzaville\/#\/schema\/person\/2b1cf3cd81a31e3cd26889ca66d677f1"},"headline":"Mercato : Mampassi en Turquie, Kembo \u00e0 Gijon, Louqakima prolonge \u00e0 la Roma","datePublished":"2023-02-10T17:30:06+00:00","dateModified":"2023-02-10T19:18:25+00:00","mainEntityOfPage":{"@id":"https:\/\/www.africa-press.net\/congo-brazzaville\/sports\/mercato-mampassi-en-turquie-kembo-a-gijon-louqakima-prolonge-a-la-roma"},"wordCount":300,"commentCount":0,"image":{"@id":"https:\/\/www.africa-press.net\/congo-brazzaville\/sports\/mercato-mampassi-en-turquie-kembo-a-gijon-louqakima-prolonge-a-la-roma#primaryimage"},"thumbnailUrl":"https:\/\/static.africa-press.net\/congo-brazzaville\/sites\/51\/2023\/02\/postQueueImg_1676037616.90.jpg","keywords":["Africa Press","Africa Press-Congo Brazzaville","Congo Brazzaville"],"articleSection":["Sports","Toutes les actualit\u00e9s"],"inLanguage":"fr-FR","potentialAction":[{"@type":"CommentAction","name":"Comment","target":["https:\/\/www.africa-press.net\/congo-brazzaville\/sports\/mercato-mampassi-en-turquie-kembo-a-gijon-louqakima-prolonge-a-la-roma#respond"]}]},{"@type":"WebPage","@id":"https:\/\/www.africa-press.net\/congo-brazzaville\/sports\/mercato-mampassi-en-turquie-kembo-a-gijon-louqakima-prolonge-a-la-roma","url":"https:\/\/www.africa-press.net\/congo-brazzaville\/sports\/mercato-mampassi-en-turquie-kembo-a-gijon-louqakima-prolonge-a-la-roma","name":"Mercato : Mampassi en Turquie, Kembo \u00e0 Gijon, Louqakima prolonge \u00e0 la Roma - Congo Brazzaville","isPartOf":{"@id":"https:\/\/www.africa-press.net\/congo-brazzaville\/#website"},"primaryImageOfPage":{"@id":"https:\/\/www.africa-press.net\/congo-brazzaville\/sports\/mercato-mampassi-en-turquie-kembo-a-gijon-louqakima-prolonge-a-la-roma#primaryimage"},"image":{"@id":"https:\/\/www.africa-press.net\/congo-brazzaville\/sports\/mercato-mampassi-en-turquie-kembo-a-gijon-louqakima-prolonge-a-la-roma#primaryimage"},"thumbnailUrl":"https:\/\/static.africa-press.net\/congo-brazzaville\/sites\/51\/2023\/02\/postQueueImg_1676037616.90.jpg","datePublished":"2023-02-10T17:30:06+00:00","dateModified":"2023-02-10T19:18:25+00:00","author":{"@id":"https:\/\/www.africa-press.net\/congo-brazzaville\/#\/schema\/person\/2b1cf3cd81a31e3cd26889ca66d677f1"},"description":"En manque de temps de jeu au Lokomotiv Moscou (7 matches, 4 comme titulaire, en championnat, 352 minutes), Mark Mampassi ...","breadcrumb":{"@id":"https:\/\/www.africa-press.net\/congo-brazzaville\/sports\/mercato-mampassi-en-turquie-kembo-a-gijon-louqakima-prolonge-a-la-roma#breadcrumb"},"inLanguage":"fr-FR","potentialAction":[{"@type":"ReadAction","target":["https:\/\/www.africa-press.net\/congo-brazzaville\/sports\/mercato-mampassi-en-turquie-kembo-a-gijon-louqakima-prolonge-a-la-roma"]}]},{"@type":"ImageObject","inLanguage":"fr-FR","@id":"https:\/\/www.africa-press.net\/congo-brazzaville\/sports\/mercato-mampassi-en-turquie-kembo-a-gijon-louqakima-prolonge-a-la-roma#primaryimage","url":"https:\/\/static.africa-press.net\/congo-brazzaville\/sites\/51\/2023\/02\/postQueueImg_1676037616.90.jpg","contentUrl":"https:\/\/static.africa-press.net\/congo-brazzaville\/sites\/51\/2023\/02\/postQueueImg_1676037616.90.jpg","width":1024,"height":683,"caption":"Mercato : Mampassi en Turquie, Kembo \u00e0 Gijon, Louqakima prolonge \u00e0 la Roma"},{"@type":"BreadcrumbList","@id":"https:\/\/www.africa-press.net\/congo-brazzaville\/sports\/mercato-mampassi-en-turquie-kembo-a-gijon-louqakima-prolonge-a-la-roma#breadcrumb","itemListElement":[{"@type":"ListItem","position":1,"name":"Accueil","item":"https:\/\/www.africa-press.net\/congo-brazzaville\/"},{"@type":"ListItem","position":2,"name":"Mercato : Mampassi en Turquie, Kembo \u00e0 Gijon, Louqakima prolonge \u00e0 la Roma"}]},{"@type":"WebSite","@id":"https:\/\/www.africa-press.net\/congo-brazzaville\/#website","url":"https:\/\/www.africa-press.net\/congo-brazzaville\/","name":"Congo Brazzaville","description":"Just another Africa News Agency Sites site","potentialAction":[{"@type":"SearchAction","target":{"@type":"EntryPoint","urlTemplate":"https:\/\/www.africa-press.net\/congo-brazzaville\/?s={search_term_string}"},"query-input":{"@type":"PropertyValueSpecification","valueRequired":true,"valueName":"search_term_string"}}],"inLanguage":"fr-FR"},{"@type":"Person","@id":"https:\/\/www.africa-press.net\/congo-brazzaville\/#\/schema\/person\/2b1cf3cd81a31e3cd26889ca66d677f1","name":"cfeditorfr"}]}},"_links":{"self":[{"href":"https:\/\/www.africa-press.net\/congo-brazzaville\/wp-json\/wp\/v2\/posts\/14305","targetHints":{"allow":["GET"]}}],"collection":[{"href":"https:\/\/www.africa-press.net\/congo-brazzaville\/wp-json\/wp\/v2\/posts"}],"about":[{"href":"https:\/\/www.africa-press.net\/congo-brazzaville\/wp-json\/wp\/v2\/types\/post"}],"author":[{"embeddable":true,"href":"https:\/\/www.africa-press.net\/congo-brazzaville\/wp-json\/wp\/v2\/users\/82"}],"replies":[{"embeddable":true,"href":"https:\/\/www.africa-press.net\/congo-brazzaville\/wp-json\/wp\/v2\/comments?post=14305"}],"version-history":[{"count":0,"href":"https:\/\/www.africa-press.net\/congo-brazzaville\/wp-json\/wp\/v2\/posts\/14305\/revisions"}],"wp:featuredmedia":[{"embeddable":true,"href":"https:\/\/www.africa-press.net\/congo-brazzaville\/wp-json\/wp\/v2\/media\/14304"}],"wp:attachment":[{"href":"https:\/\/www.africa-press.net\/congo-brazzaville\/wp-json\/wp\/v2\/media?parent=14305"}],"wp:term":[{"taxonomy":"category","embeddable":true,"href":"https:\/\/www.africa-press.net\/congo-brazzaville\/wp-json\/wp\/v2\/categories?post=14305"},{"taxonomy":"post_tag","embeddable":true,"href":"https:\/\/www.africa-press.net\/congo-brazzaville\/wp-json\/wp\/v2\/tags?post=14305"}],"curies":[{"name":"wp","href":"https:\/\/api.w.org\/{rel}","templated":true}]}}