{"id":14307,"date":"2023-02-10T17:30:28","date_gmt":"2023-02-10T17:30:28","guid":{"rendered":"https:\/\/www.africa-press.net\/congo-brazzaville\/politique\/legypte-prevoit-renforcer-ses-relations-parlementaires-avec-le-congo"},"modified":"2023-02-10T19:19:03","modified_gmt":"2023-02-10T19:19:03","slug":"legypte-prevoit-renforcer-ses-relations-parlementaires-avec-le-congo","status":"publish","type":"post","link":"https:\/\/www.africa-press.net\/congo-brazzaville\/politique\/legypte-prevoit-renforcer-ses-relations-parlementaires-avec-le-congo","title":{"rendered":"l\u2019egypte pr\u00e9voit renforcer ses relations parlementaires avec le congo"},"content":{"rendered":"<p><span style=\"color: #ff6600\"><strong>Africa-Press &#8211; Congo Brazzaville. <\/strong><\/span><b>L\u2019ambassadeur ple\u0301nipotentiaire d\u2019E\u0301gypte au Congo, Usama Tharwat Armanious Gad Elsayed a souligne\u0301 le 10 fe\u0301vrier a\u0300 Brazzaville que sa rencontre avec le pre\u0301sident de l\u2019Assemble\u0301e nationale, Isidore Mvouba avait permis d\u2019examiner la possibilite\u0301 de promouvoir les relations parlementaires entre leurs deux pays. <\/b><\/p>\n<p>\u00ab Avec le pre\u0301sident de l\u2019Assemble\u0301e nationale, Isidore Mvouba, nous avons passe\u0301 en revue les relations bilate\u0301rales et parlementaires qui existent entre nos deux pays. Nous avons donc e\u0301change\u0301 sur les possibilite\u0301s de promouvoir ses relations pour le bien de nos peuples, nos parlementaires et nos entreprises qui doivent investir dans les deux pays \u00bb, a fait savoir l\u2019ambassadeur ple\u0301nipotentiaire d\u2019E\u0301gypte au Congo, Usama Tharwat Armanious Gad Elsayed au sortir de sa rencontre avec le pre\u0301sident de l\u2019Assemble\u0301e nationale, Isidore Mvouba.<\/p>\n<p>Usama Tharwat Armanious Gad Elsayed a pre\u0301sente\u0301 ses lettres de cre\u0301ances au Pre\u0301sident de la Re\u0301publique, Denis Sassou Nguesso le 16 juin 2022. Il a e\u0301te\u0301 rec\u0327u par le pre\u0301sident du Se\u0301nat, Pierre Ngolo le 9 novembre 2022. Un e\u0301change ou\u0300 le diplomate Egyptien a souhaite\u0301 approfondir les relations parlementaires a\u0300 travers la signature d\u2019un accord de partenariat entre le Congo et l\u2019Egypte.<\/p>\n<p>L\u2019ambassadeur ple\u0301nipotentiaire d\u2019E\u0301gypte au Congo, Usama Tharwat Armanious Gad Elsayed est diplo\u0302me\u0301 de la faculte\u0301 de commerce de l\u2019Universite\u0301 du Caire.<\/p>\n<p><strong>Pour plus d&rsquo;informations et d&rsquo;analyses sur la <a href=\"https:\/\/www.africa-press.net\/congo-brazzaville\">Congo Brazzaville<\/a>, suivez <a href=\"https:\/\/www.africa-press.net\/\">Africa-Press<\/a><\/strong><\/p>\n","protected":false},"excerpt":{"rendered":"<p>Africa-Press &#8211; Congo Brazzaville. L\u2019ambassadeur ple\u0301nipotentiaire d\u2019E\u0301gypte au Congo, Usama Tharwat Armanious Gad Elsayed a souligne\u0301 le 10 fe\u0301vrier a\u0300 Brazzaville que sa rencontre avec le pre\u0301sident de l\u2019Assemble\u0301e nationale, Isidore Mvouba avait permis d\u2019examiner la possibilite\u0301 de promouvoir les relations parlementaires entre leurs deux pays. \u00ab Avec le pre\u0301sident de l\u2019Assemble\u0301e nationale, Isidore Mvouba, [&hellip;]<\/p>\n","protected":false},"author":82,"featured_media":14306,"comment_status":"open","ping_status":"closed","sticky":false,"template":"","format":"standard","meta":{"footnotes":""},"categories":[2,20,10],"tags":[36,47,46],"class_list":["post-14307","post","type-post","status-publish","format-standard","has-post-thumbnail","hentry","category-politique","category-top-nouvelles","category-toutes-les-actualites","tag-africa-press","tag-africa-press-congo-brazzaville","tag-congo-brazzaville"],"yoast_head":"<!-- This site is optimized with the Yoast SEO Premium plugin v26.1 (Yoast SEO v27.0) - https:\/\/yoast.com\/product\/yoast-seo-premium-wordpress\/ -->\n<title>l\u2019egypte pr\u00e9voit renforcer ses relations parlementaires avec le congo - Congo Brazzaville<\/title>\n<meta name=\"description\" content=\"L\u2019ambassadeur ple\u0301nipotentiaire d\u2019E\u0301gypte au Congo, Usama Tharwat Armanious Gad Elsayed a souligne\u0301 le 10 fe\u0301vrier a\u0300 ...\" \/>\n<meta name=\"robots\" content=\"index, follow, max-snippet:-1, max-image-preview:large, max-video-preview:-1\" \/>\n<link rel=\"canonical\" href=\"https:\/\/www.africa-press.net\/congo-brazzaville\/politique\/legypte-prevoit-renforcer-ses-relations-parlementaires-avec-le-congo\" \/>\n<meta property=\"og:locale\" content=\"fr_FR\" \/>\n<meta property=\"og:type\" content=\"article\" \/>\n<meta property=\"og:title\" content=\"l\u2019egypte pr\u00e9voit renforcer ses relations parlementaires avec le congo\" \/>\n<meta property=\"og:description\" content=\"L\u2019ambassadeur ple\u0301nipotentiaire d\u2019E\u0301gypte au Congo, Usama Tharwat Armanious Gad Elsayed a souligne\u0301 le 10 fe\u0301vrier a\u0300 ...\" \/>\n<meta property=\"og:url\" content=\"https:\/\/www.africa-press.net\/congo-brazzaville\/politique\/legypte-prevoit-renforcer-ses-relations-parlementaires-avec-le-congo\" \/>\n<meta property=\"og:site_name\" content=\"Congo Brazzaville\" \/>\n<meta property=\"article:published_time\" content=\"2023-02-10T17:30:28+00:00\" \/>\n<meta property=\"article:modified_time\" content=\"2023-02-10T19:19:03+00:00\" \/>\n<meta property=\"og:image\" content=\"https:\/\/static.africa-press.net\/congo-brazzaville\/sites\/51\/2023\/02\/postQueueImg_1676037737.53.jpg\" \/>\n\t<meta property=\"og:image:width\" content=\"737\" \/>\n\t<meta property=\"og:image:height\" content=\"444\" \/>\n\t<meta property=\"og:image:type\" content=\"image\/jpeg\" \/>\n<meta name=\"author\" content=\"cfeditorfr\" \/>\n<meta name=\"twitter:card\" content=\"summary_large_image\" \/>\n<meta name=\"twitter:label1\" content=\"\u00c9crit par\" \/>\n\t<meta name=\"twitter:data1\" content=\"cfeditorfr\" \/>\n\t<meta name=\"twitter:label2\" content=\"Dur\u00e9e de lecture estim\u00e9e\" \/>\n\t<meta name=\"twitter:data2\" content=\"2 minutes\" \/>\n<script type=\"application\/ld+json\" class=\"yoast-schema-graph\">{\"@context\":\"https:\/\/schema.org\",\"@graph\":[{\"@type\":\"Article\",\"@id\":\"https:\/\/www.africa-press.net\/congo-brazzaville\/politique\/legypte-prevoit-renforcer-ses-relations-parlementaires-avec-le-congo#article\",\"isPartOf\":{\"@id\":\"https:\/\/www.africa-press.net\/congo-brazzaville\/politique\/legypte-prevoit-renforcer-ses-relations-parlementaires-avec-le-congo\"},\"author\":{\"name\":\"cfeditorfr\",\"@id\":\"https:\/\/www.africa-press.net\/congo-brazzaville\/#\/schema\/person\/2b1cf3cd81a31e3cd26889ca66d677f1\"},\"headline\":\"l\u2019egypte pr\u00e9voit renforcer ses relations parlementaires avec le congo\",\"datePublished\":\"2023-02-10T17:30:28+00:00\",\"dateModified\":\"2023-02-10T19:19:03+00:00\",\"mainEntityOfPage\":{\"@id\":\"https:\/\/www.africa-press.net\/congo-brazzaville\/politique\/legypte-prevoit-renforcer-ses-relations-parlementaires-avec-le-congo\"},\"wordCount\":267,\"commentCount\":0,\"image\":{\"@id\":\"https:\/\/www.africa-press.net\/congo-brazzaville\/politique\/legypte-prevoit-renforcer-ses-relations-parlementaires-avec-le-congo#primaryimage\"},\"thumbnailUrl\":\"https:\/\/static.africa-press.net\/congo-brazzaville\/sites\/51\/2023\/02\/postQueueImg_1676037737.53.jpg\",\"keywords\":[\"Africa Press\",\"Africa Press-Congo Brazzaville\",\"Congo Brazzaville\"],\"articleSection\":[\"Politique\",\"Top Nouvelles\",\"Toutes les actualit\u00e9s\"],\"inLanguage\":\"fr-FR\",\"potentialAction\":[{\"@type\":\"CommentAction\",\"name\":\"Comment\",\"target\":[\"https:\/\/www.africa-press.net\/congo-brazzaville\/politique\/legypte-prevoit-renforcer-ses-relations-parlementaires-avec-le-congo#respond\"]}]},{\"@type\":\"WebPage\",\"@id\":\"https:\/\/www.africa-press.net\/congo-brazzaville\/politique\/legypte-prevoit-renforcer-ses-relations-parlementaires-avec-le-congo\",\"url\":\"https:\/\/www.africa-press.net\/congo-brazzaville\/politique\/legypte-prevoit-renforcer-ses-relations-parlementaires-avec-le-congo\",\"name\":\"l\u2019egypte pr\u00e9voit renforcer ses relations parlementaires avec le congo - Congo Brazzaville\",\"isPartOf\":{\"@id\":\"https:\/\/www.africa-press.net\/congo-brazzaville\/#website\"},\"primaryImageOfPage\":{\"@id\":\"https:\/\/www.africa-press.net\/congo-brazzaville\/politique\/legypte-prevoit-renforcer-ses-relations-parlementaires-avec-le-congo#primaryimage\"},\"image\":{\"@id\":\"https:\/\/www.africa-press.net\/congo-brazzaville\/politique\/legypte-prevoit-renforcer-ses-relations-parlementaires-avec-le-congo#primaryimage\"},\"thumbnailUrl\":\"https:\/\/static.africa-press.net\/congo-brazzaville\/sites\/51\/2023\/02\/postQueueImg_1676037737.53.jpg\",\"datePublished\":\"2023-02-10T17:30:28+00:00\",\"dateModified\":\"2023-02-10T19:19:03+00:00\",\"author\":{\"@id\":\"https:\/\/www.africa-press.net\/congo-brazzaville\/#\/schema\/person\/2b1cf3cd81a31e3cd26889ca66d677f1\"},\"description\":\"L\u2019ambassadeur ple\u0301nipotentiaire d\u2019E\u0301gypte au Congo, Usama Tharwat Armanious Gad Elsayed a souligne\u0301 le 10 fe\u0301vrier a\u0300 ...\",\"breadcrumb\":{\"@id\":\"https:\/\/www.africa-press.net\/congo-brazzaville\/politique\/legypte-prevoit-renforcer-ses-relations-parlementaires-avec-le-congo#breadcrumb\"},\"inLanguage\":\"fr-FR\",\"potentialAction\":[{\"@type\":\"ReadAction\",\"target\":[\"https:\/\/www.africa-press.net\/congo-brazzaville\/politique\/legypte-prevoit-renforcer-ses-relations-parlementaires-avec-le-congo\"]}]},{\"@type\":\"ImageObject\",\"inLanguage\":\"fr-FR\",\"@id\":\"https:\/\/www.africa-press.net\/congo-brazzaville\/politique\/legypte-prevoit-renforcer-ses-relations-parlementaires-avec-le-congo#primaryimage\",\"url\":\"https:\/\/static.africa-press.net\/congo-brazzaville\/sites\/51\/2023\/02\/postQueueImg_1676037737.53.jpg\",\"contentUrl\":\"https:\/\/static.africa-press.net\/congo-brazzaville\/sites\/51\/2023\/02\/postQueueImg_1676037737.53.jpg\",\"width\":737,\"height\":444,\"caption\":\"l\u2019egypte pr\u00e9voit renforcer ses relations parlementaires avec le congo\"},{\"@type\":\"BreadcrumbList\",\"@id\":\"https:\/\/www.africa-press.net\/congo-brazzaville\/politique\/legypte-prevoit-renforcer-ses-relations-parlementaires-avec-le-congo#breadcrumb\",\"itemListElement\":[{\"@type\":\"ListItem\",\"position\":1,\"name\":\"Accueil\",\"item\":\"https:\/\/www.africa-press.net\/congo-brazzaville\/\"},{\"@type\":\"ListItem\",\"position\":2,\"name\":\"l\u2019egypte pr\u00e9voit renforcer ses relations parlementaires avec le congo\"}]},{\"@type\":\"WebSite\",\"@id\":\"https:\/\/www.africa-press.net\/congo-brazzaville\/#website\",\"url\":\"https:\/\/www.africa-press.net\/congo-brazzaville\/\",\"name\":\"Congo Brazzaville\",\"description\":\"Just another Africa News Agency Sites site\",\"potentialAction\":[{\"@type\":\"SearchAction\",\"target\":{\"@type\":\"EntryPoint\",\"urlTemplate\":\"https:\/\/www.africa-press.net\/congo-brazzaville\/?s={search_term_string}\"},\"query-input\":{\"@type\":\"PropertyValueSpecification\",\"valueRequired\":true,\"valueName\":\"search_term_string\"}}],\"inLanguage\":\"fr-FR\"},{\"@type\":\"Person\",\"@id\":\"https:\/\/www.africa-press.net\/congo-brazzaville\/#\/schema\/person\/2b1cf3cd81a31e3cd26889ca66d677f1\",\"name\":\"cfeditorfr\"}]}<\/script>\n<!-- \/ Yoast SEO Premium plugin. -->","yoast_head_json":{"title":"l\u2019egypte pr\u00e9voit renforcer ses relations parlementaires avec le congo - Congo Brazzaville","description":"L\u2019ambassadeur ple\u0301nipotentiaire d\u2019E\u0301gypte au Congo, Usama Tharwat Armanious Gad Elsayed a souligne\u0301 le 10 fe\u0301vrier a\u0300 ...","robots":{"index":"index","follow":"follow","max-snippet":"max-snippet:-1","max-image-preview":"max-image-preview:large","max-video-preview":"max-video-preview:-1"},"canonical":"https:\/\/www.africa-press.net\/congo-brazzaville\/politique\/legypte-prevoit-renforcer-ses-relations-parlementaires-avec-le-congo","og_locale":"fr_FR","og_type":"article","og_title":"l\u2019egypte pr\u00e9voit renforcer ses relations parlementaires avec le congo","og_description":"L\u2019ambassadeur ple\u0301nipotentiaire d\u2019E\u0301gypte au Congo, Usama Tharwat Armanious Gad Elsayed a souligne\u0301 le 10 fe\u0301vrier a\u0300 ...","og_url":"https:\/\/www.africa-press.net\/congo-brazzaville\/politique\/legypte-prevoit-renforcer-ses-relations-parlementaires-avec-le-congo","og_site_name":"Congo Brazzaville","article_published_time":"2023-02-10T17:30:28+00:00","article_modified_time":"2023-02-10T19:19:03+00:00","og_image":[{"width":737,"height":444,"url":"https:\/\/static.africa-press.net\/congo-brazzaville\/sites\/51\/2023\/02\/postQueueImg_1676037737.53.jpg","type":"image\/jpeg"}],"author":"cfeditorfr","twitter_card":"summary_large_image","twitter_misc":{"\u00c9crit par":"cfeditorfr","Dur\u00e9e de lecture estim\u00e9e":"2 minutes"},"schema":{"@context":"https:\/\/schema.org","@graph":[{"@type":"Article","@id":"https:\/\/www.africa-press.net\/congo-brazzaville\/politique\/legypte-prevoit-renforcer-ses-relations-parlementaires-avec-le-congo#article","isPartOf":{"@id":"https:\/\/www.africa-press.net\/congo-brazzaville\/politique\/legypte-prevoit-renforcer-ses-relations-parlementaires-avec-le-congo"},"author":{"name":"cfeditorfr","@id":"https:\/\/www.africa-press.net\/congo-brazzaville\/#\/schema\/person\/2b1cf3cd81a31e3cd26889ca66d677f1"},"headline":"l\u2019egypte pr\u00e9voit renforcer ses relations parlementaires avec le congo","datePublished":"2023-02-10T17:30:28+00:00","dateModified":"2023-02-10T19:19:03+00:00","mainEntityOfPage":{"@id":"https:\/\/www.africa-press.net\/congo-brazzaville\/politique\/legypte-prevoit-renforcer-ses-relations-parlementaires-avec-le-congo"},"wordCount":267,"commentCount":0,"image":{"@id":"https:\/\/www.africa-press.net\/congo-brazzaville\/politique\/legypte-prevoit-renforcer-ses-relations-parlementaires-avec-le-congo#primaryimage"},"thumbnailUrl":"https:\/\/static.africa-press.net\/congo-brazzaville\/sites\/51\/2023\/02\/postQueueImg_1676037737.53.jpg","keywords":["Africa Press","Africa Press-Congo Brazzaville","Congo Brazzaville"],"articleSection":["Politique","Top Nouvelles","Toutes les actualit\u00e9s"],"inLanguage":"fr-FR","potentialAction":[{"@type":"CommentAction","name":"Comment","target":["https:\/\/www.africa-press.net\/congo-brazzaville\/politique\/legypte-prevoit-renforcer-ses-relations-parlementaires-avec-le-congo#respond"]}]},{"@type":"WebPage","@id":"https:\/\/www.africa-press.net\/congo-brazzaville\/politique\/legypte-prevoit-renforcer-ses-relations-parlementaires-avec-le-congo","url":"https:\/\/www.africa-press.net\/congo-brazzaville\/politique\/legypte-prevoit-renforcer-ses-relations-parlementaires-avec-le-congo","name":"l\u2019egypte pr\u00e9voit renforcer ses relations parlementaires avec le congo - Congo Brazzaville","isPartOf":{"@id":"https:\/\/www.africa-press.net\/congo-brazzaville\/#website"},"primaryImageOfPage":{"@id":"https:\/\/www.africa-press.net\/congo-brazzaville\/politique\/legypte-prevoit-renforcer-ses-relations-parlementaires-avec-le-congo#primaryimage"},"image":{"@id":"https:\/\/www.africa-press.net\/congo-brazzaville\/politique\/legypte-prevoit-renforcer-ses-relations-parlementaires-avec-le-congo#primaryimage"},"thumbnailUrl":"https:\/\/static.africa-press.net\/congo-brazzaville\/sites\/51\/2023\/02\/postQueueImg_1676037737.53.jpg","datePublished":"2023-02-10T17:30:28+00:00","dateModified":"2023-02-10T19:19:03+00:00","author":{"@id":"https:\/\/www.africa-press.net\/congo-brazzaville\/#\/schema\/person\/2b1cf3cd81a31e3cd26889ca66d677f1"},"description":"L\u2019ambassadeur ple\u0301nipotentiaire d\u2019E\u0301gypte au Congo, Usama Tharwat Armanious Gad Elsayed a souligne\u0301 le 10 fe\u0301vrier a\u0300 ...","breadcrumb":{"@id":"https:\/\/www.africa-press.net\/congo-brazzaville\/politique\/legypte-prevoit-renforcer-ses-relations-parlementaires-avec-le-congo#breadcrumb"},"inLanguage":"fr-FR","potentialAction":[{"@type":"ReadAction","target":["https:\/\/www.africa-press.net\/congo-brazzaville\/politique\/legypte-prevoit-renforcer-ses-relations-parlementaires-avec-le-congo"]}]},{"@type":"ImageObject","inLanguage":"fr-FR","@id":"https:\/\/www.africa-press.net\/congo-brazzaville\/politique\/legypte-prevoit-renforcer-ses-relations-parlementaires-avec-le-congo#primaryimage","url":"https:\/\/static.africa-press.net\/congo-brazzaville\/sites\/51\/2023\/02\/postQueueImg_1676037737.53.jpg","contentUrl":"https:\/\/static.africa-press.net\/congo-brazzaville\/sites\/51\/2023\/02\/postQueueImg_1676037737.53.jpg","width":737,"height":444,"caption":"l\u2019egypte pr\u00e9voit renforcer ses relations parlementaires avec le congo"},{"@type":"BreadcrumbList","@id":"https:\/\/www.africa-press.net\/congo-brazzaville\/politique\/legypte-prevoit-renforcer-ses-relations-parlementaires-avec-le-congo#breadcrumb","itemListElement":[{"@type":"ListItem","position":1,"name":"Accueil","item":"https:\/\/www.africa-press.net\/congo-brazzaville\/"},{"@type":"ListItem","position":2,"name":"l\u2019egypte pr\u00e9voit renforcer ses relations parlementaires avec le congo"}]},{"@type":"WebSite","@id":"https:\/\/www.africa-press.net\/congo-brazzaville\/#website","url":"https:\/\/www.africa-press.net\/congo-brazzaville\/","name":"Congo Brazzaville","description":"Just another Africa News Agency Sites site","potentialAction":[{"@type":"SearchAction","target":{"@type":"EntryPoint","urlTemplate":"https:\/\/www.africa-press.net\/congo-brazzaville\/?s={search_term_string}"},"query-input":{"@type":"PropertyValueSpecification","valueRequired":true,"valueName":"search_term_string"}}],"inLanguage":"fr-FR"},{"@type":"Person","@id":"https:\/\/www.africa-press.net\/congo-brazzaville\/#\/schema\/person\/2b1cf3cd81a31e3cd26889ca66d677f1","name":"cfeditorfr"}]}},"_links":{"self":[{"href":"https:\/\/www.africa-press.net\/congo-brazzaville\/wp-json\/wp\/v2\/posts\/14307","targetHints":{"allow":["GET"]}}],"collection":[{"href":"https:\/\/www.africa-press.net\/congo-brazzaville\/wp-json\/wp\/v2\/posts"}],"about":[{"href":"https:\/\/www.africa-press.net\/congo-brazzaville\/wp-json\/wp\/v2\/types\/post"}],"author":[{"embeddable":true,"href":"https:\/\/www.africa-press.net\/congo-brazzaville\/wp-json\/wp\/v2\/users\/82"}],"replies":[{"embeddable":true,"href":"https:\/\/www.africa-press.net\/congo-brazzaville\/wp-json\/wp\/v2\/comments?post=14307"}],"version-history":[{"count":0,"href":"https:\/\/www.africa-press.net\/congo-brazzaville\/wp-json\/wp\/v2\/posts\/14307\/revisions"}],"wp:featuredmedia":[{"embeddable":true,"href":"https:\/\/www.africa-press.net\/congo-brazzaville\/wp-json\/wp\/v2\/media\/14306"}],"wp:attachment":[{"href":"https:\/\/www.africa-press.net\/congo-brazzaville\/wp-json\/wp\/v2\/media?parent=14307"}],"wp:term":[{"taxonomy":"category","embeddable":true,"href":"https:\/\/www.africa-press.net\/congo-brazzaville\/wp-json\/wp\/v2\/categories?post=14307"},{"taxonomy":"post_tag","embeddable":true,"href":"https:\/\/www.africa-press.net\/congo-brazzaville\/wp-json\/wp\/v2\/tags?post=14307"}],"curies":[{"name":"wp","href":"https:\/\/api.w.org\/{rel}","templated":true}]}}