{"id":14311,"date":"2023-02-10T17:30:59","date_gmt":"2023-02-10T17:30:59","guid":{"rendered":"https:\/\/www.africa-press.net\/congo-brazzaville\/politique\/la-coordination-nationale-du-rgph-5-annonce-la-phase-executoire-avant-juin-2023"},"modified":"2023-02-10T19:20:29","modified_gmt":"2023-02-10T19:20:29","slug":"la-coordination-nationale-du-rgph-5-annonce-la-phase-executoire-avant-juin-2023","status":"publish","type":"post","link":"https:\/\/www.africa-press.net\/congo-brazzaville\/toutes-les-actualites\/la-coordination-nationale-du-rgph-5-annonce-la-phase-executoire-avant-juin-2023","title":{"rendered":"la coordination nationale du rgph-5 annonce la phase ex\u00e9cutoire avant juin 2023"},"content":{"rendered":"<p><span style=\"color: #ff6600\"><strong>Africa-Press &#8211; Congo Brazzaville. <\/strong><\/span><b>La coordination nationale du 5e Recensement ge\u0301ne\u0301ral de la population et de l\u2019habitation (RGPH-5), pre\u0301side\u0301e par la ministre du Plan, de la statistique et de l\u2019inte\u0301gration re\u0301gionale, Ingrid Ghislaine Ebouka Babacka, re\u0301unie au cours de sa 3e session ordinaire le 10 fe\u0301vrier a\u0300 Brazzaville, a annonce\u0301 que la phase exe\u0301cutoire dudit recensement sera valide\u0301e sous peu par le premier ministre, Anatole Collinet Makosso. Lors ce cette session de la coordination nationale, les documents techniques qui seront soumis au chef du gouvernement ont e\u0301te\u0301 valide\u0301s.<\/b><\/p>\n<p>\u00ab Ces travaux nous ont permis notamment de prendre connaissance de l\u2019e\u0301tat d\u2019avancement de la mise en \u0153uvre du RGPH-5 ; formuler des recommandation pour la suite de la mise en \u0153uvre du RGPH-5 en abordant efficacement les e\u0301tapes restantes notamment le de\u0301nombrement principal dont la date de de\u0301marrage a e\u0301te\u0301 valide\u0301e pour e\u0302tre soumise au premier ministre \u00bb, a indique\u0301 la ministre du Plan, de la statistique et de l\u2019inte\u0301gration re\u0301gionale, Ingrid Ghislaine Ebouka Babackas.<\/p>\n<p>La date de l\u2019ope\u0301rationnalisation des ope\u0301rations de de\u0301nombrement de la population, attendue a\u0300 e\u0302tre valide\u0301e par le premier ministre ne devra pas de\u0301passer juin 2023 : \u00ab Nous ne pouvons pas vous indiquer la date exacte du de\u0301but des ope\u0301rations de de\u0301nombrement de la population car la primeur revient au premier ministre chef du gouvernement. Mais rassurez-vous que cela interviendra au plus tard en mai prochain \u00bb, a pre\u0301cise\u0301 le directeur ge\u0301ne\u0301ral de l\u2019Institut national de la statistique (INS), Gaspard Symphorien Mbou Likibi.<\/p>\n<p>Cette ope\u0301ration de\u0301mographique et statistique qui aidera dans les politiques de financement des projets de de\u0301veloppement vise a\u0300 exe\u0301cuter notamment le programme de de\u0301veloppement national 2022-2026.<\/p>\n<p>\u00ab La finalisation des travaux du 5e recensement ge\u0301ne\u0301ral de la population et de l\u2019habitation vise un objectif clair, celui de disposer d\u2019informations chiffre\u0301es, actualise\u0301es sur l\u2019effectif global de la population, sa re\u0301partition spatiale ainsi que sur ses caracte\u0301ristiques, a\u0300 l\u2019usage de tous les acteurs prive\u0301 et de la socie\u0301te\u0301 civile, les partenaires au de\u0301veloppement et bien e\u0301videmment l\u2019administration publique. Ces informations deviennent capitales dans le contexte de l\u2019exe\u0301cution du Plan national de de\u0301veloppement 2022-2026 \u00bb, a rappele\u0301 la ministre en charge du Plan et de la statistique.<\/p>\n<p>Au cours de cette 3e\u0300me session ordinaire, les membres de la coordination nationale du RGPH-5 ont garantit le Comite\u0301 technique de la disponibilite\u0301 des moyens financiers et logistiques du gouvernement, de la Banque mondiale et du Fonds des nations unies pour la population (FNUAP) concernant l\u2019exe\u0301cution des ope\u0301rations de de\u0301membrement de la population.<\/p>\n<p><strong>Pour plus d&rsquo;informations et d&rsquo;analyses sur la <a href=\"https:\/\/www.africa-press.net\/congo-brazzaville\">Congo Brazzaville<\/a>, suivez <a href=\"https:\/\/www.africa-press.net\/\">Africa-Press<\/a><\/strong><\/p>\n","protected":false},"excerpt":{"rendered":"<p>Africa-Press &#8211; Congo Brazzaville. La coordination nationale du 5e Recensement ge\u0301ne\u0301ral de la population et de l\u2019habitation (RGPH-5), pre\u0301side\u0301e par la ministre du Plan, de la statistique et de l\u2019inte\u0301gration re\u0301gionale, Ingrid Ghislaine Ebouka Babacka, re\u0301unie au cours de sa 3e session ordinaire le 10 fe\u0301vrier a\u0300 Brazzaville, a annonce\u0301 que la phase exe\u0301cutoire dudit [&hellip;]<\/p>\n","protected":false},"author":82,"featured_media":14310,"comment_status":"open","ping_status":"closed","sticky":false,"template":"","format":"standard","meta":{"footnotes":""},"categories":[21,10],"tags":[36,47,46],"class_list":["post-14311","post","type-post","status-publish","format-standard","has-post-thumbnail","hentry","category-communaute","category-toutes-les-actualites","tag-africa-press","tag-africa-press-congo-brazzaville","tag-congo-brazzaville"],"yoast_head":"<!-- This site is optimized with the Yoast SEO Premium plugin v26.1 (Yoast SEO v27.0) - https:\/\/yoast.com\/product\/yoast-seo-premium-wordpress\/ -->\n<title>la coordination nationale du rgph-5 annonce la phase ex\u00e9cutoire avant juin 2023 - Congo Brazzaville<\/title>\n<meta name=\"description\" content=\"La coordination nationale du 5e Recensement ge\u0301ne\u0301ral de la population et de l\u2019habitation (RGPH-5), pre\u0301side\u0301e par la ...\" \/>\n<meta name=\"robots\" content=\"index, follow, max-snippet:-1, max-image-preview:large, max-video-preview:-1\" \/>\n<link rel=\"canonical\" href=\"https:\/\/www.africa-press.net\/congo-brazzaville\/toutes-les-actualites\/la-coordination-nationale-du-rgph-5-annonce-la-phase-executoire-avant-juin-2023\" \/>\n<meta property=\"og:locale\" content=\"fr_FR\" \/>\n<meta property=\"og:type\" content=\"article\" \/>\n<meta property=\"og:title\" content=\"la coordination nationale du rgph-5 annonce la phase ex\u00e9cutoire avant juin 2023\" \/>\n<meta property=\"og:description\" content=\"La coordination nationale du 5e Recensement ge\u0301ne\u0301ral de la population et de l\u2019habitation (RGPH-5), pre\u0301side\u0301e par la ...\" \/>\n<meta property=\"og:url\" content=\"https:\/\/www.africa-press.net\/congo-brazzaville\/toutes-les-actualites\/la-coordination-nationale-du-rgph-5-annonce-la-phase-executoire-avant-juin-2023\" \/>\n<meta property=\"og:site_name\" content=\"Congo Brazzaville\" \/>\n<meta property=\"article:published_time\" content=\"2023-02-10T17:30:59+00:00\" \/>\n<meta property=\"article:modified_time\" content=\"2023-02-10T19:20:29+00:00\" \/>\n<meta property=\"og:image\" content=\"https:\/\/static.africa-press.net\/congo-brazzaville\/sites\/51\/2023\/02\/postQueueImg_1676037724.62.jpg\" \/>\n\t<meta property=\"og:image:width\" content=\"933\" \/>\n\t<meta property=\"og:image:height\" content=\"445\" \/>\n\t<meta property=\"og:image:type\" content=\"image\/jpeg\" \/>\n<meta name=\"author\" content=\"cfeditorfr\" \/>\n<meta name=\"twitter:card\" content=\"summary_large_image\" \/>\n<meta name=\"twitter:label1\" content=\"\u00c9crit par\" \/>\n\t<meta name=\"twitter:data1\" content=\"cfeditorfr\" \/>\n\t<meta name=\"twitter:label2\" content=\"Dur\u00e9e de lecture estim\u00e9e\" \/>\n\t<meta name=\"twitter:data2\" content=\"3 minutes\" \/>\n<script type=\"application\/ld+json\" class=\"yoast-schema-graph\">{\"@context\":\"https:\/\/schema.org\",\"@graph\":[{\"@type\":\"Article\",\"@id\":\"https:\/\/www.africa-press.net\/congo-brazzaville\/toutes-les-actualites\/la-coordination-nationale-du-rgph-5-annonce-la-phase-executoire-avant-juin-2023#article\",\"isPartOf\":{\"@id\":\"https:\/\/www.africa-press.net\/congo-brazzaville\/toutes-les-actualites\/la-coordination-nationale-du-rgph-5-annonce-la-phase-executoire-avant-juin-2023\"},\"author\":{\"name\":\"cfeditorfr\",\"@id\":\"https:\/\/www.africa-press.net\/congo-brazzaville\/#\/schema\/person\/2b1cf3cd81a31e3cd26889ca66d677f1\"},\"headline\":\"la coordination nationale du rgph-5 annonce la phase ex\u00e9cutoire avant juin 2023\",\"datePublished\":\"2023-02-10T17:30:59+00:00\",\"dateModified\":\"2023-02-10T19:20:29+00:00\",\"mainEntityOfPage\":{\"@id\":\"https:\/\/www.africa-press.net\/congo-brazzaville\/toutes-les-actualites\/la-coordination-nationale-du-rgph-5-annonce-la-phase-executoire-avant-juin-2023\"},\"wordCount\":496,\"commentCount\":0,\"image\":{\"@id\":\"https:\/\/www.africa-press.net\/congo-brazzaville\/toutes-les-actualites\/la-coordination-nationale-du-rgph-5-annonce-la-phase-executoire-avant-juin-2023#primaryimage\"},\"thumbnailUrl\":\"https:\/\/static.africa-press.net\/congo-brazzaville\/sites\/51\/2023\/02\/postQueueImg_1676037724.62.jpg\",\"keywords\":[\"Africa Press\",\"Africa Press-Congo Brazzaville\",\"Congo Brazzaville\"],\"articleSection\":[\"Communaut\u00e9\",\"Toutes les actualit\u00e9s\"],\"inLanguage\":\"fr-FR\",\"potentialAction\":[{\"@type\":\"CommentAction\",\"name\":\"Comment\",\"target\":[\"https:\/\/www.africa-press.net\/congo-brazzaville\/toutes-les-actualites\/la-coordination-nationale-du-rgph-5-annonce-la-phase-executoire-avant-juin-2023#respond\"]}]},{\"@type\":\"WebPage\",\"@id\":\"https:\/\/www.africa-press.net\/congo-brazzaville\/toutes-les-actualites\/la-coordination-nationale-du-rgph-5-annonce-la-phase-executoire-avant-juin-2023\",\"url\":\"https:\/\/www.africa-press.net\/congo-brazzaville\/toutes-les-actualites\/la-coordination-nationale-du-rgph-5-annonce-la-phase-executoire-avant-juin-2023\",\"name\":\"la coordination nationale du rgph-5 annonce la phase ex\u00e9cutoire avant juin 2023 - Congo Brazzaville\",\"isPartOf\":{\"@id\":\"https:\/\/www.africa-press.net\/congo-brazzaville\/#website\"},\"primaryImageOfPage\":{\"@id\":\"https:\/\/www.africa-press.net\/congo-brazzaville\/toutes-les-actualites\/la-coordination-nationale-du-rgph-5-annonce-la-phase-executoire-avant-juin-2023#primaryimage\"},\"image\":{\"@id\":\"https:\/\/www.africa-press.net\/congo-brazzaville\/toutes-les-actualites\/la-coordination-nationale-du-rgph-5-annonce-la-phase-executoire-avant-juin-2023#primaryimage\"},\"thumbnailUrl\":\"https:\/\/static.africa-press.net\/congo-brazzaville\/sites\/51\/2023\/02\/postQueueImg_1676037724.62.jpg\",\"datePublished\":\"2023-02-10T17:30:59+00:00\",\"dateModified\":\"2023-02-10T19:20:29+00:00\",\"author\":{\"@id\":\"https:\/\/www.africa-press.net\/congo-brazzaville\/#\/schema\/person\/2b1cf3cd81a31e3cd26889ca66d677f1\"},\"description\":\"La coordination nationale du 5e Recensement ge\u0301ne\u0301ral de la population et de l\u2019habitation (RGPH-5), pre\u0301side\u0301e par la ...\",\"breadcrumb\":{\"@id\":\"https:\/\/www.africa-press.net\/congo-brazzaville\/toutes-les-actualites\/la-coordination-nationale-du-rgph-5-annonce-la-phase-executoire-avant-juin-2023#breadcrumb\"},\"inLanguage\":\"fr-FR\",\"potentialAction\":[{\"@type\":\"ReadAction\",\"target\":[\"https:\/\/www.africa-press.net\/congo-brazzaville\/toutes-les-actualites\/la-coordination-nationale-du-rgph-5-annonce-la-phase-executoire-avant-juin-2023\"]}]},{\"@type\":\"ImageObject\",\"inLanguage\":\"fr-FR\",\"@id\":\"https:\/\/www.africa-press.net\/congo-brazzaville\/toutes-les-actualites\/la-coordination-nationale-du-rgph-5-annonce-la-phase-executoire-avant-juin-2023#primaryimage\",\"url\":\"https:\/\/static.africa-press.net\/congo-brazzaville\/sites\/51\/2023\/02\/postQueueImg_1676037724.62.jpg\",\"contentUrl\":\"https:\/\/static.africa-press.net\/congo-brazzaville\/sites\/51\/2023\/02\/postQueueImg_1676037724.62.jpg\",\"width\":933,\"height\":445,\"caption\":\"la coordination nationale du rgph-5 annonce la phase ex\u00e9cutoire avant juin 2023\"},{\"@type\":\"BreadcrumbList\",\"@id\":\"https:\/\/www.africa-press.net\/congo-brazzaville\/toutes-les-actualites\/la-coordination-nationale-du-rgph-5-annonce-la-phase-executoire-avant-juin-2023#breadcrumb\",\"itemListElement\":[{\"@type\":\"ListItem\",\"position\":1,\"name\":\"Accueil\",\"item\":\"https:\/\/www.africa-press.net\/congo-brazzaville\/\"},{\"@type\":\"ListItem\",\"position\":2,\"name\":\"la coordination nationale du rgph-5 annonce la phase ex\u00e9cutoire avant juin 2023\"}]},{\"@type\":\"WebSite\",\"@id\":\"https:\/\/www.africa-press.net\/congo-brazzaville\/#website\",\"url\":\"https:\/\/www.africa-press.net\/congo-brazzaville\/\",\"name\":\"Congo Brazzaville\",\"description\":\"Just another Africa News Agency Sites site\",\"potentialAction\":[{\"@type\":\"SearchAction\",\"target\":{\"@type\":\"EntryPoint\",\"urlTemplate\":\"https:\/\/www.africa-press.net\/congo-brazzaville\/?s={search_term_string}\"},\"query-input\":{\"@type\":\"PropertyValueSpecification\",\"valueRequired\":true,\"valueName\":\"search_term_string\"}}],\"inLanguage\":\"fr-FR\"},{\"@type\":\"Person\",\"@id\":\"https:\/\/www.africa-press.net\/congo-brazzaville\/#\/schema\/person\/2b1cf3cd81a31e3cd26889ca66d677f1\",\"name\":\"cfeditorfr\"}]}<\/script>\n<!-- \/ Yoast SEO Premium plugin. -->","yoast_head_json":{"title":"la coordination nationale du rgph-5 annonce la phase ex\u00e9cutoire avant juin 2023 - Congo Brazzaville","description":"La coordination nationale du 5e Recensement ge\u0301ne\u0301ral de la population et de l\u2019habitation (RGPH-5), pre\u0301side\u0301e par la ...","robots":{"index":"index","follow":"follow","max-snippet":"max-snippet:-1","max-image-preview":"max-image-preview:large","max-video-preview":"max-video-preview:-1"},"canonical":"https:\/\/www.africa-press.net\/congo-brazzaville\/toutes-les-actualites\/la-coordination-nationale-du-rgph-5-annonce-la-phase-executoire-avant-juin-2023","og_locale":"fr_FR","og_type":"article","og_title":"la coordination nationale du rgph-5 annonce la phase ex\u00e9cutoire avant juin 2023","og_description":"La coordination nationale du 5e Recensement ge\u0301ne\u0301ral de la population et de l\u2019habitation (RGPH-5), pre\u0301side\u0301e par la ...","og_url":"https:\/\/www.africa-press.net\/congo-brazzaville\/toutes-les-actualites\/la-coordination-nationale-du-rgph-5-annonce-la-phase-executoire-avant-juin-2023","og_site_name":"Congo Brazzaville","article_published_time":"2023-02-10T17:30:59+00:00","article_modified_time":"2023-02-10T19:20:29+00:00","og_image":[{"width":933,"height":445,"url":"https:\/\/static.africa-press.net\/congo-brazzaville\/sites\/51\/2023\/02\/postQueueImg_1676037724.62.jpg","type":"image\/jpeg"}],"author":"cfeditorfr","twitter_card":"summary_large_image","twitter_misc":{"\u00c9crit par":"cfeditorfr","Dur\u00e9e de lecture estim\u00e9e":"3 minutes"},"schema":{"@context":"https:\/\/schema.org","@graph":[{"@type":"Article","@id":"https:\/\/www.africa-press.net\/congo-brazzaville\/toutes-les-actualites\/la-coordination-nationale-du-rgph-5-annonce-la-phase-executoire-avant-juin-2023#article","isPartOf":{"@id":"https:\/\/www.africa-press.net\/congo-brazzaville\/toutes-les-actualites\/la-coordination-nationale-du-rgph-5-annonce-la-phase-executoire-avant-juin-2023"},"author":{"name":"cfeditorfr","@id":"https:\/\/www.africa-press.net\/congo-brazzaville\/#\/schema\/person\/2b1cf3cd81a31e3cd26889ca66d677f1"},"headline":"la coordination nationale du rgph-5 annonce la phase ex\u00e9cutoire avant juin 2023","datePublished":"2023-02-10T17:30:59+00:00","dateModified":"2023-02-10T19:20:29+00:00","mainEntityOfPage":{"@id":"https:\/\/www.africa-press.net\/congo-brazzaville\/toutes-les-actualites\/la-coordination-nationale-du-rgph-5-annonce-la-phase-executoire-avant-juin-2023"},"wordCount":496,"commentCount":0,"image":{"@id":"https:\/\/www.africa-press.net\/congo-brazzaville\/toutes-les-actualites\/la-coordination-nationale-du-rgph-5-annonce-la-phase-executoire-avant-juin-2023#primaryimage"},"thumbnailUrl":"https:\/\/static.africa-press.net\/congo-brazzaville\/sites\/51\/2023\/02\/postQueueImg_1676037724.62.jpg","keywords":["Africa Press","Africa Press-Congo Brazzaville","Congo Brazzaville"],"articleSection":["Communaut\u00e9","Toutes les actualit\u00e9s"],"inLanguage":"fr-FR","potentialAction":[{"@type":"CommentAction","name":"Comment","target":["https:\/\/www.africa-press.net\/congo-brazzaville\/toutes-les-actualites\/la-coordination-nationale-du-rgph-5-annonce-la-phase-executoire-avant-juin-2023#respond"]}]},{"@type":"WebPage","@id":"https:\/\/www.africa-press.net\/congo-brazzaville\/toutes-les-actualites\/la-coordination-nationale-du-rgph-5-annonce-la-phase-executoire-avant-juin-2023","url":"https:\/\/www.africa-press.net\/congo-brazzaville\/toutes-les-actualites\/la-coordination-nationale-du-rgph-5-annonce-la-phase-executoire-avant-juin-2023","name":"la coordination nationale du rgph-5 annonce la phase ex\u00e9cutoire avant juin 2023 - Congo Brazzaville","isPartOf":{"@id":"https:\/\/www.africa-press.net\/congo-brazzaville\/#website"},"primaryImageOfPage":{"@id":"https:\/\/www.africa-press.net\/congo-brazzaville\/toutes-les-actualites\/la-coordination-nationale-du-rgph-5-annonce-la-phase-executoire-avant-juin-2023#primaryimage"},"image":{"@id":"https:\/\/www.africa-press.net\/congo-brazzaville\/toutes-les-actualites\/la-coordination-nationale-du-rgph-5-annonce-la-phase-executoire-avant-juin-2023#primaryimage"},"thumbnailUrl":"https:\/\/static.africa-press.net\/congo-brazzaville\/sites\/51\/2023\/02\/postQueueImg_1676037724.62.jpg","datePublished":"2023-02-10T17:30:59+00:00","dateModified":"2023-02-10T19:20:29+00:00","author":{"@id":"https:\/\/www.africa-press.net\/congo-brazzaville\/#\/schema\/person\/2b1cf3cd81a31e3cd26889ca66d677f1"},"description":"La coordination nationale du 5e Recensement ge\u0301ne\u0301ral de la population et de l\u2019habitation (RGPH-5), pre\u0301side\u0301e par la ...","breadcrumb":{"@id":"https:\/\/www.africa-press.net\/congo-brazzaville\/toutes-les-actualites\/la-coordination-nationale-du-rgph-5-annonce-la-phase-executoire-avant-juin-2023#breadcrumb"},"inLanguage":"fr-FR","potentialAction":[{"@type":"ReadAction","target":["https:\/\/www.africa-press.net\/congo-brazzaville\/toutes-les-actualites\/la-coordination-nationale-du-rgph-5-annonce-la-phase-executoire-avant-juin-2023"]}]},{"@type":"ImageObject","inLanguage":"fr-FR","@id":"https:\/\/www.africa-press.net\/congo-brazzaville\/toutes-les-actualites\/la-coordination-nationale-du-rgph-5-annonce-la-phase-executoire-avant-juin-2023#primaryimage","url":"https:\/\/static.africa-press.net\/congo-brazzaville\/sites\/51\/2023\/02\/postQueueImg_1676037724.62.jpg","contentUrl":"https:\/\/static.africa-press.net\/congo-brazzaville\/sites\/51\/2023\/02\/postQueueImg_1676037724.62.jpg","width":933,"height":445,"caption":"la coordination nationale du rgph-5 annonce la phase ex\u00e9cutoire avant juin 2023"},{"@type":"BreadcrumbList","@id":"https:\/\/www.africa-press.net\/congo-brazzaville\/toutes-les-actualites\/la-coordination-nationale-du-rgph-5-annonce-la-phase-executoire-avant-juin-2023#breadcrumb","itemListElement":[{"@type":"ListItem","position":1,"name":"Accueil","item":"https:\/\/www.africa-press.net\/congo-brazzaville\/"},{"@type":"ListItem","position":2,"name":"la coordination nationale du rgph-5 annonce la phase ex\u00e9cutoire avant juin 2023"}]},{"@type":"WebSite","@id":"https:\/\/www.africa-press.net\/congo-brazzaville\/#website","url":"https:\/\/www.africa-press.net\/congo-brazzaville\/","name":"Congo Brazzaville","description":"Just another Africa News Agency Sites site","potentialAction":[{"@type":"SearchAction","target":{"@type":"EntryPoint","urlTemplate":"https:\/\/www.africa-press.net\/congo-brazzaville\/?s={search_term_string}"},"query-input":{"@type":"PropertyValueSpecification","valueRequired":true,"valueName":"search_term_string"}}],"inLanguage":"fr-FR"},{"@type":"Person","@id":"https:\/\/www.africa-press.net\/congo-brazzaville\/#\/schema\/person\/2b1cf3cd81a31e3cd26889ca66d677f1","name":"cfeditorfr"}]}},"_links":{"self":[{"href":"https:\/\/www.africa-press.net\/congo-brazzaville\/wp-json\/wp\/v2\/posts\/14311","targetHints":{"allow":["GET"]}}],"collection":[{"href":"https:\/\/www.africa-press.net\/congo-brazzaville\/wp-json\/wp\/v2\/posts"}],"about":[{"href":"https:\/\/www.africa-press.net\/congo-brazzaville\/wp-json\/wp\/v2\/types\/post"}],"author":[{"embeddable":true,"href":"https:\/\/www.africa-press.net\/congo-brazzaville\/wp-json\/wp\/v2\/users\/82"}],"replies":[{"embeddable":true,"href":"https:\/\/www.africa-press.net\/congo-brazzaville\/wp-json\/wp\/v2\/comments?post=14311"}],"version-history":[{"count":0,"href":"https:\/\/www.africa-press.net\/congo-brazzaville\/wp-json\/wp\/v2\/posts\/14311\/revisions"}],"wp:featuredmedia":[{"embeddable":true,"href":"https:\/\/www.africa-press.net\/congo-brazzaville\/wp-json\/wp\/v2\/media\/14310"}],"wp:attachment":[{"href":"https:\/\/www.africa-press.net\/congo-brazzaville\/wp-json\/wp\/v2\/media?parent=14311"}],"wp:term":[{"taxonomy":"category","embeddable":true,"href":"https:\/\/www.africa-press.net\/congo-brazzaville\/wp-json\/wp\/v2\/categories?post=14311"},{"taxonomy":"post_tag","embeddable":true,"href":"https:\/\/www.africa-press.net\/congo-brazzaville\/wp-json\/wp\/v2\/tags?post=14311"}],"curies":[{"name":"wp","href":"https:\/\/api.w.org\/{rel}","templated":true}]}}