{"id":14313,"date":"2023-02-10T17:32:28","date_gmt":"2023-02-10T17:32:28","guid":{"rendered":"https:\/\/www.africa-press.net\/congo-brazzaville\/politique\/les-retraites-revendiquent-le-paiement-des-arrieres-de-pensions"},"modified":"2023-02-10T19:21:04","modified_gmt":"2023-02-10T19:21:04","slug":"les-retraites-revendiquent-le-paiement-des-arrieres-de-pensions","status":"publish","type":"post","link":"https:\/\/www.africa-press.net\/congo-brazzaville\/toutes-les-actualites\/les-retraites-revendiquent-le-paiement-des-arrieres-de-pensions","title":{"rendered":"les retrait\u00e9s revendiquent le paiement des arri\u00e9r\u00e9s de pensions"},"content":{"rendered":"<p><span style=\"color: #ff6600\"><strong>Africa-Press &#8211; Congo Brazzaville. <\/strong><\/span><b>Le rapporteur de la coordination nationale des associations des fonctionnaires et assimile\u0301s retraite\u0301s affilie\u0301es a\u0300 la caisse de retraite des fonctionnaires Daniel Ondia a indique\u0301 le 10 fe\u0301vrier a\u0300 Brazzaville que, les membres de cette plateforme avaient demande\u0301 aux responsables de poursuivre les revendications, en vue d\u2019ame\u0301liorer leur situation sociale.<\/b><\/p>\n<p>\u00ab S\u2019agissant de l\u2019harmonisation des pensions a\u0300 la valeur du point d\u2019indice 300 francs CFA ; le paiement des arrie\u0301re\u0301s et arre\u0301rages des pensions audite\u0301s en 2015 ;le paiement des arrie\u0301re\u0301s et arre\u0301rages des pensions de 39 mois ; la re\u0301gularisation des situations administratives, nous recommandons aux membres du bureau exe\u0301cutif national de cette plateforme de travailler et de tout mettre en \u0153uvre pour trouver des solutions aupre\u0300s des pouvoirs publics \u00bb , a fait savoir le rapporteur Daniel Ondia ,lors de la 3e\u0300me assemble\u0301e ge\u0301ne\u0301rale ordinaire de la coordination nationale des associations des fonctionnaires et assimile\u0301s retraite\u0301s affilie\u0301es a\u0300 la caisse de retraite des fonctionnaires.<\/p>\n<p>De son co\u0302te\u0301 le pre\u0301sident de la coordination nationale des associations des fonctionnaires et assimile\u0301s retraite\u0301s affilie\u0301s a\u0300 la caisse de retraite des fonctionnaires Alphonse Lebvoua, a exhorte\u0301 l\u2019ensemble des membres de cette plateforme a\u0300 plus de responsabilite\u0301 et d\u2019abne\u0301gation pour faire entendre sa voix, afin de parvenir a\u0300 l\u2019aboutissement heureux des revendications contenues dans son cahier de Charges.<\/p>\n<p>\u00ab L\u2019anne\u0301e 2022 a e\u0301te\u0301 parseme\u0301e d\u2019embuches, mais le bilan des activite\u0301s mene\u0301es e\u0301tait positif, parce que nous avons obtenu de la part du gouvernement la re\u0301gularite\u0301 dans le paiement des pensions \u00bb, a conclu le Vice-pre\u0301sident de la CNAFARA\/CRF Norbert Goulou-Tsiba.<\/p>\n<p><strong>Pour plus d&rsquo;informations et d&rsquo;analyses sur la <a href=\"https:\/\/www.africa-press.net\/congo-brazzaville\">Congo Brazzaville<\/a>, suivez <a href=\"https:\/\/www.africa-press.net\/\">Africa-Press<\/a><\/strong><\/p>\n","protected":false},"excerpt":{"rendered":"<p>Africa-Press &#8211; Congo Brazzaville. Le rapporteur de la coordination nationale des associations des fonctionnaires et assimile\u0301s retraite\u0301s affilie\u0301es a\u0300 la caisse de retraite des fonctionnaires Daniel Ondia a indique\u0301 le 10 fe\u0301vrier a\u0300 Brazzaville que, les membres de cette plateforme avaient demande\u0301 aux responsables de poursuivre les revendications, en vue d\u2019ame\u0301liorer leur situation sociale. \u00ab [&hellip;]<\/p>\n","protected":false},"author":82,"featured_media":14312,"comment_status":"open","ping_status":"closed","sticky":false,"template":"","format":"standard","meta":{"footnotes":""},"categories":[21,10],"tags":[36,47,46],"class_list":["post-14313","post","type-post","status-publish","format-standard","has-post-thumbnail","hentry","category-communaute","category-toutes-les-actualites","tag-africa-press","tag-africa-press-congo-brazzaville","tag-congo-brazzaville"],"yoast_head":"<!-- This site is optimized with the Yoast SEO Premium plugin v26.1 (Yoast SEO v27.0) - https:\/\/yoast.com\/product\/yoast-seo-premium-wordpress\/ -->\n<title>les retrait\u00e9s revendiquent le paiement des arri\u00e9r\u00e9s de pensions - Congo Brazzaville<\/title>\n<meta name=\"description\" content=\"Le rapporteur de la coordination nationale des associations des fonctionnaires et assimile\u0301s retraite\u0301s affilie\u0301es a\u0300 ...\" \/>\n<meta name=\"robots\" content=\"index, follow, max-snippet:-1, max-image-preview:large, max-video-preview:-1\" \/>\n<link rel=\"canonical\" href=\"https:\/\/www.africa-press.net\/congo-brazzaville\/toutes-les-actualites\/les-retraites-revendiquent-le-paiement-des-arrieres-de-pensions\" \/>\n<meta property=\"og:locale\" content=\"fr_FR\" \/>\n<meta property=\"og:type\" content=\"article\" \/>\n<meta property=\"og:title\" content=\"les retrait\u00e9s revendiquent le paiement des arri\u00e9r\u00e9s de pensions\" \/>\n<meta property=\"og:description\" content=\"Le rapporteur de la coordination nationale des associations des fonctionnaires et assimile\u0301s retraite\u0301s affilie\u0301es a\u0300 ...\" \/>\n<meta property=\"og:url\" content=\"https:\/\/www.africa-press.net\/congo-brazzaville\/toutes-les-actualites\/les-retraites-revendiquent-le-paiement-des-arrieres-de-pensions\" \/>\n<meta property=\"og:site_name\" content=\"Congo Brazzaville\" \/>\n<meta property=\"article:published_time\" content=\"2023-02-10T17:32:28+00:00\" \/>\n<meta property=\"article:modified_time\" content=\"2023-02-10T19:21:04+00:00\" \/>\n<meta property=\"og:image\" content=\"https:\/\/static.africa-press.net\/congo-brazzaville\/sites\/51\/2023\/02\/postQueueImg_1676037762.67.jpg\" \/>\n\t<meta property=\"og:image:width\" content=\"933\" \/>\n\t<meta property=\"og:image:height\" content=\"445\" \/>\n\t<meta property=\"og:image:type\" content=\"image\/jpeg\" \/>\n<meta name=\"author\" content=\"cfeditorfr\" \/>\n<meta name=\"twitter:card\" content=\"summary_large_image\" \/>\n<meta name=\"twitter:label1\" content=\"\u00c9crit par\" \/>\n\t<meta name=\"twitter:data1\" content=\"cfeditorfr\" \/>\n\t<meta name=\"twitter:label2\" content=\"Dur\u00e9e de lecture estim\u00e9e\" \/>\n\t<meta name=\"twitter:data2\" content=\"2 minutes\" \/>\n<script type=\"application\/ld+json\" class=\"yoast-schema-graph\">{\"@context\":\"https:\/\/schema.org\",\"@graph\":[{\"@type\":\"Article\",\"@id\":\"https:\/\/www.africa-press.net\/congo-brazzaville\/toutes-les-actualites\/les-retraites-revendiquent-le-paiement-des-arrieres-de-pensions#article\",\"isPartOf\":{\"@id\":\"https:\/\/www.africa-press.net\/congo-brazzaville\/toutes-les-actualites\/les-retraites-revendiquent-le-paiement-des-arrieres-de-pensions\"},\"author\":{\"name\":\"cfeditorfr\",\"@id\":\"https:\/\/www.africa-press.net\/congo-brazzaville\/#\/schema\/person\/2b1cf3cd81a31e3cd26889ca66d677f1\"},\"headline\":\"les retrait\u00e9s revendiquent le paiement des arri\u00e9r\u00e9s de pensions\",\"datePublished\":\"2023-02-10T17:32:28+00:00\",\"dateModified\":\"2023-02-10T19:21:04+00:00\",\"mainEntityOfPage\":{\"@id\":\"https:\/\/www.africa-press.net\/congo-brazzaville\/toutes-les-actualites\/les-retraites-revendiquent-le-paiement-des-arrieres-de-pensions\"},\"wordCount\":320,\"commentCount\":0,\"image\":{\"@id\":\"https:\/\/www.africa-press.net\/congo-brazzaville\/toutes-les-actualites\/les-retraites-revendiquent-le-paiement-des-arrieres-de-pensions#primaryimage\"},\"thumbnailUrl\":\"https:\/\/static.africa-press.net\/congo-brazzaville\/sites\/51\/2023\/02\/postQueueImg_1676037762.67.jpg\",\"keywords\":[\"Africa Press\",\"Africa Press-Congo Brazzaville\",\"Congo Brazzaville\"],\"articleSection\":[\"Communaut\u00e9\",\"Toutes les actualit\u00e9s\"],\"inLanguage\":\"fr-FR\",\"potentialAction\":[{\"@type\":\"CommentAction\",\"name\":\"Comment\",\"target\":[\"https:\/\/www.africa-press.net\/congo-brazzaville\/toutes-les-actualites\/les-retraites-revendiquent-le-paiement-des-arrieres-de-pensions#respond\"]}]},{\"@type\":\"WebPage\",\"@id\":\"https:\/\/www.africa-press.net\/congo-brazzaville\/toutes-les-actualites\/les-retraites-revendiquent-le-paiement-des-arrieres-de-pensions\",\"url\":\"https:\/\/www.africa-press.net\/congo-brazzaville\/toutes-les-actualites\/les-retraites-revendiquent-le-paiement-des-arrieres-de-pensions\",\"name\":\"les retrait\u00e9s revendiquent le paiement des arri\u00e9r\u00e9s de pensions - Congo Brazzaville\",\"isPartOf\":{\"@id\":\"https:\/\/www.africa-press.net\/congo-brazzaville\/#website\"},\"primaryImageOfPage\":{\"@id\":\"https:\/\/www.africa-press.net\/congo-brazzaville\/toutes-les-actualites\/les-retraites-revendiquent-le-paiement-des-arrieres-de-pensions#primaryimage\"},\"image\":{\"@id\":\"https:\/\/www.africa-press.net\/congo-brazzaville\/toutes-les-actualites\/les-retraites-revendiquent-le-paiement-des-arrieres-de-pensions#primaryimage\"},\"thumbnailUrl\":\"https:\/\/static.africa-press.net\/congo-brazzaville\/sites\/51\/2023\/02\/postQueueImg_1676037762.67.jpg\",\"datePublished\":\"2023-02-10T17:32:28+00:00\",\"dateModified\":\"2023-02-10T19:21:04+00:00\",\"author\":{\"@id\":\"https:\/\/www.africa-press.net\/congo-brazzaville\/#\/schema\/person\/2b1cf3cd81a31e3cd26889ca66d677f1\"},\"description\":\"Le rapporteur de la coordination nationale des associations des fonctionnaires et assimile\u0301s retraite\u0301s affilie\u0301es a\u0300 ...\",\"breadcrumb\":{\"@id\":\"https:\/\/www.africa-press.net\/congo-brazzaville\/toutes-les-actualites\/les-retraites-revendiquent-le-paiement-des-arrieres-de-pensions#breadcrumb\"},\"inLanguage\":\"fr-FR\",\"potentialAction\":[{\"@type\":\"ReadAction\",\"target\":[\"https:\/\/www.africa-press.net\/congo-brazzaville\/toutes-les-actualites\/les-retraites-revendiquent-le-paiement-des-arrieres-de-pensions\"]}]},{\"@type\":\"ImageObject\",\"inLanguage\":\"fr-FR\",\"@id\":\"https:\/\/www.africa-press.net\/congo-brazzaville\/toutes-les-actualites\/les-retraites-revendiquent-le-paiement-des-arrieres-de-pensions#primaryimage\",\"url\":\"https:\/\/static.africa-press.net\/congo-brazzaville\/sites\/51\/2023\/02\/postQueueImg_1676037762.67.jpg\",\"contentUrl\":\"https:\/\/static.africa-press.net\/congo-brazzaville\/sites\/51\/2023\/02\/postQueueImg_1676037762.67.jpg\",\"width\":933,\"height\":445,\"caption\":\"les retrait\u00e9s revendiquent le paiement des arri\u00e9r\u00e9s de pensions\"},{\"@type\":\"BreadcrumbList\",\"@id\":\"https:\/\/www.africa-press.net\/congo-brazzaville\/toutes-les-actualites\/les-retraites-revendiquent-le-paiement-des-arrieres-de-pensions#breadcrumb\",\"itemListElement\":[{\"@type\":\"ListItem\",\"position\":1,\"name\":\"Accueil\",\"item\":\"https:\/\/www.africa-press.net\/congo-brazzaville\/\"},{\"@type\":\"ListItem\",\"position\":2,\"name\":\"les retrait\u00e9s revendiquent le paiement des arri\u00e9r\u00e9s de pensions\"}]},{\"@type\":\"WebSite\",\"@id\":\"https:\/\/www.africa-press.net\/congo-brazzaville\/#website\",\"url\":\"https:\/\/www.africa-press.net\/congo-brazzaville\/\",\"name\":\"Congo Brazzaville\",\"description\":\"Just another Africa News Agency Sites site\",\"potentialAction\":[{\"@type\":\"SearchAction\",\"target\":{\"@type\":\"EntryPoint\",\"urlTemplate\":\"https:\/\/www.africa-press.net\/congo-brazzaville\/?s={search_term_string}\"},\"query-input\":{\"@type\":\"PropertyValueSpecification\",\"valueRequired\":true,\"valueName\":\"search_term_string\"}}],\"inLanguage\":\"fr-FR\"},{\"@type\":\"Person\",\"@id\":\"https:\/\/www.africa-press.net\/congo-brazzaville\/#\/schema\/person\/2b1cf3cd81a31e3cd26889ca66d677f1\",\"name\":\"cfeditorfr\"}]}<\/script>\n<!-- \/ Yoast SEO Premium plugin. -->","yoast_head_json":{"title":"les retrait\u00e9s revendiquent le paiement des arri\u00e9r\u00e9s de pensions - Congo Brazzaville","description":"Le rapporteur de la coordination nationale des associations des fonctionnaires et assimile\u0301s retraite\u0301s affilie\u0301es a\u0300 ...","robots":{"index":"index","follow":"follow","max-snippet":"max-snippet:-1","max-image-preview":"max-image-preview:large","max-video-preview":"max-video-preview:-1"},"canonical":"https:\/\/www.africa-press.net\/congo-brazzaville\/toutes-les-actualites\/les-retraites-revendiquent-le-paiement-des-arrieres-de-pensions","og_locale":"fr_FR","og_type":"article","og_title":"les retrait\u00e9s revendiquent le paiement des arri\u00e9r\u00e9s de pensions","og_description":"Le rapporteur de la coordination nationale des associations des fonctionnaires et assimile\u0301s retraite\u0301s affilie\u0301es a\u0300 ...","og_url":"https:\/\/www.africa-press.net\/congo-brazzaville\/toutes-les-actualites\/les-retraites-revendiquent-le-paiement-des-arrieres-de-pensions","og_site_name":"Congo Brazzaville","article_published_time":"2023-02-10T17:32:28+00:00","article_modified_time":"2023-02-10T19:21:04+00:00","og_image":[{"width":933,"height":445,"url":"https:\/\/static.africa-press.net\/congo-brazzaville\/sites\/51\/2023\/02\/postQueueImg_1676037762.67.jpg","type":"image\/jpeg"}],"author":"cfeditorfr","twitter_card":"summary_large_image","twitter_misc":{"\u00c9crit par":"cfeditorfr","Dur\u00e9e de lecture estim\u00e9e":"2 minutes"},"schema":{"@context":"https:\/\/schema.org","@graph":[{"@type":"Article","@id":"https:\/\/www.africa-press.net\/congo-brazzaville\/toutes-les-actualites\/les-retraites-revendiquent-le-paiement-des-arrieres-de-pensions#article","isPartOf":{"@id":"https:\/\/www.africa-press.net\/congo-brazzaville\/toutes-les-actualites\/les-retraites-revendiquent-le-paiement-des-arrieres-de-pensions"},"author":{"name":"cfeditorfr","@id":"https:\/\/www.africa-press.net\/congo-brazzaville\/#\/schema\/person\/2b1cf3cd81a31e3cd26889ca66d677f1"},"headline":"les retrait\u00e9s revendiquent le paiement des arri\u00e9r\u00e9s de pensions","datePublished":"2023-02-10T17:32:28+00:00","dateModified":"2023-02-10T19:21:04+00:00","mainEntityOfPage":{"@id":"https:\/\/www.africa-press.net\/congo-brazzaville\/toutes-les-actualites\/les-retraites-revendiquent-le-paiement-des-arrieres-de-pensions"},"wordCount":320,"commentCount":0,"image":{"@id":"https:\/\/www.africa-press.net\/congo-brazzaville\/toutes-les-actualites\/les-retraites-revendiquent-le-paiement-des-arrieres-de-pensions#primaryimage"},"thumbnailUrl":"https:\/\/static.africa-press.net\/congo-brazzaville\/sites\/51\/2023\/02\/postQueueImg_1676037762.67.jpg","keywords":["Africa Press","Africa Press-Congo Brazzaville","Congo Brazzaville"],"articleSection":["Communaut\u00e9","Toutes les actualit\u00e9s"],"inLanguage":"fr-FR","potentialAction":[{"@type":"CommentAction","name":"Comment","target":["https:\/\/www.africa-press.net\/congo-brazzaville\/toutes-les-actualites\/les-retraites-revendiquent-le-paiement-des-arrieres-de-pensions#respond"]}]},{"@type":"WebPage","@id":"https:\/\/www.africa-press.net\/congo-brazzaville\/toutes-les-actualites\/les-retraites-revendiquent-le-paiement-des-arrieres-de-pensions","url":"https:\/\/www.africa-press.net\/congo-brazzaville\/toutes-les-actualites\/les-retraites-revendiquent-le-paiement-des-arrieres-de-pensions","name":"les retrait\u00e9s revendiquent le paiement des arri\u00e9r\u00e9s de pensions - Congo Brazzaville","isPartOf":{"@id":"https:\/\/www.africa-press.net\/congo-brazzaville\/#website"},"primaryImageOfPage":{"@id":"https:\/\/www.africa-press.net\/congo-brazzaville\/toutes-les-actualites\/les-retraites-revendiquent-le-paiement-des-arrieres-de-pensions#primaryimage"},"image":{"@id":"https:\/\/www.africa-press.net\/congo-brazzaville\/toutes-les-actualites\/les-retraites-revendiquent-le-paiement-des-arrieres-de-pensions#primaryimage"},"thumbnailUrl":"https:\/\/static.africa-press.net\/congo-brazzaville\/sites\/51\/2023\/02\/postQueueImg_1676037762.67.jpg","datePublished":"2023-02-10T17:32:28+00:00","dateModified":"2023-02-10T19:21:04+00:00","author":{"@id":"https:\/\/www.africa-press.net\/congo-brazzaville\/#\/schema\/person\/2b1cf3cd81a31e3cd26889ca66d677f1"},"description":"Le rapporteur de la coordination nationale des associations des fonctionnaires et assimile\u0301s retraite\u0301s affilie\u0301es a\u0300 ...","breadcrumb":{"@id":"https:\/\/www.africa-press.net\/congo-brazzaville\/toutes-les-actualites\/les-retraites-revendiquent-le-paiement-des-arrieres-de-pensions#breadcrumb"},"inLanguage":"fr-FR","potentialAction":[{"@type":"ReadAction","target":["https:\/\/www.africa-press.net\/congo-brazzaville\/toutes-les-actualites\/les-retraites-revendiquent-le-paiement-des-arrieres-de-pensions"]}]},{"@type":"ImageObject","inLanguage":"fr-FR","@id":"https:\/\/www.africa-press.net\/congo-brazzaville\/toutes-les-actualites\/les-retraites-revendiquent-le-paiement-des-arrieres-de-pensions#primaryimage","url":"https:\/\/static.africa-press.net\/congo-brazzaville\/sites\/51\/2023\/02\/postQueueImg_1676037762.67.jpg","contentUrl":"https:\/\/static.africa-press.net\/congo-brazzaville\/sites\/51\/2023\/02\/postQueueImg_1676037762.67.jpg","width":933,"height":445,"caption":"les retrait\u00e9s revendiquent le paiement des arri\u00e9r\u00e9s de pensions"},{"@type":"BreadcrumbList","@id":"https:\/\/www.africa-press.net\/congo-brazzaville\/toutes-les-actualites\/les-retraites-revendiquent-le-paiement-des-arrieres-de-pensions#breadcrumb","itemListElement":[{"@type":"ListItem","position":1,"name":"Accueil","item":"https:\/\/www.africa-press.net\/congo-brazzaville\/"},{"@type":"ListItem","position":2,"name":"les retrait\u00e9s revendiquent le paiement des arri\u00e9r\u00e9s de pensions"}]},{"@type":"WebSite","@id":"https:\/\/www.africa-press.net\/congo-brazzaville\/#website","url":"https:\/\/www.africa-press.net\/congo-brazzaville\/","name":"Congo Brazzaville","description":"Just another Africa News Agency Sites site","potentialAction":[{"@type":"SearchAction","target":{"@type":"EntryPoint","urlTemplate":"https:\/\/www.africa-press.net\/congo-brazzaville\/?s={search_term_string}"},"query-input":{"@type":"PropertyValueSpecification","valueRequired":true,"valueName":"search_term_string"}}],"inLanguage":"fr-FR"},{"@type":"Person","@id":"https:\/\/www.africa-press.net\/congo-brazzaville\/#\/schema\/person\/2b1cf3cd81a31e3cd26889ca66d677f1","name":"cfeditorfr"}]}},"_links":{"self":[{"href":"https:\/\/www.africa-press.net\/congo-brazzaville\/wp-json\/wp\/v2\/posts\/14313","targetHints":{"allow":["GET"]}}],"collection":[{"href":"https:\/\/www.africa-press.net\/congo-brazzaville\/wp-json\/wp\/v2\/posts"}],"about":[{"href":"https:\/\/www.africa-press.net\/congo-brazzaville\/wp-json\/wp\/v2\/types\/post"}],"author":[{"embeddable":true,"href":"https:\/\/www.africa-press.net\/congo-brazzaville\/wp-json\/wp\/v2\/users\/82"}],"replies":[{"embeddable":true,"href":"https:\/\/www.africa-press.net\/congo-brazzaville\/wp-json\/wp\/v2\/comments?post=14313"}],"version-history":[{"count":0,"href":"https:\/\/www.africa-press.net\/congo-brazzaville\/wp-json\/wp\/v2\/posts\/14313\/revisions"}],"wp:featuredmedia":[{"embeddable":true,"href":"https:\/\/www.africa-press.net\/congo-brazzaville\/wp-json\/wp\/v2\/media\/14312"}],"wp:attachment":[{"href":"https:\/\/www.africa-press.net\/congo-brazzaville\/wp-json\/wp\/v2\/media?parent=14313"}],"wp:term":[{"taxonomy":"category","embeddable":true,"href":"https:\/\/www.africa-press.net\/congo-brazzaville\/wp-json\/wp\/v2\/categories?post=14313"},{"taxonomy":"post_tag","embeddable":true,"href":"https:\/\/www.africa-press.net\/congo-brazzaville\/wp-json\/wp\/v2\/tags?post=14313"}],"curies":[{"name":"wp","href":"https:\/\/api.w.org\/{rel}","templated":true}]}}