{"id":14317,"date":"2023-02-10T17:32:58","date_gmt":"2023-02-10T17:32:58","guid":{"rendered":"https:\/\/www.africa-press.net\/congo-brazzaville\/politique\/le-ministre-christel-sassou-nguesso-compatit-au-drame-de-la-turquie"},"modified":"2023-02-10T19:22:08","modified_gmt":"2023-02-10T19:22:08","slug":"le-ministre-christel-sassou-nguesso-compatit-au-drame-de-la-turquie","status":"publish","type":"post","link":"https:\/\/www.africa-press.net\/congo-brazzaville\/politique\/le-ministre-christel-sassou-nguesso-compatit-au-drame-de-la-turquie","title":{"rendered":"le ministre christel sassou nguesso compatit au drame  de la turquie"},"content":{"rendered":"<p><span style=\"color: #ff6600\"><strong>Africa-Press &#8211; Congo Brazzaville. <\/strong><\/span><b>Le ministre de la Coope\u0301ration internationale et de la promotion du partenariat public-prive\u0301, Denis Christel Sassou Nguesso a exprime\u0301 le 9 fe\u0301vrier a\u0300 Brazzaville au nom du gouvernement et du peuple congolais, sa compassion a\u0300 l\u2019endroit de l\u2019ambassadeur de la Turquie au Congo, face au se\u0301isme qui a fait des victimes aux premie\u0300res heures de la matine\u0301e du lundi 6 fe\u0301vrier dernier. <\/b><\/p>\n<p>\u00ab C\u2019est au nom du gouvernement et du peuple congolais que nous nous sommes rendus aujourd\u2019hui a\u0300 l\u2019ambassade de la Turquie dans notre pays pour pre\u0301senter nos plus since\u0300res condole\u0301ances et exprimer notre compassion, notre tristesse e\u0301galement a\u0300 l\u2019endroit des familles e\u0301plore\u0301es, a\u0300 l\u2019endroit e\u0301galement des autorite\u0301s turques \u00bb, a fait savoir le ministre de la Coope\u0301ration internationale et de la promotion du partenariat public-prive\u0301, Denis Christel Sassou Nguesso qui est alle\u0301 transmettre la lettre de condole\u0301ances du Pre\u0301sident de la Re\u0301publique, Denis Sassou N\u2019Guesso a\u0300 l\u2019ambassadeur de Turquie, Serhan Ali Yigit.<\/p>\n<p>Le ministre Denis Christel Sassou Nguesso qui a e\u0301galement signe\u0301 dans le livre de condole\u0301ances ouvert a\u0300 cette occasion, a reconnu la gravite\u0301 de la situation que traverse actuellement la Turquie. \u00ab Nous apprenions ce jour-la\u0300 qu\u2019un violent se\u0301isme avait frappe\u0301 le Sud- est de la Turquie, faisant de nombreuses victimes, e\u0301norme\u0301ment de blesse\u0301s et de de\u0301ga\u0302ts mate\u0301riels innombrables \u00bb. A ce jour, l\u2019on parle de plus de 17 milles morts. Un nombre de victimes qui va crescendo.<\/p>\n<p>D\u2019apre\u0300s les experts, ce se\u0301isme de 8,7 de magnitude a touche\u0301 la Syrie a e\u0301te\u0301 de\u0301clare\u0301 comme le se\u0301isme le plus meurtrier du monde.<\/p>\n<p><strong>Pour plus d&rsquo;informations et d&rsquo;analyses sur la <a href=\"https:\/\/www.africa-press.net\/congo-brazzaville\">Congo Brazzaville<\/a>, suivez <a href=\"https:\/\/www.africa-press.net\/\">Africa-Press<\/a><\/strong><\/p>\n","protected":false},"excerpt":{"rendered":"<p>Africa-Press &#8211; Congo Brazzaville. Le ministre de la Coope\u0301ration internationale et de la promotion du partenariat public-prive\u0301, Denis Christel Sassou Nguesso a exprime\u0301 le 9 fe\u0301vrier a\u0300 Brazzaville au nom du gouvernement et du peuple congolais, sa compassion a\u0300 l\u2019endroit de l\u2019ambassadeur de la Turquie au Congo, face au se\u0301isme qui a fait des victimes [&hellip;]<\/p>\n","protected":false},"author":82,"featured_media":14316,"comment_status":"open","ping_status":"closed","sticky":false,"template":"","format":"standard","meta":{"footnotes":""},"categories":[2,10],"tags":[36,47,46],"class_list":["post-14317","post","type-post","status-publish","format-standard","has-post-thumbnail","hentry","category-politique","category-toutes-les-actualites","tag-africa-press","tag-africa-press-congo-brazzaville","tag-congo-brazzaville"],"yoast_head":"<!-- This site is optimized with the Yoast SEO Premium plugin v26.1 (Yoast SEO v27.0) - https:\/\/yoast.com\/product\/yoast-seo-premium-wordpress\/ -->\n<title>le ministre christel sassou nguesso compatit au drame de la turquie - Congo Brazzaville<\/title>\n<meta name=\"description\" content=\"Le ministre de la Coope\u0301ration internationale et de la promotion du partenariat public-prive\u0301, Denis Christel Sassou ...\" \/>\n<meta name=\"robots\" content=\"index, follow, max-snippet:-1, max-image-preview:large, max-video-preview:-1\" \/>\n<link rel=\"canonical\" href=\"https:\/\/www.africa-press.net\/congo-brazzaville\/politique\/le-ministre-christel-sassou-nguesso-compatit-au-drame-de-la-turquie\" \/>\n<meta property=\"og:locale\" content=\"fr_FR\" \/>\n<meta property=\"og:type\" content=\"article\" \/>\n<meta property=\"og:title\" content=\"le ministre christel sassou nguesso compatit au drame de la turquie\" \/>\n<meta property=\"og:description\" content=\"Le ministre de la Coope\u0301ration internationale et de la promotion du partenariat public-prive\u0301, Denis Christel Sassou ...\" \/>\n<meta property=\"og:url\" content=\"https:\/\/www.africa-press.net\/congo-brazzaville\/politique\/le-ministre-christel-sassou-nguesso-compatit-au-drame-de-la-turquie\" \/>\n<meta property=\"og:site_name\" content=\"Congo Brazzaville\" \/>\n<meta property=\"article:published_time\" content=\"2023-02-10T17:32:58+00:00\" \/>\n<meta property=\"article:modified_time\" content=\"2023-02-10T19:22:08+00:00\" \/>\n<meta property=\"og:image\" content=\"https:\/\/static.africa-press.net\/congo-brazzaville\/sites\/51\/2023\/02\/postQueueImg_1676040322.27.jpg\" \/>\n\t<meta property=\"og:image:width\" content=\"729\" \/>\n\t<meta property=\"og:image:height\" content=\"438\" \/>\n\t<meta property=\"og:image:type\" content=\"image\/jpeg\" \/>\n<meta name=\"author\" content=\"cfeditorfr\" \/>\n<meta name=\"twitter:card\" content=\"summary_large_image\" \/>\n<meta name=\"twitter:label1\" content=\"\u00c9crit par\" \/>\n\t<meta name=\"twitter:data1\" content=\"cfeditorfr\" \/>\n\t<meta name=\"twitter:label2\" content=\"Dur\u00e9e de lecture estim\u00e9e\" \/>\n\t<meta name=\"twitter:data2\" content=\"2 minutes\" \/>\n<script type=\"application\/ld+json\" class=\"yoast-schema-graph\">{\"@context\":\"https:\/\/schema.org\",\"@graph\":[{\"@type\":\"Article\",\"@id\":\"https:\/\/www.africa-press.net\/congo-brazzaville\/politique\/le-ministre-christel-sassou-nguesso-compatit-au-drame-de-la-turquie#article\",\"isPartOf\":{\"@id\":\"https:\/\/www.africa-press.net\/congo-brazzaville\/politique\/le-ministre-christel-sassou-nguesso-compatit-au-drame-de-la-turquie\"},\"author\":{\"name\":\"cfeditorfr\",\"@id\":\"https:\/\/www.africa-press.net\/congo-brazzaville\/#\/schema\/person\/2b1cf3cd81a31e3cd26889ca66d677f1\"},\"headline\":\"le ministre christel sassou nguesso compatit au drame de la turquie\",\"datePublished\":\"2023-02-10T17:32:58+00:00\",\"dateModified\":\"2023-02-10T19:22:08+00:00\",\"mainEntityOfPage\":{\"@id\":\"https:\/\/www.africa-press.net\/congo-brazzaville\/politique\/le-ministre-christel-sassou-nguesso-compatit-au-drame-de-la-turquie\"},\"wordCount\":320,\"commentCount\":0,\"image\":{\"@id\":\"https:\/\/www.africa-press.net\/congo-brazzaville\/politique\/le-ministre-christel-sassou-nguesso-compatit-au-drame-de-la-turquie#primaryimage\"},\"thumbnailUrl\":\"https:\/\/static.africa-press.net\/congo-brazzaville\/sites\/51\/2023\/02\/postQueueImg_1676040322.27.jpg\",\"keywords\":[\"Africa Press\",\"Africa Press-Congo Brazzaville\",\"Congo Brazzaville\"],\"articleSection\":[\"Politique\",\"Toutes les actualit\u00e9s\"],\"inLanguage\":\"fr-FR\",\"potentialAction\":[{\"@type\":\"CommentAction\",\"name\":\"Comment\",\"target\":[\"https:\/\/www.africa-press.net\/congo-brazzaville\/politique\/le-ministre-christel-sassou-nguesso-compatit-au-drame-de-la-turquie#respond\"]}]},{\"@type\":\"WebPage\",\"@id\":\"https:\/\/www.africa-press.net\/congo-brazzaville\/politique\/le-ministre-christel-sassou-nguesso-compatit-au-drame-de-la-turquie\",\"url\":\"https:\/\/www.africa-press.net\/congo-brazzaville\/politique\/le-ministre-christel-sassou-nguesso-compatit-au-drame-de-la-turquie\",\"name\":\"le ministre christel sassou nguesso compatit au drame de la turquie - Congo Brazzaville\",\"isPartOf\":{\"@id\":\"https:\/\/www.africa-press.net\/congo-brazzaville\/#website\"},\"primaryImageOfPage\":{\"@id\":\"https:\/\/www.africa-press.net\/congo-brazzaville\/politique\/le-ministre-christel-sassou-nguesso-compatit-au-drame-de-la-turquie#primaryimage\"},\"image\":{\"@id\":\"https:\/\/www.africa-press.net\/congo-brazzaville\/politique\/le-ministre-christel-sassou-nguesso-compatit-au-drame-de-la-turquie#primaryimage\"},\"thumbnailUrl\":\"https:\/\/static.africa-press.net\/congo-brazzaville\/sites\/51\/2023\/02\/postQueueImg_1676040322.27.jpg\",\"datePublished\":\"2023-02-10T17:32:58+00:00\",\"dateModified\":\"2023-02-10T19:22:08+00:00\",\"author\":{\"@id\":\"https:\/\/www.africa-press.net\/congo-brazzaville\/#\/schema\/person\/2b1cf3cd81a31e3cd26889ca66d677f1\"},\"description\":\"Le ministre de la Coope\u0301ration internationale et de la promotion du partenariat public-prive\u0301, Denis Christel Sassou ...\",\"breadcrumb\":{\"@id\":\"https:\/\/www.africa-press.net\/congo-brazzaville\/politique\/le-ministre-christel-sassou-nguesso-compatit-au-drame-de-la-turquie#breadcrumb\"},\"inLanguage\":\"fr-FR\",\"potentialAction\":[{\"@type\":\"ReadAction\",\"target\":[\"https:\/\/www.africa-press.net\/congo-brazzaville\/politique\/le-ministre-christel-sassou-nguesso-compatit-au-drame-de-la-turquie\"]}]},{\"@type\":\"ImageObject\",\"inLanguage\":\"fr-FR\",\"@id\":\"https:\/\/www.africa-press.net\/congo-brazzaville\/politique\/le-ministre-christel-sassou-nguesso-compatit-au-drame-de-la-turquie#primaryimage\",\"url\":\"https:\/\/static.africa-press.net\/congo-brazzaville\/sites\/51\/2023\/02\/postQueueImg_1676040322.27.jpg\",\"contentUrl\":\"https:\/\/static.africa-press.net\/congo-brazzaville\/sites\/51\/2023\/02\/postQueueImg_1676040322.27.jpg\",\"width\":729,\"height\":438,\"caption\":\"le ministre christel sassou nguesso compatit au drame de la turquie\"},{\"@type\":\"BreadcrumbList\",\"@id\":\"https:\/\/www.africa-press.net\/congo-brazzaville\/politique\/le-ministre-christel-sassou-nguesso-compatit-au-drame-de-la-turquie#breadcrumb\",\"itemListElement\":[{\"@type\":\"ListItem\",\"position\":1,\"name\":\"Accueil\",\"item\":\"https:\/\/www.africa-press.net\/congo-brazzaville\/\"},{\"@type\":\"ListItem\",\"position\":2,\"name\":\"le ministre christel sassou nguesso compatit au drame de la turquie\"}]},{\"@type\":\"WebSite\",\"@id\":\"https:\/\/www.africa-press.net\/congo-brazzaville\/#website\",\"url\":\"https:\/\/www.africa-press.net\/congo-brazzaville\/\",\"name\":\"Congo Brazzaville\",\"description\":\"Just another Africa News Agency Sites site\",\"potentialAction\":[{\"@type\":\"SearchAction\",\"target\":{\"@type\":\"EntryPoint\",\"urlTemplate\":\"https:\/\/www.africa-press.net\/congo-brazzaville\/?s={search_term_string}\"},\"query-input\":{\"@type\":\"PropertyValueSpecification\",\"valueRequired\":true,\"valueName\":\"search_term_string\"}}],\"inLanguage\":\"fr-FR\"},{\"@type\":\"Person\",\"@id\":\"https:\/\/www.africa-press.net\/congo-brazzaville\/#\/schema\/person\/2b1cf3cd81a31e3cd26889ca66d677f1\",\"name\":\"cfeditorfr\"}]}<\/script>\n<!-- \/ Yoast SEO Premium plugin. -->","yoast_head_json":{"title":"le ministre christel sassou nguesso compatit au drame de la turquie - Congo Brazzaville","description":"Le ministre de la Coope\u0301ration internationale et de la promotion du partenariat public-prive\u0301, Denis Christel Sassou ...","robots":{"index":"index","follow":"follow","max-snippet":"max-snippet:-1","max-image-preview":"max-image-preview:large","max-video-preview":"max-video-preview:-1"},"canonical":"https:\/\/www.africa-press.net\/congo-brazzaville\/politique\/le-ministre-christel-sassou-nguesso-compatit-au-drame-de-la-turquie","og_locale":"fr_FR","og_type":"article","og_title":"le ministre christel sassou nguesso compatit au drame de la turquie","og_description":"Le ministre de la Coope\u0301ration internationale et de la promotion du partenariat public-prive\u0301, Denis Christel Sassou ...","og_url":"https:\/\/www.africa-press.net\/congo-brazzaville\/politique\/le-ministre-christel-sassou-nguesso-compatit-au-drame-de-la-turquie","og_site_name":"Congo Brazzaville","article_published_time":"2023-02-10T17:32:58+00:00","article_modified_time":"2023-02-10T19:22:08+00:00","og_image":[{"width":729,"height":438,"url":"https:\/\/static.africa-press.net\/congo-brazzaville\/sites\/51\/2023\/02\/postQueueImg_1676040322.27.jpg","type":"image\/jpeg"}],"author":"cfeditorfr","twitter_card":"summary_large_image","twitter_misc":{"\u00c9crit par":"cfeditorfr","Dur\u00e9e de lecture estim\u00e9e":"2 minutes"},"schema":{"@context":"https:\/\/schema.org","@graph":[{"@type":"Article","@id":"https:\/\/www.africa-press.net\/congo-brazzaville\/politique\/le-ministre-christel-sassou-nguesso-compatit-au-drame-de-la-turquie#article","isPartOf":{"@id":"https:\/\/www.africa-press.net\/congo-brazzaville\/politique\/le-ministre-christel-sassou-nguesso-compatit-au-drame-de-la-turquie"},"author":{"name":"cfeditorfr","@id":"https:\/\/www.africa-press.net\/congo-brazzaville\/#\/schema\/person\/2b1cf3cd81a31e3cd26889ca66d677f1"},"headline":"le ministre christel sassou nguesso compatit au drame de la turquie","datePublished":"2023-02-10T17:32:58+00:00","dateModified":"2023-02-10T19:22:08+00:00","mainEntityOfPage":{"@id":"https:\/\/www.africa-press.net\/congo-brazzaville\/politique\/le-ministre-christel-sassou-nguesso-compatit-au-drame-de-la-turquie"},"wordCount":320,"commentCount":0,"image":{"@id":"https:\/\/www.africa-press.net\/congo-brazzaville\/politique\/le-ministre-christel-sassou-nguesso-compatit-au-drame-de-la-turquie#primaryimage"},"thumbnailUrl":"https:\/\/static.africa-press.net\/congo-brazzaville\/sites\/51\/2023\/02\/postQueueImg_1676040322.27.jpg","keywords":["Africa Press","Africa Press-Congo Brazzaville","Congo Brazzaville"],"articleSection":["Politique","Toutes les actualit\u00e9s"],"inLanguage":"fr-FR","potentialAction":[{"@type":"CommentAction","name":"Comment","target":["https:\/\/www.africa-press.net\/congo-brazzaville\/politique\/le-ministre-christel-sassou-nguesso-compatit-au-drame-de-la-turquie#respond"]}]},{"@type":"WebPage","@id":"https:\/\/www.africa-press.net\/congo-brazzaville\/politique\/le-ministre-christel-sassou-nguesso-compatit-au-drame-de-la-turquie","url":"https:\/\/www.africa-press.net\/congo-brazzaville\/politique\/le-ministre-christel-sassou-nguesso-compatit-au-drame-de-la-turquie","name":"le ministre christel sassou nguesso compatit au drame de la turquie - Congo Brazzaville","isPartOf":{"@id":"https:\/\/www.africa-press.net\/congo-brazzaville\/#website"},"primaryImageOfPage":{"@id":"https:\/\/www.africa-press.net\/congo-brazzaville\/politique\/le-ministre-christel-sassou-nguesso-compatit-au-drame-de-la-turquie#primaryimage"},"image":{"@id":"https:\/\/www.africa-press.net\/congo-brazzaville\/politique\/le-ministre-christel-sassou-nguesso-compatit-au-drame-de-la-turquie#primaryimage"},"thumbnailUrl":"https:\/\/static.africa-press.net\/congo-brazzaville\/sites\/51\/2023\/02\/postQueueImg_1676040322.27.jpg","datePublished":"2023-02-10T17:32:58+00:00","dateModified":"2023-02-10T19:22:08+00:00","author":{"@id":"https:\/\/www.africa-press.net\/congo-brazzaville\/#\/schema\/person\/2b1cf3cd81a31e3cd26889ca66d677f1"},"description":"Le ministre de la Coope\u0301ration internationale et de la promotion du partenariat public-prive\u0301, Denis Christel Sassou ...","breadcrumb":{"@id":"https:\/\/www.africa-press.net\/congo-brazzaville\/politique\/le-ministre-christel-sassou-nguesso-compatit-au-drame-de-la-turquie#breadcrumb"},"inLanguage":"fr-FR","potentialAction":[{"@type":"ReadAction","target":["https:\/\/www.africa-press.net\/congo-brazzaville\/politique\/le-ministre-christel-sassou-nguesso-compatit-au-drame-de-la-turquie"]}]},{"@type":"ImageObject","inLanguage":"fr-FR","@id":"https:\/\/www.africa-press.net\/congo-brazzaville\/politique\/le-ministre-christel-sassou-nguesso-compatit-au-drame-de-la-turquie#primaryimage","url":"https:\/\/static.africa-press.net\/congo-brazzaville\/sites\/51\/2023\/02\/postQueueImg_1676040322.27.jpg","contentUrl":"https:\/\/static.africa-press.net\/congo-brazzaville\/sites\/51\/2023\/02\/postQueueImg_1676040322.27.jpg","width":729,"height":438,"caption":"le ministre christel sassou nguesso compatit au drame de la turquie"},{"@type":"BreadcrumbList","@id":"https:\/\/www.africa-press.net\/congo-brazzaville\/politique\/le-ministre-christel-sassou-nguesso-compatit-au-drame-de-la-turquie#breadcrumb","itemListElement":[{"@type":"ListItem","position":1,"name":"Accueil","item":"https:\/\/www.africa-press.net\/congo-brazzaville\/"},{"@type":"ListItem","position":2,"name":"le ministre christel sassou nguesso compatit au drame de la turquie"}]},{"@type":"WebSite","@id":"https:\/\/www.africa-press.net\/congo-brazzaville\/#website","url":"https:\/\/www.africa-press.net\/congo-brazzaville\/","name":"Congo Brazzaville","description":"Just another Africa News Agency Sites site","potentialAction":[{"@type":"SearchAction","target":{"@type":"EntryPoint","urlTemplate":"https:\/\/www.africa-press.net\/congo-brazzaville\/?s={search_term_string}"},"query-input":{"@type":"PropertyValueSpecification","valueRequired":true,"valueName":"search_term_string"}}],"inLanguage":"fr-FR"},{"@type":"Person","@id":"https:\/\/www.africa-press.net\/congo-brazzaville\/#\/schema\/person\/2b1cf3cd81a31e3cd26889ca66d677f1","name":"cfeditorfr"}]}},"_links":{"self":[{"href":"https:\/\/www.africa-press.net\/congo-brazzaville\/wp-json\/wp\/v2\/posts\/14317","targetHints":{"allow":["GET"]}}],"collection":[{"href":"https:\/\/www.africa-press.net\/congo-brazzaville\/wp-json\/wp\/v2\/posts"}],"about":[{"href":"https:\/\/www.africa-press.net\/congo-brazzaville\/wp-json\/wp\/v2\/types\/post"}],"author":[{"embeddable":true,"href":"https:\/\/www.africa-press.net\/congo-brazzaville\/wp-json\/wp\/v2\/users\/82"}],"replies":[{"embeddable":true,"href":"https:\/\/www.africa-press.net\/congo-brazzaville\/wp-json\/wp\/v2\/comments?post=14317"}],"version-history":[{"count":0,"href":"https:\/\/www.africa-press.net\/congo-brazzaville\/wp-json\/wp\/v2\/posts\/14317\/revisions"}],"wp:featuredmedia":[{"embeddable":true,"href":"https:\/\/www.africa-press.net\/congo-brazzaville\/wp-json\/wp\/v2\/media\/14316"}],"wp:attachment":[{"href":"https:\/\/www.africa-press.net\/congo-brazzaville\/wp-json\/wp\/v2\/media?parent=14317"}],"wp:term":[{"taxonomy":"category","embeddable":true,"href":"https:\/\/www.africa-press.net\/congo-brazzaville\/wp-json\/wp\/v2\/categories?post=14317"},{"taxonomy":"post_tag","embeddable":true,"href":"https:\/\/www.africa-press.net\/congo-brazzaville\/wp-json\/wp\/v2\/tags?post=14317"}],"curies":[{"name":"wp","href":"https:\/\/api.w.org\/{rel}","templated":true}]}}