{"id":14338,"date":"2023-02-11T19:05:05","date_gmt":"2023-02-11T19:05:05","guid":{"rendered":"https:\/\/www.africa-press.net\/congo-brazzaville\/politique\/economie-fluviale-le-nouveau-chantier-naval-sera-erige-a-maloukou-trechot"},"modified":"2023-02-11T19:48:39","modified_gmt":"2023-02-11T19:48:39","slug":"economie-fluviale-le-nouveau-chantier-naval-sera-erige-a-maloukou-trechot","status":"publish","type":"post","link":"https:\/\/www.africa-press.net\/congo-brazzaville\/economie\/economie-fluviale-le-nouveau-chantier-naval-sera-erige-a-maloukou-trechot","title":{"rendered":"\u00c9conomie fluviale : le nouveau chantier naval sera \u00e9rig\u00e9 \u00e0 Maloukou Tr\u00e9chot"},"content":{"rendered":"<p><span style=\"color: #ff6600\"><strong>Africa-Press &#8211; Congo Brazzaville. <\/strong><\/span><b>Une de\u0301le\u0301gation conduite par le ministre de l\u2019E\u0301conomie fluviale et des Voies navigables, Guy Georges Mbacka, s\u2019est rendue le 10 fe\u0301vrier a\u0300 Maloukou Tre\u0301chot, dans le district d\u2019Ignie\u0301, pour inspecter le site devant abriter le futur chantier naval. Ce site se trouve dans la me\u0302me zone que le lieu choisi pour le projet pont-route-rail Brazzaville\/Kinshasa. <\/b><\/p>\n<p>La mission d\u2019inspection des membres du gouvernement consistait a\u0300 e\u0301valuer si le terrain identifie\u0301 peut accueillir les installations du chantier naval. La de\u0301le\u0301gation ministe\u0301rielle, compose\u0301e du ministre Guy Georges Mbaka; du ministre des Zones e\u0301conomiques spe\u0301ciales et de la Diversification e\u0301conomique, Jean Marc Thyste\u0300re Tchicaya; et celui du De\u0301veloppement industriel et de la Promotion du secteur prive\u0301, Antoine Thomas Nicefore Fylla Saint-Eudes, s\u2019est montre\u0301e rassurante concernant la capacite\u0301 du site.<\/p>\n<p>Les autorite\u0301s ont voulu au de\u0301part installer le chantier naval dans la Zone e\u0301conomique spe\u0301ciale de Maloukou, avant de changer d\u2019avis. Le site de Maloukou Tre\u0301chot est adapte\u0301 au projet de l\u2019usine du chantier naval, a commente\u0301 le ministre l\u2019E\u0301conomie fluviale et des Voies navigables. Il a ajoute\u0301 que la construction du chantier naval permettra au Congo de se doter d\u2019un armateur public d\u2019entretien et de re\u0301paration des bateaux, en appui au Port autonome de Brazzaville et ports secondaires.<\/p>\n<p>\u00ab Le chantier naval est essentiel pour l\u2019e\u0301conomie fluviale. Mais nous sommes encore dans la phase de prospection. C\u2019est ainsi que le gouvernement avait organise\u0301 un voyage en Malaisie en vue de voir les re\u0301alisations de ce pays en matie\u0300re de chantier national. Apre\u0300s donc notre visite d\u2019inspection ici a\u0300 Maloukou Tre\u0301chot, une e\u0301quipe technique sera de\u0301pe\u0302che\u0301e sur place avant l\u2019arrive\u0301e des partenaires engage\u0301s dans la mise en \u0153uvre du projet \u00bb, a de\u0301clare\u0301 Guy Georges Mbaka.<\/p>\n<p>La descente de terrain a e\u0301galement permis aux membres du gouvernement d\u2019e\u0301changer avec la population et les autorite\u0301s locales. Il s\u2019est agi de recueillir leurs pre\u0301occupations et leur adhe\u0301sion au projet qui va booster les activite\u0301s e\u0301conomiques dans la localite\u0301, y compris de l\u2019emploi. Les occupants du site sont pre\u0302ts a\u0300 e\u0302tre re\u0301installe\u0301s ailleurs, a\u0300 condition d\u2019e\u0302tre indemnise\u0301s et de be\u0301ne\u0301ficier des infrastructures essentielles (e\u0301coles, centres de sante\u0301, routes&#8230;).<\/p>\n<p>Pour le sous-pre\u0301fet du district d\u2019Ignie\u0301, Armand Tsono, les habitants sont heureux de be\u0301ne\u0301ficier de ce nouveau projet apre\u0300s l\u2019annonce de celui du Pont-route-rail cense\u0301 relier Brazzaville et Kinshasa. \u00ab C\u2019est une chance et un plaisir de recevoir ces grands projets qui vont apporter beaucoup d\u2019avantages a\u0300 la localite\u0301. Les jeunes trouveront du travail et la localite\u0301 va se transformer \u00bb, s\u2019est re\u0301joui le sous-pre\u0301fet.<\/p>\n<p>Cre\u0301e\u0301 sur les cendres de l\u2019ex-Agence transcongolaise de communication, le chantier naval et transports fluviaux a e\u0301te\u0301 vendu a\u0300 100 milliards FCFA par l\u2019E\u0301tat congolais a\u0300 un investisseur prive\u0301.<\/p>\n\r\n                <style type=\"text\/css\">\r\n                    \r\n                    #td_uid_1_69efc60c1f7f4  .td-doubleSlider-2 .td-item1 {\r\n                        background: url(https:\/\/static.africa-press.net\/congo-brazzaville\/sites\/51\/2023\/02\/postMediaimg_34_1-80x60.jpg) 0 0 no-repeat;\r\n                    }\r\n                    #td_uid_1_69efc60c1f7f4  .td-doubleSlider-2 .td-item2 {\r\n                        background: url(https:\/\/static.africa-press.net\/congo-brazzaville\/sites\/51\/2023\/02\/postMediaimg_34_2-80x60.jpg) 0 0 no-repeat;\r\n                    }\r\n                <\/style>\r\n\r\n                <div id=\"td_uid_1_69efc60c1f7f4\" class=\"td-gallery td-slide-on-2-columns\">\r\n                    <div class=\"post_td_gallery\">\r\n                        <div class=\"td-gallery-slide-top\">\r\n                           <div class=\"td-gallery-title\"><\/div>\r\n\r\n                            <div class=\"td-gallery-controls-wrapper\">\r\n                                <div class=\"td-gallery-slide-count\"><span class=\"td-gallery-slide-item-focus\">1<\/span> de 2<\/div>\r\n                                <div class=\"td-gallery-slide-prev-next-but\">\r\n                                    <i class = \"td-icon-left doubleSliderPrevButton\"><\/i>\r\n                                    <i class = \"td-icon-right doubleSliderNextButton\"><\/i>\r\n                                <\/div>\r\n                            <\/div>\r\n                        <\/div>\r\n\r\n                        <div class = \"td-doubleSlider-1 \">\r\n                            <div class = \"td-slider\">\r\n                                \r\n                    <div class = \"td-slide-item td-item1\">\r\n                        <figure class=\"td-slide-galery-figure td-slide-popup-gallery\">\r\n                            <a class=\"slide-gallery-image-link\" href=\"https:\/\/static.africa-press.net\/congo-brazzaville\/sites\/51\/2023\/02\/postMediaimg_34_1.jpg\" title=\"postMediaimg_34_1\"  data-caption=\"\"  data-description=\"\">\r\n                                <img decoding=\"async\" src=\"https:\/\/static.africa-press.net\/congo-brazzaville\/sites\/51\/2023\/02\/postMediaimg_34_1.jpg\" srcset=\"https:\/\/static.africa-press.net\/congo-brazzaville\/sites\/51\/2023\/02\/postMediaimg_34_1.jpg 1024w, https:\/\/static.africa-press.net\/congo-brazzaville\/sites\/51\/2023\/02\/postMediaimg_34_1-300x225.jpg 300w, https:\/\/static.africa-press.net\/congo-brazzaville\/sites\/51\/2023\/02\/postMediaimg_34_1-768x576.jpg 768w, https:\/\/static.africa-press.net\/congo-brazzaville\/sites\/51\/2023\/02\/postMediaimg_34_1-80x60.jpg 80w\" sizes=\"(max-width: 1024px) 100vw, 1024px\" alt=\"\">\r\n                            <\/a>\r\n                            \r\n                        <\/figure>\r\n                    <\/div>\r\n                    <div class = \"td-slide-item td-item2\">\r\n                        <figure class=\"td-slide-galery-figure td-slide-popup-gallery\">\r\n                            <a class=\"slide-gallery-image-link\" href=\"https:\/\/static.africa-press.net\/congo-brazzaville\/sites\/51\/2023\/02\/postMediaimg_34_2.jpg\" title=\"postMediaimg_34_2\"  data-caption=\"\"  data-description=\"\">\r\n                                <img decoding=\"async\" src=\"https:\/\/static.africa-press.net\/congo-brazzaville\/sites\/51\/2023\/02\/postMediaimg_34_2.jpg\" srcset=\"https:\/\/static.africa-press.net\/congo-brazzaville\/sites\/51\/2023\/02\/postMediaimg_34_2.jpg 1024w, https:\/\/static.africa-press.net\/congo-brazzaville\/sites\/51\/2023\/02\/postMediaimg_34_2-300x225.jpg 300w, https:\/\/static.africa-press.net\/congo-brazzaville\/sites\/51\/2023\/02\/postMediaimg_34_2-768x576.jpg 768w, https:\/\/static.africa-press.net\/congo-brazzaville\/sites\/51\/2023\/02\/postMediaimg_34_2-80x60.jpg 80w\" sizes=\"(max-width: 1024px) 100vw, 1024px\" alt=\"\">\r\n                            <\/a>\r\n                            \r\n                        <\/figure>\r\n                    <\/div>\r\n                            <\/div>\r\n                        <\/div>\r\n\r\n                        <div class = \"td-doubleSlider-2\">\r\n                            <div class = \"td-slider\">\r\n                                \r\n                    <div class = \"td-button td-item1\">\r\n                        <div class = \"td-border\"><\/div>\r\n                    <\/div>\r\n                    <div class = \"td-button td-item2\">\r\n                        <div class = \"td-border\"><\/div>\r\n                    <\/div>\r\n                            <\/div>\r\n                        <\/div>\r\n\r\n                    <\/div>\r\n\r\n                <\/div>\r\n                \n<p><strong>Pour plus d&rsquo;informations et d&rsquo;analyses sur la <a href=\"https:\/\/www.africa-press.net\/congo-brazzaville\">Congo Brazzaville<\/a>, suivez <a href=\"https:\/\/www.africa-press.net\/\">Africa-Press<\/a><\/strong><\/p>\n","protected":false},"excerpt":{"rendered":"<p>Africa-Press &#8211; Congo Brazzaville. Une de\u0301le\u0301gation conduite par le ministre de l\u2019E\u0301conomie fluviale et des Voies navigables, Guy Georges Mbacka, s\u2019est rendue le 10 fe\u0301vrier a\u0300 Maloukou Tre\u0301chot, dans le district d\u2019Ignie\u0301, pour inspecter le site devant abriter le futur chantier naval. Ce site se trouve dans la me\u0302me zone que le lieu choisi pour [&hellip;]<\/p>\n","protected":false},"author":82,"featured_media":14337,"comment_status":"open","ping_status":"closed","sticky":false,"template":"","format":"standard","meta":{"footnotes":""},"categories":[3,8,10],"tags":[36,47,46],"class_list":["post-14338","post","type-post","status-publish","format-standard","has-post-thumbnail","hentry","category-economie","category-photo","category-toutes-les-actualites","tag-africa-press","tag-africa-press-congo-brazzaville","tag-congo-brazzaville"],"yoast_head":"<!-- This site is optimized with the Yoast SEO Premium plugin v26.1 (Yoast SEO v27.0) - https:\/\/yoast.com\/product\/yoast-seo-premium-wordpress\/ -->\n<title>\u00c9conomie fluviale : le nouveau chantier naval sera \u00e9rig\u00e9 \u00e0 Maloukou Tr\u00e9chot - Congo Brazzaville<\/title>\n<meta name=\"description\" content=\"Une de\u0301le\u0301gation conduite par le ministre de l\u2019E\u0301conomie fluviale et des Voies navigables, Guy Georges Mbacka, s\u2019est ...\" \/>\n<meta name=\"robots\" content=\"index, follow, max-snippet:-1, max-image-preview:large, max-video-preview:-1\" \/>\n<link rel=\"canonical\" href=\"https:\/\/www.africa-press.net\/congo-brazzaville\/economie\/economie-fluviale-le-nouveau-chantier-naval-sera-erige-a-maloukou-trechot\" \/>\n<meta property=\"og:locale\" content=\"fr_FR\" \/>\n<meta property=\"og:type\" content=\"article\" \/>\n<meta property=\"og:title\" content=\"\u00c9conomie fluviale : le nouveau chantier naval sera \u00e9rig\u00e9 \u00e0 Maloukou Tr\u00e9chot\" \/>\n<meta property=\"og:description\" content=\"Une de\u0301le\u0301gation conduite par le ministre de l\u2019E\u0301conomie fluviale et des Voies navigables, Guy Georges Mbacka, s\u2019est ...\" \/>\n<meta property=\"og:url\" content=\"https:\/\/www.africa-press.net\/congo-brazzaville\/economie\/economie-fluviale-le-nouveau-chantier-naval-sera-erige-a-maloukou-trechot\" \/>\n<meta property=\"og:site_name\" content=\"Congo Brazzaville\" \/>\n<meta property=\"article:published_time\" content=\"2023-02-11T19:05:05+00:00\" \/>\n<meta property=\"article:modified_time\" content=\"2023-02-11T19:48:39+00:00\" \/>\n<meta property=\"og:image\" content=\"https:\/\/static.africa-press.net\/congo-brazzaville\/sites\/51\/2023\/02\/postQueueImg_1676129711.85.jpg\" \/>\n\t<meta property=\"og:image:width\" content=\"1024\" \/>\n\t<meta property=\"og:image:height\" content=\"768\" \/>\n\t<meta property=\"og:image:type\" content=\"image\/jpeg\" \/>\n<meta name=\"author\" content=\"cfeditorfr\" \/>\n<meta name=\"twitter:card\" content=\"summary_large_image\" \/>\n<meta name=\"twitter:label1\" content=\"\u00c9crit par\" \/>\n\t<meta name=\"twitter:data1\" content=\"cfeditorfr\" \/>\n\t<meta name=\"twitter:label2\" content=\"Dur\u00e9e de lecture estim\u00e9e\" \/>\n\t<meta name=\"twitter:data2\" content=\"3 minutes\" \/>\n<script type=\"application\/ld+json\" class=\"yoast-schema-graph\">{\"@context\":\"https:\/\/schema.org\",\"@graph\":[{\"@type\":\"Article\",\"@id\":\"https:\/\/www.africa-press.net\/congo-brazzaville\/economie\/economie-fluviale-le-nouveau-chantier-naval-sera-erige-a-maloukou-trechot#article\",\"isPartOf\":{\"@id\":\"https:\/\/www.africa-press.net\/congo-brazzaville\/economie\/economie-fluviale-le-nouveau-chantier-naval-sera-erige-a-maloukou-trechot\"},\"author\":{\"name\":\"cfeditorfr\",\"@id\":\"https:\/\/www.africa-press.net\/congo-brazzaville\/#\/schema\/person\/2b1cf3cd81a31e3cd26889ca66d677f1\"},\"headline\":\"\u00c9conomie fluviale : le nouveau chantier naval sera \u00e9rig\u00e9 \u00e0 Maloukou Tr\u00e9chot\",\"datePublished\":\"2023-02-11T19:05:05+00:00\",\"dateModified\":\"2023-02-11T19:48:39+00:00\",\"mainEntityOfPage\":{\"@id\":\"https:\/\/www.africa-press.net\/congo-brazzaville\/economie\/economie-fluviale-le-nouveau-chantier-naval-sera-erige-a-maloukou-trechot\"},\"wordCount\":563,\"commentCount\":0,\"image\":{\"@id\":\"https:\/\/www.africa-press.net\/congo-brazzaville\/economie\/economie-fluviale-le-nouveau-chantier-naval-sera-erige-a-maloukou-trechot#primaryimage\"},\"thumbnailUrl\":\"https:\/\/static.africa-press.net\/congo-brazzaville\/sites\/51\/2023\/02\/postQueueImg_1676129711.85.jpg\",\"keywords\":[\"Africa Press\",\"Africa Press-Congo Brazzaville\",\"Congo Brazzaville\"],\"articleSection\":[\"\u00c9conomie\",\"Photo\",\"Toutes les actualit\u00e9s\"],\"inLanguage\":\"fr-FR\",\"potentialAction\":[{\"@type\":\"CommentAction\",\"name\":\"Comment\",\"target\":[\"https:\/\/www.africa-press.net\/congo-brazzaville\/economie\/economie-fluviale-le-nouveau-chantier-naval-sera-erige-a-maloukou-trechot#respond\"]}]},{\"@type\":\"WebPage\",\"@id\":\"https:\/\/www.africa-press.net\/congo-brazzaville\/economie\/economie-fluviale-le-nouveau-chantier-naval-sera-erige-a-maloukou-trechot\",\"url\":\"https:\/\/www.africa-press.net\/congo-brazzaville\/economie\/economie-fluviale-le-nouveau-chantier-naval-sera-erige-a-maloukou-trechot\",\"name\":\"\u00c9conomie fluviale : le nouveau chantier naval sera \u00e9rig\u00e9 \u00e0 Maloukou Tr\u00e9chot - Congo Brazzaville\",\"isPartOf\":{\"@id\":\"https:\/\/www.africa-press.net\/congo-brazzaville\/#website\"},\"primaryImageOfPage\":{\"@id\":\"https:\/\/www.africa-press.net\/congo-brazzaville\/economie\/economie-fluviale-le-nouveau-chantier-naval-sera-erige-a-maloukou-trechot#primaryimage\"},\"image\":{\"@id\":\"https:\/\/www.africa-press.net\/congo-brazzaville\/economie\/economie-fluviale-le-nouveau-chantier-naval-sera-erige-a-maloukou-trechot#primaryimage\"},\"thumbnailUrl\":\"https:\/\/static.africa-press.net\/congo-brazzaville\/sites\/51\/2023\/02\/postQueueImg_1676129711.85.jpg\",\"datePublished\":\"2023-02-11T19:05:05+00:00\",\"dateModified\":\"2023-02-11T19:48:39+00:00\",\"author\":{\"@id\":\"https:\/\/www.africa-press.net\/congo-brazzaville\/#\/schema\/person\/2b1cf3cd81a31e3cd26889ca66d677f1\"},\"description\":\"Une de\u0301le\u0301gation conduite par le ministre de l\u2019E\u0301conomie fluviale et des Voies navigables, Guy Georges Mbacka, s\u2019est ...\",\"breadcrumb\":{\"@id\":\"https:\/\/www.africa-press.net\/congo-brazzaville\/economie\/economie-fluviale-le-nouveau-chantier-naval-sera-erige-a-maloukou-trechot#breadcrumb\"},\"inLanguage\":\"fr-FR\",\"potentialAction\":[{\"@type\":\"ReadAction\",\"target\":[\"https:\/\/www.africa-press.net\/congo-brazzaville\/economie\/economie-fluviale-le-nouveau-chantier-naval-sera-erige-a-maloukou-trechot\"]}]},{\"@type\":\"ImageObject\",\"inLanguage\":\"fr-FR\",\"@id\":\"https:\/\/www.africa-press.net\/congo-brazzaville\/economie\/economie-fluviale-le-nouveau-chantier-naval-sera-erige-a-maloukou-trechot#primaryimage\",\"url\":\"https:\/\/static.africa-press.net\/congo-brazzaville\/sites\/51\/2023\/02\/postQueueImg_1676129711.85.jpg\",\"contentUrl\":\"https:\/\/static.africa-press.net\/congo-brazzaville\/sites\/51\/2023\/02\/postQueueImg_1676129711.85.jpg\",\"width\":1024,\"height\":768,\"caption\":\"\u00c9conomie fluviale : le nouveau chantier naval sera \u00e9rig\u00e9 \u00e0 Maloukou Tr\u00e9chot\"},{\"@type\":\"BreadcrumbList\",\"@id\":\"https:\/\/www.africa-press.net\/congo-brazzaville\/economie\/economie-fluviale-le-nouveau-chantier-naval-sera-erige-a-maloukou-trechot#breadcrumb\",\"itemListElement\":[{\"@type\":\"ListItem\",\"position\":1,\"name\":\"Accueil\",\"item\":\"https:\/\/www.africa-press.net\/congo-brazzaville\/\"},{\"@type\":\"ListItem\",\"position\":2,\"name\":\"\u00c9conomie fluviale : le nouveau chantier naval sera \u00e9rig\u00e9 \u00e0 Maloukou Tr\u00e9chot\"}]},{\"@type\":\"WebSite\",\"@id\":\"https:\/\/www.africa-press.net\/congo-brazzaville\/#website\",\"url\":\"https:\/\/www.africa-press.net\/congo-brazzaville\/\",\"name\":\"Congo Brazzaville\",\"description\":\"Just another Africa News Agency Sites site\",\"potentialAction\":[{\"@type\":\"SearchAction\",\"target\":{\"@type\":\"EntryPoint\",\"urlTemplate\":\"https:\/\/www.africa-press.net\/congo-brazzaville\/?s={search_term_string}\"},\"query-input\":{\"@type\":\"PropertyValueSpecification\",\"valueRequired\":true,\"valueName\":\"search_term_string\"}}],\"inLanguage\":\"fr-FR\"},{\"@type\":\"Person\",\"@id\":\"https:\/\/www.africa-press.net\/congo-brazzaville\/#\/schema\/person\/2b1cf3cd81a31e3cd26889ca66d677f1\",\"name\":\"cfeditorfr\"}]}<\/script>\n<!-- \/ Yoast SEO Premium plugin. -->","yoast_head_json":{"title":"\u00c9conomie fluviale : le nouveau chantier naval sera \u00e9rig\u00e9 \u00e0 Maloukou Tr\u00e9chot - Congo Brazzaville","description":"Une de\u0301le\u0301gation conduite par le ministre de l\u2019E\u0301conomie fluviale et des Voies navigables, Guy Georges Mbacka, s\u2019est ...","robots":{"index":"index","follow":"follow","max-snippet":"max-snippet:-1","max-image-preview":"max-image-preview:large","max-video-preview":"max-video-preview:-1"},"canonical":"https:\/\/www.africa-press.net\/congo-brazzaville\/economie\/economie-fluviale-le-nouveau-chantier-naval-sera-erige-a-maloukou-trechot","og_locale":"fr_FR","og_type":"article","og_title":"\u00c9conomie fluviale : le nouveau chantier naval sera \u00e9rig\u00e9 \u00e0 Maloukou Tr\u00e9chot","og_description":"Une de\u0301le\u0301gation conduite par le ministre de l\u2019E\u0301conomie fluviale et des Voies navigables, Guy Georges Mbacka, s\u2019est ...","og_url":"https:\/\/www.africa-press.net\/congo-brazzaville\/economie\/economie-fluviale-le-nouveau-chantier-naval-sera-erige-a-maloukou-trechot","og_site_name":"Congo Brazzaville","article_published_time":"2023-02-11T19:05:05+00:00","article_modified_time":"2023-02-11T19:48:39+00:00","og_image":[{"width":1024,"height":768,"url":"https:\/\/static.africa-press.net\/congo-brazzaville\/sites\/51\/2023\/02\/postQueueImg_1676129711.85.jpg","type":"image\/jpeg"}],"author":"cfeditorfr","twitter_card":"summary_large_image","twitter_misc":{"\u00c9crit par":"cfeditorfr","Dur\u00e9e de lecture estim\u00e9e":"3 minutes"},"schema":{"@context":"https:\/\/schema.org","@graph":[{"@type":"Article","@id":"https:\/\/www.africa-press.net\/congo-brazzaville\/economie\/economie-fluviale-le-nouveau-chantier-naval-sera-erige-a-maloukou-trechot#article","isPartOf":{"@id":"https:\/\/www.africa-press.net\/congo-brazzaville\/economie\/economie-fluviale-le-nouveau-chantier-naval-sera-erige-a-maloukou-trechot"},"author":{"name":"cfeditorfr","@id":"https:\/\/www.africa-press.net\/congo-brazzaville\/#\/schema\/person\/2b1cf3cd81a31e3cd26889ca66d677f1"},"headline":"\u00c9conomie fluviale : le nouveau chantier naval sera \u00e9rig\u00e9 \u00e0 Maloukou Tr\u00e9chot","datePublished":"2023-02-11T19:05:05+00:00","dateModified":"2023-02-11T19:48:39+00:00","mainEntityOfPage":{"@id":"https:\/\/www.africa-press.net\/congo-brazzaville\/economie\/economie-fluviale-le-nouveau-chantier-naval-sera-erige-a-maloukou-trechot"},"wordCount":563,"commentCount":0,"image":{"@id":"https:\/\/www.africa-press.net\/congo-brazzaville\/economie\/economie-fluviale-le-nouveau-chantier-naval-sera-erige-a-maloukou-trechot#primaryimage"},"thumbnailUrl":"https:\/\/static.africa-press.net\/congo-brazzaville\/sites\/51\/2023\/02\/postQueueImg_1676129711.85.jpg","keywords":["Africa Press","Africa Press-Congo Brazzaville","Congo Brazzaville"],"articleSection":["\u00c9conomie","Photo","Toutes les actualit\u00e9s"],"inLanguage":"fr-FR","potentialAction":[{"@type":"CommentAction","name":"Comment","target":["https:\/\/www.africa-press.net\/congo-brazzaville\/economie\/economie-fluviale-le-nouveau-chantier-naval-sera-erige-a-maloukou-trechot#respond"]}]},{"@type":"WebPage","@id":"https:\/\/www.africa-press.net\/congo-brazzaville\/economie\/economie-fluviale-le-nouveau-chantier-naval-sera-erige-a-maloukou-trechot","url":"https:\/\/www.africa-press.net\/congo-brazzaville\/economie\/economie-fluviale-le-nouveau-chantier-naval-sera-erige-a-maloukou-trechot","name":"\u00c9conomie fluviale : le nouveau chantier naval sera \u00e9rig\u00e9 \u00e0 Maloukou Tr\u00e9chot - Congo Brazzaville","isPartOf":{"@id":"https:\/\/www.africa-press.net\/congo-brazzaville\/#website"},"primaryImageOfPage":{"@id":"https:\/\/www.africa-press.net\/congo-brazzaville\/economie\/economie-fluviale-le-nouveau-chantier-naval-sera-erige-a-maloukou-trechot#primaryimage"},"image":{"@id":"https:\/\/www.africa-press.net\/congo-brazzaville\/economie\/economie-fluviale-le-nouveau-chantier-naval-sera-erige-a-maloukou-trechot#primaryimage"},"thumbnailUrl":"https:\/\/static.africa-press.net\/congo-brazzaville\/sites\/51\/2023\/02\/postQueueImg_1676129711.85.jpg","datePublished":"2023-02-11T19:05:05+00:00","dateModified":"2023-02-11T19:48:39+00:00","author":{"@id":"https:\/\/www.africa-press.net\/congo-brazzaville\/#\/schema\/person\/2b1cf3cd81a31e3cd26889ca66d677f1"},"description":"Une de\u0301le\u0301gation conduite par le ministre de l\u2019E\u0301conomie fluviale et des Voies navigables, Guy Georges Mbacka, s\u2019est ...","breadcrumb":{"@id":"https:\/\/www.africa-press.net\/congo-brazzaville\/economie\/economie-fluviale-le-nouveau-chantier-naval-sera-erige-a-maloukou-trechot#breadcrumb"},"inLanguage":"fr-FR","potentialAction":[{"@type":"ReadAction","target":["https:\/\/www.africa-press.net\/congo-brazzaville\/economie\/economie-fluviale-le-nouveau-chantier-naval-sera-erige-a-maloukou-trechot"]}]},{"@type":"ImageObject","inLanguage":"fr-FR","@id":"https:\/\/www.africa-press.net\/congo-brazzaville\/economie\/economie-fluviale-le-nouveau-chantier-naval-sera-erige-a-maloukou-trechot#primaryimage","url":"https:\/\/static.africa-press.net\/congo-brazzaville\/sites\/51\/2023\/02\/postQueueImg_1676129711.85.jpg","contentUrl":"https:\/\/static.africa-press.net\/congo-brazzaville\/sites\/51\/2023\/02\/postQueueImg_1676129711.85.jpg","width":1024,"height":768,"caption":"\u00c9conomie fluviale : le nouveau chantier naval sera \u00e9rig\u00e9 \u00e0 Maloukou Tr\u00e9chot"},{"@type":"BreadcrumbList","@id":"https:\/\/www.africa-press.net\/congo-brazzaville\/economie\/economie-fluviale-le-nouveau-chantier-naval-sera-erige-a-maloukou-trechot#breadcrumb","itemListElement":[{"@type":"ListItem","position":1,"name":"Accueil","item":"https:\/\/www.africa-press.net\/congo-brazzaville\/"},{"@type":"ListItem","position":2,"name":"\u00c9conomie fluviale : le nouveau chantier naval sera \u00e9rig\u00e9 \u00e0 Maloukou Tr\u00e9chot"}]},{"@type":"WebSite","@id":"https:\/\/www.africa-press.net\/congo-brazzaville\/#website","url":"https:\/\/www.africa-press.net\/congo-brazzaville\/","name":"Congo Brazzaville","description":"Just another Africa News Agency Sites site","potentialAction":[{"@type":"SearchAction","target":{"@type":"EntryPoint","urlTemplate":"https:\/\/www.africa-press.net\/congo-brazzaville\/?s={search_term_string}"},"query-input":{"@type":"PropertyValueSpecification","valueRequired":true,"valueName":"search_term_string"}}],"inLanguage":"fr-FR"},{"@type":"Person","@id":"https:\/\/www.africa-press.net\/congo-brazzaville\/#\/schema\/person\/2b1cf3cd81a31e3cd26889ca66d677f1","name":"cfeditorfr"}]}},"_links":{"self":[{"href":"https:\/\/www.africa-press.net\/congo-brazzaville\/wp-json\/wp\/v2\/posts\/14338","targetHints":{"allow":["GET"]}}],"collection":[{"href":"https:\/\/www.africa-press.net\/congo-brazzaville\/wp-json\/wp\/v2\/posts"}],"about":[{"href":"https:\/\/www.africa-press.net\/congo-brazzaville\/wp-json\/wp\/v2\/types\/post"}],"author":[{"embeddable":true,"href":"https:\/\/www.africa-press.net\/congo-brazzaville\/wp-json\/wp\/v2\/users\/82"}],"replies":[{"embeddable":true,"href":"https:\/\/www.africa-press.net\/congo-brazzaville\/wp-json\/wp\/v2\/comments?post=14338"}],"version-history":[{"count":0,"href":"https:\/\/www.africa-press.net\/congo-brazzaville\/wp-json\/wp\/v2\/posts\/14338\/revisions"}],"wp:featuredmedia":[{"embeddable":true,"href":"https:\/\/www.africa-press.net\/congo-brazzaville\/wp-json\/wp\/v2\/media\/14337"}],"wp:attachment":[{"href":"https:\/\/www.africa-press.net\/congo-brazzaville\/wp-json\/wp\/v2\/media?parent=14338"}],"wp:term":[{"taxonomy":"category","embeddable":true,"href":"https:\/\/www.africa-press.net\/congo-brazzaville\/wp-json\/wp\/v2\/categories?post=14338"},{"taxonomy":"post_tag","embeddable":true,"href":"https:\/\/www.africa-press.net\/congo-brazzaville\/wp-json\/wp\/v2\/tags?post=14338"}],"curies":[{"name":"wp","href":"https:\/\/api.w.org\/{rel}","templated":true}]}}