{"id":1434,"date":"2021-08-28T21:45:09","date_gmt":"2021-08-28T21:45:09","guid":{"rendered":"https:\/\/www.africa-press.net\/congo-brazzaville\/?p=1434"},"modified":"2021-08-28T20:48:37","modified_gmt":"2021-08-28T20:48:37","slug":"covid-les-femmes-du-cafco-recoivent-la-deuxieme-dose-dastrazeneca","status":"publish","type":"post","link":"https:\/\/www.africa-press.net\/congo-brazzaville\/photo\/covid-les-femmes-du-cafco-recoivent-la-deuxieme-dose-dastrazeneca","title":{"rendered":"Covid : les femmes du Cafco re\u00e7oivent la deuxi\u00e8me dose d&rsquo;Astrazeneca"},"content":{"rendered":"<p><span style=\"color: #ff6600\"><strong><a href=\"https:\/\/www.africa-press.net\/\">Africa-Press<\/a> &#8211; <a href=\"https:\/\/www.africa-press.net\/congo-brazzaville\">Congo Brazzaville<\/a>. <\/strong><\/span><b>Apr\u00e8s la premi\u00e8re dose de vaccin administr\u00e9e le 25 juin, les femmes membres du Cadre de concertation permanent de la femme congolaise (Cafco) ont re\u00e7u leur deuxi\u00e8me dose le 26 ao\u00fbt, au si\u00e8ge de leur association, dans la commune de la Gombe, \u00e0 Kinshasa<\/b><\/p>\n<p>Malgr\u00e9 qu&rsquo;une bonne partie de la population congolaise reste septique face \u00e0 la vaccination contre la covid-19, les membres de la Cafco se sont port\u00e9es volontaires pour se faire vacciner, afin de limiter la propagation de cette maladie qui d\u00e9cime l&rsquo;humanit\u00e9.<\/p>\n<p>La vaccination contre le coronavirus est un programme que le gouvernement congolais a mis en place pour accompagner la population \u00e0 se prot\u00e9ger contre cette pand\u00e9mie. C&rsquo;est ainsi que Cafco, en collaboration avec le Programme \u00e9largi de vaccination ( PEV), a organis\u00e9 la s\u00e9ance de vaccination pour ses membres, afin d&rsquo;accompagner le gouvernement dans cette lutte.<\/p>\n<p>Satisfaite d&rsquo;avoir re\u00e7u sa deuxi\u00e8me dose, la secr\u00e9taire g\u00e9n\u00e9rale du Cafco, Adine D&rsquo;or Omokoko Asamato, invite toute la population mais surtout les femmes \u00e0 quitter le monde de l&rsquo;intoxication pour s&rsquo;engager dans la lutte contre le corona virus. \u00ab Je lance un vibrant appel \u00e0 toute la population, surtout les femmes qui constituent la majorit\u00e9 de la population, de se faire vacciner\u00bb, a-t-elle dit.<\/p>\n<p>Contrairement \u00e0 ce que les gens disent sur l&rsquo;inefficacit\u00e9 du vaccin Astrazeneca, la secr\u00e9taire g\u00e9n\u00e9rale du Cafco a laiss\u00e9 entendre que jusqu&rsquo;\u00e0 preuve du contraire, ce m\u00e9dicament reste le meilleur vaccin. Elle a poursuivi que ce vaccin a \u00e9t\u00e9 donn\u00e9 \u00e0 la R\u00e9publique d\u00e9mocratique du Congo dans le cadre du programme Covax et le gouvernement s&rsquo;est engag\u00e9 \u00e0 accompagner cela. \u00abMalgr\u00e9 que le ministre de la Sant\u00e9 nous a promis d&rsquo;autres types de vaccin, nous devons d&rsquo;abord nous contenter d&rsquo;Astrazeneca qui est parmi les vaccins les plus utilis\u00e9s dans le monde\u00bb, a conclu Adine D&rsquo;or Omokoko Asamato.<\/p>\n<p>Pour la journaliste Suzy Kibira, membre de la dynamique Cafco, les Congolais ne doivent pas pr\u00eater attention aux fausses rumeurs qui circulent par rapport au vaccin contre le corona virus, affirmant que la maladie existe bien et tue la population. Pour elle, la meilleure fa\u00e7on de se prot\u00e9ger et prot\u00e9ger sa communaut\u00e9est de se faire vacciner. \u00ab j&rsquo;invite tous les journalistes \u00e0 se faire vacciner comme moi, pour rester en bonne sant\u00e9 et \u00e9viter la propagation de cette maladie\u00bb, a laiss\u00e9 entendre Suzy Kibira.<\/p>\n<p>Pr\u00e9cisons que la vaccination \u00e0 l&rsquo;intention de membres de la dynamique Cafco s&rsquo;inscrit dans le cadre de la campagne de sensibilisation contre le coronavirus.<\/p>\n\r\n                <style type=\"text\/css\">\r\n                    \r\n                    #td_uid_1_69f45708a16cf  .td-doubleSlider-2 .td-item1 {\r\n                        background: url(https:\/\/static.africa-press.net\/centrafricaine\/sites\/51\/2021\/08\/img-612aa1002b54b-80x60.jpg) 0 0 no-repeat;\r\n                    }\r\n                <\/style>\r\n\r\n                <div id=\"td_uid_1_69f45708a16cf\" class=\"td-gallery td-slide-on-2-columns\">\r\n                    <div class=\"post_td_gallery\">\r\n                        <div class=\"td-gallery-slide-top\">\r\n                           <div class=\"td-gallery-title\"><\/div>\r\n\r\n                            <div class=\"td-gallery-controls-wrapper\">\r\n                                <div class=\"td-gallery-slide-count\"><span class=\"td-gallery-slide-item-focus\">1<\/span> de 2<\/div>\r\n                                <div class=\"td-gallery-slide-prev-next-but\">\r\n                                    <i class = \"td-icon-left doubleSliderPrevButton\"><\/i>\r\n                                    <i class = \"td-icon-right doubleSliderNextButton\"><\/i>\r\n                                <\/div>\r\n                            <\/div>\r\n                        <\/div>\r\n\r\n                        <div class = \"td-doubleSlider-1 \">\r\n                            <div class = \"td-slider\">\r\n                                \r\n                    <div class = \"td-slide-item td-item1\">\r\n                        <figure class=\"td-slide-galery-figure td-slide-popup-gallery\">\r\n                            <a class=\"slide-gallery-image-link\" href=\"https:\/\/static.africa-press.net\/centrafricaine\/sites\/51\/2021\/08\/img-612aa1002b54b.jpg\" title=\"img-612aa1002b54b\"  data-caption=\"\"  data-description=\"\">\r\n                                <img decoding=\"async\" src=\"https:\/\/static.africa-press.net\/centrafricaine\/sites\/51\/2021\/08\/img-612aa1002b54b.jpg\" srcset=\"https:\/\/static.africa-press.net\/congo-brazzaville\/sites\/51\/2021\/08\/img-612aa1002b54b.jpg 720w, https:\/\/static.africa-press.net\/congo-brazzaville\/sites\/51\/2021\/08\/img-612aa1002b54b-300x225.jpg 300w, https:\/\/static.africa-press.net\/congo-brazzaville\/sites\/51\/2021\/08\/img-612aa1002b54b-80x60.jpg 80w\" sizes=\"(max-width: 720px) 100vw, 720px\" alt=\"\">\r\n                            <\/a>\r\n                            \r\n                        <\/figure>\r\n                    <\/div>\r\n                            <\/div>\r\n                        <\/div>\r\n\r\n                        <div class = \"td-doubleSlider-2\">\r\n                            <div class = \"td-slider\">\r\n                                \r\n                    <div class = \"td-button td-item1\">\r\n                        <div class = \"td-border\"><\/div>\r\n                    <\/div>\r\n                            <\/div>\r\n                        <\/div>\r\n\r\n                    <\/div>\r\n\r\n                <\/div>\r\n                \n","protected":false},"excerpt":{"rendered":"<p>Africa-Press &#8211; Congo Brazzaville. Apr\u00e8s la premi\u00e8re dose de vaccin administr\u00e9e le 25 juin, les femmes membres du Cadre de concertation permanent de la femme congolaise (Cafco) ont re\u00e7u leur deuxi\u00e8me dose le 26 ao\u00fbt, au si\u00e8ge de leur association, dans la commune de la Gombe, \u00e0 Kinshasa Malgr\u00e9 qu&rsquo;une bonne partie de la population [&hellip;]<\/p>\n","protected":false},"author":82,"featured_media":1433,"comment_status":"open","ping_status":"closed","sticky":false,"template":"","format":"standard","meta":{"footnotes":""},"categories":[21,11,8,20,10],"tags":[36,47,46],"class_list":["post-1434","post","type-post","status-publish","format-standard","has-post-thumbnail","hentry","category-communaute","category-homepage-french","category-photo","category-top-nouvelles","category-toutes-les-actualites","tag-africa-press","tag-africa-press-congo-brazzaville","tag-congo-brazzaville"],"yoast_head":"<!-- This site is optimized with the Yoast SEO Premium plugin v26.1 (Yoast SEO v27.0) - https:\/\/yoast.com\/product\/yoast-seo-premium-wordpress\/ -->\n<title>Covid : les femmes du Cafco re\u00e7oivent la deuxi\u00e8me dose d&#039;Astrazeneca - Congo Brazzaville<\/title>\n<meta name=\"description\" content=\"Apr\u00e8s la premi\u00e8re dose de vaccin administr\u00e9e le 25 juin, les femmes membres du Cadre de concertation permanent de la ...\" \/>\n<meta name=\"robots\" content=\"index, follow, max-snippet:-1, max-image-preview:large, max-video-preview:-1\" \/>\n<link rel=\"canonical\" href=\"https:\/\/www.africa-press.net\/congo-brazzaville\/photo\/covid-les-femmes-du-cafco-recoivent-la-deuxieme-dose-dastrazeneca\" \/>\n<meta property=\"og:locale\" content=\"fr_FR\" \/>\n<meta property=\"og:type\" content=\"article\" \/>\n<meta property=\"og:title\" content=\"Covid : les femmes du Cafco re\u00e7oivent la deuxi\u00e8me dose d&#039;Astrazeneca\" \/>\n<meta property=\"og:description\" content=\"Apr\u00e8s la premi\u00e8re dose de vaccin administr\u00e9e le 25 juin, les femmes membres du Cadre de concertation permanent de la ...\" \/>\n<meta property=\"og:url\" content=\"https:\/\/www.africa-press.net\/congo-brazzaville\/photo\/covid-les-femmes-du-cafco-recoivent-la-deuxieme-dose-dastrazeneca\" \/>\n<meta property=\"og:site_name\" content=\"Congo Brazzaville\" \/>\n<meta property=\"article:published_time\" content=\"2021-08-28T21:45:09+00:00\" \/>\n<meta property=\"og:image\" content=\"https:\/\/static.africa-press.net\/centrafricaine\/sites\/51\/2021\/08\/img-612aa1079bdc0.jpg\" \/>\n\t<meta property=\"og:image:width\" content=\"720\" \/>\n\t<meta property=\"og:image:height\" content=\"540\" \/>\n\t<meta property=\"og:image:type\" content=\"image\/jpeg\" \/>\n<meta name=\"author\" content=\"cfeditorfr\" \/>\n<meta name=\"twitter:card\" content=\"summary_large_image\" \/>\n<meta name=\"twitter:label1\" content=\"\u00c9crit par\" \/>\n\t<meta name=\"twitter:data1\" content=\"cfeditorfr\" \/>\n\t<meta name=\"twitter:label2\" content=\"Dur\u00e9e de lecture estim\u00e9e\" \/>\n\t<meta name=\"twitter:data2\" content=\"2 minutes\" \/>\n<script type=\"application\/ld+json\" class=\"yoast-schema-graph\">{\"@context\":\"https:\/\/schema.org\",\"@graph\":[{\"@type\":\"Article\",\"@id\":\"https:\/\/www.africa-press.net\/congo-brazzaville\/photo\/covid-les-femmes-du-cafco-recoivent-la-deuxieme-dose-dastrazeneca#article\",\"isPartOf\":{\"@id\":\"https:\/\/www.africa-press.net\/congo-brazzaville\/photo\/covid-les-femmes-du-cafco-recoivent-la-deuxieme-dose-dastrazeneca\"},\"author\":{\"name\":\"cfeditorfr\",\"@id\":\"https:\/\/www.africa-press.net\/congo-brazzaville\/#\/schema\/person\/2b1cf3cd81a31e3cd26889ca66d677f1\"},\"headline\":\"Covid : les femmes du Cafco re\u00e7oivent la deuxi\u00e8me dose d&rsquo;Astrazeneca\",\"datePublished\":\"2021-08-28T21:45:09+00:00\",\"mainEntityOfPage\":{\"@id\":\"https:\/\/www.africa-press.net\/congo-brazzaville\/photo\/covid-les-femmes-du-cafco-recoivent-la-deuxieme-dose-dastrazeneca\"},\"wordCount\":469,\"commentCount\":0,\"image\":{\"@id\":\"https:\/\/www.africa-press.net\/congo-brazzaville\/photo\/covid-les-femmes-du-cafco-recoivent-la-deuxieme-dose-dastrazeneca#primaryimage\"},\"thumbnailUrl\":\"https:\/\/static.africa-press.net\/centrafricaine\/sites\/51\/2021\/08\/img-612aa1079bdc0.jpg\",\"keywords\":[\"Africa Press\",\"Africa Press-Congo Brazzaville\",\"Congo Brazzaville\"],\"articleSection\":[\"Communaut\u00e9\",\"homepage-french\",\"Photo\",\"Top Nouvelles\",\"Toutes les actualit\u00e9s\"],\"inLanguage\":\"fr-FR\",\"potentialAction\":[{\"@type\":\"CommentAction\",\"name\":\"Comment\",\"target\":[\"https:\/\/www.africa-press.net\/congo-brazzaville\/photo\/covid-les-femmes-du-cafco-recoivent-la-deuxieme-dose-dastrazeneca#respond\"]}]},{\"@type\":\"WebPage\",\"@id\":\"https:\/\/www.africa-press.net\/congo-brazzaville\/photo\/covid-les-femmes-du-cafco-recoivent-la-deuxieme-dose-dastrazeneca\",\"url\":\"https:\/\/www.africa-press.net\/congo-brazzaville\/photo\/covid-les-femmes-du-cafco-recoivent-la-deuxieme-dose-dastrazeneca\",\"name\":\"Covid : les femmes du Cafco re\u00e7oivent la deuxi\u00e8me dose d'Astrazeneca - Congo Brazzaville\",\"isPartOf\":{\"@id\":\"https:\/\/www.africa-press.net\/congo-brazzaville\/#website\"},\"primaryImageOfPage\":{\"@id\":\"https:\/\/www.africa-press.net\/congo-brazzaville\/photo\/covid-les-femmes-du-cafco-recoivent-la-deuxieme-dose-dastrazeneca#primaryimage\"},\"image\":{\"@id\":\"https:\/\/www.africa-press.net\/congo-brazzaville\/photo\/covid-les-femmes-du-cafco-recoivent-la-deuxieme-dose-dastrazeneca#primaryimage\"},\"thumbnailUrl\":\"https:\/\/static.africa-press.net\/centrafricaine\/sites\/51\/2021\/08\/img-612aa1079bdc0.jpg\",\"datePublished\":\"2021-08-28T21:45:09+00:00\",\"author\":{\"@id\":\"https:\/\/www.africa-press.net\/congo-brazzaville\/#\/schema\/person\/2b1cf3cd81a31e3cd26889ca66d677f1\"},\"description\":\"Apr\u00e8s la premi\u00e8re dose de vaccin administr\u00e9e le 25 juin, les femmes membres du Cadre de concertation permanent de la ...\",\"breadcrumb\":{\"@id\":\"https:\/\/www.africa-press.net\/congo-brazzaville\/photo\/covid-les-femmes-du-cafco-recoivent-la-deuxieme-dose-dastrazeneca#breadcrumb\"},\"inLanguage\":\"fr-FR\",\"potentialAction\":[{\"@type\":\"ReadAction\",\"target\":[\"https:\/\/www.africa-press.net\/congo-brazzaville\/photo\/covid-les-femmes-du-cafco-recoivent-la-deuxieme-dose-dastrazeneca\"]}]},{\"@type\":\"ImageObject\",\"inLanguage\":\"fr-FR\",\"@id\":\"https:\/\/www.africa-press.net\/congo-brazzaville\/photo\/covid-les-femmes-du-cafco-recoivent-la-deuxieme-dose-dastrazeneca#primaryimage\",\"url\":\"https:\/\/static.africa-press.net\/centrafricaine\/sites\/51\/2021\/08\/img-612aa1079bdc0.jpg\",\"contentUrl\":\"https:\/\/static.africa-press.net\/centrafricaine\/sites\/51\/2021\/08\/img-612aa1079bdc0.jpg\",\"width\":720,\"height\":540,\"caption\":\"Covid : les femmes du Cafco re\u00e7oivent la deuxi\u00e8me dose d'Astrazeneca\"},{\"@type\":\"BreadcrumbList\",\"@id\":\"https:\/\/www.africa-press.net\/congo-brazzaville\/photo\/covid-les-femmes-du-cafco-recoivent-la-deuxieme-dose-dastrazeneca#breadcrumb\",\"itemListElement\":[{\"@type\":\"ListItem\",\"position\":1,\"name\":\"Accueil\",\"item\":\"https:\/\/www.africa-press.net\/congo-brazzaville\/\"},{\"@type\":\"ListItem\",\"position\":2,\"name\":\"Covid : les femmes du Cafco re\u00e7oivent la deuxi\u00e8me dose d&#8217;Astrazeneca\"}]},{\"@type\":\"WebSite\",\"@id\":\"https:\/\/www.africa-press.net\/congo-brazzaville\/#website\",\"url\":\"https:\/\/www.africa-press.net\/congo-brazzaville\/\",\"name\":\"Congo Brazzaville\",\"description\":\"Just another Africa News Agency Sites site\",\"potentialAction\":[{\"@type\":\"SearchAction\",\"target\":{\"@type\":\"EntryPoint\",\"urlTemplate\":\"https:\/\/www.africa-press.net\/congo-brazzaville\/?s={search_term_string}\"},\"query-input\":{\"@type\":\"PropertyValueSpecification\",\"valueRequired\":true,\"valueName\":\"search_term_string\"}}],\"inLanguage\":\"fr-FR\"},{\"@type\":\"Person\",\"@id\":\"https:\/\/www.africa-press.net\/congo-brazzaville\/#\/schema\/person\/2b1cf3cd81a31e3cd26889ca66d677f1\",\"name\":\"cfeditorfr\"}]}<\/script>\n<!-- \/ Yoast SEO Premium plugin. -->","yoast_head_json":{"title":"Covid : les femmes du Cafco re\u00e7oivent la deuxi\u00e8me dose d'Astrazeneca - Congo Brazzaville","description":"Apr\u00e8s la premi\u00e8re dose de vaccin administr\u00e9e le 25 juin, les femmes membres du Cadre de concertation permanent de la ...","robots":{"index":"index","follow":"follow","max-snippet":"max-snippet:-1","max-image-preview":"max-image-preview:large","max-video-preview":"max-video-preview:-1"},"canonical":"https:\/\/www.africa-press.net\/congo-brazzaville\/photo\/covid-les-femmes-du-cafco-recoivent-la-deuxieme-dose-dastrazeneca","og_locale":"fr_FR","og_type":"article","og_title":"Covid : les femmes du Cafco re\u00e7oivent la deuxi\u00e8me dose d'Astrazeneca","og_description":"Apr\u00e8s la premi\u00e8re dose de vaccin administr\u00e9e le 25 juin, les femmes membres du Cadre de concertation permanent de la ...","og_url":"https:\/\/www.africa-press.net\/congo-brazzaville\/photo\/covid-les-femmes-du-cafco-recoivent-la-deuxieme-dose-dastrazeneca","og_site_name":"Congo Brazzaville","article_published_time":"2021-08-28T21:45:09+00:00","og_image":[{"width":720,"height":540,"url":"https:\/\/static.africa-press.net\/centrafricaine\/sites\/51\/2021\/08\/img-612aa1079bdc0.jpg","type":"image\/jpeg"}],"author":"cfeditorfr","twitter_card":"summary_large_image","twitter_misc":{"\u00c9crit par":"cfeditorfr","Dur\u00e9e de lecture estim\u00e9e":"2 minutes"},"schema":{"@context":"https:\/\/schema.org","@graph":[{"@type":"Article","@id":"https:\/\/www.africa-press.net\/congo-brazzaville\/photo\/covid-les-femmes-du-cafco-recoivent-la-deuxieme-dose-dastrazeneca#article","isPartOf":{"@id":"https:\/\/www.africa-press.net\/congo-brazzaville\/photo\/covid-les-femmes-du-cafco-recoivent-la-deuxieme-dose-dastrazeneca"},"author":{"name":"cfeditorfr","@id":"https:\/\/www.africa-press.net\/congo-brazzaville\/#\/schema\/person\/2b1cf3cd81a31e3cd26889ca66d677f1"},"headline":"Covid : les femmes du Cafco re\u00e7oivent la deuxi\u00e8me dose d&rsquo;Astrazeneca","datePublished":"2021-08-28T21:45:09+00:00","mainEntityOfPage":{"@id":"https:\/\/www.africa-press.net\/congo-brazzaville\/photo\/covid-les-femmes-du-cafco-recoivent-la-deuxieme-dose-dastrazeneca"},"wordCount":469,"commentCount":0,"image":{"@id":"https:\/\/www.africa-press.net\/congo-brazzaville\/photo\/covid-les-femmes-du-cafco-recoivent-la-deuxieme-dose-dastrazeneca#primaryimage"},"thumbnailUrl":"https:\/\/static.africa-press.net\/centrafricaine\/sites\/51\/2021\/08\/img-612aa1079bdc0.jpg","keywords":["Africa Press","Africa Press-Congo Brazzaville","Congo Brazzaville"],"articleSection":["Communaut\u00e9","homepage-french","Photo","Top Nouvelles","Toutes les actualit\u00e9s"],"inLanguage":"fr-FR","potentialAction":[{"@type":"CommentAction","name":"Comment","target":["https:\/\/www.africa-press.net\/congo-brazzaville\/photo\/covid-les-femmes-du-cafco-recoivent-la-deuxieme-dose-dastrazeneca#respond"]}]},{"@type":"WebPage","@id":"https:\/\/www.africa-press.net\/congo-brazzaville\/photo\/covid-les-femmes-du-cafco-recoivent-la-deuxieme-dose-dastrazeneca","url":"https:\/\/www.africa-press.net\/congo-brazzaville\/photo\/covid-les-femmes-du-cafco-recoivent-la-deuxieme-dose-dastrazeneca","name":"Covid : les femmes du Cafco re\u00e7oivent la deuxi\u00e8me dose d'Astrazeneca - Congo Brazzaville","isPartOf":{"@id":"https:\/\/www.africa-press.net\/congo-brazzaville\/#website"},"primaryImageOfPage":{"@id":"https:\/\/www.africa-press.net\/congo-brazzaville\/photo\/covid-les-femmes-du-cafco-recoivent-la-deuxieme-dose-dastrazeneca#primaryimage"},"image":{"@id":"https:\/\/www.africa-press.net\/congo-brazzaville\/photo\/covid-les-femmes-du-cafco-recoivent-la-deuxieme-dose-dastrazeneca#primaryimage"},"thumbnailUrl":"https:\/\/static.africa-press.net\/centrafricaine\/sites\/51\/2021\/08\/img-612aa1079bdc0.jpg","datePublished":"2021-08-28T21:45:09+00:00","author":{"@id":"https:\/\/www.africa-press.net\/congo-brazzaville\/#\/schema\/person\/2b1cf3cd81a31e3cd26889ca66d677f1"},"description":"Apr\u00e8s la premi\u00e8re dose de vaccin administr\u00e9e le 25 juin, les femmes membres du Cadre de concertation permanent de la ...","breadcrumb":{"@id":"https:\/\/www.africa-press.net\/congo-brazzaville\/photo\/covid-les-femmes-du-cafco-recoivent-la-deuxieme-dose-dastrazeneca#breadcrumb"},"inLanguage":"fr-FR","potentialAction":[{"@type":"ReadAction","target":["https:\/\/www.africa-press.net\/congo-brazzaville\/photo\/covid-les-femmes-du-cafco-recoivent-la-deuxieme-dose-dastrazeneca"]}]},{"@type":"ImageObject","inLanguage":"fr-FR","@id":"https:\/\/www.africa-press.net\/congo-brazzaville\/photo\/covid-les-femmes-du-cafco-recoivent-la-deuxieme-dose-dastrazeneca#primaryimage","url":"https:\/\/static.africa-press.net\/centrafricaine\/sites\/51\/2021\/08\/img-612aa1079bdc0.jpg","contentUrl":"https:\/\/static.africa-press.net\/centrafricaine\/sites\/51\/2021\/08\/img-612aa1079bdc0.jpg","width":720,"height":540,"caption":"Covid : les femmes du Cafco re\u00e7oivent la deuxi\u00e8me dose d'Astrazeneca"},{"@type":"BreadcrumbList","@id":"https:\/\/www.africa-press.net\/congo-brazzaville\/photo\/covid-les-femmes-du-cafco-recoivent-la-deuxieme-dose-dastrazeneca#breadcrumb","itemListElement":[{"@type":"ListItem","position":1,"name":"Accueil","item":"https:\/\/www.africa-press.net\/congo-brazzaville\/"},{"@type":"ListItem","position":2,"name":"Covid : les femmes du Cafco re\u00e7oivent la deuxi\u00e8me dose d&#8217;Astrazeneca"}]},{"@type":"WebSite","@id":"https:\/\/www.africa-press.net\/congo-brazzaville\/#website","url":"https:\/\/www.africa-press.net\/congo-brazzaville\/","name":"Congo Brazzaville","description":"Just another Africa News Agency Sites site","potentialAction":[{"@type":"SearchAction","target":{"@type":"EntryPoint","urlTemplate":"https:\/\/www.africa-press.net\/congo-brazzaville\/?s={search_term_string}"},"query-input":{"@type":"PropertyValueSpecification","valueRequired":true,"valueName":"search_term_string"}}],"inLanguage":"fr-FR"},{"@type":"Person","@id":"https:\/\/www.africa-press.net\/congo-brazzaville\/#\/schema\/person\/2b1cf3cd81a31e3cd26889ca66d677f1","name":"cfeditorfr"}]}},"_links":{"self":[{"href":"https:\/\/www.africa-press.net\/congo-brazzaville\/wp-json\/wp\/v2\/posts\/1434","targetHints":{"allow":["GET"]}}],"collection":[{"href":"https:\/\/www.africa-press.net\/congo-brazzaville\/wp-json\/wp\/v2\/posts"}],"about":[{"href":"https:\/\/www.africa-press.net\/congo-brazzaville\/wp-json\/wp\/v2\/types\/post"}],"author":[{"embeddable":true,"href":"https:\/\/www.africa-press.net\/congo-brazzaville\/wp-json\/wp\/v2\/users\/82"}],"replies":[{"embeddable":true,"href":"https:\/\/www.africa-press.net\/congo-brazzaville\/wp-json\/wp\/v2\/comments?post=1434"}],"version-history":[{"count":0,"href":"https:\/\/www.africa-press.net\/congo-brazzaville\/wp-json\/wp\/v2\/posts\/1434\/revisions"}],"wp:featuredmedia":[{"embeddable":true,"href":"https:\/\/www.africa-press.net\/congo-brazzaville\/wp-json\/wp\/v2\/media\/1433"}],"wp:attachment":[{"href":"https:\/\/www.africa-press.net\/congo-brazzaville\/wp-json\/wp\/v2\/media?parent=1434"}],"wp:term":[{"taxonomy":"category","embeddable":true,"href":"https:\/\/www.africa-press.net\/congo-brazzaville\/wp-json\/wp\/v2\/categories?post=1434"},{"taxonomy":"post_tag","embeddable":true,"href":"https:\/\/www.africa-press.net\/congo-brazzaville\/wp-json\/wp\/v2\/tags?post=1434"}],"curies":[{"name":"wp","href":"https:\/\/api.w.org\/{rel}","templated":true}]}}