{"id":14342,"date":"2023-02-11T19:06:16","date_gmt":"2023-02-11T19:06:16","guid":{"rendered":"https:\/\/www.africa-press.net\/congo-brazzaville\/politique\/actions-sociales-le-cdi-a-souhaite-la-prise-en-charge-des-orphelins"},"modified":"2023-02-11T19:49:51","modified_gmt":"2023-02-11T19:49:51","slug":"actions-sociales-le-cdi-a-souhaite-la-prise-en-charge-des-orphelins","status":"publish","type":"post","link":"https:\/\/www.africa-press.net\/congo-brazzaville\/toutes-les-actualites\/actions-sociales-le-cdi-a-souhaite-la-prise-en-charge-des-orphelins","title":{"rendered":"Actions sociales : le CDI-A souhaite la prise en charge des orphelins"},"content":{"rendered":"<p><span style=\"color: #ff6600\"><strong>Africa-Press &#8211; Congo Brazzaville. <\/strong><\/span><b>Le pre\u0301sident du Club diplomatique international-Afrique (CDI-A), Antoine Kouakou, a manifeste\u0301 le 10 fe\u0301vrier a\u0300 Brazzaville l\u2019ambition de prendre en charge les orphelins de \u00ab La maison de l\u2019enfant \u00bb jusqu\u2019a\u0300 l\u2019a\u0302ge adulte. <\/b><\/p>\n<p>Antoine Kouakou a te\u0301moigne\u0301 son geste d\u2019amour lors de la remise du don de vivres a\u0300 La maison de l&rsquo;enfant, compose\u0301 de produits laitiers, sacs de riz, bidons d\u2019huile, habits de rechange, papiers hygie\u0301niques, de de\u0301tergents et bien d\u2019autres.<\/p>\n<p>L\u2019objectif e\u0301tant d\u2019accompagner la politique de l\u2019Etat dans le domaine du de\u0301veloppement. Le don s\u2019inscrivait e\u0301galement dans le cadre de la sensibilisation des Africains de la diaspora a\u0300 avoir une pense\u0301e pour leur continent.<\/p>\n<p>Le geste de La maison de l&rsquo;enfant est la premie\u0300re du genre au Congo apre\u0300s plusieurs pays d\u2019Afrique be\u0301ne\u0301ficiaires. La remise symbolique d\u2019un e\u0301chantillon s\u2019est de\u0301roule\u0301e entre le pre\u0301sident Antoine Kouakou et l\u2019assistant juridique et administratif de l\u2019association Le sourire de l&rsquo;orphelin, Saint Clair Foungui.<\/p>\n<p>Antoine Kouakou a rappele\u0301 a\u0300 cette occasion qu\u2019il est temps pour les Africains de prendre leur destin en main car personne ne viendra de\u0301velopper le continent a\u0300 leur place. \u00ab Notre modeste contribution pourra soulager tant soit peu l\u2019avenir de ces enfants qui ont besoin d\u2019affection \u00bb, a-t-il dit. Promettant a\u0300 l\u2019orphelinat la prise en charge de ces enfants jusqu\u2019a\u0300 l\u2019a\u0302ge adulte apre\u0300s une e\u0301tude de proce\u0301dure, il a assure\u0301 que le CDI-A a ouvert ses portes a\u0300 La maison de l\u2019enfant en cas de besoin.<\/p>\n<p>L\u2019assistant juridique et administratif de l\u2019association, Saint Clair Foungui, de son co\u0302te\u0301, a pre\u0301sente\u0301 son orphelinat. La structure compte dix enfants et admet les enfants de 0 a\u0300 5 ans par le biais du ministe\u0300re des Affaires sociales, de l\u2019Action humanitaire et de la Solidarite\u0301 ainsi que des services de la police conforme\u0301ment a\u0300 la loi.<\/p>\n<p>Le crite\u0300re d\u2019a\u0302ge est de rigueur pour permettre a\u0300 la maison d\u2019accueil d\u2019inculquer a\u0300 ces derniers une e\u0301ducation saine et d&rsquo;e\u0301viter tous les ale\u0301as possibles, a-t-il pre\u0301cise\u0301. Le directeur exe\u0301cutif national, Jean Claude Ngoubili Ngantele, a pre\u0301sente\u0301 a\u0300 cette occasion la vision du CDI-A, une organisation non gouvernementale base\u0301e en France qui soutient des actions diplomatiques internationales. Il assure e\u0301galement une vie saine et encourage le bien-e\u0302tre pour l\u2019e\u0301ducation pour tous, re\u0301duit les ine\u0301galite\u0301s dans et entre les pays, re\u0301alise la se\u0301curite\u0301 alimentaire et incite a\u0300 une agriculture durable, etc.<\/p>\n<p><strong>Pour plus d&rsquo;informations et d&rsquo;analyses sur la <a href=\"https:\/\/www.africa-press.net\/congo-brazzaville\">Congo Brazzaville<\/a>, suivez <a href=\"https:\/\/www.africa-press.net\/\">Africa-Press<\/a><\/strong><\/p>\n","protected":false},"excerpt":{"rendered":"<p>Africa-Press &#8211; Congo Brazzaville. Le pre\u0301sident du Club diplomatique international-Afrique (CDI-A), Antoine Kouakou, a manifeste\u0301 le 10 fe\u0301vrier a\u0300 Brazzaville l\u2019ambition de prendre en charge les orphelins de \u00ab La maison de l\u2019enfant \u00bb jusqu\u2019a\u0300 l\u2019a\u0302ge adulte. Antoine Kouakou a te\u0301moigne\u0301 son geste d\u2019amour lors de la remise du don de vivres a\u0300 La maison [&hellip;]<\/p>\n","protected":false},"author":82,"featured_media":14341,"comment_status":"open","ping_status":"closed","sticky":false,"template":"","format":"standard","meta":{"footnotes":""},"categories":[21,10],"tags":[36,47,46],"class_list":["post-14342","post","type-post","status-publish","format-standard","has-post-thumbnail","hentry","category-communaute","category-toutes-les-actualites","tag-africa-press","tag-africa-press-congo-brazzaville","tag-congo-brazzaville"],"yoast_head":"<!-- This site is optimized with the Yoast SEO Premium plugin v26.1 (Yoast SEO v27.0) - https:\/\/yoast.com\/product\/yoast-seo-premium-wordpress\/ -->\n<title>Actions sociales : le CDI-A souhaite la prise en charge des orphelins - Congo Brazzaville<\/title>\n<meta name=\"description\" content=\"Le pre\u0301sident du Club diplomatique international-Afrique (CDI-A), Antoine Kouakou, a manifeste\u0301 le 10 fe\u0301vrier a\u0300 Bra ...\" \/>\n<meta name=\"robots\" content=\"index, follow, max-snippet:-1, max-image-preview:large, max-video-preview:-1\" \/>\n<link rel=\"canonical\" href=\"https:\/\/www.africa-press.net\/congo-brazzaville\/toutes-les-actualites\/actions-sociales-le-cdi-a-souhaite-la-prise-en-charge-des-orphelins\" \/>\n<meta property=\"og:locale\" content=\"fr_FR\" \/>\n<meta property=\"og:type\" content=\"article\" \/>\n<meta property=\"og:title\" content=\"Actions sociales : le CDI-A souhaite la prise en charge des orphelins\" \/>\n<meta property=\"og:description\" content=\"Le pre\u0301sident du Club diplomatique international-Afrique (CDI-A), Antoine Kouakou, a manifeste\u0301 le 10 fe\u0301vrier a\u0300 Bra ...\" \/>\n<meta property=\"og:url\" content=\"https:\/\/www.africa-press.net\/congo-brazzaville\/toutes-les-actualites\/actions-sociales-le-cdi-a-souhaite-la-prise-en-charge-des-orphelins\" \/>\n<meta property=\"og:site_name\" content=\"Congo Brazzaville\" \/>\n<meta property=\"article:published_time\" content=\"2023-02-11T19:06:16+00:00\" \/>\n<meta property=\"article:modified_time\" content=\"2023-02-11T19:49:51+00:00\" \/>\n<meta property=\"og:image\" content=\"https:\/\/static.africa-press.net\/congo-brazzaville\/sites\/51\/2023\/02\/postQueueImg_1676129786.18.jpg\" \/>\n\t<meta property=\"og:image:width\" content=\"1749\" \/>\n\t<meta property=\"og:image:height\" content=\"768\" \/>\n\t<meta property=\"og:image:type\" content=\"image\/jpeg\" \/>\n<meta name=\"author\" content=\"cfeditorfr\" \/>\n<meta name=\"twitter:card\" content=\"summary_large_image\" \/>\n<meta name=\"twitter:label1\" content=\"\u00c9crit par\" \/>\n\t<meta name=\"twitter:data1\" content=\"cfeditorfr\" \/>\n\t<meta name=\"twitter:label2\" content=\"Dur\u00e9e de lecture estim\u00e9e\" \/>\n\t<meta name=\"twitter:data2\" content=\"2 minutes\" \/>\n<script type=\"application\/ld+json\" class=\"yoast-schema-graph\">{\"@context\":\"https:\/\/schema.org\",\"@graph\":[{\"@type\":\"Article\",\"@id\":\"https:\/\/www.africa-press.net\/congo-brazzaville\/toutes-les-actualites\/actions-sociales-le-cdi-a-souhaite-la-prise-en-charge-des-orphelins#article\",\"isPartOf\":{\"@id\":\"https:\/\/www.africa-press.net\/congo-brazzaville\/toutes-les-actualites\/actions-sociales-le-cdi-a-souhaite-la-prise-en-charge-des-orphelins\"},\"author\":{\"name\":\"cfeditorfr\",\"@id\":\"https:\/\/www.africa-press.net\/congo-brazzaville\/#\/schema\/person\/2b1cf3cd81a31e3cd26889ca66d677f1\"},\"headline\":\"Actions sociales : le CDI-A souhaite la prise en charge des orphelins\",\"datePublished\":\"2023-02-11T19:06:16+00:00\",\"dateModified\":\"2023-02-11T19:49:51+00:00\",\"mainEntityOfPage\":{\"@id\":\"https:\/\/www.africa-press.net\/congo-brazzaville\/toutes-les-actualites\/actions-sociales-le-cdi-a-souhaite-la-prise-en-charge-des-orphelins\"},\"wordCount\":482,\"commentCount\":0,\"image\":{\"@id\":\"https:\/\/www.africa-press.net\/congo-brazzaville\/toutes-les-actualites\/actions-sociales-le-cdi-a-souhaite-la-prise-en-charge-des-orphelins#primaryimage\"},\"thumbnailUrl\":\"https:\/\/static.africa-press.net\/congo-brazzaville\/sites\/51\/2023\/02\/postQueueImg_1676129786.18.jpg\",\"keywords\":[\"Africa Press\",\"Africa Press-Congo Brazzaville\",\"Congo Brazzaville\"],\"articleSection\":[\"Communaut\u00e9\",\"Toutes les actualit\u00e9s\"],\"inLanguage\":\"fr-FR\",\"potentialAction\":[{\"@type\":\"CommentAction\",\"name\":\"Comment\",\"target\":[\"https:\/\/www.africa-press.net\/congo-brazzaville\/toutes-les-actualites\/actions-sociales-le-cdi-a-souhaite-la-prise-en-charge-des-orphelins#respond\"]}]},{\"@type\":\"WebPage\",\"@id\":\"https:\/\/www.africa-press.net\/congo-brazzaville\/toutes-les-actualites\/actions-sociales-le-cdi-a-souhaite-la-prise-en-charge-des-orphelins\",\"url\":\"https:\/\/www.africa-press.net\/congo-brazzaville\/toutes-les-actualites\/actions-sociales-le-cdi-a-souhaite-la-prise-en-charge-des-orphelins\",\"name\":\"Actions sociales : le CDI-A souhaite la prise en charge des orphelins - Congo Brazzaville\",\"isPartOf\":{\"@id\":\"https:\/\/www.africa-press.net\/congo-brazzaville\/#website\"},\"primaryImageOfPage\":{\"@id\":\"https:\/\/www.africa-press.net\/congo-brazzaville\/toutes-les-actualites\/actions-sociales-le-cdi-a-souhaite-la-prise-en-charge-des-orphelins#primaryimage\"},\"image\":{\"@id\":\"https:\/\/www.africa-press.net\/congo-brazzaville\/toutes-les-actualites\/actions-sociales-le-cdi-a-souhaite-la-prise-en-charge-des-orphelins#primaryimage\"},\"thumbnailUrl\":\"https:\/\/static.africa-press.net\/congo-brazzaville\/sites\/51\/2023\/02\/postQueueImg_1676129786.18.jpg\",\"datePublished\":\"2023-02-11T19:06:16+00:00\",\"dateModified\":\"2023-02-11T19:49:51+00:00\",\"author\":{\"@id\":\"https:\/\/www.africa-press.net\/congo-brazzaville\/#\/schema\/person\/2b1cf3cd81a31e3cd26889ca66d677f1\"},\"description\":\"Le pre\u0301sident du Club diplomatique international-Afrique (CDI-A), Antoine Kouakou, a manifeste\u0301 le 10 fe\u0301vrier a\u0300 Bra ...\",\"breadcrumb\":{\"@id\":\"https:\/\/www.africa-press.net\/congo-brazzaville\/toutes-les-actualites\/actions-sociales-le-cdi-a-souhaite-la-prise-en-charge-des-orphelins#breadcrumb\"},\"inLanguage\":\"fr-FR\",\"potentialAction\":[{\"@type\":\"ReadAction\",\"target\":[\"https:\/\/www.africa-press.net\/congo-brazzaville\/toutes-les-actualites\/actions-sociales-le-cdi-a-souhaite-la-prise-en-charge-des-orphelins\"]}]},{\"@type\":\"ImageObject\",\"inLanguage\":\"fr-FR\",\"@id\":\"https:\/\/www.africa-press.net\/congo-brazzaville\/toutes-les-actualites\/actions-sociales-le-cdi-a-souhaite-la-prise-en-charge-des-orphelins#primaryimage\",\"url\":\"https:\/\/static.africa-press.net\/congo-brazzaville\/sites\/51\/2023\/02\/postQueueImg_1676129786.18.jpg\",\"contentUrl\":\"https:\/\/static.africa-press.net\/congo-brazzaville\/sites\/51\/2023\/02\/postQueueImg_1676129786.18.jpg\",\"width\":1749,\"height\":768,\"caption\":\"Actions sociales : le CDI-A souhaite la prise en charge des orphelins\"},{\"@type\":\"BreadcrumbList\",\"@id\":\"https:\/\/www.africa-press.net\/congo-brazzaville\/toutes-les-actualites\/actions-sociales-le-cdi-a-souhaite-la-prise-en-charge-des-orphelins#breadcrumb\",\"itemListElement\":[{\"@type\":\"ListItem\",\"position\":1,\"name\":\"Accueil\",\"item\":\"https:\/\/www.africa-press.net\/congo-brazzaville\/\"},{\"@type\":\"ListItem\",\"position\":2,\"name\":\"Actions sociales : le CDI-A souhaite la prise en charge des orphelins\"}]},{\"@type\":\"WebSite\",\"@id\":\"https:\/\/www.africa-press.net\/congo-brazzaville\/#website\",\"url\":\"https:\/\/www.africa-press.net\/congo-brazzaville\/\",\"name\":\"Congo Brazzaville\",\"description\":\"Just another Africa News Agency Sites site\",\"potentialAction\":[{\"@type\":\"SearchAction\",\"target\":{\"@type\":\"EntryPoint\",\"urlTemplate\":\"https:\/\/www.africa-press.net\/congo-brazzaville\/?s={search_term_string}\"},\"query-input\":{\"@type\":\"PropertyValueSpecification\",\"valueRequired\":true,\"valueName\":\"search_term_string\"}}],\"inLanguage\":\"fr-FR\"},{\"@type\":\"Person\",\"@id\":\"https:\/\/www.africa-press.net\/congo-brazzaville\/#\/schema\/person\/2b1cf3cd81a31e3cd26889ca66d677f1\",\"name\":\"cfeditorfr\"}]}<\/script>\n<!-- \/ Yoast SEO Premium plugin. -->","yoast_head_json":{"title":"Actions sociales : le CDI-A souhaite la prise en charge des orphelins - Congo Brazzaville","description":"Le pre\u0301sident du Club diplomatique international-Afrique (CDI-A), Antoine Kouakou, a manifeste\u0301 le 10 fe\u0301vrier a\u0300 Bra ...","robots":{"index":"index","follow":"follow","max-snippet":"max-snippet:-1","max-image-preview":"max-image-preview:large","max-video-preview":"max-video-preview:-1"},"canonical":"https:\/\/www.africa-press.net\/congo-brazzaville\/toutes-les-actualites\/actions-sociales-le-cdi-a-souhaite-la-prise-en-charge-des-orphelins","og_locale":"fr_FR","og_type":"article","og_title":"Actions sociales : le CDI-A souhaite la prise en charge des orphelins","og_description":"Le pre\u0301sident du Club diplomatique international-Afrique (CDI-A), Antoine Kouakou, a manifeste\u0301 le 10 fe\u0301vrier a\u0300 Bra ...","og_url":"https:\/\/www.africa-press.net\/congo-brazzaville\/toutes-les-actualites\/actions-sociales-le-cdi-a-souhaite-la-prise-en-charge-des-orphelins","og_site_name":"Congo Brazzaville","article_published_time":"2023-02-11T19:06:16+00:00","article_modified_time":"2023-02-11T19:49:51+00:00","og_image":[{"width":1749,"height":768,"url":"https:\/\/static.africa-press.net\/congo-brazzaville\/sites\/51\/2023\/02\/postQueueImg_1676129786.18.jpg","type":"image\/jpeg"}],"author":"cfeditorfr","twitter_card":"summary_large_image","twitter_misc":{"\u00c9crit par":"cfeditorfr","Dur\u00e9e de lecture estim\u00e9e":"2 minutes"},"schema":{"@context":"https:\/\/schema.org","@graph":[{"@type":"Article","@id":"https:\/\/www.africa-press.net\/congo-brazzaville\/toutes-les-actualites\/actions-sociales-le-cdi-a-souhaite-la-prise-en-charge-des-orphelins#article","isPartOf":{"@id":"https:\/\/www.africa-press.net\/congo-brazzaville\/toutes-les-actualites\/actions-sociales-le-cdi-a-souhaite-la-prise-en-charge-des-orphelins"},"author":{"name":"cfeditorfr","@id":"https:\/\/www.africa-press.net\/congo-brazzaville\/#\/schema\/person\/2b1cf3cd81a31e3cd26889ca66d677f1"},"headline":"Actions sociales : le CDI-A souhaite la prise en charge des orphelins","datePublished":"2023-02-11T19:06:16+00:00","dateModified":"2023-02-11T19:49:51+00:00","mainEntityOfPage":{"@id":"https:\/\/www.africa-press.net\/congo-brazzaville\/toutes-les-actualites\/actions-sociales-le-cdi-a-souhaite-la-prise-en-charge-des-orphelins"},"wordCount":482,"commentCount":0,"image":{"@id":"https:\/\/www.africa-press.net\/congo-brazzaville\/toutes-les-actualites\/actions-sociales-le-cdi-a-souhaite-la-prise-en-charge-des-orphelins#primaryimage"},"thumbnailUrl":"https:\/\/static.africa-press.net\/congo-brazzaville\/sites\/51\/2023\/02\/postQueueImg_1676129786.18.jpg","keywords":["Africa Press","Africa Press-Congo Brazzaville","Congo Brazzaville"],"articleSection":["Communaut\u00e9","Toutes les actualit\u00e9s"],"inLanguage":"fr-FR","potentialAction":[{"@type":"CommentAction","name":"Comment","target":["https:\/\/www.africa-press.net\/congo-brazzaville\/toutes-les-actualites\/actions-sociales-le-cdi-a-souhaite-la-prise-en-charge-des-orphelins#respond"]}]},{"@type":"WebPage","@id":"https:\/\/www.africa-press.net\/congo-brazzaville\/toutes-les-actualites\/actions-sociales-le-cdi-a-souhaite-la-prise-en-charge-des-orphelins","url":"https:\/\/www.africa-press.net\/congo-brazzaville\/toutes-les-actualites\/actions-sociales-le-cdi-a-souhaite-la-prise-en-charge-des-orphelins","name":"Actions sociales : le CDI-A souhaite la prise en charge des orphelins - Congo Brazzaville","isPartOf":{"@id":"https:\/\/www.africa-press.net\/congo-brazzaville\/#website"},"primaryImageOfPage":{"@id":"https:\/\/www.africa-press.net\/congo-brazzaville\/toutes-les-actualites\/actions-sociales-le-cdi-a-souhaite-la-prise-en-charge-des-orphelins#primaryimage"},"image":{"@id":"https:\/\/www.africa-press.net\/congo-brazzaville\/toutes-les-actualites\/actions-sociales-le-cdi-a-souhaite-la-prise-en-charge-des-orphelins#primaryimage"},"thumbnailUrl":"https:\/\/static.africa-press.net\/congo-brazzaville\/sites\/51\/2023\/02\/postQueueImg_1676129786.18.jpg","datePublished":"2023-02-11T19:06:16+00:00","dateModified":"2023-02-11T19:49:51+00:00","author":{"@id":"https:\/\/www.africa-press.net\/congo-brazzaville\/#\/schema\/person\/2b1cf3cd81a31e3cd26889ca66d677f1"},"description":"Le pre\u0301sident du Club diplomatique international-Afrique (CDI-A), Antoine Kouakou, a manifeste\u0301 le 10 fe\u0301vrier a\u0300 Bra ...","breadcrumb":{"@id":"https:\/\/www.africa-press.net\/congo-brazzaville\/toutes-les-actualites\/actions-sociales-le-cdi-a-souhaite-la-prise-en-charge-des-orphelins#breadcrumb"},"inLanguage":"fr-FR","potentialAction":[{"@type":"ReadAction","target":["https:\/\/www.africa-press.net\/congo-brazzaville\/toutes-les-actualites\/actions-sociales-le-cdi-a-souhaite-la-prise-en-charge-des-orphelins"]}]},{"@type":"ImageObject","inLanguage":"fr-FR","@id":"https:\/\/www.africa-press.net\/congo-brazzaville\/toutes-les-actualites\/actions-sociales-le-cdi-a-souhaite-la-prise-en-charge-des-orphelins#primaryimage","url":"https:\/\/static.africa-press.net\/congo-brazzaville\/sites\/51\/2023\/02\/postQueueImg_1676129786.18.jpg","contentUrl":"https:\/\/static.africa-press.net\/congo-brazzaville\/sites\/51\/2023\/02\/postQueueImg_1676129786.18.jpg","width":1749,"height":768,"caption":"Actions sociales : le CDI-A souhaite la prise en charge des orphelins"},{"@type":"BreadcrumbList","@id":"https:\/\/www.africa-press.net\/congo-brazzaville\/toutes-les-actualites\/actions-sociales-le-cdi-a-souhaite-la-prise-en-charge-des-orphelins#breadcrumb","itemListElement":[{"@type":"ListItem","position":1,"name":"Accueil","item":"https:\/\/www.africa-press.net\/congo-brazzaville\/"},{"@type":"ListItem","position":2,"name":"Actions sociales : le CDI-A souhaite la prise en charge des orphelins"}]},{"@type":"WebSite","@id":"https:\/\/www.africa-press.net\/congo-brazzaville\/#website","url":"https:\/\/www.africa-press.net\/congo-brazzaville\/","name":"Congo Brazzaville","description":"Just another Africa News Agency Sites site","potentialAction":[{"@type":"SearchAction","target":{"@type":"EntryPoint","urlTemplate":"https:\/\/www.africa-press.net\/congo-brazzaville\/?s={search_term_string}"},"query-input":{"@type":"PropertyValueSpecification","valueRequired":true,"valueName":"search_term_string"}}],"inLanguage":"fr-FR"},{"@type":"Person","@id":"https:\/\/www.africa-press.net\/congo-brazzaville\/#\/schema\/person\/2b1cf3cd81a31e3cd26889ca66d677f1","name":"cfeditorfr"}]}},"_links":{"self":[{"href":"https:\/\/www.africa-press.net\/congo-brazzaville\/wp-json\/wp\/v2\/posts\/14342","targetHints":{"allow":["GET"]}}],"collection":[{"href":"https:\/\/www.africa-press.net\/congo-brazzaville\/wp-json\/wp\/v2\/posts"}],"about":[{"href":"https:\/\/www.africa-press.net\/congo-brazzaville\/wp-json\/wp\/v2\/types\/post"}],"author":[{"embeddable":true,"href":"https:\/\/www.africa-press.net\/congo-brazzaville\/wp-json\/wp\/v2\/users\/82"}],"replies":[{"embeddable":true,"href":"https:\/\/www.africa-press.net\/congo-brazzaville\/wp-json\/wp\/v2\/comments?post=14342"}],"version-history":[{"count":0,"href":"https:\/\/www.africa-press.net\/congo-brazzaville\/wp-json\/wp\/v2\/posts\/14342\/revisions"}],"wp:featuredmedia":[{"embeddable":true,"href":"https:\/\/www.africa-press.net\/congo-brazzaville\/wp-json\/wp\/v2\/media\/14341"}],"wp:attachment":[{"href":"https:\/\/www.africa-press.net\/congo-brazzaville\/wp-json\/wp\/v2\/media?parent=14342"}],"wp:term":[{"taxonomy":"category","embeddable":true,"href":"https:\/\/www.africa-press.net\/congo-brazzaville\/wp-json\/wp\/v2\/categories?post=14342"},{"taxonomy":"post_tag","embeddable":true,"href":"https:\/\/www.africa-press.net\/congo-brazzaville\/wp-json\/wp\/v2\/tags?post=14342"}],"curies":[{"name":"wp","href":"https:\/\/api.w.org\/{rel}","templated":true}]}}