{"id":14346,"date":"2023-02-11T19:06:52","date_gmt":"2023-02-11T19:06:52","guid":{"rendered":"https:\/\/www.africa-press.net\/congo-brazzaville\/politique\/mise-en-oeuvre-reussie-de-la-decentralisation-vingt-et-une-recommandations-a-lendroit-du-gouvernement"},"modified":"2023-02-11T19:50:38","modified_gmt":"2023-02-11T19:50:38","slug":"mise-en-oeuvre-reussie-de-la-decentralisation-vingt-et-une-recommandations-a-lendroit-du-gouvernement","status":"publish","type":"post","link":"https:\/\/www.africa-press.net\/congo-brazzaville\/politique\/mise-en-oeuvre-reussie-de-la-decentralisation-vingt-et-une-recommandations-a-lendroit-du-gouvernement","title":{"rendered":"Mise en \u0153uvre r\u00e9ussie de la d\u00e9centralisation : vingt-et-une recommandations \u00e0 l\u2019endroit du gouvernement"},"content":{"rendered":"<p><span style=\"color: #ff6600\"><strong>Africa-Press &#8211; Congo Brazzaville. <\/strong><\/span><b>L\u2019atelier pre\u0301paratoire au forum sur la revitalisation et la redynamisation de la de\u0301centralisation et du de\u0301veloppement local s\u2019est clo\u0302ture\u0301 le 10 fe\u0301vrier, a\u0300 Brazzaville. Pour garantir la re\u0301ussite de la de\u0301centralisation au Congo, les participants ont formule\u0301 a\u0300 l&rsquo;endroit de l&rsquo;exe\u0301cutif vingt-et-une recommandations. <\/b><\/p>\n<p>Pre\u0301side\u0301e par le ministre de\u0301le\u0301gue\u0301 a\u0300 la De\u0301centralisation et au De\u0301veloppement local, Juste De\u0301sire\u0301 Monde\u0301le\u0301, la re\u0301union tenue pendant trois jours a permis aux responsables des collectivite\u0301s locales, aux e\u0301lus locaux et aux experts du domaine de discuter des me\u0301canismes a\u0300 mettre en place pour pre\u0301tendre a\u0300 un meilleur de\u0301veloppement local.<\/p>\n<p>A cet effet, les partcipants ont adopte\u0301 une kyrielle de recommandations a\u0300 l\u2019endroit des pouvoirs publics, entre autres, la mise en place d&rsquo;une agence d\u2019appui et d\u2019accompagnement de la de\u0301centralisation et du de\u0301veloppement local ; l\u2019e\u0301laboration d&rsquo;une politique de formation des animateurs des collectivite\u0301s locales ; la revisitation de tous les textes et re\u0300glements sur la de\u0301centralisation en vue de les adapter au contexte actuel.<\/p>\n<p>La centaine d\u2019acteurs ayant pris part a\u0300 l\u2019atelier demande au gouvernement de relancer le contrat Etat-De\u0301partements et Etat-Commune, ayant pour base l\u2019allocation par le gouvernement d\u2019un fonds annuel a\u0300 chaque collectivite\u0301 locale ; l\u2019acce\u0301le\u0301ration du processus de transfert des moyens et compe\u0301tences a\u0300 toutes les matie\u0300res transfe\u0301rables.<\/p>\n<p><b>Cre\u0301ation d\u2019un organe permanent<\/b><\/p>\n<p>Par ailleurs, les experts ont re\u0301clame\u0301 la cre\u0301ation d\u2019un organe permanent de suivi et d\u2019e\u0301valuation de la mise en \u0153uvre de la de\u0301centralisation ; l\u2019actualisation de la loi sur la fonction publique territoriale ainsi que sa mise en \u0153uvre ; le renforcement de la bonne gouvernance locale avec l\u2019implication de la socie\u0301te\u0301 civile.<\/p>\n<p>De me\u0302me, ils ont souhaite\u0301 l\u2019e\u0301laboration d\u2019une loi re\u0301gissant le de\u0301veloppement local ; la loi-cadre sur la coope\u0301ration de\u0301centralise\u0301e ; la formation des animateurs des collectivite\u0301s locales ; le bilan du transfert des compe\u0301tences des administrations fiscales et du Tre\u0301sor public, dans la gestion des impo\u0302ts locaux. Il s\u2019agit notamment des patentes et contributions foncie\u0300res, de la TOL et taxe sur les pylo\u0302nes ainsi que des centimes additionnels.<\/p>\n<p>Satisfait de la bonne tenue de cet atelier, le ministre de\u0301e\u0301le\u0301gue\u0301 Juste De\u0301sire\u0301 Monde\u0301le\u0301 a invite\u0301 les participants a\u0300 bien appliquer les notions apprises pour une de\u0301centralisation inclusive et re\u0301ussie au Congo.<\/p>\n<p><strong>Pour plus d&rsquo;informations et d&rsquo;analyses sur la <a href=\"https:\/\/www.africa-press.net\/congo-brazzaville\">Congo Brazzaville<\/a>, suivez <a href=\"https:\/\/www.africa-press.net\/\">Africa-Press<\/a><\/strong><\/p>\n","protected":false},"excerpt":{"rendered":"<p>Africa-Press &#8211; Congo Brazzaville. L\u2019atelier pre\u0301paratoire au forum sur la revitalisation et la redynamisation de la de\u0301centralisation et du de\u0301veloppement local s\u2019est clo\u0302ture\u0301 le 10 fe\u0301vrier, a\u0300 Brazzaville. Pour garantir la re\u0301ussite de la de\u0301centralisation au Congo, les participants ont formule\u0301 a\u0300 l&rsquo;endroit de l&rsquo;exe\u0301cutif vingt-et-une recommandations. Pre\u0301side\u0301e par le ministre de\u0301le\u0301gue\u0301 a\u0300 la De\u0301centralisation [&hellip;]<\/p>\n","protected":false},"author":82,"featured_media":14345,"comment_status":"open","ping_status":"closed","sticky":false,"template":"","format":"standard","meta":{"footnotes":""},"categories":[2,10],"tags":[36,47,46],"class_list":["post-14346","post","type-post","status-publish","format-standard","has-post-thumbnail","hentry","category-politique","category-toutes-les-actualites","tag-africa-press","tag-africa-press-congo-brazzaville","tag-congo-brazzaville"],"yoast_head":"<!-- This site is optimized with the Yoast SEO Premium plugin v26.1 (Yoast SEO v27.0) - https:\/\/yoast.com\/product\/yoast-seo-premium-wordpress\/ -->\n<title>Mise en \u0153uvre r\u00e9ussie de la d\u00e9centralisation : vingt-et-une recommandations \u00e0 l\u2019endroit du gouvernement - Congo Brazzaville<\/title>\n<meta name=\"description\" content=\"L\u2019atelier pre\u0301paratoire au forum sur la revitalisation et la redynamisation de la de\u0301centralisation et du de\u0301veloppem ...\" \/>\n<meta name=\"robots\" content=\"index, follow, max-snippet:-1, max-image-preview:large, max-video-preview:-1\" \/>\n<link rel=\"canonical\" href=\"https:\/\/www.africa-press.net\/congo-brazzaville\/politique\/mise-en-oeuvre-reussie-de-la-decentralisation-vingt-et-une-recommandations-a-lendroit-du-gouvernement\" \/>\n<meta property=\"og:locale\" content=\"fr_FR\" \/>\n<meta property=\"og:type\" content=\"article\" \/>\n<meta property=\"og:title\" content=\"Mise en \u0153uvre r\u00e9ussie de la d\u00e9centralisation : vingt-et-une recommandations \u00e0 l\u2019endroit du gouvernement\" \/>\n<meta property=\"og:description\" content=\"L\u2019atelier pre\u0301paratoire au forum sur la revitalisation et la redynamisation de la de\u0301centralisation et du de\u0301veloppem ...\" \/>\n<meta property=\"og:url\" content=\"https:\/\/www.africa-press.net\/congo-brazzaville\/politique\/mise-en-oeuvre-reussie-de-la-decentralisation-vingt-et-une-recommandations-a-lendroit-du-gouvernement\" \/>\n<meta property=\"og:site_name\" content=\"Congo Brazzaville\" \/>\n<meta property=\"article:published_time\" content=\"2023-02-11T19:06:52+00:00\" \/>\n<meta property=\"article:modified_time\" content=\"2023-02-11T19:50:38+00:00\" \/>\n<meta property=\"og:image\" content=\"https:\/\/static.africa-press.net\/congo-brazzaville\/sites\/51\/2023\/02\/postQueueImg_1676129869.13.jpg\" \/>\n\t<meta property=\"og:image:width\" content=\"1669\" \/>\n\t<meta property=\"og:image:height\" content=\"768\" \/>\n\t<meta property=\"og:image:type\" content=\"image\/jpeg\" \/>\n<meta name=\"author\" content=\"cfeditorfr\" \/>\n<meta name=\"twitter:card\" content=\"summary_large_image\" \/>\n<meta name=\"twitter:label1\" content=\"\u00c9crit par\" \/>\n\t<meta name=\"twitter:data1\" content=\"cfeditorfr\" \/>\n\t<meta name=\"twitter:label2\" content=\"Dur\u00e9e de lecture estim\u00e9e\" \/>\n\t<meta name=\"twitter:data2\" content=\"2 minutes\" \/>\n<script type=\"application\/ld+json\" class=\"yoast-schema-graph\">{\"@context\":\"https:\/\/schema.org\",\"@graph\":[{\"@type\":\"Article\",\"@id\":\"https:\/\/www.africa-press.net\/congo-brazzaville\/politique\/mise-en-oeuvre-reussie-de-la-decentralisation-vingt-et-une-recommandations-a-lendroit-du-gouvernement#article\",\"isPartOf\":{\"@id\":\"https:\/\/www.africa-press.net\/congo-brazzaville\/politique\/mise-en-oeuvre-reussie-de-la-decentralisation-vingt-et-une-recommandations-a-lendroit-du-gouvernement\"},\"author\":{\"name\":\"cfeditorfr\",\"@id\":\"https:\/\/www.africa-press.net\/congo-brazzaville\/#\/schema\/person\/2b1cf3cd81a31e3cd26889ca66d677f1\"},\"headline\":\"Mise en \u0153uvre r\u00e9ussie de la d\u00e9centralisation : vingt-et-une recommandations \u00e0 l\u2019endroit du gouvernement\",\"datePublished\":\"2023-02-11T19:06:52+00:00\",\"dateModified\":\"2023-02-11T19:50:38+00:00\",\"mainEntityOfPage\":{\"@id\":\"https:\/\/www.africa-press.net\/congo-brazzaville\/politique\/mise-en-oeuvre-reussie-de-la-decentralisation-vingt-et-une-recommandations-a-lendroit-du-gouvernement\"},\"wordCount\":469,\"commentCount\":0,\"image\":{\"@id\":\"https:\/\/www.africa-press.net\/congo-brazzaville\/politique\/mise-en-oeuvre-reussie-de-la-decentralisation-vingt-et-une-recommandations-a-lendroit-du-gouvernement#primaryimage\"},\"thumbnailUrl\":\"https:\/\/static.africa-press.net\/congo-brazzaville\/sites\/51\/2023\/02\/postQueueImg_1676129869.13.jpg\",\"keywords\":[\"Africa Press\",\"Africa Press-Congo Brazzaville\",\"Congo Brazzaville\"],\"articleSection\":[\"Politique\",\"Toutes les actualit\u00e9s\"],\"inLanguage\":\"fr-FR\",\"potentialAction\":[{\"@type\":\"CommentAction\",\"name\":\"Comment\",\"target\":[\"https:\/\/www.africa-press.net\/congo-brazzaville\/politique\/mise-en-oeuvre-reussie-de-la-decentralisation-vingt-et-une-recommandations-a-lendroit-du-gouvernement#respond\"]}]},{\"@type\":\"WebPage\",\"@id\":\"https:\/\/www.africa-press.net\/congo-brazzaville\/politique\/mise-en-oeuvre-reussie-de-la-decentralisation-vingt-et-une-recommandations-a-lendroit-du-gouvernement\",\"url\":\"https:\/\/www.africa-press.net\/congo-brazzaville\/politique\/mise-en-oeuvre-reussie-de-la-decentralisation-vingt-et-une-recommandations-a-lendroit-du-gouvernement\",\"name\":\"Mise en \u0153uvre r\u00e9ussie de la d\u00e9centralisation : vingt-et-une recommandations \u00e0 l\u2019endroit du gouvernement - Congo Brazzaville\",\"isPartOf\":{\"@id\":\"https:\/\/www.africa-press.net\/congo-brazzaville\/#website\"},\"primaryImageOfPage\":{\"@id\":\"https:\/\/www.africa-press.net\/congo-brazzaville\/politique\/mise-en-oeuvre-reussie-de-la-decentralisation-vingt-et-une-recommandations-a-lendroit-du-gouvernement#primaryimage\"},\"image\":{\"@id\":\"https:\/\/www.africa-press.net\/congo-brazzaville\/politique\/mise-en-oeuvre-reussie-de-la-decentralisation-vingt-et-une-recommandations-a-lendroit-du-gouvernement#primaryimage\"},\"thumbnailUrl\":\"https:\/\/static.africa-press.net\/congo-brazzaville\/sites\/51\/2023\/02\/postQueueImg_1676129869.13.jpg\",\"datePublished\":\"2023-02-11T19:06:52+00:00\",\"dateModified\":\"2023-02-11T19:50:38+00:00\",\"author\":{\"@id\":\"https:\/\/www.africa-press.net\/congo-brazzaville\/#\/schema\/person\/2b1cf3cd81a31e3cd26889ca66d677f1\"},\"description\":\"L\u2019atelier pre\u0301paratoire au forum sur la revitalisation et la redynamisation de la de\u0301centralisation et du de\u0301veloppem ...\",\"breadcrumb\":{\"@id\":\"https:\/\/www.africa-press.net\/congo-brazzaville\/politique\/mise-en-oeuvre-reussie-de-la-decentralisation-vingt-et-une-recommandations-a-lendroit-du-gouvernement#breadcrumb\"},\"inLanguage\":\"fr-FR\",\"potentialAction\":[{\"@type\":\"ReadAction\",\"target\":[\"https:\/\/www.africa-press.net\/congo-brazzaville\/politique\/mise-en-oeuvre-reussie-de-la-decentralisation-vingt-et-une-recommandations-a-lendroit-du-gouvernement\"]}]},{\"@type\":\"ImageObject\",\"inLanguage\":\"fr-FR\",\"@id\":\"https:\/\/www.africa-press.net\/congo-brazzaville\/politique\/mise-en-oeuvre-reussie-de-la-decentralisation-vingt-et-une-recommandations-a-lendroit-du-gouvernement#primaryimage\",\"url\":\"https:\/\/static.africa-press.net\/congo-brazzaville\/sites\/51\/2023\/02\/postQueueImg_1676129869.13.jpg\",\"contentUrl\":\"https:\/\/static.africa-press.net\/congo-brazzaville\/sites\/51\/2023\/02\/postQueueImg_1676129869.13.jpg\",\"width\":1669,\"height\":768,\"caption\":\"Mise en \u0153uvre r\u00e9ussie de la d\u00e9centralisation : vingt-et-une recommandations \u00e0 l\u2019endroit du gouvernement\"},{\"@type\":\"BreadcrumbList\",\"@id\":\"https:\/\/www.africa-press.net\/congo-brazzaville\/politique\/mise-en-oeuvre-reussie-de-la-decentralisation-vingt-et-une-recommandations-a-lendroit-du-gouvernement#breadcrumb\",\"itemListElement\":[{\"@type\":\"ListItem\",\"position\":1,\"name\":\"Accueil\",\"item\":\"https:\/\/www.africa-press.net\/congo-brazzaville\/\"},{\"@type\":\"ListItem\",\"position\":2,\"name\":\"Mise en \u0153uvre r\u00e9ussie de la d\u00e9centralisation : vingt-et-une recommandations \u00e0 l\u2019endroit du gouvernement\"}]},{\"@type\":\"WebSite\",\"@id\":\"https:\/\/www.africa-press.net\/congo-brazzaville\/#website\",\"url\":\"https:\/\/www.africa-press.net\/congo-brazzaville\/\",\"name\":\"Congo Brazzaville\",\"description\":\"Just another Africa News Agency Sites site\",\"potentialAction\":[{\"@type\":\"SearchAction\",\"target\":{\"@type\":\"EntryPoint\",\"urlTemplate\":\"https:\/\/www.africa-press.net\/congo-brazzaville\/?s={search_term_string}\"},\"query-input\":{\"@type\":\"PropertyValueSpecification\",\"valueRequired\":true,\"valueName\":\"search_term_string\"}}],\"inLanguage\":\"fr-FR\"},{\"@type\":\"Person\",\"@id\":\"https:\/\/www.africa-press.net\/congo-brazzaville\/#\/schema\/person\/2b1cf3cd81a31e3cd26889ca66d677f1\",\"name\":\"cfeditorfr\"}]}<\/script>\n<!-- \/ Yoast SEO Premium plugin. -->","yoast_head_json":{"title":"Mise en \u0153uvre r\u00e9ussie de la d\u00e9centralisation : vingt-et-une recommandations \u00e0 l\u2019endroit du gouvernement - Congo Brazzaville","description":"L\u2019atelier pre\u0301paratoire au forum sur la revitalisation et la redynamisation de la de\u0301centralisation et du de\u0301veloppem ...","robots":{"index":"index","follow":"follow","max-snippet":"max-snippet:-1","max-image-preview":"max-image-preview:large","max-video-preview":"max-video-preview:-1"},"canonical":"https:\/\/www.africa-press.net\/congo-brazzaville\/politique\/mise-en-oeuvre-reussie-de-la-decentralisation-vingt-et-une-recommandations-a-lendroit-du-gouvernement","og_locale":"fr_FR","og_type":"article","og_title":"Mise en \u0153uvre r\u00e9ussie de la d\u00e9centralisation : vingt-et-une recommandations \u00e0 l\u2019endroit du gouvernement","og_description":"L\u2019atelier pre\u0301paratoire au forum sur la revitalisation et la redynamisation de la de\u0301centralisation et du de\u0301veloppem ...","og_url":"https:\/\/www.africa-press.net\/congo-brazzaville\/politique\/mise-en-oeuvre-reussie-de-la-decentralisation-vingt-et-une-recommandations-a-lendroit-du-gouvernement","og_site_name":"Congo Brazzaville","article_published_time":"2023-02-11T19:06:52+00:00","article_modified_time":"2023-02-11T19:50:38+00:00","og_image":[{"width":1669,"height":768,"url":"https:\/\/static.africa-press.net\/congo-brazzaville\/sites\/51\/2023\/02\/postQueueImg_1676129869.13.jpg","type":"image\/jpeg"}],"author":"cfeditorfr","twitter_card":"summary_large_image","twitter_misc":{"\u00c9crit par":"cfeditorfr","Dur\u00e9e de lecture estim\u00e9e":"2 minutes"},"schema":{"@context":"https:\/\/schema.org","@graph":[{"@type":"Article","@id":"https:\/\/www.africa-press.net\/congo-brazzaville\/politique\/mise-en-oeuvre-reussie-de-la-decentralisation-vingt-et-une-recommandations-a-lendroit-du-gouvernement#article","isPartOf":{"@id":"https:\/\/www.africa-press.net\/congo-brazzaville\/politique\/mise-en-oeuvre-reussie-de-la-decentralisation-vingt-et-une-recommandations-a-lendroit-du-gouvernement"},"author":{"name":"cfeditorfr","@id":"https:\/\/www.africa-press.net\/congo-brazzaville\/#\/schema\/person\/2b1cf3cd81a31e3cd26889ca66d677f1"},"headline":"Mise en \u0153uvre r\u00e9ussie de la d\u00e9centralisation : vingt-et-une recommandations \u00e0 l\u2019endroit du gouvernement","datePublished":"2023-02-11T19:06:52+00:00","dateModified":"2023-02-11T19:50:38+00:00","mainEntityOfPage":{"@id":"https:\/\/www.africa-press.net\/congo-brazzaville\/politique\/mise-en-oeuvre-reussie-de-la-decentralisation-vingt-et-une-recommandations-a-lendroit-du-gouvernement"},"wordCount":469,"commentCount":0,"image":{"@id":"https:\/\/www.africa-press.net\/congo-brazzaville\/politique\/mise-en-oeuvre-reussie-de-la-decentralisation-vingt-et-une-recommandations-a-lendroit-du-gouvernement#primaryimage"},"thumbnailUrl":"https:\/\/static.africa-press.net\/congo-brazzaville\/sites\/51\/2023\/02\/postQueueImg_1676129869.13.jpg","keywords":["Africa Press","Africa Press-Congo Brazzaville","Congo Brazzaville"],"articleSection":["Politique","Toutes les actualit\u00e9s"],"inLanguage":"fr-FR","potentialAction":[{"@type":"CommentAction","name":"Comment","target":["https:\/\/www.africa-press.net\/congo-brazzaville\/politique\/mise-en-oeuvre-reussie-de-la-decentralisation-vingt-et-une-recommandations-a-lendroit-du-gouvernement#respond"]}]},{"@type":"WebPage","@id":"https:\/\/www.africa-press.net\/congo-brazzaville\/politique\/mise-en-oeuvre-reussie-de-la-decentralisation-vingt-et-une-recommandations-a-lendroit-du-gouvernement","url":"https:\/\/www.africa-press.net\/congo-brazzaville\/politique\/mise-en-oeuvre-reussie-de-la-decentralisation-vingt-et-une-recommandations-a-lendroit-du-gouvernement","name":"Mise en \u0153uvre r\u00e9ussie de la d\u00e9centralisation : vingt-et-une recommandations \u00e0 l\u2019endroit du gouvernement - Congo Brazzaville","isPartOf":{"@id":"https:\/\/www.africa-press.net\/congo-brazzaville\/#website"},"primaryImageOfPage":{"@id":"https:\/\/www.africa-press.net\/congo-brazzaville\/politique\/mise-en-oeuvre-reussie-de-la-decentralisation-vingt-et-une-recommandations-a-lendroit-du-gouvernement#primaryimage"},"image":{"@id":"https:\/\/www.africa-press.net\/congo-brazzaville\/politique\/mise-en-oeuvre-reussie-de-la-decentralisation-vingt-et-une-recommandations-a-lendroit-du-gouvernement#primaryimage"},"thumbnailUrl":"https:\/\/static.africa-press.net\/congo-brazzaville\/sites\/51\/2023\/02\/postQueueImg_1676129869.13.jpg","datePublished":"2023-02-11T19:06:52+00:00","dateModified":"2023-02-11T19:50:38+00:00","author":{"@id":"https:\/\/www.africa-press.net\/congo-brazzaville\/#\/schema\/person\/2b1cf3cd81a31e3cd26889ca66d677f1"},"description":"L\u2019atelier pre\u0301paratoire au forum sur la revitalisation et la redynamisation de la de\u0301centralisation et du de\u0301veloppem ...","breadcrumb":{"@id":"https:\/\/www.africa-press.net\/congo-brazzaville\/politique\/mise-en-oeuvre-reussie-de-la-decentralisation-vingt-et-une-recommandations-a-lendroit-du-gouvernement#breadcrumb"},"inLanguage":"fr-FR","potentialAction":[{"@type":"ReadAction","target":["https:\/\/www.africa-press.net\/congo-brazzaville\/politique\/mise-en-oeuvre-reussie-de-la-decentralisation-vingt-et-une-recommandations-a-lendroit-du-gouvernement"]}]},{"@type":"ImageObject","inLanguage":"fr-FR","@id":"https:\/\/www.africa-press.net\/congo-brazzaville\/politique\/mise-en-oeuvre-reussie-de-la-decentralisation-vingt-et-une-recommandations-a-lendroit-du-gouvernement#primaryimage","url":"https:\/\/static.africa-press.net\/congo-brazzaville\/sites\/51\/2023\/02\/postQueueImg_1676129869.13.jpg","contentUrl":"https:\/\/static.africa-press.net\/congo-brazzaville\/sites\/51\/2023\/02\/postQueueImg_1676129869.13.jpg","width":1669,"height":768,"caption":"Mise en \u0153uvre r\u00e9ussie de la d\u00e9centralisation : vingt-et-une recommandations \u00e0 l\u2019endroit du gouvernement"},{"@type":"BreadcrumbList","@id":"https:\/\/www.africa-press.net\/congo-brazzaville\/politique\/mise-en-oeuvre-reussie-de-la-decentralisation-vingt-et-une-recommandations-a-lendroit-du-gouvernement#breadcrumb","itemListElement":[{"@type":"ListItem","position":1,"name":"Accueil","item":"https:\/\/www.africa-press.net\/congo-brazzaville\/"},{"@type":"ListItem","position":2,"name":"Mise en \u0153uvre r\u00e9ussie de la d\u00e9centralisation : vingt-et-une recommandations \u00e0 l\u2019endroit du gouvernement"}]},{"@type":"WebSite","@id":"https:\/\/www.africa-press.net\/congo-brazzaville\/#website","url":"https:\/\/www.africa-press.net\/congo-brazzaville\/","name":"Congo Brazzaville","description":"Just another Africa News Agency Sites site","potentialAction":[{"@type":"SearchAction","target":{"@type":"EntryPoint","urlTemplate":"https:\/\/www.africa-press.net\/congo-brazzaville\/?s={search_term_string}"},"query-input":{"@type":"PropertyValueSpecification","valueRequired":true,"valueName":"search_term_string"}}],"inLanguage":"fr-FR"},{"@type":"Person","@id":"https:\/\/www.africa-press.net\/congo-brazzaville\/#\/schema\/person\/2b1cf3cd81a31e3cd26889ca66d677f1","name":"cfeditorfr"}]}},"_links":{"self":[{"href":"https:\/\/www.africa-press.net\/congo-brazzaville\/wp-json\/wp\/v2\/posts\/14346","targetHints":{"allow":["GET"]}}],"collection":[{"href":"https:\/\/www.africa-press.net\/congo-brazzaville\/wp-json\/wp\/v2\/posts"}],"about":[{"href":"https:\/\/www.africa-press.net\/congo-brazzaville\/wp-json\/wp\/v2\/types\/post"}],"author":[{"embeddable":true,"href":"https:\/\/www.africa-press.net\/congo-brazzaville\/wp-json\/wp\/v2\/users\/82"}],"replies":[{"embeddable":true,"href":"https:\/\/www.africa-press.net\/congo-brazzaville\/wp-json\/wp\/v2\/comments?post=14346"}],"version-history":[{"count":0,"href":"https:\/\/www.africa-press.net\/congo-brazzaville\/wp-json\/wp\/v2\/posts\/14346\/revisions"}],"wp:featuredmedia":[{"embeddable":true,"href":"https:\/\/www.africa-press.net\/congo-brazzaville\/wp-json\/wp\/v2\/media\/14345"}],"wp:attachment":[{"href":"https:\/\/www.africa-press.net\/congo-brazzaville\/wp-json\/wp\/v2\/media?parent=14346"}],"wp:term":[{"taxonomy":"category","embeddable":true,"href":"https:\/\/www.africa-press.net\/congo-brazzaville\/wp-json\/wp\/v2\/categories?post=14346"},{"taxonomy":"post_tag","embeddable":true,"href":"https:\/\/www.africa-press.net\/congo-brazzaville\/wp-json\/wp\/v2\/tags?post=14346"}],"curies":[{"name":"wp","href":"https:\/\/api.w.org\/{rel}","templated":true}]}}