{"id":14355,"date":"2023-02-12T19:07:48","date_gmt":"2023-02-12T19:07:48","guid":{"rendered":"https:\/\/www.africa-press.net\/congo-brazzaville\/politique\/economie-informelle-bientot-un-cadre-juridique-specifique-au-secteur"},"modified":"2023-02-12T19:48:45","modified_gmt":"2023-02-12T19:48:45","slug":"economie-informelle-bientot-un-cadre-juridique-specifique-au-secteur","status":"publish","type":"post","link":"https:\/\/www.africa-press.net\/congo-brazzaville\/economie\/economie-informelle-bientot-un-cadre-juridique-specifique-au-secteur","title":{"rendered":"\u00c9conomie informelle : bient\u00f4t un cadre juridique sp\u00e9cifique au secteur"},"content":{"rendered":"<p><span style=\"color: #ff6600\"><strong>Africa-Press &#8211; Congo Brazzaville. <\/strong><\/span><b>Les premie\u0300res assises nationales de l\u2019e\u0301conomie informelle au Congo ont re\u0301uni, du 8 au 10 fe\u0301vrier a\u0300 Brazzaville, les pouvoirs publics, les acteurs concerne\u0301s et les partenaires au de\u0301veloppement. Les participants ont recommande\u0301, au terme de leurs e\u0301changes, l\u2019ame\u0301lioration du cadre le\u0301gal permettant la formalisation des entreprises informelles. <\/b><\/p>\n<p>Les participants aux assises nationales de l\u2019e\u0301conomie informelle, des artisans et entreprenants venus aussi bien de l\u2019inte\u0301rieur du pays que de Brazzaville, ont insiste\u0301 sur la cre\u0301ation du cadre juridique et social spe\u0301cifique aux acteurs du secteur ; l\u2019institution d\u2019un cadre de dialogue entre l\u2019E\u0301tat et le secteur prive\u0301 ; la protection sociale pour les acteurs du secteur informel.<\/p>\n<p>Ils ont aussi sugge\u0301re\u0301 l\u2019e\u0301laboration d\u2019une politique nationale de l\u2019e\u0301conomie informelle, en vue de promouvoir la structuration des acteurs en groupements ou socie\u0301te\u0301s coope\u0301ratives dans divers domaines d\u2019activite\u0301s et\/ou filie\u0300res d\u2019activite\u0301s ; la cre\u0301ation des entreprises en ligne ; l\u2019inclusion financie\u0300re ; la micro-assurance ; la cre\u0301ation des clusters des branches d\u2019activite\u0301s.<\/p>\n<p>Pouvoirs publics et acteurs prive\u0301s sont favorables a\u0300 l\u2019ide\u0301e de cre\u0301er un Fonds de microcre\u0301dit pour le secteur informel ; de mener des campagnes de sensibilisation a\u0300 l\u2019importance de la formalisation ; de cre\u0301er des me\u0301canismes d\u2019acce\u0300s aux financements ; de digitaliser les ope\u0301rations de financement des acteurs de l\u2019e\u0301conomie informelle et l\u2019acce\u0300s au financement ; d\u2019assurer l\u2019uniformisation et la cate\u0301gorisation des taxes dans les marche\u0301s domaniaux ; et d\u2019assurer l\u2019accompagnement financier, mate\u0301riel et technique des femmes.<\/p>\n<p>Ces assises ont e\u0301te\u0301 organise\u0301es par le ministe\u0300re de la Promotion de la femme, de l\u2019Inte\u0301gration de la femme au de\u0301veloppement et de l\u2019E\u0301conomie informelle, en partenariat avec le Programme des Nations unies pour le de\u0301veloppement et la Banque mondiale. Elles visent a\u0300 offrir un espace de dialogue aux acteurs informels, ainsi que de de\u0301gager les axes prioritaires pour l\u2019e\u0301laboration de la politique nationale de l\u2019e\u0301conomie informelle et de son plan d\u2019action.<\/p>\n<p>La rencontre a permis de poser les bases de la modernisation du tissu e\u0301conomique national, en inte\u0301grant le secteur informel qui pe\u0300se trois mille milliards FCFA\/an et soixante-treize mille emplois. \u00ab Nous sommes convaincus que le ministe\u0300re en charge de l\u2019E\u0301conomie informelle, de concert avec les autres ministe\u0300res sectoriels, les partenaires bilate\u0301raux et multilate\u0301raux, les organisations de la socie\u0301te\u0301 civile, ainsi que les acteurs informels, allons prendre a\u0300 bras le corps toutes les actions a\u0300 mener pour de\u0301finir la feuille de route qui conduira a\u0300 l\u2019e\u0301laboration de la politique nationale \u00bb, a lance\u0301 la ministre de la Promotion de la femme, de l&rsquo;Inte\u0301gration de la femme au de\u0301veloppement et de l&rsquo;E\u0301conomie informelle, Ine\u0300s Nefer Bertille Ingani.<\/p>\n<p>\u00ab Quelles strate\u0301gies pour une contribution de l\u2019e\u0301conomie informelle au de\u0301veloppement socio-e\u0301conomique du Congo ? \u00bb est le the\u0300me de l\u2019e\u0301dition 2023 des assises nationales de l\u2019e\u0301conomie informelle au Congo.<\/p>\n<p><strong>Pour plus d&rsquo;informations et d&rsquo;analyses sur la <a href=\"https:\/\/www.africa-press.net\/congo-brazzaville\">Congo Brazzaville<\/a>, suivez <a href=\"https:\/\/www.africa-press.net\/\">Africa-Press<\/a><\/strong><\/p>\n","protected":false},"excerpt":{"rendered":"<p>Africa-Press &#8211; Congo Brazzaville. Les premie\u0300res assises nationales de l\u2019e\u0301conomie informelle au Congo ont re\u0301uni, du 8 au 10 fe\u0301vrier a\u0300 Brazzaville, les pouvoirs publics, les acteurs concerne\u0301s et les partenaires au de\u0301veloppement. Les participants ont recommande\u0301, au terme de leurs e\u0301changes, l\u2019ame\u0301lioration du cadre le\u0301gal permettant la formalisation des entreprises informelles. Les participants aux [&hellip;]<\/p>\n","protected":false},"author":82,"featured_media":14354,"comment_status":"open","ping_status":"closed","sticky":false,"template":"","format":"standard","meta":{"footnotes":""},"categories":[3,10],"tags":[36,47,46],"class_list":["post-14355","post","type-post","status-publish","format-standard","has-post-thumbnail","hentry","category-economie","category-toutes-les-actualites","tag-africa-press","tag-africa-press-congo-brazzaville","tag-congo-brazzaville"],"yoast_head":"<!-- This site is optimized with the Yoast SEO Premium plugin v26.1 (Yoast SEO v27.0) - https:\/\/yoast.com\/product\/yoast-seo-premium-wordpress\/ -->\n<title>\u00c9conomie informelle : bient\u00f4t un cadre juridique sp\u00e9cifique au secteur - Congo Brazzaville<\/title>\n<meta name=\"description\" content=\"Les premie\u0300res assises nationales de l\u2019e\u0301conomie informelle au Congo ont re\u0301uni, du 8 au 10 fe\u0301vrier a\u0300 Brazzaville, ...\" \/>\n<meta name=\"robots\" content=\"index, follow, max-snippet:-1, max-image-preview:large, max-video-preview:-1\" \/>\n<link rel=\"canonical\" href=\"https:\/\/www.africa-press.net\/congo-brazzaville\/economie\/economie-informelle-bientot-un-cadre-juridique-specifique-au-secteur\" \/>\n<meta property=\"og:locale\" content=\"fr_FR\" \/>\n<meta property=\"og:type\" content=\"article\" \/>\n<meta property=\"og:title\" content=\"\u00c9conomie informelle : bient\u00f4t un cadre juridique sp\u00e9cifique au secteur\" \/>\n<meta property=\"og:description\" content=\"Les premie\u0300res assises nationales de l\u2019e\u0301conomie informelle au Congo ont re\u0301uni, du 8 au 10 fe\u0301vrier a\u0300 Brazzaville, ...\" \/>\n<meta property=\"og:url\" content=\"https:\/\/www.africa-press.net\/congo-brazzaville\/economie\/economie-informelle-bientot-un-cadre-juridique-specifique-au-secteur\" \/>\n<meta property=\"og:site_name\" content=\"Congo Brazzaville\" \/>\n<meta property=\"article:published_time\" content=\"2023-02-12T19:07:48+00:00\" \/>\n<meta property=\"article:modified_time\" content=\"2023-02-12T19:48:45+00:00\" \/>\n<meta property=\"og:image\" content=\"https:\/\/static.africa-press.net\/congo-brazzaville\/sites\/51\/2023\/02\/postQueueImg_1676216274.33.jpg\" \/>\n\t<meta property=\"og:image:width\" content=\"1024\" \/>\n\t<meta property=\"og:image:height\" content=\"524\" \/>\n\t<meta property=\"og:image:type\" content=\"image\/jpeg\" \/>\n<meta name=\"author\" content=\"cfeditorfr\" \/>\n<meta name=\"twitter:card\" content=\"summary_large_image\" \/>\n<meta name=\"twitter:label1\" content=\"\u00c9crit par\" \/>\n\t<meta name=\"twitter:data1\" content=\"cfeditorfr\" \/>\n\t<meta name=\"twitter:label2\" content=\"Dur\u00e9e de lecture estim\u00e9e\" \/>\n\t<meta name=\"twitter:data2\" content=\"3 minutes\" \/>\n<script type=\"application\/ld+json\" class=\"yoast-schema-graph\">{\"@context\":\"https:\/\/schema.org\",\"@graph\":[{\"@type\":\"Article\",\"@id\":\"https:\/\/www.africa-press.net\/congo-brazzaville\/economie\/economie-informelle-bientot-un-cadre-juridique-specifique-au-secteur#article\",\"isPartOf\":{\"@id\":\"https:\/\/www.africa-press.net\/congo-brazzaville\/economie\/economie-informelle-bientot-un-cadre-juridique-specifique-au-secteur\"},\"author\":{\"name\":\"cfeditorfr\",\"@id\":\"https:\/\/www.africa-press.net\/congo-brazzaville\/#\/schema\/person\/2b1cf3cd81a31e3cd26889ca66d677f1\"},\"headline\":\"\u00c9conomie informelle : bient\u00f4t un cadre juridique sp\u00e9cifique au secteur\",\"datePublished\":\"2023-02-12T19:07:48+00:00\",\"dateModified\":\"2023-02-12T19:48:45+00:00\",\"mainEntityOfPage\":{\"@id\":\"https:\/\/www.africa-press.net\/congo-brazzaville\/economie\/economie-informelle-bientot-un-cadre-juridique-specifique-au-secteur\"},\"wordCount\":572,\"commentCount\":0,\"image\":{\"@id\":\"https:\/\/www.africa-press.net\/congo-brazzaville\/economie\/economie-informelle-bientot-un-cadre-juridique-specifique-au-secteur#primaryimage\"},\"thumbnailUrl\":\"https:\/\/static.africa-press.net\/congo-brazzaville\/sites\/51\/2023\/02\/postQueueImg_1676216274.33.jpg\",\"keywords\":[\"Africa Press\",\"Africa Press-Congo Brazzaville\",\"Congo Brazzaville\"],\"articleSection\":[\"\u00c9conomie\",\"Toutes les actualit\u00e9s\"],\"inLanguage\":\"fr-FR\",\"potentialAction\":[{\"@type\":\"CommentAction\",\"name\":\"Comment\",\"target\":[\"https:\/\/www.africa-press.net\/congo-brazzaville\/economie\/economie-informelle-bientot-un-cadre-juridique-specifique-au-secteur#respond\"]}]},{\"@type\":\"WebPage\",\"@id\":\"https:\/\/www.africa-press.net\/congo-brazzaville\/economie\/economie-informelle-bientot-un-cadre-juridique-specifique-au-secteur\",\"url\":\"https:\/\/www.africa-press.net\/congo-brazzaville\/economie\/economie-informelle-bientot-un-cadre-juridique-specifique-au-secteur\",\"name\":\"\u00c9conomie informelle : bient\u00f4t un cadre juridique sp\u00e9cifique au secteur - Congo Brazzaville\",\"isPartOf\":{\"@id\":\"https:\/\/www.africa-press.net\/congo-brazzaville\/#website\"},\"primaryImageOfPage\":{\"@id\":\"https:\/\/www.africa-press.net\/congo-brazzaville\/economie\/economie-informelle-bientot-un-cadre-juridique-specifique-au-secteur#primaryimage\"},\"image\":{\"@id\":\"https:\/\/www.africa-press.net\/congo-brazzaville\/economie\/economie-informelle-bientot-un-cadre-juridique-specifique-au-secteur#primaryimage\"},\"thumbnailUrl\":\"https:\/\/static.africa-press.net\/congo-brazzaville\/sites\/51\/2023\/02\/postQueueImg_1676216274.33.jpg\",\"datePublished\":\"2023-02-12T19:07:48+00:00\",\"dateModified\":\"2023-02-12T19:48:45+00:00\",\"author\":{\"@id\":\"https:\/\/www.africa-press.net\/congo-brazzaville\/#\/schema\/person\/2b1cf3cd81a31e3cd26889ca66d677f1\"},\"description\":\"Les premie\u0300res assises nationales de l\u2019e\u0301conomie informelle au Congo ont re\u0301uni, du 8 au 10 fe\u0301vrier a\u0300 Brazzaville, ...\",\"breadcrumb\":{\"@id\":\"https:\/\/www.africa-press.net\/congo-brazzaville\/economie\/economie-informelle-bientot-un-cadre-juridique-specifique-au-secteur#breadcrumb\"},\"inLanguage\":\"fr-FR\",\"potentialAction\":[{\"@type\":\"ReadAction\",\"target\":[\"https:\/\/www.africa-press.net\/congo-brazzaville\/economie\/economie-informelle-bientot-un-cadre-juridique-specifique-au-secteur\"]}]},{\"@type\":\"ImageObject\",\"inLanguage\":\"fr-FR\",\"@id\":\"https:\/\/www.africa-press.net\/congo-brazzaville\/economie\/economie-informelle-bientot-un-cadre-juridique-specifique-au-secteur#primaryimage\",\"url\":\"https:\/\/static.africa-press.net\/congo-brazzaville\/sites\/51\/2023\/02\/postQueueImg_1676216274.33.jpg\",\"contentUrl\":\"https:\/\/static.africa-press.net\/congo-brazzaville\/sites\/51\/2023\/02\/postQueueImg_1676216274.33.jpg\",\"width\":1024,\"height\":524,\"caption\":\"\u00c9conomie informelle : bient\u00f4t un cadre juridique sp\u00e9cifique au secteur\"},{\"@type\":\"BreadcrumbList\",\"@id\":\"https:\/\/www.africa-press.net\/congo-brazzaville\/economie\/economie-informelle-bientot-un-cadre-juridique-specifique-au-secteur#breadcrumb\",\"itemListElement\":[{\"@type\":\"ListItem\",\"position\":1,\"name\":\"Accueil\",\"item\":\"https:\/\/www.africa-press.net\/congo-brazzaville\/\"},{\"@type\":\"ListItem\",\"position\":2,\"name\":\"\u00c9conomie informelle : bient\u00f4t un cadre juridique sp\u00e9cifique au secteur\"}]},{\"@type\":\"WebSite\",\"@id\":\"https:\/\/www.africa-press.net\/congo-brazzaville\/#website\",\"url\":\"https:\/\/www.africa-press.net\/congo-brazzaville\/\",\"name\":\"Congo Brazzaville\",\"description\":\"Just another Africa News Agency Sites site\",\"potentialAction\":[{\"@type\":\"SearchAction\",\"target\":{\"@type\":\"EntryPoint\",\"urlTemplate\":\"https:\/\/www.africa-press.net\/congo-brazzaville\/?s={search_term_string}\"},\"query-input\":{\"@type\":\"PropertyValueSpecification\",\"valueRequired\":true,\"valueName\":\"search_term_string\"}}],\"inLanguage\":\"fr-FR\"},{\"@type\":\"Person\",\"@id\":\"https:\/\/www.africa-press.net\/congo-brazzaville\/#\/schema\/person\/2b1cf3cd81a31e3cd26889ca66d677f1\",\"name\":\"cfeditorfr\"}]}<\/script>\n<!-- \/ Yoast SEO Premium plugin. -->","yoast_head_json":{"title":"\u00c9conomie informelle : bient\u00f4t un cadre juridique sp\u00e9cifique au secteur - Congo Brazzaville","description":"Les premie\u0300res assises nationales de l\u2019e\u0301conomie informelle au Congo ont re\u0301uni, du 8 au 10 fe\u0301vrier a\u0300 Brazzaville, ...","robots":{"index":"index","follow":"follow","max-snippet":"max-snippet:-1","max-image-preview":"max-image-preview:large","max-video-preview":"max-video-preview:-1"},"canonical":"https:\/\/www.africa-press.net\/congo-brazzaville\/economie\/economie-informelle-bientot-un-cadre-juridique-specifique-au-secteur","og_locale":"fr_FR","og_type":"article","og_title":"\u00c9conomie informelle : bient\u00f4t un cadre juridique sp\u00e9cifique au secteur","og_description":"Les premie\u0300res assises nationales de l\u2019e\u0301conomie informelle au Congo ont re\u0301uni, du 8 au 10 fe\u0301vrier a\u0300 Brazzaville, ...","og_url":"https:\/\/www.africa-press.net\/congo-brazzaville\/economie\/economie-informelle-bientot-un-cadre-juridique-specifique-au-secteur","og_site_name":"Congo Brazzaville","article_published_time":"2023-02-12T19:07:48+00:00","article_modified_time":"2023-02-12T19:48:45+00:00","og_image":[{"width":1024,"height":524,"url":"https:\/\/static.africa-press.net\/congo-brazzaville\/sites\/51\/2023\/02\/postQueueImg_1676216274.33.jpg","type":"image\/jpeg"}],"author":"cfeditorfr","twitter_card":"summary_large_image","twitter_misc":{"\u00c9crit par":"cfeditorfr","Dur\u00e9e de lecture estim\u00e9e":"3 minutes"},"schema":{"@context":"https:\/\/schema.org","@graph":[{"@type":"Article","@id":"https:\/\/www.africa-press.net\/congo-brazzaville\/economie\/economie-informelle-bientot-un-cadre-juridique-specifique-au-secteur#article","isPartOf":{"@id":"https:\/\/www.africa-press.net\/congo-brazzaville\/economie\/economie-informelle-bientot-un-cadre-juridique-specifique-au-secteur"},"author":{"name":"cfeditorfr","@id":"https:\/\/www.africa-press.net\/congo-brazzaville\/#\/schema\/person\/2b1cf3cd81a31e3cd26889ca66d677f1"},"headline":"\u00c9conomie informelle : bient\u00f4t un cadre juridique sp\u00e9cifique au secteur","datePublished":"2023-02-12T19:07:48+00:00","dateModified":"2023-02-12T19:48:45+00:00","mainEntityOfPage":{"@id":"https:\/\/www.africa-press.net\/congo-brazzaville\/economie\/economie-informelle-bientot-un-cadre-juridique-specifique-au-secteur"},"wordCount":572,"commentCount":0,"image":{"@id":"https:\/\/www.africa-press.net\/congo-brazzaville\/economie\/economie-informelle-bientot-un-cadre-juridique-specifique-au-secteur#primaryimage"},"thumbnailUrl":"https:\/\/static.africa-press.net\/congo-brazzaville\/sites\/51\/2023\/02\/postQueueImg_1676216274.33.jpg","keywords":["Africa Press","Africa Press-Congo Brazzaville","Congo Brazzaville"],"articleSection":["\u00c9conomie","Toutes les actualit\u00e9s"],"inLanguage":"fr-FR","potentialAction":[{"@type":"CommentAction","name":"Comment","target":["https:\/\/www.africa-press.net\/congo-brazzaville\/economie\/economie-informelle-bientot-un-cadre-juridique-specifique-au-secteur#respond"]}]},{"@type":"WebPage","@id":"https:\/\/www.africa-press.net\/congo-brazzaville\/economie\/economie-informelle-bientot-un-cadre-juridique-specifique-au-secteur","url":"https:\/\/www.africa-press.net\/congo-brazzaville\/economie\/economie-informelle-bientot-un-cadre-juridique-specifique-au-secteur","name":"\u00c9conomie informelle : bient\u00f4t un cadre juridique sp\u00e9cifique au secteur - Congo Brazzaville","isPartOf":{"@id":"https:\/\/www.africa-press.net\/congo-brazzaville\/#website"},"primaryImageOfPage":{"@id":"https:\/\/www.africa-press.net\/congo-brazzaville\/economie\/economie-informelle-bientot-un-cadre-juridique-specifique-au-secteur#primaryimage"},"image":{"@id":"https:\/\/www.africa-press.net\/congo-brazzaville\/economie\/economie-informelle-bientot-un-cadre-juridique-specifique-au-secteur#primaryimage"},"thumbnailUrl":"https:\/\/static.africa-press.net\/congo-brazzaville\/sites\/51\/2023\/02\/postQueueImg_1676216274.33.jpg","datePublished":"2023-02-12T19:07:48+00:00","dateModified":"2023-02-12T19:48:45+00:00","author":{"@id":"https:\/\/www.africa-press.net\/congo-brazzaville\/#\/schema\/person\/2b1cf3cd81a31e3cd26889ca66d677f1"},"description":"Les premie\u0300res assises nationales de l\u2019e\u0301conomie informelle au Congo ont re\u0301uni, du 8 au 10 fe\u0301vrier a\u0300 Brazzaville, ...","breadcrumb":{"@id":"https:\/\/www.africa-press.net\/congo-brazzaville\/economie\/economie-informelle-bientot-un-cadre-juridique-specifique-au-secteur#breadcrumb"},"inLanguage":"fr-FR","potentialAction":[{"@type":"ReadAction","target":["https:\/\/www.africa-press.net\/congo-brazzaville\/economie\/economie-informelle-bientot-un-cadre-juridique-specifique-au-secteur"]}]},{"@type":"ImageObject","inLanguage":"fr-FR","@id":"https:\/\/www.africa-press.net\/congo-brazzaville\/economie\/economie-informelle-bientot-un-cadre-juridique-specifique-au-secteur#primaryimage","url":"https:\/\/static.africa-press.net\/congo-brazzaville\/sites\/51\/2023\/02\/postQueueImg_1676216274.33.jpg","contentUrl":"https:\/\/static.africa-press.net\/congo-brazzaville\/sites\/51\/2023\/02\/postQueueImg_1676216274.33.jpg","width":1024,"height":524,"caption":"\u00c9conomie informelle : bient\u00f4t un cadre juridique sp\u00e9cifique au secteur"},{"@type":"BreadcrumbList","@id":"https:\/\/www.africa-press.net\/congo-brazzaville\/economie\/economie-informelle-bientot-un-cadre-juridique-specifique-au-secteur#breadcrumb","itemListElement":[{"@type":"ListItem","position":1,"name":"Accueil","item":"https:\/\/www.africa-press.net\/congo-brazzaville\/"},{"@type":"ListItem","position":2,"name":"\u00c9conomie informelle : bient\u00f4t un cadre juridique sp\u00e9cifique au secteur"}]},{"@type":"WebSite","@id":"https:\/\/www.africa-press.net\/congo-brazzaville\/#website","url":"https:\/\/www.africa-press.net\/congo-brazzaville\/","name":"Congo Brazzaville","description":"Just another Africa News Agency Sites site","potentialAction":[{"@type":"SearchAction","target":{"@type":"EntryPoint","urlTemplate":"https:\/\/www.africa-press.net\/congo-brazzaville\/?s={search_term_string}"},"query-input":{"@type":"PropertyValueSpecification","valueRequired":true,"valueName":"search_term_string"}}],"inLanguage":"fr-FR"},{"@type":"Person","@id":"https:\/\/www.africa-press.net\/congo-brazzaville\/#\/schema\/person\/2b1cf3cd81a31e3cd26889ca66d677f1","name":"cfeditorfr"}]}},"_links":{"self":[{"href":"https:\/\/www.africa-press.net\/congo-brazzaville\/wp-json\/wp\/v2\/posts\/14355","targetHints":{"allow":["GET"]}}],"collection":[{"href":"https:\/\/www.africa-press.net\/congo-brazzaville\/wp-json\/wp\/v2\/posts"}],"about":[{"href":"https:\/\/www.africa-press.net\/congo-brazzaville\/wp-json\/wp\/v2\/types\/post"}],"author":[{"embeddable":true,"href":"https:\/\/www.africa-press.net\/congo-brazzaville\/wp-json\/wp\/v2\/users\/82"}],"replies":[{"embeddable":true,"href":"https:\/\/www.africa-press.net\/congo-brazzaville\/wp-json\/wp\/v2\/comments?post=14355"}],"version-history":[{"count":0,"href":"https:\/\/www.africa-press.net\/congo-brazzaville\/wp-json\/wp\/v2\/posts\/14355\/revisions"}],"wp:featuredmedia":[{"embeddable":true,"href":"https:\/\/www.africa-press.net\/congo-brazzaville\/wp-json\/wp\/v2\/media\/14354"}],"wp:attachment":[{"href":"https:\/\/www.africa-press.net\/congo-brazzaville\/wp-json\/wp\/v2\/media?parent=14355"}],"wp:term":[{"taxonomy":"category","embeddable":true,"href":"https:\/\/www.africa-press.net\/congo-brazzaville\/wp-json\/wp\/v2\/categories?post=14355"},{"taxonomy":"post_tag","embeddable":true,"href":"https:\/\/www.africa-press.net\/congo-brazzaville\/wp-json\/wp\/v2\/tags?post=14355"}],"curies":[{"name":"wp","href":"https:\/\/api.w.org\/{rel}","templated":true}]}}