{"id":14366,"date":"2023-02-13T12:38:07","date_gmt":"2023-02-13T12:38:07","guid":{"rendered":"https:\/\/www.africa-press.net\/congo-brazzaville\/politique\/le-secretariat-permanent-et-litalie-examinent-les-mecanismes-de-collaboration-conjointe"},"modified":"2023-02-13T13:14:51","modified_gmt":"2023-02-13T13:14:51","slug":"le-secretariat-permanent-et-litalie-examinent-les-mecanismes-de-collaboration-conjointe","status":"publish","type":"post","link":"https:\/\/www.africa-press.net\/congo-brazzaville\/politique\/le-secretariat-permanent-et-litalie-examinent-les-mecanismes-de-collaboration-conjointe","title":{"rendered":"le secr\u00e9tariat permanent et l\u2019italie examinent les m\u00e9canismes de collaboration conjointe"},"content":{"rendered":"<p><span style=\"color: #ff6600\"><strong>Africa-Press &#8211; Congo Brazzaville. <\/strong><\/span><b>Le Secre\u0301taire permanent du comite\u0301 interministe\u0301riel de l\u2019action de l\u2019Etat en mer et dans les eaux continentales (SEPCIM-AEMEC), Eric Olivier Se\u0301bastien Dibas-Franck, et l\u2019ambassadeur de l\u2019Italie au Congo, Luigi Diodati, ont examine\u0301 le 9 fe\u0301vrier a\u0300 Brazzaville, les me\u0301canismes de collaboration future a\u0300 mettre en place dans le cadre de l\u2019Action de l\u2019Etat en mer et dans les eaux continentales.<\/b><\/p>\n<p>Au cours de l\u2019audience, le diplomate italien a fait savoir que l\u2019Italie participe a\u0300 la Pre\u0301sence maritime coordonne\u0301e (PMC) dans le Golfe de Guine\u0301e sur les ope\u0301rations contre la piraterie, le trafic de drogue et d\u2019e\u0302tres humains, a\u0300 travers la mission \u00ab Gabigna \u00bb. L\u2019italie y participe avec trois navires en navigation. L\u2019un de ses navires devait arriver a\u0300 Pointe-Noire le 11 fe\u0301vrier, mais la visite a e\u0301te\u0301 reporte\u0301e pour des raisons techniques. La dernie\u0300re visite du \u00ab patrouilleur borccini \u00bb remonte a\u0300 novembre 2022.<\/p>\n<p>Ces trois navires italiens croisent dans les eaux en alternance et conjointement avec des navires franc\u0327aises et peut e\u0302tre espagnoles. Tous les cinq ou six mois, un navire italien arrive a\u0300 Pointe-Noire, a poursuivi le diplomate italien, qui a promis d\u2019inviter de\u0301sormais, le secre\u0301taire permanent lorsque ces navires arriveront a\u0300 Pointe-Noire.<\/p>\n<p>Entre les mois d\u2019aou\u0302t et de septembre prochain, un navire stockeur servant a\u0300 lique\u0301fier le gaz arrivera dans les eaux congolaises dans le cadre des exportations du gaz pre\u0301vu a\u0300 partir du Congo. Ceci, sur la base d\u2019une entente technique entre le ministe\u0300re des hydrocarbures et Eni-Congo. Pour rendre possible cette ope\u0301ration, il faudra penser a\u0300 mettre des ca\u0302bles sous-marins qui seront connecte\u0301s aux puits pe\u0301troliers pour en extraire le gaz avec d\u2019autres navires a\u0300 destination de l\u2019Italie, a fait savoir Luigi Diodati.<\/p>\n<p>Pour sa part, Eric Olivier Se\u0301bastien Dibas-Franck a rappele\u0301 que le Secre\u0301tariat permanent est une structure de coordination, de mutualisation de moyens et d\u2019inte\u0301re\u0302ts de l\u2019Action de l\u2019Etat en mer et dans les eaux continentales (AEMEC) sous la pre\u0301sidence du Premier ministre, Anatole Collinet Makosso, ayant a\u0300 son sein 16 ministe\u0300res. Donc a\u0300 ce titre, il participe a\u0300 la veille re\u0300glementaire et a\u0300 la surveillance d\u2019un certain nombre de processus.<\/p>\n<p>A cet effet, il a demande\u0301 a\u0300 Luigi Giodati d\u2019harmoniser les futurs accords entre les parties concerne\u0301es. Les pre\u0301ce\u0301dents signe\u0301s en absence du Secre\u0301tariat permanent, excluaient un certain nombre de dispositions importantes en vertu de la veille re\u0300glementaire et des questions de su\u0302rete\u0301 et de se\u0301curite\u0301 maritimes. De ce point de vu, il a pre\u0301cise\u0301 que les parties signataires doivent regarder si les questions sont toujours d\u2019actualite\u0301, en vue d\u2019appliquer la the\u0301orie de l\u2019impre\u0301vision.<\/p>\n<p>S\u2019agissant de r l\u2019accord relatif au transport maritime, signe\u0301 entre le Congo et l\u2019Italie en 2006, le Secre\u0301taire permanent a souhaite\u0301 qu\u2019il soit revisite\u0301, invitant l\u2019ambassadeur de l\u2019Italie a\u0300 apporter un regard diligent sur ce qui pourrait se faire au sein de cette structure strate\u0301gique.<\/p>\n<p>Sur des questions de formation, il a de\u0301sire\u0301 que les renforcements des capacite\u0301s techniques soient amplifie\u0301s pour les centres d\u2019ope\u0301rations maritimes et fluviales, tout en sollicitant la dotation d\u2019e\u0301quipements de toute nature.<\/p>\n<p>Eric Olivier Se\u0301bastien Dibas-Franck a fait savoir a\u0300 son ho\u0302te que le Congo comptait gagner le challenge des eaux continentales pour que l\u2019e\u0301conomie congolaise soit be\u0301ne\u0301ficiaire. De ce fait, il a vivement souhaite\u0301 que les entreprises italiennes constituent le fleuron des eaux continentales. \u00abComme vous le savez, le Chef de l\u2019Etat, Denis Sassou-N\u2019Guesso, a cre\u0301e\u0301 un ministe\u0300re de l\u2019Economie fluviale et des voies navigables, pour redonner un nouveau souffle au fluvial, en rapport avec les enjeux e\u0301conomiques\u00bb, a-t-il explique\u0301.<\/p>\n<p>Les deux personnalite\u0301s ont mis en relief le tourisme bleu par le biais d\u2019une socie\u0301te\u0301 italienne, un secteur dans lequel les compagnies italiennes pourraient jouer un ro\u0302le. A ce sujet, le diplomate italien a promis entrer en contact avec ces compagnies, afin d\u2019e\u0301tudier les possibilite\u0301s d\u2019investissements de ces socie\u0301te\u0301s dans le de\u0301veloppement du tourisme au Congo.<\/p>\n<p>Rappelant que l\u2019Italie est le 3e\u0300me pays au monde re\u0301pute\u0301e dans les bateaux de croisie\u0300re<\/p>\n<p><strong>Pour plus d&rsquo;informations et d&rsquo;analyses sur la <a href=\"https:\/\/www.africa-press.net\/congo-brazzaville\">Congo Brazzaville<\/a>, suivez <a href=\"https:\/\/www.africa-press.net\/\">Africa-Press<\/a><\/strong><\/p>\n","protected":false},"excerpt":{"rendered":"<p>Africa-Press &#8211; Congo Brazzaville. Le Secre\u0301taire permanent du comite\u0301 interministe\u0301riel de l\u2019action de l\u2019Etat en mer et dans les eaux continentales (SEPCIM-AEMEC), Eric Olivier Se\u0301bastien Dibas-Franck, et l\u2019ambassadeur de l\u2019Italie au Congo, Luigi Diodati, ont examine\u0301 le 9 fe\u0301vrier a\u0300 Brazzaville, les me\u0301canismes de collaboration future a\u0300 mettre en place dans le cadre de l\u2019Action [&hellip;]<\/p>\n","protected":false},"author":82,"featured_media":14365,"comment_status":"open","ping_status":"closed","sticky":false,"template":"","format":"standard","meta":{"footnotes":""},"categories":[2,10],"tags":[36,47,46],"class_list":["post-14366","post","type-post","status-publish","format-standard","has-post-thumbnail","hentry","category-politique","category-toutes-les-actualites","tag-africa-press","tag-africa-press-congo-brazzaville","tag-congo-brazzaville"],"yoast_head":"<!-- This site is optimized with the Yoast SEO Premium plugin v26.1 (Yoast SEO v27.0) - https:\/\/yoast.com\/product\/yoast-seo-premium-wordpress\/ -->\n<title>le secr\u00e9tariat permanent et l\u2019italie examinent les m\u00e9canismes de collaboration conjointe - Congo Brazzaville<\/title>\n<meta name=\"description\" content=\"Le Secre\u0301taire permanent du comite\u0301 interministe\u0301riel de l\u2019action de l\u2019Etat en mer et dans les eaux continentales (SE ...\" \/>\n<meta name=\"robots\" content=\"index, follow, max-snippet:-1, max-image-preview:large, max-video-preview:-1\" \/>\n<link rel=\"canonical\" href=\"https:\/\/www.africa-press.net\/congo-brazzaville\/politique\/le-secretariat-permanent-et-litalie-examinent-les-mecanismes-de-collaboration-conjointe\" \/>\n<meta property=\"og:locale\" content=\"fr_FR\" \/>\n<meta property=\"og:type\" content=\"article\" \/>\n<meta property=\"og:title\" content=\"le secr\u00e9tariat permanent et l\u2019italie examinent les m\u00e9canismes de collaboration conjointe\" \/>\n<meta property=\"og:description\" content=\"Le Secre\u0301taire permanent du comite\u0301 interministe\u0301riel de l\u2019action de l\u2019Etat en mer et dans les eaux continentales (SE ...\" \/>\n<meta property=\"og:url\" content=\"https:\/\/www.africa-press.net\/congo-brazzaville\/politique\/le-secretariat-permanent-et-litalie-examinent-les-mecanismes-de-collaboration-conjointe\" \/>\n<meta property=\"og:site_name\" content=\"Congo Brazzaville\" \/>\n<meta property=\"article:published_time\" content=\"2023-02-13T12:38:07+00:00\" \/>\n<meta property=\"article:modified_time\" content=\"2023-02-13T13:14:51+00:00\" \/>\n<meta property=\"og:image\" content=\"https:\/\/static.africa-press.net\/congo-brazzaville\/sites\/51\/2023\/02\/postQueueImg_1676279554.20.jpg\" \/>\n\t<meta property=\"og:image:width\" content=\"763\" \/>\n\t<meta property=\"og:image:height\" content=\"436\" \/>\n\t<meta property=\"og:image:type\" content=\"image\/jpeg\" \/>\n<meta name=\"author\" content=\"cfeditorfr\" \/>\n<meta name=\"twitter:card\" content=\"summary_large_image\" \/>\n<meta name=\"twitter:label1\" content=\"\u00c9crit par\" \/>\n\t<meta name=\"twitter:data1\" content=\"cfeditorfr\" \/>\n\t<meta name=\"twitter:label2\" content=\"Dur\u00e9e de lecture estim\u00e9e\" \/>\n\t<meta name=\"twitter:data2\" content=\"4 minutes\" \/>\n<script type=\"application\/ld+json\" class=\"yoast-schema-graph\">{\"@context\":\"https:\/\/schema.org\",\"@graph\":[{\"@type\":\"Article\",\"@id\":\"https:\/\/www.africa-press.net\/congo-brazzaville\/politique\/le-secretariat-permanent-et-litalie-examinent-les-mecanismes-de-collaboration-conjointe#article\",\"isPartOf\":{\"@id\":\"https:\/\/www.africa-press.net\/congo-brazzaville\/politique\/le-secretariat-permanent-et-litalie-examinent-les-mecanismes-de-collaboration-conjointe\"},\"author\":{\"name\":\"cfeditorfr\",\"@id\":\"https:\/\/www.africa-press.net\/congo-brazzaville\/#\/schema\/person\/2b1cf3cd81a31e3cd26889ca66d677f1\"},\"headline\":\"le secr\u00e9tariat permanent et l\u2019italie examinent les m\u00e9canismes de collaboration conjointe\",\"datePublished\":\"2023-02-13T12:38:07+00:00\",\"dateModified\":\"2023-02-13T13:14:51+00:00\",\"mainEntityOfPage\":{\"@id\":\"https:\/\/www.africa-press.net\/congo-brazzaville\/politique\/le-secretariat-permanent-et-litalie-examinent-les-mecanismes-de-collaboration-conjointe\"},\"wordCount\":783,\"commentCount\":0,\"image\":{\"@id\":\"https:\/\/www.africa-press.net\/congo-brazzaville\/politique\/le-secretariat-permanent-et-litalie-examinent-les-mecanismes-de-collaboration-conjointe#primaryimage\"},\"thumbnailUrl\":\"https:\/\/static.africa-press.net\/congo-brazzaville\/sites\/51\/2023\/02\/postQueueImg_1676279554.20.jpg\",\"keywords\":[\"Africa Press\",\"Africa Press-Congo Brazzaville\",\"Congo Brazzaville\"],\"articleSection\":[\"Politique\",\"Toutes les actualit\u00e9s\"],\"inLanguage\":\"fr-FR\",\"potentialAction\":[{\"@type\":\"CommentAction\",\"name\":\"Comment\",\"target\":[\"https:\/\/www.africa-press.net\/congo-brazzaville\/politique\/le-secretariat-permanent-et-litalie-examinent-les-mecanismes-de-collaboration-conjointe#respond\"]}]},{\"@type\":\"WebPage\",\"@id\":\"https:\/\/www.africa-press.net\/congo-brazzaville\/politique\/le-secretariat-permanent-et-litalie-examinent-les-mecanismes-de-collaboration-conjointe\",\"url\":\"https:\/\/www.africa-press.net\/congo-brazzaville\/politique\/le-secretariat-permanent-et-litalie-examinent-les-mecanismes-de-collaboration-conjointe\",\"name\":\"le secr\u00e9tariat permanent et l\u2019italie examinent les m\u00e9canismes de collaboration conjointe - Congo Brazzaville\",\"isPartOf\":{\"@id\":\"https:\/\/www.africa-press.net\/congo-brazzaville\/#website\"},\"primaryImageOfPage\":{\"@id\":\"https:\/\/www.africa-press.net\/congo-brazzaville\/politique\/le-secretariat-permanent-et-litalie-examinent-les-mecanismes-de-collaboration-conjointe#primaryimage\"},\"image\":{\"@id\":\"https:\/\/www.africa-press.net\/congo-brazzaville\/politique\/le-secretariat-permanent-et-litalie-examinent-les-mecanismes-de-collaboration-conjointe#primaryimage\"},\"thumbnailUrl\":\"https:\/\/static.africa-press.net\/congo-brazzaville\/sites\/51\/2023\/02\/postQueueImg_1676279554.20.jpg\",\"datePublished\":\"2023-02-13T12:38:07+00:00\",\"dateModified\":\"2023-02-13T13:14:51+00:00\",\"author\":{\"@id\":\"https:\/\/www.africa-press.net\/congo-brazzaville\/#\/schema\/person\/2b1cf3cd81a31e3cd26889ca66d677f1\"},\"description\":\"Le Secre\u0301taire permanent du comite\u0301 interministe\u0301riel de l\u2019action de l\u2019Etat en mer et dans les eaux continentales (SE ...\",\"breadcrumb\":{\"@id\":\"https:\/\/www.africa-press.net\/congo-brazzaville\/politique\/le-secretariat-permanent-et-litalie-examinent-les-mecanismes-de-collaboration-conjointe#breadcrumb\"},\"inLanguage\":\"fr-FR\",\"potentialAction\":[{\"@type\":\"ReadAction\",\"target\":[\"https:\/\/www.africa-press.net\/congo-brazzaville\/politique\/le-secretariat-permanent-et-litalie-examinent-les-mecanismes-de-collaboration-conjointe\"]}]},{\"@type\":\"ImageObject\",\"inLanguage\":\"fr-FR\",\"@id\":\"https:\/\/www.africa-press.net\/congo-brazzaville\/politique\/le-secretariat-permanent-et-litalie-examinent-les-mecanismes-de-collaboration-conjointe#primaryimage\",\"url\":\"https:\/\/static.africa-press.net\/congo-brazzaville\/sites\/51\/2023\/02\/postQueueImg_1676279554.20.jpg\",\"contentUrl\":\"https:\/\/static.africa-press.net\/congo-brazzaville\/sites\/51\/2023\/02\/postQueueImg_1676279554.20.jpg\",\"width\":763,\"height\":436,\"caption\":\"le secr\u00e9tariat permanent et l\u2019italie examinent les m\u00e9canismes de collaboration conjointe\"},{\"@type\":\"BreadcrumbList\",\"@id\":\"https:\/\/www.africa-press.net\/congo-brazzaville\/politique\/le-secretariat-permanent-et-litalie-examinent-les-mecanismes-de-collaboration-conjointe#breadcrumb\",\"itemListElement\":[{\"@type\":\"ListItem\",\"position\":1,\"name\":\"Accueil\",\"item\":\"https:\/\/www.africa-press.net\/congo-brazzaville\/\"},{\"@type\":\"ListItem\",\"position\":2,\"name\":\"le secr\u00e9tariat permanent et l\u2019italie examinent les m\u00e9canismes de collaboration conjointe\"}]},{\"@type\":\"WebSite\",\"@id\":\"https:\/\/www.africa-press.net\/congo-brazzaville\/#website\",\"url\":\"https:\/\/www.africa-press.net\/congo-brazzaville\/\",\"name\":\"Congo Brazzaville\",\"description\":\"Just another Africa News Agency Sites site\",\"potentialAction\":[{\"@type\":\"SearchAction\",\"target\":{\"@type\":\"EntryPoint\",\"urlTemplate\":\"https:\/\/www.africa-press.net\/congo-brazzaville\/?s={search_term_string}\"},\"query-input\":{\"@type\":\"PropertyValueSpecification\",\"valueRequired\":true,\"valueName\":\"search_term_string\"}}],\"inLanguage\":\"fr-FR\"},{\"@type\":\"Person\",\"@id\":\"https:\/\/www.africa-press.net\/congo-brazzaville\/#\/schema\/person\/2b1cf3cd81a31e3cd26889ca66d677f1\",\"name\":\"cfeditorfr\"}]}<\/script>\n<!-- \/ Yoast SEO Premium plugin. -->","yoast_head_json":{"title":"le secr\u00e9tariat permanent et l\u2019italie examinent les m\u00e9canismes de collaboration conjointe - Congo Brazzaville","description":"Le Secre\u0301taire permanent du comite\u0301 interministe\u0301riel de l\u2019action de l\u2019Etat en mer et dans les eaux continentales (SE ...","robots":{"index":"index","follow":"follow","max-snippet":"max-snippet:-1","max-image-preview":"max-image-preview:large","max-video-preview":"max-video-preview:-1"},"canonical":"https:\/\/www.africa-press.net\/congo-brazzaville\/politique\/le-secretariat-permanent-et-litalie-examinent-les-mecanismes-de-collaboration-conjointe","og_locale":"fr_FR","og_type":"article","og_title":"le secr\u00e9tariat permanent et l\u2019italie examinent les m\u00e9canismes de collaboration conjointe","og_description":"Le Secre\u0301taire permanent du comite\u0301 interministe\u0301riel de l\u2019action de l\u2019Etat en mer et dans les eaux continentales (SE ...","og_url":"https:\/\/www.africa-press.net\/congo-brazzaville\/politique\/le-secretariat-permanent-et-litalie-examinent-les-mecanismes-de-collaboration-conjointe","og_site_name":"Congo Brazzaville","article_published_time":"2023-02-13T12:38:07+00:00","article_modified_time":"2023-02-13T13:14:51+00:00","og_image":[{"width":763,"height":436,"url":"https:\/\/static.africa-press.net\/congo-brazzaville\/sites\/51\/2023\/02\/postQueueImg_1676279554.20.jpg","type":"image\/jpeg"}],"author":"cfeditorfr","twitter_card":"summary_large_image","twitter_misc":{"\u00c9crit par":"cfeditorfr","Dur\u00e9e de lecture estim\u00e9e":"4 minutes"},"schema":{"@context":"https:\/\/schema.org","@graph":[{"@type":"Article","@id":"https:\/\/www.africa-press.net\/congo-brazzaville\/politique\/le-secretariat-permanent-et-litalie-examinent-les-mecanismes-de-collaboration-conjointe#article","isPartOf":{"@id":"https:\/\/www.africa-press.net\/congo-brazzaville\/politique\/le-secretariat-permanent-et-litalie-examinent-les-mecanismes-de-collaboration-conjointe"},"author":{"name":"cfeditorfr","@id":"https:\/\/www.africa-press.net\/congo-brazzaville\/#\/schema\/person\/2b1cf3cd81a31e3cd26889ca66d677f1"},"headline":"le secr\u00e9tariat permanent et l\u2019italie examinent les m\u00e9canismes de collaboration conjointe","datePublished":"2023-02-13T12:38:07+00:00","dateModified":"2023-02-13T13:14:51+00:00","mainEntityOfPage":{"@id":"https:\/\/www.africa-press.net\/congo-brazzaville\/politique\/le-secretariat-permanent-et-litalie-examinent-les-mecanismes-de-collaboration-conjointe"},"wordCount":783,"commentCount":0,"image":{"@id":"https:\/\/www.africa-press.net\/congo-brazzaville\/politique\/le-secretariat-permanent-et-litalie-examinent-les-mecanismes-de-collaboration-conjointe#primaryimage"},"thumbnailUrl":"https:\/\/static.africa-press.net\/congo-brazzaville\/sites\/51\/2023\/02\/postQueueImg_1676279554.20.jpg","keywords":["Africa Press","Africa Press-Congo Brazzaville","Congo Brazzaville"],"articleSection":["Politique","Toutes les actualit\u00e9s"],"inLanguage":"fr-FR","potentialAction":[{"@type":"CommentAction","name":"Comment","target":["https:\/\/www.africa-press.net\/congo-brazzaville\/politique\/le-secretariat-permanent-et-litalie-examinent-les-mecanismes-de-collaboration-conjointe#respond"]}]},{"@type":"WebPage","@id":"https:\/\/www.africa-press.net\/congo-brazzaville\/politique\/le-secretariat-permanent-et-litalie-examinent-les-mecanismes-de-collaboration-conjointe","url":"https:\/\/www.africa-press.net\/congo-brazzaville\/politique\/le-secretariat-permanent-et-litalie-examinent-les-mecanismes-de-collaboration-conjointe","name":"le secr\u00e9tariat permanent et l\u2019italie examinent les m\u00e9canismes de collaboration conjointe - Congo Brazzaville","isPartOf":{"@id":"https:\/\/www.africa-press.net\/congo-brazzaville\/#website"},"primaryImageOfPage":{"@id":"https:\/\/www.africa-press.net\/congo-brazzaville\/politique\/le-secretariat-permanent-et-litalie-examinent-les-mecanismes-de-collaboration-conjointe#primaryimage"},"image":{"@id":"https:\/\/www.africa-press.net\/congo-brazzaville\/politique\/le-secretariat-permanent-et-litalie-examinent-les-mecanismes-de-collaboration-conjointe#primaryimage"},"thumbnailUrl":"https:\/\/static.africa-press.net\/congo-brazzaville\/sites\/51\/2023\/02\/postQueueImg_1676279554.20.jpg","datePublished":"2023-02-13T12:38:07+00:00","dateModified":"2023-02-13T13:14:51+00:00","author":{"@id":"https:\/\/www.africa-press.net\/congo-brazzaville\/#\/schema\/person\/2b1cf3cd81a31e3cd26889ca66d677f1"},"description":"Le Secre\u0301taire permanent du comite\u0301 interministe\u0301riel de l\u2019action de l\u2019Etat en mer et dans les eaux continentales (SE ...","breadcrumb":{"@id":"https:\/\/www.africa-press.net\/congo-brazzaville\/politique\/le-secretariat-permanent-et-litalie-examinent-les-mecanismes-de-collaboration-conjointe#breadcrumb"},"inLanguage":"fr-FR","potentialAction":[{"@type":"ReadAction","target":["https:\/\/www.africa-press.net\/congo-brazzaville\/politique\/le-secretariat-permanent-et-litalie-examinent-les-mecanismes-de-collaboration-conjointe"]}]},{"@type":"ImageObject","inLanguage":"fr-FR","@id":"https:\/\/www.africa-press.net\/congo-brazzaville\/politique\/le-secretariat-permanent-et-litalie-examinent-les-mecanismes-de-collaboration-conjointe#primaryimage","url":"https:\/\/static.africa-press.net\/congo-brazzaville\/sites\/51\/2023\/02\/postQueueImg_1676279554.20.jpg","contentUrl":"https:\/\/static.africa-press.net\/congo-brazzaville\/sites\/51\/2023\/02\/postQueueImg_1676279554.20.jpg","width":763,"height":436,"caption":"le secr\u00e9tariat permanent et l\u2019italie examinent les m\u00e9canismes de collaboration conjointe"},{"@type":"BreadcrumbList","@id":"https:\/\/www.africa-press.net\/congo-brazzaville\/politique\/le-secretariat-permanent-et-litalie-examinent-les-mecanismes-de-collaboration-conjointe#breadcrumb","itemListElement":[{"@type":"ListItem","position":1,"name":"Accueil","item":"https:\/\/www.africa-press.net\/congo-brazzaville\/"},{"@type":"ListItem","position":2,"name":"le secr\u00e9tariat permanent et l\u2019italie examinent les m\u00e9canismes de collaboration conjointe"}]},{"@type":"WebSite","@id":"https:\/\/www.africa-press.net\/congo-brazzaville\/#website","url":"https:\/\/www.africa-press.net\/congo-brazzaville\/","name":"Congo Brazzaville","description":"Just another Africa News Agency Sites site","potentialAction":[{"@type":"SearchAction","target":{"@type":"EntryPoint","urlTemplate":"https:\/\/www.africa-press.net\/congo-brazzaville\/?s={search_term_string}"},"query-input":{"@type":"PropertyValueSpecification","valueRequired":true,"valueName":"search_term_string"}}],"inLanguage":"fr-FR"},{"@type":"Person","@id":"https:\/\/www.africa-press.net\/congo-brazzaville\/#\/schema\/person\/2b1cf3cd81a31e3cd26889ca66d677f1","name":"cfeditorfr"}]}},"_links":{"self":[{"href":"https:\/\/www.africa-press.net\/congo-brazzaville\/wp-json\/wp\/v2\/posts\/14366","targetHints":{"allow":["GET"]}}],"collection":[{"href":"https:\/\/www.africa-press.net\/congo-brazzaville\/wp-json\/wp\/v2\/posts"}],"about":[{"href":"https:\/\/www.africa-press.net\/congo-brazzaville\/wp-json\/wp\/v2\/types\/post"}],"author":[{"embeddable":true,"href":"https:\/\/www.africa-press.net\/congo-brazzaville\/wp-json\/wp\/v2\/users\/82"}],"replies":[{"embeddable":true,"href":"https:\/\/www.africa-press.net\/congo-brazzaville\/wp-json\/wp\/v2\/comments?post=14366"}],"version-history":[{"count":0,"href":"https:\/\/www.africa-press.net\/congo-brazzaville\/wp-json\/wp\/v2\/posts\/14366\/revisions"}],"wp:featuredmedia":[{"embeddable":true,"href":"https:\/\/www.africa-press.net\/congo-brazzaville\/wp-json\/wp\/v2\/media\/14365"}],"wp:attachment":[{"href":"https:\/\/www.africa-press.net\/congo-brazzaville\/wp-json\/wp\/v2\/media?parent=14366"}],"wp:term":[{"taxonomy":"category","embeddable":true,"href":"https:\/\/www.africa-press.net\/congo-brazzaville\/wp-json\/wp\/v2\/categories?post=14366"},{"taxonomy":"post_tag","embeddable":true,"href":"https:\/\/www.africa-press.net\/congo-brazzaville\/wp-json\/wp\/v2\/tags?post=14366"}],"curies":[{"name":"wp","href":"https:\/\/api.w.org\/{rel}","templated":true}]}}