{"id":14371,"date":"2023-02-13T20:28:30","date_gmt":"2023-02-13T20:28:30","guid":{"rendered":"https:\/\/www.africa-press.net\/congo-brazzaville\/politique\/pme-le-ministere-et-la-fondation-sounga-au-chevet-des-entrepreneures"},"modified":"2023-02-13T21:12:26","modified_gmt":"2023-02-13T21:12:26","slug":"pme-le-ministere-et-la-fondation-sounga-au-chevet-des-entrepreneures","status":"publish","type":"post","link":"https:\/\/www.africa-press.net\/congo-brazzaville\/economie\/pme-le-ministere-et-la-fondation-sounga-au-chevet-des-entrepreneures","title":{"rendered":"PME : le minist\u00e8re et la fondation Sounga  au chevet des entrepreneures"},"content":{"rendered":"<p><span style=\"color: #ff6600\"><strong>Africa-Press &#8211; Congo Brazzaville. <\/strong><\/span><b>La ministre des Petites et moyennes entreprises (PME) et de l&rsquo;Artisanat, Jacqueline Lydia Mikolo, et la pre\u0301sidente de la fondation Sounga, Danie\u0300le Sassou N\u2019Guesso, ont signe\u0301 le 10 fe\u0301vrier a\u0300 Brazzaville un protocole d\u2019accord pour l\u2019organisation et le fonctionnement d\u2019un incubateur qui vise a\u0300 accompagner les femmes porteuses de projets entrepreneuriaux. <\/b><\/p>\n<p>La collaboration entre le ministe\u0300re des PME et de l\u2019Artisanat et la fondation Sounga concerne la mise en place et la supervision d\u2019un incubateur nomme\u0301 \u00ab\u00a0Sounga ngai\u0308\u00a0\u00bb. Lequel incubateur se donne pour mission d&rsquo;accompagner les femmes congolaises porteuses de projets entrepreneuriaux et\/ou ayant des ide\u0301es pour un produit ou un service qui ont besoin d\u2019e\u0302tre conforte\u0301es dans leur phase de de\u0301veloppement.<\/p>\n<p>L\u2019accord qui vient d\u2019e\u0302tre signe\u0301 est une manie\u0300re pour la fondation Sounga de re\u0301gulariser l\u2019accompagnement des femmes entrepreneures qu\u2019elle assure depuis toujours. Ainsi, le ministe\u0300re des PME et de l&rsquo;Artisanat, compe\u0301tent en la matie\u0300re, va assurer le parrainage. \u00ab Le ministe\u0300re s\u2019est engage\u0301 re\u0301solument a\u0300 assister la fondation Sounga dans ce nouveau projet qu\u2019elle souhaite re\u0301aliser pour les potentielles femmes entrepreneures et femmes entrepreneures actives \u00bb, souligne le protocole d\u2019accord.<\/p>\n<p>Pour participer a\u0300 la formation et be\u0301ne\u0301ficier de l\u2019accompagnement \u00ab\u00a0Sounga ngai\u0308\u00a0\u00bb, certains crite\u0300res sont a\u0300 remplir, entre autres, e\u0302tre de nationalite\u0301 congolaise; avoir plus de18 ans d\u2019a\u0302ge ; justifier d\u2019une expe\u0301rience de deux ans minimale en qualite\u0301 d\u2019entrepreneure&#8230;<\/p>\n<p>En rappel, la fondation Sounga est une des structures de la socie\u0301te\u0301 civile qui, par son implication, contribue a\u0300 la promotion et au de\u0301veloppement des tre\u0300s petites, petites et moyennes entreprises qui sont facteurs de croissance, de de\u0301veloppement e\u0301conomique et de cre\u0301ation d\u2019emplois, notamment pour les jeunes. A travers ce protocole d&rsquo;accord, le ministe\u0300re des PME et de l&rsquo;Artisanat et la fondation Sounga vont donc travailler main dans la main en regardant ensemble dans la me\u0302me direction.<\/p>\n<p><strong>Pour plus d&rsquo;informations et d&rsquo;analyses sur la <a href=\"https:\/\/www.africa-press.net\/congo-brazzaville\">Congo Brazzaville<\/a>, suivez <a href=\"https:\/\/www.africa-press.net\/\">Africa-Press<\/a><\/strong><\/p>\n","protected":false},"excerpt":{"rendered":"<p>Africa-Press &#8211; Congo Brazzaville. La ministre des Petites et moyennes entreprises (PME) et de l&rsquo;Artisanat, Jacqueline Lydia Mikolo, et la pre\u0301sidente de la fondation Sounga, Danie\u0300le Sassou N\u2019Guesso, ont signe\u0301 le 10 fe\u0301vrier a\u0300 Brazzaville un protocole d\u2019accord pour l\u2019organisation et le fonctionnement d\u2019un incubateur qui vise a\u0300 accompagner les femmes porteuses de projets entrepreneuriaux. [&hellip;]<\/p>\n","protected":false},"author":82,"featured_media":14370,"comment_status":"open","ping_status":"closed","sticky":false,"template":"","format":"standard","meta":{"footnotes":""},"categories":[3,10],"tags":[36,47,46],"class_list":["post-14371","post","type-post","status-publish","format-standard","has-post-thumbnail","hentry","category-economie","category-toutes-les-actualites","tag-africa-press","tag-africa-press-congo-brazzaville","tag-congo-brazzaville"],"yoast_head":"<!-- This site is optimized with the Yoast SEO Premium plugin v26.1 (Yoast SEO v27.0) - https:\/\/yoast.com\/product\/yoast-seo-premium-wordpress\/ -->\n<title>PME : le minist\u00e8re et la fondation Sounga au chevet des entrepreneures - Congo Brazzaville<\/title>\n<meta name=\"description\" content=\"La ministre des Petites et moyennes entreprises (PME) et de l&#039;Artisanat, Jacqueline Lydia Mikolo, et la pre\u0301sidente d ...\" \/>\n<meta name=\"robots\" content=\"index, follow, max-snippet:-1, max-image-preview:large, max-video-preview:-1\" \/>\n<link rel=\"canonical\" href=\"https:\/\/www.africa-press.net\/congo-brazzaville\/economie\/pme-le-ministere-et-la-fondation-sounga-au-chevet-des-entrepreneures\" \/>\n<meta property=\"og:locale\" content=\"fr_FR\" \/>\n<meta property=\"og:type\" content=\"article\" \/>\n<meta property=\"og:title\" content=\"PME : le minist\u00e8re et la fondation Sounga au chevet des entrepreneures\" \/>\n<meta property=\"og:description\" content=\"La ministre des Petites et moyennes entreprises (PME) et de l&#039;Artisanat, Jacqueline Lydia Mikolo, et la pre\u0301sidente d ...\" \/>\n<meta property=\"og:url\" content=\"https:\/\/www.africa-press.net\/congo-brazzaville\/economie\/pme-le-ministere-et-la-fondation-sounga-au-chevet-des-entrepreneures\" \/>\n<meta property=\"og:site_name\" content=\"Congo Brazzaville\" \/>\n<meta property=\"article:published_time\" content=\"2023-02-13T20:28:30+00:00\" \/>\n<meta property=\"article:modified_time\" content=\"2023-02-13T21:12:26+00:00\" \/>\n<meta property=\"og:image\" content=\"https:\/\/static.africa-press.net\/congo-brazzaville\/sites\/51\/2023\/02\/postQueueImg_1676307544.46.jpg\" \/>\n\t<meta property=\"og:image:width\" content=\"1280\" \/>\n\t<meta property=\"og:image:height\" content=\"720\" \/>\n\t<meta property=\"og:image:type\" content=\"image\/jpeg\" \/>\n<meta name=\"author\" content=\"cfeditorfr\" \/>\n<meta name=\"twitter:card\" content=\"summary_large_image\" \/>\n<meta name=\"twitter:label1\" content=\"\u00c9crit par\" \/>\n\t<meta name=\"twitter:data1\" content=\"cfeditorfr\" \/>\n\t<meta name=\"twitter:label2\" content=\"Dur\u00e9e de lecture estim\u00e9e\" \/>\n\t<meta name=\"twitter:data2\" content=\"2 minutes\" \/>\n<script type=\"application\/ld+json\" class=\"yoast-schema-graph\">{\"@context\":\"https:\/\/schema.org\",\"@graph\":[{\"@type\":\"Article\",\"@id\":\"https:\/\/www.africa-press.net\/congo-brazzaville\/economie\/pme-le-ministere-et-la-fondation-sounga-au-chevet-des-entrepreneures#article\",\"isPartOf\":{\"@id\":\"https:\/\/www.africa-press.net\/congo-brazzaville\/economie\/pme-le-ministere-et-la-fondation-sounga-au-chevet-des-entrepreneures\"},\"author\":{\"name\":\"cfeditorfr\",\"@id\":\"https:\/\/www.africa-press.net\/congo-brazzaville\/#\/schema\/person\/2b1cf3cd81a31e3cd26889ca66d677f1\"},\"headline\":\"PME : le minist\u00e8re et la fondation Sounga au chevet des entrepreneures\",\"datePublished\":\"2023-02-13T20:28:30+00:00\",\"dateModified\":\"2023-02-13T21:12:26+00:00\",\"mainEntityOfPage\":{\"@id\":\"https:\/\/www.africa-press.net\/congo-brazzaville\/economie\/pme-le-ministere-et-la-fondation-sounga-au-chevet-des-entrepreneures\"},\"wordCount\":378,\"commentCount\":0,\"image\":{\"@id\":\"https:\/\/www.africa-press.net\/congo-brazzaville\/economie\/pme-le-ministere-et-la-fondation-sounga-au-chevet-des-entrepreneures#primaryimage\"},\"thumbnailUrl\":\"https:\/\/static.africa-press.net\/congo-brazzaville\/sites\/51\/2023\/02\/postQueueImg_1676307544.46.jpg\",\"keywords\":[\"Africa Press\",\"Africa Press-Congo Brazzaville\",\"Congo Brazzaville\"],\"articleSection\":[\"\u00c9conomie\",\"Toutes les actualit\u00e9s\"],\"inLanguage\":\"fr-FR\",\"potentialAction\":[{\"@type\":\"CommentAction\",\"name\":\"Comment\",\"target\":[\"https:\/\/www.africa-press.net\/congo-brazzaville\/economie\/pme-le-ministere-et-la-fondation-sounga-au-chevet-des-entrepreneures#respond\"]}]},{\"@type\":\"WebPage\",\"@id\":\"https:\/\/www.africa-press.net\/congo-brazzaville\/economie\/pme-le-ministere-et-la-fondation-sounga-au-chevet-des-entrepreneures\",\"url\":\"https:\/\/www.africa-press.net\/congo-brazzaville\/economie\/pme-le-ministere-et-la-fondation-sounga-au-chevet-des-entrepreneures\",\"name\":\"PME : le minist\u00e8re et la fondation Sounga au chevet des entrepreneures - Congo Brazzaville\",\"isPartOf\":{\"@id\":\"https:\/\/www.africa-press.net\/congo-brazzaville\/#website\"},\"primaryImageOfPage\":{\"@id\":\"https:\/\/www.africa-press.net\/congo-brazzaville\/economie\/pme-le-ministere-et-la-fondation-sounga-au-chevet-des-entrepreneures#primaryimage\"},\"image\":{\"@id\":\"https:\/\/www.africa-press.net\/congo-brazzaville\/economie\/pme-le-ministere-et-la-fondation-sounga-au-chevet-des-entrepreneures#primaryimage\"},\"thumbnailUrl\":\"https:\/\/static.africa-press.net\/congo-brazzaville\/sites\/51\/2023\/02\/postQueueImg_1676307544.46.jpg\",\"datePublished\":\"2023-02-13T20:28:30+00:00\",\"dateModified\":\"2023-02-13T21:12:26+00:00\",\"author\":{\"@id\":\"https:\/\/www.africa-press.net\/congo-brazzaville\/#\/schema\/person\/2b1cf3cd81a31e3cd26889ca66d677f1\"},\"description\":\"La ministre des Petites et moyennes entreprises (PME) et de l'Artisanat, Jacqueline Lydia Mikolo, et la pre\u0301sidente d ...\",\"breadcrumb\":{\"@id\":\"https:\/\/www.africa-press.net\/congo-brazzaville\/economie\/pme-le-ministere-et-la-fondation-sounga-au-chevet-des-entrepreneures#breadcrumb\"},\"inLanguage\":\"fr-FR\",\"potentialAction\":[{\"@type\":\"ReadAction\",\"target\":[\"https:\/\/www.africa-press.net\/congo-brazzaville\/economie\/pme-le-ministere-et-la-fondation-sounga-au-chevet-des-entrepreneures\"]}]},{\"@type\":\"ImageObject\",\"inLanguage\":\"fr-FR\",\"@id\":\"https:\/\/www.africa-press.net\/congo-brazzaville\/economie\/pme-le-ministere-et-la-fondation-sounga-au-chevet-des-entrepreneures#primaryimage\",\"url\":\"https:\/\/static.africa-press.net\/congo-brazzaville\/sites\/51\/2023\/02\/postQueueImg_1676307544.46.jpg\",\"contentUrl\":\"https:\/\/static.africa-press.net\/congo-brazzaville\/sites\/51\/2023\/02\/postQueueImg_1676307544.46.jpg\",\"width\":1280,\"height\":720,\"caption\":\"PME : le minist\u00e8re et la fondation Sounga au chevet des entrepreneures\"},{\"@type\":\"BreadcrumbList\",\"@id\":\"https:\/\/www.africa-press.net\/congo-brazzaville\/economie\/pme-le-ministere-et-la-fondation-sounga-au-chevet-des-entrepreneures#breadcrumb\",\"itemListElement\":[{\"@type\":\"ListItem\",\"position\":1,\"name\":\"Accueil\",\"item\":\"https:\/\/www.africa-press.net\/congo-brazzaville\/\"},{\"@type\":\"ListItem\",\"position\":2,\"name\":\"PME : le minist\u00e8re et la fondation Sounga au chevet des entrepreneures\"}]},{\"@type\":\"WebSite\",\"@id\":\"https:\/\/www.africa-press.net\/congo-brazzaville\/#website\",\"url\":\"https:\/\/www.africa-press.net\/congo-brazzaville\/\",\"name\":\"Congo Brazzaville\",\"description\":\"Just another Africa News Agency Sites site\",\"potentialAction\":[{\"@type\":\"SearchAction\",\"target\":{\"@type\":\"EntryPoint\",\"urlTemplate\":\"https:\/\/www.africa-press.net\/congo-brazzaville\/?s={search_term_string}\"},\"query-input\":{\"@type\":\"PropertyValueSpecification\",\"valueRequired\":true,\"valueName\":\"search_term_string\"}}],\"inLanguage\":\"fr-FR\"},{\"@type\":\"Person\",\"@id\":\"https:\/\/www.africa-press.net\/congo-brazzaville\/#\/schema\/person\/2b1cf3cd81a31e3cd26889ca66d677f1\",\"name\":\"cfeditorfr\"}]}<\/script>\n<!-- \/ Yoast SEO Premium plugin. -->","yoast_head_json":{"title":"PME : le minist\u00e8re et la fondation Sounga au chevet des entrepreneures - Congo Brazzaville","description":"La ministre des Petites et moyennes entreprises (PME) et de l'Artisanat, Jacqueline Lydia Mikolo, et la pre\u0301sidente d ...","robots":{"index":"index","follow":"follow","max-snippet":"max-snippet:-1","max-image-preview":"max-image-preview:large","max-video-preview":"max-video-preview:-1"},"canonical":"https:\/\/www.africa-press.net\/congo-brazzaville\/economie\/pme-le-ministere-et-la-fondation-sounga-au-chevet-des-entrepreneures","og_locale":"fr_FR","og_type":"article","og_title":"PME : le minist\u00e8re et la fondation Sounga au chevet des entrepreneures","og_description":"La ministre des Petites et moyennes entreprises (PME) et de l'Artisanat, Jacqueline Lydia Mikolo, et la pre\u0301sidente d ...","og_url":"https:\/\/www.africa-press.net\/congo-brazzaville\/economie\/pme-le-ministere-et-la-fondation-sounga-au-chevet-des-entrepreneures","og_site_name":"Congo Brazzaville","article_published_time":"2023-02-13T20:28:30+00:00","article_modified_time":"2023-02-13T21:12:26+00:00","og_image":[{"width":1280,"height":720,"url":"https:\/\/static.africa-press.net\/congo-brazzaville\/sites\/51\/2023\/02\/postQueueImg_1676307544.46.jpg","type":"image\/jpeg"}],"author":"cfeditorfr","twitter_card":"summary_large_image","twitter_misc":{"\u00c9crit par":"cfeditorfr","Dur\u00e9e de lecture estim\u00e9e":"2 minutes"},"schema":{"@context":"https:\/\/schema.org","@graph":[{"@type":"Article","@id":"https:\/\/www.africa-press.net\/congo-brazzaville\/economie\/pme-le-ministere-et-la-fondation-sounga-au-chevet-des-entrepreneures#article","isPartOf":{"@id":"https:\/\/www.africa-press.net\/congo-brazzaville\/economie\/pme-le-ministere-et-la-fondation-sounga-au-chevet-des-entrepreneures"},"author":{"name":"cfeditorfr","@id":"https:\/\/www.africa-press.net\/congo-brazzaville\/#\/schema\/person\/2b1cf3cd81a31e3cd26889ca66d677f1"},"headline":"PME : le minist\u00e8re et la fondation Sounga au chevet des entrepreneures","datePublished":"2023-02-13T20:28:30+00:00","dateModified":"2023-02-13T21:12:26+00:00","mainEntityOfPage":{"@id":"https:\/\/www.africa-press.net\/congo-brazzaville\/economie\/pme-le-ministere-et-la-fondation-sounga-au-chevet-des-entrepreneures"},"wordCount":378,"commentCount":0,"image":{"@id":"https:\/\/www.africa-press.net\/congo-brazzaville\/economie\/pme-le-ministere-et-la-fondation-sounga-au-chevet-des-entrepreneures#primaryimage"},"thumbnailUrl":"https:\/\/static.africa-press.net\/congo-brazzaville\/sites\/51\/2023\/02\/postQueueImg_1676307544.46.jpg","keywords":["Africa Press","Africa Press-Congo Brazzaville","Congo Brazzaville"],"articleSection":["\u00c9conomie","Toutes les actualit\u00e9s"],"inLanguage":"fr-FR","potentialAction":[{"@type":"CommentAction","name":"Comment","target":["https:\/\/www.africa-press.net\/congo-brazzaville\/economie\/pme-le-ministere-et-la-fondation-sounga-au-chevet-des-entrepreneures#respond"]}]},{"@type":"WebPage","@id":"https:\/\/www.africa-press.net\/congo-brazzaville\/economie\/pme-le-ministere-et-la-fondation-sounga-au-chevet-des-entrepreneures","url":"https:\/\/www.africa-press.net\/congo-brazzaville\/economie\/pme-le-ministere-et-la-fondation-sounga-au-chevet-des-entrepreneures","name":"PME : le minist\u00e8re et la fondation Sounga au chevet des entrepreneures - Congo Brazzaville","isPartOf":{"@id":"https:\/\/www.africa-press.net\/congo-brazzaville\/#website"},"primaryImageOfPage":{"@id":"https:\/\/www.africa-press.net\/congo-brazzaville\/economie\/pme-le-ministere-et-la-fondation-sounga-au-chevet-des-entrepreneures#primaryimage"},"image":{"@id":"https:\/\/www.africa-press.net\/congo-brazzaville\/economie\/pme-le-ministere-et-la-fondation-sounga-au-chevet-des-entrepreneures#primaryimage"},"thumbnailUrl":"https:\/\/static.africa-press.net\/congo-brazzaville\/sites\/51\/2023\/02\/postQueueImg_1676307544.46.jpg","datePublished":"2023-02-13T20:28:30+00:00","dateModified":"2023-02-13T21:12:26+00:00","author":{"@id":"https:\/\/www.africa-press.net\/congo-brazzaville\/#\/schema\/person\/2b1cf3cd81a31e3cd26889ca66d677f1"},"description":"La ministre des Petites et moyennes entreprises (PME) et de l'Artisanat, Jacqueline Lydia Mikolo, et la pre\u0301sidente d ...","breadcrumb":{"@id":"https:\/\/www.africa-press.net\/congo-brazzaville\/economie\/pme-le-ministere-et-la-fondation-sounga-au-chevet-des-entrepreneures#breadcrumb"},"inLanguage":"fr-FR","potentialAction":[{"@type":"ReadAction","target":["https:\/\/www.africa-press.net\/congo-brazzaville\/economie\/pme-le-ministere-et-la-fondation-sounga-au-chevet-des-entrepreneures"]}]},{"@type":"ImageObject","inLanguage":"fr-FR","@id":"https:\/\/www.africa-press.net\/congo-brazzaville\/economie\/pme-le-ministere-et-la-fondation-sounga-au-chevet-des-entrepreneures#primaryimage","url":"https:\/\/static.africa-press.net\/congo-brazzaville\/sites\/51\/2023\/02\/postQueueImg_1676307544.46.jpg","contentUrl":"https:\/\/static.africa-press.net\/congo-brazzaville\/sites\/51\/2023\/02\/postQueueImg_1676307544.46.jpg","width":1280,"height":720,"caption":"PME : le minist\u00e8re et la fondation Sounga au chevet des entrepreneures"},{"@type":"BreadcrumbList","@id":"https:\/\/www.africa-press.net\/congo-brazzaville\/economie\/pme-le-ministere-et-la-fondation-sounga-au-chevet-des-entrepreneures#breadcrumb","itemListElement":[{"@type":"ListItem","position":1,"name":"Accueil","item":"https:\/\/www.africa-press.net\/congo-brazzaville\/"},{"@type":"ListItem","position":2,"name":"PME : le minist\u00e8re et la fondation Sounga au chevet des entrepreneures"}]},{"@type":"WebSite","@id":"https:\/\/www.africa-press.net\/congo-brazzaville\/#website","url":"https:\/\/www.africa-press.net\/congo-brazzaville\/","name":"Congo Brazzaville","description":"Just another Africa News Agency Sites site","potentialAction":[{"@type":"SearchAction","target":{"@type":"EntryPoint","urlTemplate":"https:\/\/www.africa-press.net\/congo-brazzaville\/?s={search_term_string}"},"query-input":{"@type":"PropertyValueSpecification","valueRequired":true,"valueName":"search_term_string"}}],"inLanguage":"fr-FR"},{"@type":"Person","@id":"https:\/\/www.africa-press.net\/congo-brazzaville\/#\/schema\/person\/2b1cf3cd81a31e3cd26889ca66d677f1","name":"cfeditorfr"}]}},"_links":{"self":[{"href":"https:\/\/www.africa-press.net\/congo-brazzaville\/wp-json\/wp\/v2\/posts\/14371","targetHints":{"allow":["GET"]}}],"collection":[{"href":"https:\/\/www.africa-press.net\/congo-brazzaville\/wp-json\/wp\/v2\/posts"}],"about":[{"href":"https:\/\/www.africa-press.net\/congo-brazzaville\/wp-json\/wp\/v2\/types\/post"}],"author":[{"embeddable":true,"href":"https:\/\/www.africa-press.net\/congo-brazzaville\/wp-json\/wp\/v2\/users\/82"}],"replies":[{"embeddable":true,"href":"https:\/\/www.africa-press.net\/congo-brazzaville\/wp-json\/wp\/v2\/comments?post=14371"}],"version-history":[{"count":0,"href":"https:\/\/www.africa-press.net\/congo-brazzaville\/wp-json\/wp\/v2\/posts\/14371\/revisions"}],"wp:featuredmedia":[{"embeddable":true,"href":"https:\/\/www.africa-press.net\/congo-brazzaville\/wp-json\/wp\/v2\/media\/14370"}],"wp:attachment":[{"href":"https:\/\/www.africa-press.net\/congo-brazzaville\/wp-json\/wp\/v2\/media?parent=14371"}],"wp:term":[{"taxonomy":"category","embeddable":true,"href":"https:\/\/www.africa-press.net\/congo-brazzaville\/wp-json\/wp\/v2\/categories?post=14371"},{"taxonomy":"post_tag","embeddable":true,"href":"https:\/\/www.africa-press.net\/congo-brazzaville\/wp-json\/wp\/v2\/tags?post=14371"}],"curies":[{"name":"wp","href":"https:\/\/api.w.org\/{rel}","templated":true}]}}