{"id":14373,"date":"2023-02-13T20:28:49","date_gmt":"2023-02-13T20:28:49","guid":{"rendered":"https:\/\/www.africa-press.net\/congo-brazzaville\/politique\/recensement-general-accelerer-le-denombrement-principal-de-la-population"},"modified":"2023-02-13T21:12:48","modified_gmt":"2023-02-13T21:12:48","slug":"recensement-general-accelerer-le-denombrement-principal-de-la-population","status":"publish","type":"post","link":"https:\/\/www.africa-press.net\/congo-brazzaville\/economie\/recensement-general-accelerer-le-denombrement-principal-de-la-population","title":{"rendered":"Recensement g\u00e9n\u00e9ral : acc\u00e9l\u00e9rer le d\u00e9nombrement principal de la population"},"content":{"rendered":"<p><span style=\"color: #ff6600\"><strong>Africa-Press &#8211; Congo Brazzaville. <\/strong><\/span><b>La re\u0301union de la coordination nationale du cinquie\u0300me Recensement ge\u0301ne\u0301ral de la population et de l\u2019habitation (RGPH-5), tenue le 10 fe\u0301vrier a\u0300 Brazzaville, a approuve\u0301 le nouvel agenda de la reprise des activite\u0301s, notamment l\u2019organisation du de\u0301nombrement. Un de\u0301cret du Premier ministre devra fixer le chronogramme du RGPH-5 probablement en avril. <\/b><\/p>\n<p>La troisie\u0300me session ordinaire de la coordination nationale du recensement ge\u0301ne\u0301ral, pre\u0301side\u0301e par la ministre du Plan, de la Statistique et de l&rsquo;Inte\u0301gration re\u0301gionale, Ingrid Olga Ghislaine Ebouka-Babackas, visait a\u0300 valider les recommandations adopte\u0301es par le comite\u0301 technique national de ce recensement. Une proposition de date de de\u0301but du de\u0301nombrement a e\u0301te\u0301 retenue et sera pre\u0301cise\u0301e sous peu par un de\u0301cret du Premier ministre.<\/p>\n<p>D\u2019apre\u0300s le directeur ge\u0301ne\u0301ral de l\u2019Institut national de la statistique (INS), Gaspard Symphorien Mbou Likibi, le processus de se\u0301lection des superviseurs se poursuit, avant la formation des e\u0301quipes qui vont a\u0300 leur tour former les agents recenseurs. Apre\u0300s cette phase, s\u2019organisera le de\u0301nombrement proprement dit. D\u2019autres e\u0301tapes restent a\u0300 re\u0301aliser telles l\u2019enque\u0302te post-censitaire qui consiste a\u0300 ve\u0301rifier le travail de recensement, l\u2019analyse de la base de donne\u0301es, la publication des re\u0301sultats pre\u0301liminaires, les analyses approfondies et les publications the\u0301matiques des re\u0301sultats.<\/p>\n<p>\u00ab Le de\u0301nombrement aura lieu avant le 1er mai prochain. Cette fois-ci , c\u2019est la bonne ! Toutes les garanties sont prises de manie\u0300re a\u0300 ce que le de\u0301nombrement principal de la population s\u2019organise dans le de\u0301lai \u00bb, a assure\u0301 le directeur ge\u0301ne\u0301ral de l\u2019INS.<\/p>\n<p>L\u2019inquie\u0301tude de l\u2019INS porte sur la validite\u0301 des donne\u0301es de la cartographie censitaire qui datent de plus d\u2019une anne\u0301e; ce qui serait contraire aux normes des Nations unies en matie\u0300re d\u2019organisation de recensement. L\u2019actualisation de la cartographie censitaire ne\u0301cessitera un budget supple\u0301mentaire et une nouvelle extension du calendrier. Plus le de\u0301nombrement de la population tarde a\u0300 se re\u0301aliser, a alerte\u0301 l\u2019INS, plus l\u2019actualisation de la cartographie cou\u0302tera plus cher.<\/p>\n<p>Des progre\u0300s ont e\u0301te\u0301 re\u0301alise\u0301s depuis la relance du RGPH-5, avec l\u2019implication des partenaires de la Banque mondiale et du Fonds des Nations unies pour la population. \u00ab Ces travaux nous ont permis notamment de prendre connaissance de l&rsquo;e\u0301tat d&rsquo;avancement de la mise \u0153uvre du RGPH-5, de formuler des recommandations idoines pour la suite de la mise en \u0153uvre du recensement, en abordant efficacement les e\u0301tapes restantes, notamment le de\u0301nombrement principal \u00bb, s\u2019est re\u0301jouie la ministre Ingrid Olga Ghislaine Ebouka-Babackas, en pre\u0301sence de ses colle\u0300gues du gouvernement.<\/p>\n<p>Entame\u0301 depuis 2015 avec l\u2019e\u0301laboration des documents techniques, le processus du RGPH5 a connu une lenteur sans pre\u0301ce\u0301dent. La cartographie a pourtant e\u0301te\u0301 re\u0301alise\u0301e avec succe\u0300s en 2020.<\/p>\n<p><strong>Pour plus d&rsquo;informations et d&rsquo;analyses sur la <a href=\"https:\/\/www.africa-press.net\/congo-brazzaville\">Congo Brazzaville<\/a>, suivez <a href=\"https:\/\/www.africa-press.net\/\">Africa-Press<\/a><\/strong><\/p>\n","protected":false},"excerpt":{"rendered":"<p>Africa-Press &#8211; Congo Brazzaville. La re\u0301union de la coordination nationale du cinquie\u0300me Recensement ge\u0301ne\u0301ral de la population et de l\u2019habitation (RGPH-5), tenue le 10 fe\u0301vrier a\u0300 Brazzaville, a approuve\u0301 le nouvel agenda de la reprise des activite\u0301s, notamment l\u2019organisation du de\u0301nombrement. Un de\u0301cret du Premier ministre devra fixer le chronogramme du RGPH-5 probablement en avril. [&hellip;]<\/p>\n","protected":false},"author":82,"featured_media":14372,"comment_status":"open","ping_status":"closed","sticky":false,"template":"","format":"standard","meta":{"footnotes":""},"categories":[3,10],"tags":[36,47,46],"class_list":["post-14373","post","type-post","status-publish","format-standard","has-post-thumbnail","hentry","category-economie","category-toutes-les-actualites","tag-africa-press","tag-africa-press-congo-brazzaville","tag-congo-brazzaville"],"yoast_head":"<!-- This site is optimized with the Yoast SEO Premium plugin v26.1 (Yoast SEO v27.0) - https:\/\/yoast.com\/product\/yoast-seo-premium-wordpress\/ -->\n<title>Recensement g\u00e9n\u00e9ral : acc\u00e9l\u00e9rer le d\u00e9nombrement principal de la population - Congo Brazzaville<\/title>\n<meta name=\"description\" content=\"La re\u0301union de la coordination nationale du cinquie\u0300me Recensement ge\u0301ne\u0301ral de la population et de l\u2019habitation (RGP ...\" \/>\n<meta name=\"robots\" content=\"index, follow, max-snippet:-1, max-image-preview:large, max-video-preview:-1\" \/>\n<link rel=\"canonical\" href=\"https:\/\/www.africa-press.net\/congo-brazzaville\/economie\/recensement-general-accelerer-le-denombrement-principal-de-la-population\" \/>\n<meta property=\"og:locale\" content=\"fr_FR\" \/>\n<meta property=\"og:type\" content=\"article\" \/>\n<meta property=\"og:title\" content=\"Recensement g\u00e9n\u00e9ral : acc\u00e9l\u00e9rer le d\u00e9nombrement principal de la population\" \/>\n<meta property=\"og:description\" content=\"La re\u0301union de la coordination nationale du cinquie\u0300me Recensement ge\u0301ne\u0301ral de la population et de l\u2019habitation (RGP ...\" \/>\n<meta property=\"og:url\" content=\"https:\/\/www.africa-press.net\/congo-brazzaville\/economie\/recensement-general-accelerer-le-denombrement-principal-de-la-population\" \/>\n<meta property=\"og:site_name\" content=\"Congo Brazzaville\" \/>\n<meta property=\"article:published_time\" content=\"2023-02-13T20:28:49+00:00\" \/>\n<meta property=\"article:modified_time\" content=\"2023-02-13T21:12:48+00:00\" \/>\n<meta property=\"og:image\" content=\"https:\/\/static.africa-press.net\/congo-brazzaville\/sites\/51\/2023\/02\/postQueueImg_1676307533.96.jpg\" \/>\n\t<meta property=\"og:image:width\" content=\"829\" \/>\n\t<meta property=\"og:image:height\" content=\"508\" \/>\n\t<meta property=\"og:image:type\" content=\"image\/jpeg\" \/>\n<meta name=\"author\" content=\"cfeditorfr\" \/>\n<meta name=\"twitter:card\" content=\"summary_large_image\" \/>\n<meta name=\"twitter:label1\" content=\"\u00c9crit par\" \/>\n\t<meta name=\"twitter:data1\" content=\"cfeditorfr\" \/>\n\t<meta name=\"twitter:label2\" content=\"Dur\u00e9e de lecture estim\u00e9e\" \/>\n\t<meta name=\"twitter:data2\" content=\"3 minutes\" \/>\n<script type=\"application\/ld+json\" class=\"yoast-schema-graph\">{\"@context\":\"https:\/\/schema.org\",\"@graph\":[{\"@type\":\"Article\",\"@id\":\"https:\/\/www.africa-press.net\/congo-brazzaville\/economie\/recensement-general-accelerer-le-denombrement-principal-de-la-population#article\",\"isPartOf\":{\"@id\":\"https:\/\/www.africa-press.net\/congo-brazzaville\/economie\/recensement-general-accelerer-le-denombrement-principal-de-la-population\"},\"author\":{\"name\":\"cfeditorfr\",\"@id\":\"https:\/\/www.africa-press.net\/congo-brazzaville\/#\/schema\/person\/2b1cf3cd81a31e3cd26889ca66d677f1\"},\"headline\":\"Recensement g\u00e9n\u00e9ral : acc\u00e9l\u00e9rer le d\u00e9nombrement principal de la population\",\"datePublished\":\"2023-02-13T20:28:49+00:00\",\"dateModified\":\"2023-02-13T21:12:48+00:00\",\"mainEntityOfPage\":{\"@id\":\"https:\/\/www.africa-press.net\/congo-brazzaville\/economie\/recensement-general-accelerer-le-denombrement-principal-de-la-population\"},\"wordCount\":541,\"commentCount\":0,\"image\":{\"@id\":\"https:\/\/www.africa-press.net\/congo-brazzaville\/economie\/recensement-general-accelerer-le-denombrement-principal-de-la-population#primaryimage\"},\"thumbnailUrl\":\"https:\/\/static.africa-press.net\/congo-brazzaville\/sites\/51\/2023\/02\/postQueueImg_1676307533.96.jpg\",\"keywords\":[\"Africa Press\",\"Africa Press-Congo Brazzaville\",\"Congo Brazzaville\"],\"articleSection\":[\"\u00c9conomie\",\"Toutes les actualit\u00e9s\"],\"inLanguage\":\"fr-FR\",\"potentialAction\":[{\"@type\":\"CommentAction\",\"name\":\"Comment\",\"target\":[\"https:\/\/www.africa-press.net\/congo-brazzaville\/economie\/recensement-general-accelerer-le-denombrement-principal-de-la-population#respond\"]}]},{\"@type\":\"WebPage\",\"@id\":\"https:\/\/www.africa-press.net\/congo-brazzaville\/economie\/recensement-general-accelerer-le-denombrement-principal-de-la-population\",\"url\":\"https:\/\/www.africa-press.net\/congo-brazzaville\/economie\/recensement-general-accelerer-le-denombrement-principal-de-la-population\",\"name\":\"Recensement g\u00e9n\u00e9ral : acc\u00e9l\u00e9rer le d\u00e9nombrement principal de la population - Congo Brazzaville\",\"isPartOf\":{\"@id\":\"https:\/\/www.africa-press.net\/congo-brazzaville\/#website\"},\"primaryImageOfPage\":{\"@id\":\"https:\/\/www.africa-press.net\/congo-brazzaville\/economie\/recensement-general-accelerer-le-denombrement-principal-de-la-population#primaryimage\"},\"image\":{\"@id\":\"https:\/\/www.africa-press.net\/congo-brazzaville\/economie\/recensement-general-accelerer-le-denombrement-principal-de-la-population#primaryimage\"},\"thumbnailUrl\":\"https:\/\/static.africa-press.net\/congo-brazzaville\/sites\/51\/2023\/02\/postQueueImg_1676307533.96.jpg\",\"datePublished\":\"2023-02-13T20:28:49+00:00\",\"dateModified\":\"2023-02-13T21:12:48+00:00\",\"author\":{\"@id\":\"https:\/\/www.africa-press.net\/congo-brazzaville\/#\/schema\/person\/2b1cf3cd81a31e3cd26889ca66d677f1\"},\"description\":\"La re\u0301union de la coordination nationale du cinquie\u0300me Recensement ge\u0301ne\u0301ral de la population et de l\u2019habitation (RGP ...\",\"breadcrumb\":{\"@id\":\"https:\/\/www.africa-press.net\/congo-brazzaville\/economie\/recensement-general-accelerer-le-denombrement-principal-de-la-population#breadcrumb\"},\"inLanguage\":\"fr-FR\",\"potentialAction\":[{\"@type\":\"ReadAction\",\"target\":[\"https:\/\/www.africa-press.net\/congo-brazzaville\/economie\/recensement-general-accelerer-le-denombrement-principal-de-la-population\"]}]},{\"@type\":\"ImageObject\",\"inLanguage\":\"fr-FR\",\"@id\":\"https:\/\/www.africa-press.net\/congo-brazzaville\/economie\/recensement-general-accelerer-le-denombrement-principal-de-la-population#primaryimage\",\"url\":\"https:\/\/static.africa-press.net\/congo-brazzaville\/sites\/51\/2023\/02\/postQueueImg_1676307533.96.jpg\",\"contentUrl\":\"https:\/\/static.africa-press.net\/congo-brazzaville\/sites\/51\/2023\/02\/postQueueImg_1676307533.96.jpg\",\"width\":829,\"height\":508,\"caption\":\"Recensement g\u00e9n\u00e9ral : acc\u00e9l\u00e9rer le d\u00e9nombrement principal de la population\"},{\"@type\":\"BreadcrumbList\",\"@id\":\"https:\/\/www.africa-press.net\/congo-brazzaville\/economie\/recensement-general-accelerer-le-denombrement-principal-de-la-population#breadcrumb\",\"itemListElement\":[{\"@type\":\"ListItem\",\"position\":1,\"name\":\"Accueil\",\"item\":\"https:\/\/www.africa-press.net\/congo-brazzaville\/\"},{\"@type\":\"ListItem\",\"position\":2,\"name\":\"Recensement g\u00e9n\u00e9ral : acc\u00e9l\u00e9rer le d\u00e9nombrement principal de la population\"}]},{\"@type\":\"WebSite\",\"@id\":\"https:\/\/www.africa-press.net\/congo-brazzaville\/#website\",\"url\":\"https:\/\/www.africa-press.net\/congo-brazzaville\/\",\"name\":\"Congo Brazzaville\",\"description\":\"Just another Africa News Agency Sites site\",\"potentialAction\":[{\"@type\":\"SearchAction\",\"target\":{\"@type\":\"EntryPoint\",\"urlTemplate\":\"https:\/\/www.africa-press.net\/congo-brazzaville\/?s={search_term_string}\"},\"query-input\":{\"@type\":\"PropertyValueSpecification\",\"valueRequired\":true,\"valueName\":\"search_term_string\"}}],\"inLanguage\":\"fr-FR\"},{\"@type\":\"Person\",\"@id\":\"https:\/\/www.africa-press.net\/congo-brazzaville\/#\/schema\/person\/2b1cf3cd81a31e3cd26889ca66d677f1\",\"name\":\"cfeditorfr\"}]}<\/script>\n<!-- \/ Yoast SEO Premium plugin. -->","yoast_head_json":{"title":"Recensement g\u00e9n\u00e9ral : acc\u00e9l\u00e9rer le d\u00e9nombrement principal de la population - Congo Brazzaville","description":"La re\u0301union de la coordination nationale du cinquie\u0300me Recensement ge\u0301ne\u0301ral de la population et de l\u2019habitation (RGP ...","robots":{"index":"index","follow":"follow","max-snippet":"max-snippet:-1","max-image-preview":"max-image-preview:large","max-video-preview":"max-video-preview:-1"},"canonical":"https:\/\/www.africa-press.net\/congo-brazzaville\/economie\/recensement-general-accelerer-le-denombrement-principal-de-la-population","og_locale":"fr_FR","og_type":"article","og_title":"Recensement g\u00e9n\u00e9ral : acc\u00e9l\u00e9rer le d\u00e9nombrement principal de la population","og_description":"La re\u0301union de la coordination nationale du cinquie\u0300me Recensement ge\u0301ne\u0301ral de la population et de l\u2019habitation (RGP ...","og_url":"https:\/\/www.africa-press.net\/congo-brazzaville\/economie\/recensement-general-accelerer-le-denombrement-principal-de-la-population","og_site_name":"Congo Brazzaville","article_published_time":"2023-02-13T20:28:49+00:00","article_modified_time":"2023-02-13T21:12:48+00:00","og_image":[{"width":829,"height":508,"url":"https:\/\/static.africa-press.net\/congo-brazzaville\/sites\/51\/2023\/02\/postQueueImg_1676307533.96.jpg","type":"image\/jpeg"}],"author":"cfeditorfr","twitter_card":"summary_large_image","twitter_misc":{"\u00c9crit par":"cfeditorfr","Dur\u00e9e de lecture estim\u00e9e":"3 minutes"},"schema":{"@context":"https:\/\/schema.org","@graph":[{"@type":"Article","@id":"https:\/\/www.africa-press.net\/congo-brazzaville\/economie\/recensement-general-accelerer-le-denombrement-principal-de-la-population#article","isPartOf":{"@id":"https:\/\/www.africa-press.net\/congo-brazzaville\/economie\/recensement-general-accelerer-le-denombrement-principal-de-la-population"},"author":{"name":"cfeditorfr","@id":"https:\/\/www.africa-press.net\/congo-brazzaville\/#\/schema\/person\/2b1cf3cd81a31e3cd26889ca66d677f1"},"headline":"Recensement g\u00e9n\u00e9ral : acc\u00e9l\u00e9rer le d\u00e9nombrement principal de la population","datePublished":"2023-02-13T20:28:49+00:00","dateModified":"2023-02-13T21:12:48+00:00","mainEntityOfPage":{"@id":"https:\/\/www.africa-press.net\/congo-brazzaville\/economie\/recensement-general-accelerer-le-denombrement-principal-de-la-population"},"wordCount":541,"commentCount":0,"image":{"@id":"https:\/\/www.africa-press.net\/congo-brazzaville\/economie\/recensement-general-accelerer-le-denombrement-principal-de-la-population#primaryimage"},"thumbnailUrl":"https:\/\/static.africa-press.net\/congo-brazzaville\/sites\/51\/2023\/02\/postQueueImg_1676307533.96.jpg","keywords":["Africa Press","Africa Press-Congo Brazzaville","Congo Brazzaville"],"articleSection":["\u00c9conomie","Toutes les actualit\u00e9s"],"inLanguage":"fr-FR","potentialAction":[{"@type":"CommentAction","name":"Comment","target":["https:\/\/www.africa-press.net\/congo-brazzaville\/economie\/recensement-general-accelerer-le-denombrement-principal-de-la-population#respond"]}]},{"@type":"WebPage","@id":"https:\/\/www.africa-press.net\/congo-brazzaville\/economie\/recensement-general-accelerer-le-denombrement-principal-de-la-population","url":"https:\/\/www.africa-press.net\/congo-brazzaville\/economie\/recensement-general-accelerer-le-denombrement-principal-de-la-population","name":"Recensement g\u00e9n\u00e9ral : acc\u00e9l\u00e9rer le d\u00e9nombrement principal de la population - Congo Brazzaville","isPartOf":{"@id":"https:\/\/www.africa-press.net\/congo-brazzaville\/#website"},"primaryImageOfPage":{"@id":"https:\/\/www.africa-press.net\/congo-brazzaville\/economie\/recensement-general-accelerer-le-denombrement-principal-de-la-population#primaryimage"},"image":{"@id":"https:\/\/www.africa-press.net\/congo-brazzaville\/economie\/recensement-general-accelerer-le-denombrement-principal-de-la-population#primaryimage"},"thumbnailUrl":"https:\/\/static.africa-press.net\/congo-brazzaville\/sites\/51\/2023\/02\/postQueueImg_1676307533.96.jpg","datePublished":"2023-02-13T20:28:49+00:00","dateModified":"2023-02-13T21:12:48+00:00","author":{"@id":"https:\/\/www.africa-press.net\/congo-brazzaville\/#\/schema\/person\/2b1cf3cd81a31e3cd26889ca66d677f1"},"description":"La re\u0301union de la coordination nationale du cinquie\u0300me Recensement ge\u0301ne\u0301ral de la population et de l\u2019habitation (RGP ...","breadcrumb":{"@id":"https:\/\/www.africa-press.net\/congo-brazzaville\/economie\/recensement-general-accelerer-le-denombrement-principal-de-la-population#breadcrumb"},"inLanguage":"fr-FR","potentialAction":[{"@type":"ReadAction","target":["https:\/\/www.africa-press.net\/congo-brazzaville\/economie\/recensement-general-accelerer-le-denombrement-principal-de-la-population"]}]},{"@type":"ImageObject","inLanguage":"fr-FR","@id":"https:\/\/www.africa-press.net\/congo-brazzaville\/economie\/recensement-general-accelerer-le-denombrement-principal-de-la-population#primaryimage","url":"https:\/\/static.africa-press.net\/congo-brazzaville\/sites\/51\/2023\/02\/postQueueImg_1676307533.96.jpg","contentUrl":"https:\/\/static.africa-press.net\/congo-brazzaville\/sites\/51\/2023\/02\/postQueueImg_1676307533.96.jpg","width":829,"height":508,"caption":"Recensement g\u00e9n\u00e9ral : acc\u00e9l\u00e9rer le d\u00e9nombrement principal de la population"},{"@type":"BreadcrumbList","@id":"https:\/\/www.africa-press.net\/congo-brazzaville\/economie\/recensement-general-accelerer-le-denombrement-principal-de-la-population#breadcrumb","itemListElement":[{"@type":"ListItem","position":1,"name":"Accueil","item":"https:\/\/www.africa-press.net\/congo-brazzaville\/"},{"@type":"ListItem","position":2,"name":"Recensement g\u00e9n\u00e9ral : acc\u00e9l\u00e9rer le d\u00e9nombrement principal de la population"}]},{"@type":"WebSite","@id":"https:\/\/www.africa-press.net\/congo-brazzaville\/#website","url":"https:\/\/www.africa-press.net\/congo-brazzaville\/","name":"Congo Brazzaville","description":"Just another Africa News Agency Sites site","potentialAction":[{"@type":"SearchAction","target":{"@type":"EntryPoint","urlTemplate":"https:\/\/www.africa-press.net\/congo-brazzaville\/?s={search_term_string}"},"query-input":{"@type":"PropertyValueSpecification","valueRequired":true,"valueName":"search_term_string"}}],"inLanguage":"fr-FR"},{"@type":"Person","@id":"https:\/\/www.africa-press.net\/congo-brazzaville\/#\/schema\/person\/2b1cf3cd81a31e3cd26889ca66d677f1","name":"cfeditorfr"}]}},"_links":{"self":[{"href":"https:\/\/www.africa-press.net\/congo-brazzaville\/wp-json\/wp\/v2\/posts\/14373","targetHints":{"allow":["GET"]}}],"collection":[{"href":"https:\/\/www.africa-press.net\/congo-brazzaville\/wp-json\/wp\/v2\/posts"}],"about":[{"href":"https:\/\/www.africa-press.net\/congo-brazzaville\/wp-json\/wp\/v2\/types\/post"}],"author":[{"embeddable":true,"href":"https:\/\/www.africa-press.net\/congo-brazzaville\/wp-json\/wp\/v2\/users\/82"}],"replies":[{"embeddable":true,"href":"https:\/\/www.africa-press.net\/congo-brazzaville\/wp-json\/wp\/v2\/comments?post=14373"}],"version-history":[{"count":0,"href":"https:\/\/www.africa-press.net\/congo-brazzaville\/wp-json\/wp\/v2\/posts\/14373\/revisions"}],"wp:featuredmedia":[{"embeddable":true,"href":"https:\/\/www.africa-press.net\/congo-brazzaville\/wp-json\/wp\/v2\/media\/14372"}],"wp:attachment":[{"href":"https:\/\/www.africa-press.net\/congo-brazzaville\/wp-json\/wp\/v2\/media?parent=14373"}],"wp:term":[{"taxonomy":"category","embeddable":true,"href":"https:\/\/www.africa-press.net\/congo-brazzaville\/wp-json\/wp\/v2\/categories?post=14373"},{"taxonomy":"post_tag","embeddable":true,"href":"https:\/\/www.africa-press.net\/congo-brazzaville\/wp-json\/wp\/v2\/tags?post=14373"}],"curies":[{"name":"wp","href":"https:\/\/api.w.org\/{rel}","templated":true}]}}