{"id":14378,"date":"2023-02-13T20:29:52","date_gmt":"2023-02-13T20:29:52","guid":{"rendered":"https:\/\/www.africa-press.net\/congo-brazzaville\/politique\/art-pictural-des-expositions-temporaires-sur-le-bitotisme-attendues-en-afrique-subsaharienne"},"modified":"2023-02-13T21:13:33","modified_gmt":"2023-02-13T21:13:33","slug":"art-pictural-des-expositions-temporaires-sur-le-bitotisme-attendues-en-afrique-subsaharienne","status":"publish","type":"post","link":"https:\/\/www.africa-press.net\/congo-brazzaville\/culture-et-art\/art-pictural-des-expositions-temporaires-sur-le-bitotisme-attendues-en-afrique-subsaharienne","title":{"rendered":"Art pictural :  des expositions temporaires sur le bitotisme attendues en Afrique subsaharienne"},"content":{"rendered":"<p><span style=\"color: #ff6600\"><strong>Africa-Press &#8211; Congo Brazzaville. <\/strong><\/span><b>Les expositions temporaires qu\u2019organisera Ste\u0301phane Konso (artiste peintre plasticien, cre\u0301ateur<\/b> <b>d\u2019un genre pictural original) en Afrique subsaharienne permettront d\u2019introduire, pour la premie\u0300re fois, le bitotisme qui est, sans nul doute, l\u2019invention majeure de la peinture contemporaine dans le continent par un Africain. <\/b><\/p>\n<p>Les expositions temporaires que souhaite faire Ste\u0301phane Konso de sa collection d\u2019\u0153uvres d\u2019arts en Afrique subsaharienne aura pour buts de faire de\u0301couvrir en Afrique subsaharienne son art, son style le \u00ab\u00a0Bitotisme\u00a0\u00bb ; d\u2019introduire l\u2019exposition temporaire en Afrique subsaharienne pour la premie\u0300re fois par un Africain, artiste peintre plasticien et collectionneur d\u2019\u0153uvres d\u2019arts ; de faire de\u0301couvrir, de faire connai\u0302tre et de faire comprendre a\u0300 la jeunesse africaine subsaharienne la place qu\u2019occupe l\u2019art dans les marche\u0301s mondiaux ; d\u2019apprendre a\u0300 cette jeunesse comment donner de soi-me\u0302me les valeurs de co\u0302te des \u0153uvres d\u2019arts africaines ; de lui approcher la connaissance de l\u2019art d\u2019ailleurs ; de l\u2019inciter a\u0300 avoir la passion dans l\u2019art. \u00ab Je cherche un(e) partenaire financier(e\u0300re) pour un partenariat d\u2019affaires, afin de mener les expositions temporaires de ma tre\u0300s belle collection d\u2019\u0153uvres d\u2019arts qui contient ma re\u0301alisation dans mon style pictural le \u00ab\u00a0Bitotisme\u00a0\u00bb et les valeureuses \u0153uvres d\u2019arts des artistes europe\u0301ens du XIXe sie\u0300cle, et du monde. Pour une tourne\u0301e dans toutes les grandes villes des pays d\u2019Afrique subsaharienne. biblbant@yahoo.fr, tel est mon adresse e-mail \u00bb, a-t-il lance\u0301 appel au partenaire.<\/p>\n<p>En cre\u0301ant un style nouveau, Ste\u0301phane Konso a de\u0301veloppe\u0301 une ide\u0301e pe\u0301dago-artistique originale qui renouvelle radicalement l\u2019art-pictural. Son \u0153uvre est un message tout en frai\u0302cheur adresse\u0301 au monde entier. Son nouveau style ne se contente pas de s\u2019inspirer des statuettes, des ge\u0301ome\u0301tries et des masques africains, comme l\u2019ont fait Pablo Picasso et le cubisme. L\u2019artiste pousse la cre\u0301ativite\u0301 plus loin, en insufflant une nouvelle vie, une nouvelle a\u0302me a\u0300 ses statuettes, ge\u0301ome\u0301tries et masques. Le re\u0301sultat est d\u2019une incroyable beaute\u0301, d\u2019une puissance insoupc\u0327onne\u0301e. Son ambition est de provoquer l\u2019he\u0301ritage de valeurs des chefs-d\u2019\u0153uvre de l\u2019art de l\u2019Afrique mille\u0301naire, afin que ceux-ci dialoguent sur des the\u0300mes qui eux sont contemporains. Notons que la collection de Ste\u0301phane Konso est constitue\u0301e des \u0153uvres d\u2019arts de sa propre re\u0301alisation ainsi que celles des artistes europe\u0301ens et du monde du XIXe sie\u0300cle.<\/p>\n<p><b>Un artiste talentueux et ambitieux venu du c\u0153ur de l\u2019Afrique<\/b><\/p>\n<p>Ne\u0301 en Re\u0301publique de\u0301mocratique du Congo (RDC), Ste\u0301phane Kon\u2019sozeyidio-Tshikatuka dit Ste\u0301phane Konso a e\u0301te\u0301 tre\u0300s to\u0302t et pendant de longues anne\u0301es initie\u0301 a\u0300 la culture et a\u0300 l\u2019art par les grands mai\u0302tres congolais. Aupre\u0300s de ceux-ci, il a appris a\u0300 observer la nature, a\u0300 exercer son \u0153il au contact direct avec les cre\u0301ations ancestrales de l\u2019art africain. Apprentissage capital, car nul ne peut exceller en peinture s\u2019il ne sait d\u2019abord voir. Arrive\u0301 en Europe (France), il a continue\u0301 sa formation aupre\u0300s de la technicite\u0301 occidentale. Tout en exerc\u0327ant divers me\u0301tiers, notamment la conception technique et graphique a\u0300 la Chambre de commerce et de l\u2019industrie de Paris, l\u2019e\u0301cole de l\u2019Image \u00ab Les Gobelins \u00bb, la se\u0301rigraphie, la musique.<\/p>\n<p>En 1990, il cre\u0301e \u00ab Bois noir \u00bb, une marque de ve\u0302tements. En 2002, il cre\u0301e \u00ab Bantu Europe \u00bb, une organisation non gouvernementale (ONG) dont le but est d\u2019e\u0301tablir des liens culturels entre l\u2019Europe et le monde bantu. Toujours pre\u0302t a\u0300 venir en aide, Ste\u0301phane Konso a fait des dons financiers aux enfants en difficulte\u0301s de l\u2019association \u00ab Cent familles de Clichy-la-Garenne \u00bb, ville de la banlieue de Paris. Il leur a aussi offert des lots de ve\u0302tements de la marque Bois noir, ainsi que pre\u0300s de deux cents compacts discs de sa re\u0301alisation intitule\u0301e \u00ab Opakalama \u00bb. Il a offert une de ses toiles a\u0300 cette association et un autre a\u0300 la mairie de Villeneuve-la-Garenne. Il a fait aussi des dons de centaines de ses compacts discs a\u0300 la fondation Ho\u0302pitaux de Paris, a\u0300 la fondation Jacques-Chirac. Depuis 1988, il prend en charge la scolarite\u0301 de nombreux enfants en RDC et au Be\u0301nin. Il a fait divers dons a\u0300 plusieurs autres ONG, notamment en faveur du Be\u0301nin et du Mali. Toute l\u2019activite\u0301 du peintre Ste\u0301phane Konso est impre\u0301gne\u0301e de la philosophie suivante qu\u2019il exprime lui-me\u0302me : \u00ab La culture, l\u2019e\u0301change culturel sont un frein a\u0300 la violence. La culture a une place primordiale dans ma vie. Mon e\u0301ducation s\u2019est faite sur ce sche\u0301ma. Mon but a toujours e\u0301te\u0301 de partager avec le plus grand nombre cette philosophie qui fait de moi un homme en paix, une plus grande ouverture d\u2019esprit, un e\u0301change cordial des cultures touchant directement l\u2019homme pour voyager dans ces univers qui sont les miens, en garder de bons souvenirs. J\u2019aimerais que le bitotisme et mes \u0153uvres rassemblent les peuples et les cultures pour un monde meilleur. \u00bb<\/p>\n<p><img loading=\"lazy\" decoding=\"async\" width=\"660\" height=\"800\" class=\"alignnone wp-image-14376 size-full\" src=\"https:\/\/static.africa-press.net\/congo-brazzaville\/sites\/51\/2023\/02\/postMediaimg_57_2-63eaa6cfc848c.jpg\" srcset=\"https:\/\/static.africa-press.net\/congo-brazzaville\/sites\/51\/2023\/02\/postMediaimg_57_2-63eaa6cfc848c.jpg 660w, https:\/\/static.africa-press.net\/congo-brazzaville\/sites\/51\/2023\/02\/postMediaimg_57_2-63eaa6cfc848c-248x300.jpg 248w\" sizes=\"auto, (max-width: 660px) 100vw, 660px\" \/><\/p>\n<p><strong>Pour plus d&rsquo;informations et d&rsquo;analyses sur la <a href=\"https:\/\/www.africa-press.net\/congo-brazzaville\">Congo Brazzaville<\/a>, suivez <a href=\"https:\/\/www.africa-press.net\/\">Africa-Press<\/a><\/strong><\/p>\n","protected":false},"excerpt":{"rendered":"<p>Africa-Press &#8211; Congo Brazzaville. Les expositions temporaires qu\u2019organisera Ste\u0301phane Konso (artiste peintre plasticien, cre\u0301ateur d\u2019un genre pictural original) en Afrique subsaharienne permettront d\u2019introduire, pour la premie\u0300re fois, le bitotisme qui est, sans nul doute, l\u2019invention majeure de la peinture contemporaine dans le continent par un Africain. Les expositions temporaires que souhaite faire Ste\u0301phane Konso de [&hellip;]<\/p>\n","protected":false},"author":82,"featured_media":14377,"comment_status":"open","ping_status":"closed","sticky":false,"template":"","format":"standard","meta":{"footnotes":""},"categories":[5,8,10],"tags":[36,47,46],"class_list":["post-14378","post","type-post","status-publish","format-standard","has-post-thumbnail","hentry","category-culture-et-art","category-photo","category-toutes-les-actualites","tag-africa-press","tag-africa-press-congo-brazzaville","tag-congo-brazzaville"],"yoast_head":"<!-- This site is optimized with the Yoast SEO Premium plugin v26.1 (Yoast SEO v27.0) - https:\/\/yoast.com\/product\/yoast-seo-premium-wordpress\/ -->\n<title>Art pictural : des expositions temporaires sur le bitotisme attendues en Afrique subsaharienne - Congo Brazzaville<\/title>\n<meta name=\"description\" content=\"Les expositions temporaires qu\u2019organisera Ste\u0301phane Konso (artiste peintre plasticien, cre\u0301ateur d\u2019un genre pi ...\" \/>\n<meta name=\"robots\" content=\"index, follow, max-snippet:-1, max-image-preview:large, max-video-preview:-1\" \/>\n<link rel=\"canonical\" href=\"https:\/\/www.africa-press.net\/congo-brazzaville\/culture-et-art\/art-pictural-des-expositions-temporaires-sur-le-bitotisme-attendues-en-afrique-subsaharienne\" \/>\n<meta property=\"og:locale\" content=\"fr_FR\" \/>\n<meta property=\"og:type\" content=\"article\" \/>\n<meta property=\"og:title\" content=\"Art pictural : des expositions temporaires sur le bitotisme attendues en Afrique subsaharienne\" \/>\n<meta property=\"og:description\" content=\"Les expositions temporaires qu\u2019organisera Ste\u0301phane Konso (artiste peintre plasticien, cre\u0301ateur d\u2019un genre pi ...\" \/>\n<meta property=\"og:url\" content=\"https:\/\/www.africa-press.net\/congo-brazzaville\/culture-et-art\/art-pictural-des-expositions-temporaires-sur-le-bitotisme-attendues-en-afrique-subsaharienne\" \/>\n<meta property=\"og:site_name\" content=\"Congo Brazzaville\" \/>\n<meta property=\"article:published_time\" content=\"2023-02-13T20:29:52+00:00\" \/>\n<meta property=\"article:modified_time\" content=\"2023-02-13T21:13:33+00:00\" \/>\n<meta property=\"og:image\" content=\"https:\/\/static.africa-press.net\/congo-brazzaville\/sites\/51\/2023\/02\/postQueueImg_1676307609.82.jpg\" \/>\n\t<meta property=\"og:image:width\" content=\"1280\" \/>\n\t<meta property=\"og:image:height\" content=\"720\" \/>\n\t<meta property=\"og:image:type\" content=\"image\/jpeg\" \/>\n<meta name=\"author\" content=\"cfeditorfr\" \/>\n<meta name=\"twitter:card\" content=\"summary_large_image\" \/>\n<meta name=\"twitter:label1\" content=\"\u00c9crit par\" \/>\n\t<meta name=\"twitter:data1\" content=\"cfeditorfr\" \/>\n\t<meta name=\"twitter:label2\" content=\"Dur\u00e9e de lecture estim\u00e9e\" \/>\n\t<meta name=\"twitter:data2\" content=\"5 minutes\" \/>\n<script type=\"application\/ld+json\" class=\"yoast-schema-graph\">{\"@context\":\"https:\/\/schema.org\",\"@graph\":[{\"@type\":\"Article\",\"@id\":\"https:\/\/www.africa-press.net\/congo-brazzaville\/culture-et-art\/art-pictural-des-expositions-temporaires-sur-le-bitotisme-attendues-en-afrique-subsaharienne#article\",\"isPartOf\":{\"@id\":\"https:\/\/www.africa-press.net\/congo-brazzaville\/culture-et-art\/art-pictural-des-expositions-temporaires-sur-le-bitotisme-attendues-en-afrique-subsaharienne\"},\"author\":{\"name\":\"cfeditorfr\",\"@id\":\"https:\/\/www.africa-press.net\/congo-brazzaville\/#\/schema\/person\/2b1cf3cd81a31e3cd26889ca66d677f1\"},\"headline\":\"Art pictural : des expositions temporaires sur le bitotisme attendues en Afrique subsaharienne\",\"datePublished\":\"2023-02-13T20:29:52+00:00\",\"dateModified\":\"2023-02-13T21:13:33+00:00\",\"mainEntityOfPage\":{\"@id\":\"https:\/\/www.africa-press.net\/congo-brazzaville\/culture-et-art\/art-pictural-des-expositions-temporaires-sur-le-bitotisme-attendues-en-afrique-subsaharienne\"},\"wordCount\":913,\"commentCount\":0,\"image\":{\"@id\":\"https:\/\/www.africa-press.net\/congo-brazzaville\/culture-et-art\/art-pictural-des-expositions-temporaires-sur-le-bitotisme-attendues-en-afrique-subsaharienne#primaryimage\"},\"thumbnailUrl\":\"https:\/\/static.africa-press.net\/congo-brazzaville\/sites\/51\/2023\/02\/postQueueImg_1676307609.82.jpg\",\"keywords\":[\"Africa Press\",\"Africa Press-Congo Brazzaville\",\"Congo Brazzaville\"],\"articleSection\":[\"Culture et Art\",\"Photo\",\"Toutes les actualit\u00e9s\"],\"inLanguage\":\"fr-FR\",\"potentialAction\":[{\"@type\":\"CommentAction\",\"name\":\"Comment\",\"target\":[\"https:\/\/www.africa-press.net\/congo-brazzaville\/culture-et-art\/art-pictural-des-expositions-temporaires-sur-le-bitotisme-attendues-en-afrique-subsaharienne#respond\"]}]},{\"@type\":\"WebPage\",\"@id\":\"https:\/\/www.africa-press.net\/congo-brazzaville\/culture-et-art\/art-pictural-des-expositions-temporaires-sur-le-bitotisme-attendues-en-afrique-subsaharienne\",\"url\":\"https:\/\/www.africa-press.net\/congo-brazzaville\/culture-et-art\/art-pictural-des-expositions-temporaires-sur-le-bitotisme-attendues-en-afrique-subsaharienne\",\"name\":\"Art pictural : des expositions temporaires sur le bitotisme attendues en Afrique subsaharienne - Congo Brazzaville\",\"isPartOf\":{\"@id\":\"https:\/\/www.africa-press.net\/congo-brazzaville\/#website\"},\"primaryImageOfPage\":{\"@id\":\"https:\/\/www.africa-press.net\/congo-brazzaville\/culture-et-art\/art-pictural-des-expositions-temporaires-sur-le-bitotisme-attendues-en-afrique-subsaharienne#primaryimage\"},\"image\":{\"@id\":\"https:\/\/www.africa-press.net\/congo-brazzaville\/culture-et-art\/art-pictural-des-expositions-temporaires-sur-le-bitotisme-attendues-en-afrique-subsaharienne#primaryimage\"},\"thumbnailUrl\":\"https:\/\/static.africa-press.net\/congo-brazzaville\/sites\/51\/2023\/02\/postQueueImg_1676307609.82.jpg\",\"datePublished\":\"2023-02-13T20:29:52+00:00\",\"dateModified\":\"2023-02-13T21:13:33+00:00\",\"author\":{\"@id\":\"https:\/\/www.africa-press.net\/congo-brazzaville\/#\/schema\/person\/2b1cf3cd81a31e3cd26889ca66d677f1\"},\"description\":\"Les expositions temporaires qu\u2019organisera Ste\u0301phane Konso (artiste peintre plasticien, cre\u0301ateur d\u2019un genre pi ...\",\"breadcrumb\":{\"@id\":\"https:\/\/www.africa-press.net\/congo-brazzaville\/culture-et-art\/art-pictural-des-expositions-temporaires-sur-le-bitotisme-attendues-en-afrique-subsaharienne#breadcrumb\"},\"inLanguage\":\"fr-FR\",\"potentialAction\":[{\"@type\":\"ReadAction\",\"target\":[\"https:\/\/www.africa-press.net\/congo-brazzaville\/culture-et-art\/art-pictural-des-expositions-temporaires-sur-le-bitotisme-attendues-en-afrique-subsaharienne\"]}]},{\"@type\":\"ImageObject\",\"inLanguage\":\"fr-FR\",\"@id\":\"https:\/\/www.africa-press.net\/congo-brazzaville\/culture-et-art\/art-pictural-des-expositions-temporaires-sur-le-bitotisme-attendues-en-afrique-subsaharienne#primaryimage\",\"url\":\"https:\/\/static.africa-press.net\/congo-brazzaville\/sites\/51\/2023\/02\/postQueueImg_1676307609.82.jpg\",\"contentUrl\":\"https:\/\/static.africa-press.net\/congo-brazzaville\/sites\/51\/2023\/02\/postQueueImg_1676307609.82.jpg\",\"width\":1280,\"height\":720,\"caption\":\"Art pictural : des expositions temporaires sur le bitotisme attendues en Afrique subsaharienne\"},{\"@type\":\"BreadcrumbList\",\"@id\":\"https:\/\/www.africa-press.net\/congo-brazzaville\/culture-et-art\/art-pictural-des-expositions-temporaires-sur-le-bitotisme-attendues-en-afrique-subsaharienne#breadcrumb\",\"itemListElement\":[{\"@type\":\"ListItem\",\"position\":1,\"name\":\"Accueil\",\"item\":\"https:\/\/www.africa-press.net\/congo-brazzaville\/\"},{\"@type\":\"ListItem\",\"position\":2,\"name\":\"Art pictural : des expositions temporaires sur le bitotisme attendues en Afrique subsaharienne\"}]},{\"@type\":\"WebSite\",\"@id\":\"https:\/\/www.africa-press.net\/congo-brazzaville\/#website\",\"url\":\"https:\/\/www.africa-press.net\/congo-brazzaville\/\",\"name\":\"Congo Brazzaville\",\"description\":\"Just another Africa News Agency Sites site\",\"potentialAction\":[{\"@type\":\"SearchAction\",\"target\":{\"@type\":\"EntryPoint\",\"urlTemplate\":\"https:\/\/www.africa-press.net\/congo-brazzaville\/?s={search_term_string}\"},\"query-input\":{\"@type\":\"PropertyValueSpecification\",\"valueRequired\":true,\"valueName\":\"search_term_string\"}}],\"inLanguage\":\"fr-FR\"},{\"@type\":\"Person\",\"@id\":\"https:\/\/www.africa-press.net\/congo-brazzaville\/#\/schema\/person\/2b1cf3cd81a31e3cd26889ca66d677f1\",\"name\":\"cfeditorfr\"}]}<\/script>\n<!-- \/ Yoast SEO Premium plugin. -->","yoast_head_json":{"title":"Art pictural : des expositions temporaires sur le bitotisme attendues en Afrique subsaharienne - Congo Brazzaville","description":"Les expositions temporaires qu\u2019organisera Ste\u0301phane Konso (artiste peintre plasticien, cre\u0301ateur d\u2019un genre pi ...","robots":{"index":"index","follow":"follow","max-snippet":"max-snippet:-1","max-image-preview":"max-image-preview:large","max-video-preview":"max-video-preview:-1"},"canonical":"https:\/\/www.africa-press.net\/congo-brazzaville\/culture-et-art\/art-pictural-des-expositions-temporaires-sur-le-bitotisme-attendues-en-afrique-subsaharienne","og_locale":"fr_FR","og_type":"article","og_title":"Art pictural : des expositions temporaires sur le bitotisme attendues en Afrique subsaharienne","og_description":"Les expositions temporaires qu\u2019organisera Ste\u0301phane Konso (artiste peintre plasticien, cre\u0301ateur d\u2019un genre pi ...","og_url":"https:\/\/www.africa-press.net\/congo-brazzaville\/culture-et-art\/art-pictural-des-expositions-temporaires-sur-le-bitotisme-attendues-en-afrique-subsaharienne","og_site_name":"Congo Brazzaville","article_published_time":"2023-02-13T20:29:52+00:00","article_modified_time":"2023-02-13T21:13:33+00:00","og_image":[{"width":1280,"height":720,"url":"https:\/\/static.africa-press.net\/congo-brazzaville\/sites\/51\/2023\/02\/postQueueImg_1676307609.82.jpg","type":"image\/jpeg"}],"author":"cfeditorfr","twitter_card":"summary_large_image","twitter_misc":{"\u00c9crit par":"cfeditorfr","Dur\u00e9e de lecture estim\u00e9e":"5 minutes"},"schema":{"@context":"https:\/\/schema.org","@graph":[{"@type":"Article","@id":"https:\/\/www.africa-press.net\/congo-brazzaville\/culture-et-art\/art-pictural-des-expositions-temporaires-sur-le-bitotisme-attendues-en-afrique-subsaharienne#article","isPartOf":{"@id":"https:\/\/www.africa-press.net\/congo-brazzaville\/culture-et-art\/art-pictural-des-expositions-temporaires-sur-le-bitotisme-attendues-en-afrique-subsaharienne"},"author":{"name":"cfeditorfr","@id":"https:\/\/www.africa-press.net\/congo-brazzaville\/#\/schema\/person\/2b1cf3cd81a31e3cd26889ca66d677f1"},"headline":"Art pictural : des expositions temporaires sur le bitotisme attendues en Afrique subsaharienne","datePublished":"2023-02-13T20:29:52+00:00","dateModified":"2023-02-13T21:13:33+00:00","mainEntityOfPage":{"@id":"https:\/\/www.africa-press.net\/congo-brazzaville\/culture-et-art\/art-pictural-des-expositions-temporaires-sur-le-bitotisme-attendues-en-afrique-subsaharienne"},"wordCount":913,"commentCount":0,"image":{"@id":"https:\/\/www.africa-press.net\/congo-brazzaville\/culture-et-art\/art-pictural-des-expositions-temporaires-sur-le-bitotisme-attendues-en-afrique-subsaharienne#primaryimage"},"thumbnailUrl":"https:\/\/static.africa-press.net\/congo-brazzaville\/sites\/51\/2023\/02\/postQueueImg_1676307609.82.jpg","keywords":["Africa Press","Africa Press-Congo Brazzaville","Congo Brazzaville"],"articleSection":["Culture et Art","Photo","Toutes les actualit\u00e9s"],"inLanguage":"fr-FR","potentialAction":[{"@type":"CommentAction","name":"Comment","target":["https:\/\/www.africa-press.net\/congo-brazzaville\/culture-et-art\/art-pictural-des-expositions-temporaires-sur-le-bitotisme-attendues-en-afrique-subsaharienne#respond"]}]},{"@type":"WebPage","@id":"https:\/\/www.africa-press.net\/congo-brazzaville\/culture-et-art\/art-pictural-des-expositions-temporaires-sur-le-bitotisme-attendues-en-afrique-subsaharienne","url":"https:\/\/www.africa-press.net\/congo-brazzaville\/culture-et-art\/art-pictural-des-expositions-temporaires-sur-le-bitotisme-attendues-en-afrique-subsaharienne","name":"Art pictural : des expositions temporaires sur le bitotisme attendues en Afrique subsaharienne - Congo Brazzaville","isPartOf":{"@id":"https:\/\/www.africa-press.net\/congo-brazzaville\/#website"},"primaryImageOfPage":{"@id":"https:\/\/www.africa-press.net\/congo-brazzaville\/culture-et-art\/art-pictural-des-expositions-temporaires-sur-le-bitotisme-attendues-en-afrique-subsaharienne#primaryimage"},"image":{"@id":"https:\/\/www.africa-press.net\/congo-brazzaville\/culture-et-art\/art-pictural-des-expositions-temporaires-sur-le-bitotisme-attendues-en-afrique-subsaharienne#primaryimage"},"thumbnailUrl":"https:\/\/static.africa-press.net\/congo-brazzaville\/sites\/51\/2023\/02\/postQueueImg_1676307609.82.jpg","datePublished":"2023-02-13T20:29:52+00:00","dateModified":"2023-02-13T21:13:33+00:00","author":{"@id":"https:\/\/www.africa-press.net\/congo-brazzaville\/#\/schema\/person\/2b1cf3cd81a31e3cd26889ca66d677f1"},"description":"Les expositions temporaires qu\u2019organisera Ste\u0301phane Konso (artiste peintre plasticien, cre\u0301ateur d\u2019un genre pi ...","breadcrumb":{"@id":"https:\/\/www.africa-press.net\/congo-brazzaville\/culture-et-art\/art-pictural-des-expositions-temporaires-sur-le-bitotisme-attendues-en-afrique-subsaharienne#breadcrumb"},"inLanguage":"fr-FR","potentialAction":[{"@type":"ReadAction","target":["https:\/\/www.africa-press.net\/congo-brazzaville\/culture-et-art\/art-pictural-des-expositions-temporaires-sur-le-bitotisme-attendues-en-afrique-subsaharienne"]}]},{"@type":"ImageObject","inLanguage":"fr-FR","@id":"https:\/\/www.africa-press.net\/congo-brazzaville\/culture-et-art\/art-pictural-des-expositions-temporaires-sur-le-bitotisme-attendues-en-afrique-subsaharienne#primaryimage","url":"https:\/\/static.africa-press.net\/congo-brazzaville\/sites\/51\/2023\/02\/postQueueImg_1676307609.82.jpg","contentUrl":"https:\/\/static.africa-press.net\/congo-brazzaville\/sites\/51\/2023\/02\/postQueueImg_1676307609.82.jpg","width":1280,"height":720,"caption":"Art pictural : des expositions temporaires sur le bitotisme attendues en Afrique subsaharienne"},{"@type":"BreadcrumbList","@id":"https:\/\/www.africa-press.net\/congo-brazzaville\/culture-et-art\/art-pictural-des-expositions-temporaires-sur-le-bitotisme-attendues-en-afrique-subsaharienne#breadcrumb","itemListElement":[{"@type":"ListItem","position":1,"name":"Accueil","item":"https:\/\/www.africa-press.net\/congo-brazzaville\/"},{"@type":"ListItem","position":2,"name":"Art pictural : des expositions temporaires sur le bitotisme attendues en Afrique subsaharienne"}]},{"@type":"WebSite","@id":"https:\/\/www.africa-press.net\/congo-brazzaville\/#website","url":"https:\/\/www.africa-press.net\/congo-brazzaville\/","name":"Congo Brazzaville","description":"Just another Africa News Agency Sites site","potentialAction":[{"@type":"SearchAction","target":{"@type":"EntryPoint","urlTemplate":"https:\/\/www.africa-press.net\/congo-brazzaville\/?s={search_term_string}"},"query-input":{"@type":"PropertyValueSpecification","valueRequired":true,"valueName":"search_term_string"}}],"inLanguage":"fr-FR"},{"@type":"Person","@id":"https:\/\/www.africa-press.net\/congo-brazzaville\/#\/schema\/person\/2b1cf3cd81a31e3cd26889ca66d677f1","name":"cfeditorfr"}]}},"_links":{"self":[{"href":"https:\/\/www.africa-press.net\/congo-brazzaville\/wp-json\/wp\/v2\/posts\/14378","targetHints":{"allow":["GET"]}}],"collection":[{"href":"https:\/\/www.africa-press.net\/congo-brazzaville\/wp-json\/wp\/v2\/posts"}],"about":[{"href":"https:\/\/www.africa-press.net\/congo-brazzaville\/wp-json\/wp\/v2\/types\/post"}],"author":[{"embeddable":true,"href":"https:\/\/www.africa-press.net\/congo-brazzaville\/wp-json\/wp\/v2\/users\/82"}],"replies":[{"embeddable":true,"href":"https:\/\/www.africa-press.net\/congo-brazzaville\/wp-json\/wp\/v2\/comments?post=14378"}],"version-history":[{"count":0,"href":"https:\/\/www.africa-press.net\/congo-brazzaville\/wp-json\/wp\/v2\/posts\/14378\/revisions"}],"wp:featuredmedia":[{"embeddable":true,"href":"https:\/\/www.africa-press.net\/congo-brazzaville\/wp-json\/wp\/v2\/media\/14377"}],"wp:attachment":[{"href":"https:\/\/www.africa-press.net\/congo-brazzaville\/wp-json\/wp\/v2\/media?parent=14378"}],"wp:term":[{"taxonomy":"category","embeddable":true,"href":"https:\/\/www.africa-press.net\/congo-brazzaville\/wp-json\/wp\/v2\/categories?post=14378"},{"taxonomy":"post_tag","embeddable":true,"href":"https:\/\/www.africa-press.net\/congo-brazzaville\/wp-json\/wp\/v2\/tags?post=14378"}],"curies":[{"name":"wp","href":"https:\/\/api.w.org\/{rel}","templated":true}]}}