{"id":14380,"date":"2023-02-13T20:30:14","date_gmt":"2023-02-13T20:30:14","guid":{"rendered":"https:\/\/www.africa-press.net\/congo-brazzaville\/politique\/conte-kayro-en-tournee-a-marseille"},"modified":"2023-02-13T21:13:49","modified_gmt":"2023-02-13T21:13:49","slug":"conte-kayro-en-tournee-a-marseille","status":"publish","type":"post","link":"https:\/\/www.africa-press.net\/congo-brazzaville\/culture-et-art\/conte-kayro-en-tournee-a-marseille","title":{"rendered":"Conte : Kayro en tourn\u00e9e \u00e0 Marseille"},"content":{"rendered":"<p><span style=\"color: #ff6600\"><strong>Africa-Press &#8211; Congo Brazzaville. <\/strong><\/span><b>Du 22 au 25 fe\u0301vrier, le conteur Kayro va jouer au The\u0301a\u0302tre des Chartreux a\u0300 Marseille, en France, le spectacle \u00ab\u00a0Les animaux en folie\u00a0\u00bb, qui embarquera<\/b> <b>le public dans un safari conte\u0301 autour du re\u0300gne animal en perpe\u0301tuelle effervescence dans une jungle toujours agite\u0301e.<\/b><\/p>\n<p>La sanza Bantu re\u0301veille les ge\u0301nies de la savane, les maracas font danser les animaux du fleuve, la mandole de\u0301fie les oiseaux. Un voyage jaillissant des sources de l\u2019Afrique qui e\u0301moustille les oreilles des petits et des grands&#8230; Un maigre lion boulimique, un singe hyper-actif, un porc-e\u0301pic nerveux, un hippopotame nai\u0308f et bien d\u2019autres fois pour mieux comprendre les animaux du monde.<\/p>\n<p>Come\u0301dien, conteur, slameur, musicien, compositeur, Roland Kaya dit Kayro est un artiste au registre complet qui se\u0300me la joie et la gaiete\u0301 lors de ses prestations sce\u0301niques. Guitare en mains, il conte a\u0300 la manie\u0300re des grands tribuns de nague\u0300re. Aux sons de sa sanza, il transporte le public dans les pittoresques fore\u0302ts et savanes africaines ainsi que d\u2019ailleurs. Excellent musicien, il a e\u0301galement e\u0301volue\u0301 dans le groupe de hip-hop Le\u0301gitime brigade avant d\u2019embrasser le the\u0301a\u0302tre pour assouvir sa passion des arts sce\u0300niques.<\/p>\n<p>C\u2019est en 1996 que Kayro a fait ses premiers pas au the\u0301a\u0302tre dans la troupe the\u0301a\u0302trale E2 Enfant de l&rsquo;Ennui aux co\u0302te\u0301s de Marcel Mankita Wasta, Nestor Mabiala, Abdon Fortune\u0301 Koumbha, Julien Mabiala Bissila, Jean Jules Koukou. Quand surviennent les e\u0301ve\u0301nements politico-militaires de 1997, il vient a\u0300 Pointe-Noire et inte\u0300gre la compagnie de conte Africa Graffitis en 1999 que venait de cre\u0301er les fre\u0300res Mabiala: Nestor et Jorus. Tous les trois ont participe\u0301 a\u0300 plusieurs e\u0301ve\u0301nements culturels au pays et en Afrique.<\/p>\n<p>Avec le collectif Styl\u2019Oblique Pointe-Noire, Kayro a vulgarise\u0301 le slam. Il a e\u0301crit ses premie\u0300res lettres de noblesse en 2007, 2008, 2009. La tourne\u0301e de Libreville, en compagnie de dix-huit slameurs venus de six pays, est le couronnement de la vitalite\u0301 du slam congolais dont il est l&rsquo;un des fleurons. De cette rencontre d&rsquo;artistes sortira l\u2019album \u00ab\u00a0Slamophobie\u00a0\u00bb.<\/p>\n<p>Apre\u0300s sa tourne\u0301e franc\u0327aise dite Fiesta Bantu en 2010 avec la compagnie de conte Africa Graffitis, Kayro gagne en maturite\u0301 et son art s\u2019est professionnalise\u0301 davantage. Deux ans plus tard, il y retourne pour s\u2019y e\u0301tablir et faire partager sa passion du conte aux adultes et enfants vivant dans l\u2019hexagone.<\/p>\n<p><strong>Pour plus d&rsquo;informations et d&rsquo;analyses sur la <a href=\"https:\/\/www.africa-press.net\/congo-brazzaville\">Congo Brazzaville<\/a>, suivez <a href=\"https:\/\/www.africa-press.net\/\">Africa-Press<\/a><\/strong><\/p>\n","protected":false},"excerpt":{"rendered":"<p>Africa-Press &#8211; Congo Brazzaville. Du 22 au 25 fe\u0301vrier, le conteur Kayro va jouer au The\u0301a\u0302tre des Chartreux a\u0300 Marseille, en France, le spectacle \u00ab\u00a0Les animaux en folie\u00a0\u00bb, qui embarquera le public dans un safari conte\u0301 autour du re\u0300gne animal en perpe\u0301tuelle effervescence dans une jungle toujours agite\u0301e. La sanza Bantu re\u0301veille les ge\u0301nies de [&hellip;]<\/p>\n","protected":false},"author":82,"featured_media":14379,"comment_status":"open","ping_status":"closed","sticky":false,"template":"","format":"standard","meta":{"footnotes":""},"categories":[5,10],"tags":[36,47,46],"class_list":["post-14380","post","type-post","status-publish","format-standard","has-post-thumbnail","hentry","category-culture-et-art","category-toutes-les-actualites","tag-africa-press","tag-africa-press-congo-brazzaville","tag-congo-brazzaville"],"yoast_head":"<!-- This site is optimized with the Yoast SEO Premium plugin v26.1 (Yoast SEO v27.0) - https:\/\/yoast.com\/product\/yoast-seo-premium-wordpress\/ -->\n<title>Conte : Kayro en tourn\u00e9e \u00e0 Marseille - Congo Brazzaville<\/title>\n<meta name=\"description\" content=\"Du 22 au 25 fe\u0301vrier, le conteur Kayro va jouer au The\u0301a\u0302tre des Chartreux a\u0300 Marseille, en France, le spectacle &quot;Les ...\" \/>\n<meta name=\"robots\" content=\"index, follow, max-snippet:-1, max-image-preview:large, max-video-preview:-1\" \/>\n<link rel=\"canonical\" href=\"https:\/\/www.africa-press.net\/congo-brazzaville\/culture-et-art\/conte-kayro-en-tournee-a-marseille\" \/>\n<meta property=\"og:locale\" content=\"fr_FR\" \/>\n<meta property=\"og:type\" content=\"article\" \/>\n<meta property=\"og:title\" content=\"Conte : Kayro en tourn\u00e9e \u00e0 Marseille\" \/>\n<meta property=\"og:description\" content=\"Du 22 au 25 fe\u0301vrier, le conteur Kayro va jouer au The\u0301a\u0302tre des Chartreux a\u0300 Marseille, en France, le spectacle &quot;Les ...\" \/>\n<meta property=\"og:url\" content=\"https:\/\/www.africa-press.net\/congo-brazzaville\/culture-et-art\/conte-kayro-en-tournee-a-marseille\" \/>\n<meta property=\"og:site_name\" content=\"Congo Brazzaville\" \/>\n<meta property=\"article:published_time\" content=\"2023-02-13T20:30:14+00:00\" \/>\n<meta property=\"article:modified_time\" content=\"2023-02-13T21:13:49+00:00\" \/>\n<meta property=\"og:image\" content=\"https:\/\/static.africa-press.net\/congo-brazzaville\/sites\/51\/2023\/02\/postQueueImg_1676307623.11.jpg\" \/>\n\t<meta property=\"og:image:width\" content=\"1280\" \/>\n\t<meta property=\"og:image:height\" content=\"720\" \/>\n\t<meta property=\"og:image:type\" content=\"image\/jpeg\" \/>\n<meta name=\"author\" content=\"cfeditorfr\" \/>\n<meta name=\"twitter:card\" content=\"summary_large_image\" \/>\n<meta name=\"twitter:label1\" content=\"\u00c9crit par\" \/>\n\t<meta name=\"twitter:data1\" content=\"cfeditorfr\" \/>\n\t<meta name=\"twitter:label2\" content=\"Dur\u00e9e de lecture estim\u00e9e\" \/>\n\t<meta name=\"twitter:data2\" content=\"3 minutes\" \/>\n<script type=\"application\/ld+json\" class=\"yoast-schema-graph\">{\"@context\":\"https:\/\/schema.org\",\"@graph\":[{\"@type\":\"Article\",\"@id\":\"https:\/\/www.africa-press.net\/congo-brazzaville\/culture-et-art\/conte-kayro-en-tournee-a-marseille#article\",\"isPartOf\":{\"@id\":\"https:\/\/www.africa-press.net\/congo-brazzaville\/culture-et-art\/conte-kayro-en-tournee-a-marseille\"},\"author\":{\"name\":\"cfeditorfr\",\"@id\":\"https:\/\/www.africa-press.net\/congo-brazzaville\/#\/schema\/person\/2b1cf3cd81a31e3cd26889ca66d677f1\"},\"headline\":\"Conte : Kayro en tourn\u00e9e \u00e0 Marseille\",\"datePublished\":\"2023-02-13T20:30:14+00:00\",\"dateModified\":\"2023-02-13T21:13:49+00:00\",\"mainEntityOfPage\":{\"@id\":\"https:\/\/www.africa-press.net\/congo-brazzaville\/culture-et-art\/conte-kayro-en-tournee-a-marseille\"},\"wordCount\":449,\"commentCount\":0,\"image\":{\"@id\":\"https:\/\/www.africa-press.net\/congo-brazzaville\/culture-et-art\/conte-kayro-en-tournee-a-marseille#primaryimage\"},\"thumbnailUrl\":\"https:\/\/static.africa-press.net\/congo-brazzaville\/sites\/51\/2023\/02\/postQueueImg_1676307623.11.jpg\",\"keywords\":[\"Africa Press\",\"Africa Press-Congo Brazzaville\",\"Congo Brazzaville\"],\"articleSection\":[\"Culture et Art\",\"Toutes les actualit\u00e9s\"],\"inLanguage\":\"fr-FR\",\"potentialAction\":[{\"@type\":\"CommentAction\",\"name\":\"Comment\",\"target\":[\"https:\/\/www.africa-press.net\/congo-brazzaville\/culture-et-art\/conte-kayro-en-tournee-a-marseille#respond\"]}]},{\"@type\":\"WebPage\",\"@id\":\"https:\/\/www.africa-press.net\/congo-brazzaville\/culture-et-art\/conte-kayro-en-tournee-a-marseille\",\"url\":\"https:\/\/www.africa-press.net\/congo-brazzaville\/culture-et-art\/conte-kayro-en-tournee-a-marseille\",\"name\":\"Conte : Kayro en tourn\u00e9e \u00e0 Marseille - Congo Brazzaville\",\"isPartOf\":{\"@id\":\"https:\/\/www.africa-press.net\/congo-brazzaville\/#website\"},\"primaryImageOfPage\":{\"@id\":\"https:\/\/www.africa-press.net\/congo-brazzaville\/culture-et-art\/conte-kayro-en-tournee-a-marseille#primaryimage\"},\"image\":{\"@id\":\"https:\/\/www.africa-press.net\/congo-brazzaville\/culture-et-art\/conte-kayro-en-tournee-a-marseille#primaryimage\"},\"thumbnailUrl\":\"https:\/\/static.africa-press.net\/congo-brazzaville\/sites\/51\/2023\/02\/postQueueImg_1676307623.11.jpg\",\"datePublished\":\"2023-02-13T20:30:14+00:00\",\"dateModified\":\"2023-02-13T21:13:49+00:00\",\"author\":{\"@id\":\"https:\/\/www.africa-press.net\/congo-brazzaville\/#\/schema\/person\/2b1cf3cd81a31e3cd26889ca66d677f1\"},\"description\":\"Du 22 au 25 fe\u0301vrier, le conteur Kayro va jouer au The\u0301a\u0302tre des Chartreux a\u0300 Marseille, en France, le spectacle \\\"Les ...\",\"breadcrumb\":{\"@id\":\"https:\/\/www.africa-press.net\/congo-brazzaville\/culture-et-art\/conte-kayro-en-tournee-a-marseille#breadcrumb\"},\"inLanguage\":\"fr-FR\",\"potentialAction\":[{\"@type\":\"ReadAction\",\"target\":[\"https:\/\/www.africa-press.net\/congo-brazzaville\/culture-et-art\/conte-kayro-en-tournee-a-marseille\"]}]},{\"@type\":\"ImageObject\",\"inLanguage\":\"fr-FR\",\"@id\":\"https:\/\/www.africa-press.net\/congo-brazzaville\/culture-et-art\/conte-kayro-en-tournee-a-marseille#primaryimage\",\"url\":\"https:\/\/static.africa-press.net\/congo-brazzaville\/sites\/51\/2023\/02\/postQueueImg_1676307623.11.jpg\",\"contentUrl\":\"https:\/\/static.africa-press.net\/congo-brazzaville\/sites\/51\/2023\/02\/postQueueImg_1676307623.11.jpg\",\"width\":1280,\"height\":720,\"caption\":\"Conte : Kayro en tourn\u00e9e \u00e0 Marseille\"},{\"@type\":\"BreadcrumbList\",\"@id\":\"https:\/\/www.africa-press.net\/congo-brazzaville\/culture-et-art\/conte-kayro-en-tournee-a-marseille#breadcrumb\",\"itemListElement\":[{\"@type\":\"ListItem\",\"position\":1,\"name\":\"Accueil\",\"item\":\"https:\/\/www.africa-press.net\/congo-brazzaville\/\"},{\"@type\":\"ListItem\",\"position\":2,\"name\":\"Conte : Kayro en tourn\u00e9e \u00e0 Marseille\"}]},{\"@type\":\"WebSite\",\"@id\":\"https:\/\/www.africa-press.net\/congo-brazzaville\/#website\",\"url\":\"https:\/\/www.africa-press.net\/congo-brazzaville\/\",\"name\":\"Congo Brazzaville\",\"description\":\"Just another Africa News Agency Sites site\",\"potentialAction\":[{\"@type\":\"SearchAction\",\"target\":{\"@type\":\"EntryPoint\",\"urlTemplate\":\"https:\/\/www.africa-press.net\/congo-brazzaville\/?s={search_term_string}\"},\"query-input\":{\"@type\":\"PropertyValueSpecification\",\"valueRequired\":true,\"valueName\":\"search_term_string\"}}],\"inLanguage\":\"fr-FR\"},{\"@type\":\"Person\",\"@id\":\"https:\/\/www.africa-press.net\/congo-brazzaville\/#\/schema\/person\/2b1cf3cd81a31e3cd26889ca66d677f1\",\"name\":\"cfeditorfr\"}]}<\/script>\n<!-- \/ Yoast SEO Premium plugin. -->","yoast_head_json":{"title":"Conte : Kayro en tourn\u00e9e \u00e0 Marseille - Congo Brazzaville","description":"Du 22 au 25 fe\u0301vrier, le conteur Kayro va jouer au The\u0301a\u0302tre des Chartreux a\u0300 Marseille, en France, le spectacle \"Les ...","robots":{"index":"index","follow":"follow","max-snippet":"max-snippet:-1","max-image-preview":"max-image-preview:large","max-video-preview":"max-video-preview:-1"},"canonical":"https:\/\/www.africa-press.net\/congo-brazzaville\/culture-et-art\/conte-kayro-en-tournee-a-marseille","og_locale":"fr_FR","og_type":"article","og_title":"Conte : Kayro en tourn\u00e9e \u00e0 Marseille","og_description":"Du 22 au 25 fe\u0301vrier, le conteur Kayro va jouer au The\u0301a\u0302tre des Chartreux a\u0300 Marseille, en France, le spectacle \"Les ...","og_url":"https:\/\/www.africa-press.net\/congo-brazzaville\/culture-et-art\/conte-kayro-en-tournee-a-marseille","og_site_name":"Congo Brazzaville","article_published_time":"2023-02-13T20:30:14+00:00","article_modified_time":"2023-02-13T21:13:49+00:00","og_image":[{"width":1280,"height":720,"url":"https:\/\/static.africa-press.net\/congo-brazzaville\/sites\/51\/2023\/02\/postQueueImg_1676307623.11.jpg","type":"image\/jpeg"}],"author":"cfeditorfr","twitter_card":"summary_large_image","twitter_misc":{"\u00c9crit par":"cfeditorfr","Dur\u00e9e de lecture estim\u00e9e":"3 minutes"},"schema":{"@context":"https:\/\/schema.org","@graph":[{"@type":"Article","@id":"https:\/\/www.africa-press.net\/congo-brazzaville\/culture-et-art\/conte-kayro-en-tournee-a-marseille#article","isPartOf":{"@id":"https:\/\/www.africa-press.net\/congo-brazzaville\/culture-et-art\/conte-kayro-en-tournee-a-marseille"},"author":{"name":"cfeditorfr","@id":"https:\/\/www.africa-press.net\/congo-brazzaville\/#\/schema\/person\/2b1cf3cd81a31e3cd26889ca66d677f1"},"headline":"Conte : Kayro en tourn\u00e9e \u00e0 Marseille","datePublished":"2023-02-13T20:30:14+00:00","dateModified":"2023-02-13T21:13:49+00:00","mainEntityOfPage":{"@id":"https:\/\/www.africa-press.net\/congo-brazzaville\/culture-et-art\/conte-kayro-en-tournee-a-marseille"},"wordCount":449,"commentCount":0,"image":{"@id":"https:\/\/www.africa-press.net\/congo-brazzaville\/culture-et-art\/conte-kayro-en-tournee-a-marseille#primaryimage"},"thumbnailUrl":"https:\/\/static.africa-press.net\/congo-brazzaville\/sites\/51\/2023\/02\/postQueueImg_1676307623.11.jpg","keywords":["Africa Press","Africa Press-Congo Brazzaville","Congo Brazzaville"],"articleSection":["Culture et Art","Toutes les actualit\u00e9s"],"inLanguage":"fr-FR","potentialAction":[{"@type":"CommentAction","name":"Comment","target":["https:\/\/www.africa-press.net\/congo-brazzaville\/culture-et-art\/conte-kayro-en-tournee-a-marseille#respond"]}]},{"@type":"WebPage","@id":"https:\/\/www.africa-press.net\/congo-brazzaville\/culture-et-art\/conte-kayro-en-tournee-a-marseille","url":"https:\/\/www.africa-press.net\/congo-brazzaville\/culture-et-art\/conte-kayro-en-tournee-a-marseille","name":"Conte : Kayro en tourn\u00e9e \u00e0 Marseille - Congo Brazzaville","isPartOf":{"@id":"https:\/\/www.africa-press.net\/congo-brazzaville\/#website"},"primaryImageOfPage":{"@id":"https:\/\/www.africa-press.net\/congo-brazzaville\/culture-et-art\/conte-kayro-en-tournee-a-marseille#primaryimage"},"image":{"@id":"https:\/\/www.africa-press.net\/congo-brazzaville\/culture-et-art\/conte-kayro-en-tournee-a-marseille#primaryimage"},"thumbnailUrl":"https:\/\/static.africa-press.net\/congo-brazzaville\/sites\/51\/2023\/02\/postQueueImg_1676307623.11.jpg","datePublished":"2023-02-13T20:30:14+00:00","dateModified":"2023-02-13T21:13:49+00:00","author":{"@id":"https:\/\/www.africa-press.net\/congo-brazzaville\/#\/schema\/person\/2b1cf3cd81a31e3cd26889ca66d677f1"},"description":"Du 22 au 25 fe\u0301vrier, le conteur Kayro va jouer au The\u0301a\u0302tre des Chartreux a\u0300 Marseille, en France, le spectacle \"Les ...","breadcrumb":{"@id":"https:\/\/www.africa-press.net\/congo-brazzaville\/culture-et-art\/conte-kayro-en-tournee-a-marseille#breadcrumb"},"inLanguage":"fr-FR","potentialAction":[{"@type":"ReadAction","target":["https:\/\/www.africa-press.net\/congo-brazzaville\/culture-et-art\/conte-kayro-en-tournee-a-marseille"]}]},{"@type":"ImageObject","inLanguage":"fr-FR","@id":"https:\/\/www.africa-press.net\/congo-brazzaville\/culture-et-art\/conte-kayro-en-tournee-a-marseille#primaryimage","url":"https:\/\/static.africa-press.net\/congo-brazzaville\/sites\/51\/2023\/02\/postQueueImg_1676307623.11.jpg","contentUrl":"https:\/\/static.africa-press.net\/congo-brazzaville\/sites\/51\/2023\/02\/postQueueImg_1676307623.11.jpg","width":1280,"height":720,"caption":"Conte : Kayro en tourn\u00e9e \u00e0 Marseille"},{"@type":"BreadcrumbList","@id":"https:\/\/www.africa-press.net\/congo-brazzaville\/culture-et-art\/conte-kayro-en-tournee-a-marseille#breadcrumb","itemListElement":[{"@type":"ListItem","position":1,"name":"Accueil","item":"https:\/\/www.africa-press.net\/congo-brazzaville\/"},{"@type":"ListItem","position":2,"name":"Conte : Kayro en tourn\u00e9e \u00e0 Marseille"}]},{"@type":"WebSite","@id":"https:\/\/www.africa-press.net\/congo-brazzaville\/#website","url":"https:\/\/www.africa-press.net\/congo-brazzaville\/","name":"Congo Brazzaville","description":"Just another Africa News Agency Sites site","potentialAction":[{"@type":"SearchAction","target":{"@type":"EntryPoint","urlTemplate":"https:\/\/www.africa-press.net\/congo-brazzaville\/?s={search_term_string}"},"query-input":{"@type":"PropertyValueSpecification","valueRequired":true,"valueName":"search_term_string"}}],"inLanguage":"fr-FR"},{"@type":"Person","@id":"https:\/\/www.africa-press.net\/congo-brazzaville\/#\/schema\/person\/2b1cf3cd81a31e3cd26889ca66d677f1","name":"cfeditorfr"}]}},"_links":{"self":[{"href":"https:\/\/www.africa-press.net\/congo-brazzaville\/wp-json\/wp\/v2\/posts\/14380","targetHints":{"allow":["GET"]}}],"collection":[{"href":"https:\/\/www.africa-press.net\/congo-brazzaville\/wp-json\/wp\/v2\/posts"}],"about":[{"href":"https:\/\/www.africa-press.net\/congo-brazzaville\/wp-json\/wp\/v2\/types\/post"}],"author":[{"embeddable":true,"href":"https:\/\/www.africa-press.net\/congo-brazzaville\/wp-json\/wp\/v2\/users\/82"}],"replies":[{"embeddable":true,"href":"https:\/\/www.africa-press.net\/congo-brazzaville\/wp-json\/wp\/v2\/comments?post=14380"}],"version-history":[{"count":0,"href":"https:\/\/www.africa-press.net\/congo-brazzaville\/wp-json\/wp\/v2\/posts\/14380\/revisions"}],"wp:featuredmedia":[{"embeddable":true,"href":"https:\/\/www.africa-press.net\/congo-brazzaville\/wp-json\/wp\/v2\/media\/14379"}],"wp:attachment":[{"href":"https:\/\/www.africa-press.net\/congo-brazzaville\/wp-json\/wp\/v2\/media?parent=14380"}],"wp:term":[{"taxonomy":"category","embeddable":true,"href":"https:\/\/www.africa-press.net\/congo-brazzaville\/wp-json\/wp\/v2\/categories?post=14380"},{"taxonomy":"post_tag","embeddable":true,"href":"https:\/\/www.africa-press.net\/congo-brazzaville\/wp-json\/wp\/v2\/tags?post=14380"}],"curies":[{"name":"wp","href":"https:\/\/api.w.org\/{rel}","templated":true}]}}