{"id":14405,"date":"2023-02-14T18:01:04","date_gmt":"2023-02-14T18:01:04","guid":{"rendered":"https:\/\/www.africa-press.net\/congo-brazzaville\/politique\/fecofoot-la-double-confrontation-congo-soudan-du-sud-au-menu-des-echanges"},"modified":"2023-02-15T02:17:59","modified_gmt":"2023-02-15T02:17:59","slug":"fecofoot-la-double-confrontation-congo-soudan-du-sud-au-menu-des-echanges","status":"publish","type":"post","link":"https:\/\/www.africa-press.net\/congo-brazzaville\/economie\/fecofoot-la-double-confrontation-congo-soudan-du-sud-au-menu-des-echanges","title":{"rendered":"F\u00e9cofoot:  la double confrontation  Congo-Soudan du Sud au menu des \u00e9changes"},"content":{"rendered":"<p><span style=\"color: #ff6600\"><strong>Africa-Press &#8211; Congo Brazzaville. <\/strong><\/span><b>La double confrontation du mois de mars entre le Congo et le Soudan du Sud, comptant pour les e\u0301liminatoires de la Coupe d\u2019Afrique des nations (CAN), figure parmi les points qui sont de\u0301battus a\u0300 la deuxie\u0300me session du Comite\u0301 exe\u0301cutif de la Fe\u0301de\u0301ration congolaise de football (Fe\u0301cofoot), ouverte le 14 fe\u0301vrier a\u0300 Brazzaville. <\/b><\/p>\n<p>\u00ab Au cours de cette re\u0301union, nous allons traiter des questions importantes lie\u0301es aux perspectives du de\u0301veloppement durable de la gestion de notre football. Je suis convaincu que gra\u0302ce a\u0300 l\u2019esprit pertinent d\u2019ouverture et d\u2019objectivite\u0301 dont vous ferez preuve dans les de\u0301bats, notre session connai\u0302tra le plein succe\u0300s attendu \u00bb , a de\u0301clare\u0301 Jean Guy Blaise Mayolas, pre\u0301sident de la Fe\u0301cofoot.<\/p>\n<p>Les membres de la Fe\u0301cofoot ont pre\u0301vu de de\u0301finir les strate\u0301gies pour mettre toutes les chances de leur co\u0302te\u0301 lors de la double confrontation, en mars, entre le Congo et le Soudan du Sud, comptant pour les troisie\u0300me et quatrie\u0300me journe\u0301es des e\u0301liminatoires de la CAN Co\u0302te d\u2019Ivoire 2024. Les Diables rouges sont deuxie\u0300mes de leur groupe, a\u0300 e\u0301galite\u0301 de points avec la Gambie (trois points), derrie\u0300re le Mali qui en compte six.<\/p>\n<p>La victoire lors des deux matches permettra au Onze congolais de faire un pas important vers la CAN qu\u2019il n\u2019a plus dispute\u0301e depuis 2015. Le match de la troisie\u0300me journe\u0301e est pre\u0301vu le 21 mars, au stade Alphonse-Massamba-De\u0301bat de Brazzaville, avant la manche retour pre\u0301vue le 26 mars a\u0300 l&rsquo;exte\u0301rieur.<\/p>\n<p>La Fe\u0301cofoot de\u0301battra aussi de la participation des Diables rouges aux phases finales de la CAN des moins de 20 ans qui de\u0301bute le 19 fe\u0301vrier en Egypte mais aussi a\u0300 la CAN des U-17 pre\u0301vue en avril, en Alge\u0301rie. Cette premie\u0300re re\u0301union de l\u2019anne\u0301e, qui s&rsquo;ache\u0300ve ce 15 fe\u0301vrier, permettra d\u2019harmoniser les ide\u0301es sur le projet visant la professionnalisation du football congolais et la mise en place d\u2019un groupe de travail pour l\u2019organisation d\u2019un match de gala.<\/p>\n<p>Les participants adopteront aussi les nouveaux statuts de la Fe\u0301cofoot, le code e\u0301lectoral, les rapports de mission du Championnat d\u2019Afrique des nations et du Championnat zonal U-17. Ils adopteront aussi les rapports d\u2019activite\u0301s et financiers 2022 et le budget 2023, sans oublier le proce\u0300s -verbal de la re\u0301union inaugurale du Comite\u0301 exe\u0301cutif. \u00ab Comme il en est besoin, je vous lance a\u0300 toutes et a\u0300 tous un vibrant appel pour que chacun apporte davantage de se\u0301rieux, son sens de responsabilite\u0301 a\u0300 nos travaux, dans une ambiance de libre confrontation d\u2019ide\u0301es et d\u2019opinions , en respectant les points de vue divergents et convergents des uns et des autres \u00bb , a conclu le pre\u0301sident de la Fe\u0301cofoot.<\/p>\n<p><strong>Pour plus d&rsquo;informations et d&rsquo;analyses sur la <a href=\"https:\/\/www.africa-press.net\/congo-brazzaville\">Congo Brazzaville<\/a>, suivez <a href=\"https:\/\/www.africa-press.net\/\">Africa-Press<\/a><\/strong><\/p>\n","protected":false},"excerpt":{"rendered":"<p>Africa-Press &#8211; Congo Brazzaville. La double confrontation du mois de mars entre le Congo et le Soudan du Sud, comptant pour les e\u0301liminatoires de la Coupe d\u2019Afrique des nations (CAN), figure parmi les points qui sont de\u0301battus a\u0300 la deuxie\u0300me session du Comite\u0301 exe\u0301cutif de la Fe\u0301de\u0301ration congolaise de football (Fe\u0301cofoot), ouverte le 14 fe\u0301vrier [&hellip;]<\/p>\n","protected":false},"author":82,"featured_media":14404,"comment_status":"open","ping_status":"closed","sticky":false,"template":"","format":"standard","meta":{"footnotes":""},"categories":[3,10],"tags":[36,47,46],"class_list":["post-14405","post","type-post","status-publish","format-standard","has-post-thumbnail","hentry","category-economie","category-toutes-les-actualites","tag-africa-press","tag-africa-press-congo-brazzaville","tag-congo-brazzaville"],"yoast_head":"<!-- This site is optimized with the Yoast SEO Premium plugin v26.1 (Yoast SEO v27.0) - https:\/\/yoast.com\/product\/yoast-seo-premium-wordpress\/ -->\n<title>F\u00e9cofoot: la double confrontation Congo-Soudan du Sud au menu des \u00e9changes - Congo Brazzaville<\/title>\n<meta name=\"description\" content=\"La double confrontation du mois de mars entre le Congo et le Soudan du Sud, comptant pour les e\u0301liminatoires de la Co ...\" \/>\n<meta name=\"robots\" content=\"index, follow, max-snippet:-1, max-image-preview:large, max-video-preview:-1\" \/>\n<link rel=\"canonical\" href=\"https:\/\/www.africa-press.net\/congo-brazzaville\/economie\/fecofoot-la-double-confrontation-congo-soudan-du-sud-au-menu-des-echanges\" \/>\n<meta property=\"og:locale\" content=\"fr_FR\" \/>\n<meta property=\"og:type\" content=\"article\" \/>\n<meta property=\"og:title\" content=\"F\u00e9cofoot: la double confrontation Congo-Soudan du Sud au menu des \u00e9changes\" \/>\n<meta property=\"og:description\" content=\"La double confrontation du mois de mars entre le Congo et le Soudan du Sud, comptant pour les e\u0301liminatoires de la Co ...\" \/>\n<meta property=\"og:url\" content=\"https:\/\/www.africa-press.net\/congo-brazzaville\/economie\/fecofoot-la-double-confrontation-congo-soudan-du-sud-au-menu-des-echanges\" \/>\n<meta property=\"og:site_name\" content=\"Congo Brazzaville\" \/>\n<meta property=\"article:published_time\" content=\"2023-02-14T18:01:04+00:00\" \/>\n<meta property=\"article:modified_time\" content=\"2023-02-15T02:17:59+00:00\" \/>\n<meta property=\"og:image\" content=\"https:\/\/static.africa-press.net\/congo-brazzaville\/sites\/51\/2023\/02\/postQueueImg_1676385072.12.jpg\" \/>\n\t<meta property=\"og:image:width\" content=\"1155\" \/>\n\t<meta property=\"og:image:height\" content=\"768\" \/>\n\t<meta property=\"og:image:type\" content=\"image\/jpeg\" \/>\n<meta name=\"author\" content=\"cfeditorfr\" \/>\n<meta name=\"twitter:card\" content=\"summary_large_image\" \/>\n<meta name=\"twitter:label1\" content=\"\u00c9crit par\" \/>\n\t<meta name=\"twitter:data1\" content=\"cfeditorfr\" \/>\n\t<meta name=\"twitter:label2\" content=\"Dur\u00e9e de lecture estim\u00e9e\" \/>\n\t<meta name=\"twitter:data2\" content=\"3 minutes\" \/>\n<script type=\"application\/ld+json\" class=\"yoast-schema-graph\">{\"@context\":\"https:\/\/schema.org\",\"@graph\":[{\"@type\":\"Article\",\"@id\":\"https:\/\/www.africa-press.net\/congo-brazzaville\/economie\/fecofoot-la-double-confrontation-congo-soudan-du-sud-au-menu-des-echanges#article\",\"isPartOf\":{\"@id\":\"https:\/\/www.africa-press.net\/congo-brazzaville\/economie\/fecofoot-la-double-confrontation-congo-soudan-du-sud-au-menu-des-echanges\"},\"author\":{\"name\":\"cfeditorfr\",\"@id\":\"https:\/\/www.africa-press.net\/congo-brazzaville\/#\/schema\/person\/2b1cf3cd81a31e3cd26889ca66d677f1\"},\"headline\":\"F\u00e9cofoot: la double confrontation Congo-Soudan du Sud au menu des \u00e9changes\",\"datePublished\":\"2023-02-14T18:01:04+00:00\",\"dateModified\":\"2023-02-15T02:17:59+00:00\",\"mainEntityOfPage\":{\"@id\":\"https:\/\/www.africa-press.net\/congo-brazzaville\/economie\/fecofoot-la-double-confrontation-congo-soudan-du-sud-au-menu-des-echanges\"},\"wordCount\":521,\"commentCount\":0,\"image\":{\"@id\":\"https:\/\/www.africa-press.net\/congo-brazzaville\/economie\/fecofoot-la-double-confrontation-congo-soudan-du-sud-au-menu-des-echanges#primaryimage\"},\"thumbnailUrl\":\"https:\/\/static.africa-press.net\/congo-brazzaville\/sites\/51\/2023\/02\/postQueueImg_1676385072.12.jpg\",\"keywords\":[\"Africa Press\",\"Africa Press-Congo Brazzaville\",\"Congo Brazzaville\"],\"articleSection\":[\"\u00c9conomie\",\"Toutes les actualit\u00e9s\"],\"inLanguage\":\"fr-FR\",\"potentialAction\":[{\"@type\":\"CommentAction\",\"name\":\"Comment\",\"target\":[\"https:\/\/www.africa-press.net\/congo-brazzaville\/economie\/fecofoot-la-double-confrontation-congo-soudan-du-sud-au-menu-des-echanges#respond\"]}]},{\"@type\":\"WebPage\",\"@id\":\"https:\/\/www.africa-press.net\/congo-brazzaville\/economie\/fecofoot-la-double-confrontation-congo-soudan-du-sud-au-menu-des-echanges\",\"url\":\"https:\/\/www.africa-press.net\/congo-brazzaville\/economie\/fecofoot-la-double-confrontation-congo-soudan-du-sud-au-menu-des-echanges\",\"name\":\"F\u00e9cofoot: la double confrontation Congo-Soudan du Sud au menu des \u00e9changes - Congo Brazzaville\",\"isPartOf\":{\"@id\":\"https:\/\/www.africa-press.net\/congo-brazzaville\/#website\"},\"primaryImageOfPage\":{\"@id\":\"https:\/\/www.africa-press.net\/congo-brazzaville\/economie\/fecofoot-la-double-confrontation-congo-soudan-du-sud-au-menu-des-echanges#primaryimage\"},\"image\":{\"@id\":\"https:\/\/www.africa-press.net\/congo-brazzaville\/economie\/fecofoot-la-double-confrontation-congo-soudan-du-sud-au-menu-des-echanges#primaryimage\"},\"thumbnailUrl\":\"https:\/\/static.africa-press.net\/congo-brazzaville\/sites\/51\/2023\/02\/postQueueImg_1676385072.12.jpg\",\"datePublished\":\"2023-02-14T18:01:04+00:00\",\"dateModified\":\"2023-02-15T02:17:59+00:00\",\"author\":{\"@id\":\"https:\/\/www.africa-press.net\/congo-brazzaville\/#\/schema\/person\/2b1cf3cd81a31e3cd26889ca66d677f1\"},\"description\":\"La double confrontation du mois de mars entre le Congo et le Soudan du Sud, comptant pour les e\u0301liminatoires de la Co ...\",\"breadcrumb\":{\"@id\":\"https:\/\/www.africa-press.net\/congo-brazzaville\/economie\/fecofoot-la-double-confrontation-congo-soudan-du-sud-au-menu-des-echanges#breadcrumb\"},\"inLanguage\":\"fr-FR\",\"potentialAction\":[{\"@type\":\"ReadAction\",\"target\":[\"https:\/\/www.africa-press.net\/congo-brazzaville\/economie\/fecofoot-la-double-confrontation-congo-soudan-du-sud-au-menu-des-echanges\"]}]},{\"@type\":\"ImageObject\",\"inLanguage\":\"fr-FR\",\"@id\":\"https:\/\/www.africa-press.net\/congo-brazzaville\/economie\/fecofoot-la-double-confrontation-congo-soudan-du-sud-au-menu-des-echanges#primaryimage\",\"url\":\"https:\/\/static.africa-press.net\/congo-brazzaville\/sites\/51\/2023\/02\/postQueueImg_1676385072.12.jpg\",\"contentUrl\":\"https:\/\/static.africa-press.net\/congo-brazzaville\/sites\/51\/2023\/02\/postQueueImg_1676385072.12.jpg\",\"width\":1155,\"height\":768,\"caption\":\"F\u00e9cofoot: la double confrontation Congo-Soudan du Sud au menu des \u00e9changes\"},{\"@type\":\"BreadcrumbList\",\"@id\":\"https:\/\/www.africa-press.net\/congo-brazzaville\/economie\/fecofoot-la-double-confrontation-congo-soudan-du-sud-au-menu-des-echanges#breadcrumb\",\"itemListElement\":[{\"@type\":\"ListItem\",\"position\":1,\"name\":\"Accueil\",\"item\":\"https:\/\/www.africa-press.net\/congo-brazzaville\/\"},{\"@type\":\"ListItem\",\"position\":2,\"name\":\"F\u00e9cofoot: la double confrontation Congo-Soudan du Sud au menu des \u00e9changes\"}]},{\"@type\":\"WebSite\",\"@id\":\"https:\/\/www.africa-press.net\/congo-brazzaville\/#website\",\"url\":\"https:\/\/www.africa-press.net\/congo-brazzaville\/\",\"name\":\"Congo Brazzaville\",\"description\":\"Just another Africa News Agency Sites site\",\"potentialAction\":[{\"@type\":\"SearchAction\",\"target\":{\"@type\":\"EntryPoint\",\"urlTemplate\":\"https:\/\/www.africa-press.net\/congo-brazzaville\/?s={search_term_string}\"},\"query-input\":{\"@type\":\"PropertyValueSpecification\",\"valueRequired\":true,\"valueName\":\"search_term_string\"}}],\"inLanguage\":\"fr-FR\"},{\"@type\":\"Person\",\"@id\":\"https:\/\/www.africa-press.net\/congo-brazzaville\/#\/schema\/person\/2b1cf3cd81a31e3cd26889ca66d677f1\",\"name\":\"cfeditorfr\"}]}<\/script>\n<!-- \/ Yoast SEO Premium plugin. -->","yoast_head_json":{"title":"F\u00e9cofoot: la double confrontation Congo-Soudan du Sud au menu des \u00e9changes - Congo Brazzaville","description":"La double confrontation du mois de mars entre le Congo et le Soudan du Sud, comptant pour les e\u0301liminatoires de la Co ...","robots":{"index":"index","follow":"follow","max-snippet":"max-snippet:-1","max-image-preview":"max-image-preview:large","max-video-preview":"max-video-preview:-1"},"canonical":"https:\/\/www.africa-press.net\/congo-brazzaville\/economie\/fecofoot-la-double-confrontation-congo-soudan-du-sud-au-menu-des-echanges","og_locale":"fr_FR","og_type":"article","og_title":"F\u00e9cofoot: la double confrontation Congo-Soudan du Sud au menu des \u00e9changes","og_description":"La double confrontation du mois de mars entre le Congo et le Soudan du Sud, comptant pour les e\u0301liminatoires de la Co ...","og_url":"https:\/\/www.africa-press.net\/congo-brazzaville\/economie\/fecofoot-la-double-confrontation-congo-soudan-du-sud-au-menu-des-echanges","og_site_name":"Congo Brazzaville","article_published_time":"2023-02-14T18:01:04+00:00","article_modified_time":"2023-02-15T02:17:59+00:00","og_image":[{"width":1155,"height":768,"url":"https:\/\/static.africa-press.net\/congo-brazzaville\/sites\/51\/2023\/02\/postQueueImg_1676385072.12.jpg","type":"image\/jpeg"}],"author":"cfeditorfr","twitter_card":"summary_large_image","twitter_misc":{"\u00c9crit par":"cfeditorfr","Dur\u00e9e de lecture estim\u00e9e":"3 minutes"},"schema":{"@context":"https:\/\/schema.org","@graph":[{"@type":"Article","@id":"https:\/\/www.africa-press.net\/congo-brazzaville\/economie\/fecofoot-la-double-confrontation-congo-soudan-du-sud-au-menu-des-echanges#article","isPartOf":{"@id":"https:\/\/www.africa-press.net\/congo-brazzaville\/economie\/fecofoot-la-double-confrontation-congo-soudan-du-sud-au-menu-des-echanges"},"author":{"name":"cfeditorfr","@id":"https:\/\/www.africa-press.net\/congo-brazzaville\/#\/schema\/person\/2b1cf3cd81a31e3cd26889ca66d677f1"},"headline":"F\u00e9cofoot: la double confrontation Congo-Soudan du Sud au menu des \u00e9changes","datePublished":"2023-02-14T18:01:04+00:00","dateModified":"2023-02-15T02:17:59+00:00","mainEntityOfPage":{"@id":"https:\/\/www.africa-press.net\/congo-brazzaville\/economie\/fecofoot-la-double-confrontation-congo-soudan-du-sud-au-menu-des-echanges"},"wordCount":521,"commentCount":0,"image":{"@id":"https:\/\/www.africa-press.net\/congo-brazzaville\/economie\/fecofoot-la-double-confrontation-congo-soudan-du-sud-au-menu-des-echanges#primaryimage"},"thumbnailUrl":"https:\/\/static.africa-press.net\/congo-brazzaville\/sites\/51\/2023\/02\/postQueueImg_1676385072.12.jpg","keywords":["Africa Press","Africa Press-Congo Brazzaville","Congo Brazzaville"],"articleSection":["\u00c9conomie","Toutes les actualit\u00e9s"],"inLanguage":"fr-FR","potentialAction":[{"@type":"CommentAction","name":"Comment","target":["https:\/\/www.africa-press.net\/congo-brazzaville\/economie\/fecofoot-la-double-confrontation-congo-soudan-du-sud-au-menu-des-echanges#respond"]}]},{"@type":"WebPage","@id":"https:\/\/www.africa-press.net\/congo-brazzaville\/economie\/fecofoot-la-double-confrontation-congo-soudan-du-sud-au-menu-des-echanges","url":"https:\/\/www.africa-press.net\/congo-brazzaville\/economie\/fecofoot-la-double-confrontation-congo-soudan-du-sud-au-menu-des-echanges","name":"F\u00e9cofoot: la double confrontation Congo-Soudan du Sud au menu des \u00e9changes - Congo Brazzaville","isPartOf":{"@id":"https:\/\/www.africa-press.net\/congo-brazzaville\/#website"},"primaryImageOfPage":{"@id":"https:\/\/www.africa-press.net\/congo-brazzaville\/economie\/fecofoot-la-double-confrontation-congo-soudan-du-sud-au-menu-des-echanges#primaryimage"},"image":{"@id":"https:\/\/www.africa-press.net\/congo-brazzaville\/economie\/fecofoot-la-double-confrontation-congo-soudan-du-sud-au-menu-des-echanges#primaryimage"},"thumbnailUrl":"https:\/\/static.africa-press.net\/congo-brazzaville\/sites\/51\/2023\/02\/postQueueImg_1676385072.12.jpg","datePublished":"2023-02-14T18:01:04+00:00","dateModified":"2023-02-15T02:17:59+00:00","author":{"@id":"https:\/\/www.africa-press.net\/congo-brazzaville\/#\/schema\/person\/2b1cf3cd81a31e3cd26889ca66d677f1"},"description":"La double confrontation du mois de mars entre le Congo et le Soudan du Sud, comptant pour les e\u0301liminatoires de la Co ...","breadcrumb":{"@id":"https:\/\/www.africa-press.net\/congo-brazzaville\/economie\/fecofoot-la-double-confrontation-congo-soudan-du-sud-au-menu-des-echanges#breadcrumb"},"inLanguage":"fr-FR","potentialAction":[{"@type":"ReadAction","target":["https:\/\/www.africa-press.net\/congo-brazzaville\/economie\/fecofoot-la-double-confrontation-congo-soudan-du-sud-au-menu-des-echanges"]}]},{"@type":"ImageObject","inLanguage":"fr-FR","@id":"https:\/\/www.africa-press.net\/congo-brazzaville\/economie\/fecofoot-la-double-confrontation-congo-soudan-du-sud-au-menu-des-echanges#primaryimage","url":"https:\/\/static.africa-press.net\/congo-brazzaville\/sites\/51\/2023\/02\/postQueueImg_1676385072.12.jpg","contentUrl":"https:\/\/static.africa-press.net\/congo-brazzaville\/sites\/51\/2023\/02\/postQueueImg_1676385072.12.jpg","width":1155,"height":768,"caption":"F\u00e9cofoot: la double confrontation Congo-Soudan du Sud au menu des \u00e9changes"},{"@type":"BreadcrumbList","@id":"https:\/\/www.africa-press.net\/congo-brazzaville\/economie\/fecofoot-la-double-confrontation-congo-soudan-du-sud-au-menu-des-echanges#breadcrumb","itemListElement":[{"@type":"ListItem","position":1,"name":"Accueil","item":"https:\/\/www.africa-press.net\/congo-brazzaville\/"},{"@type":"ListItem","position":2,"name":"F\u00e9cofoot: la double confrontation Congo-Soudan du Sud au menu des \u00e9changes"}]},{"@type":"WebSite","@id":"https:\/\/www.africa-press.net\/congo-brazzaville\/#website","url":"https:\/\/www.africa-press.net\/congo-brazzaville\/","name":"Congo Brazzaville","description":"Just another Africa News Agency Sites site","potentialAction":[{"@type":"SearchAction","target":{"@type":"EntryPoint","urlTemplate":"https:\/\/www.africa-press.net\/congo-brazzaville\/?s={search_term_string}"},"query-input":{"@type":"PropertyValueSpecification","valueRequired":true,"valueName":"search_term_string"}}],"inLanguage":"fr-FR"},{"@type":"Person","@id":"https:\/\/www.africa-press.net\/congo-brazzaville\/#\/schema\/person\/2b1cf3cd81a31e3cd26889ca66d677f1","name":"cfeditorfr"}]}},"_links":{"self":[{"href":"https:\/\/www.africa-press.net\/congo-brazzaville\/wp-json\/wp\/v2\/posts\/14405","targetHints":{"allow":["GET"]}}],"collection":[{"href":"https:\/\/www.africa-press.net\/congo-brazzaville\/wp-json\/wp\/v2\/posts"}],"about":[{"href":"https:\/\/www.africa-press.net\/congo-brazzaville\/wp-json\/wp\/v2\/types\/post"}],"author":[{"embeddable":true,"href":"https:\/\/www.africa-press.net\/congo-brazzaville\/wp-json\/wp\/v2\/users\/82"}],"replies":[{"embeddable":true,"href":"https:\/\/www.africa-press.net\/congo-brazzaville\/wp-json\/wp\/v2\/comments?post=14405"}],"version-history":[{"count":0,"href":"https:\/\/www.africa-press.net\/congo-brazzaville\/wp-json\/wp\/v2\/posts\/14405\/revisions"}],"wp:featuredmedia":[{"embeddable":true,"href":"https:\/\/www.africa-press.net\/congo-brazzaville\/wp-json\/wp\/v2\/media\/14404"}],"wp:attachment":[{"href":"https:\/\/www.africa-press.net\/congo-brazzaville\/wp-json\/wp\/v2\/media?parent=14405"}],"wp:term":[{"taxonomy":"category","embeddable":true,"href":"https:\/\/www.africa-press.net\/congo-brazzaville\/wp-json\/wp\/v2\/categories?post=14405"},{"taxonomy":"post_tag","embeddable":true,"href":"https:\/\/www.africa-press.net\/congo-brazzaville\/wp-json\/wp\/v2\/tags?post=14405"}],"curies":[{"name":"wp","href":"https:\/\/api.w.org\/{rel}","templated":true}]}}