{"id":14407,"date":"2023-02-14T18:01:17","date_gmt":"2023-02-14T18:01:17","guid":{"rendered":"https:\/\/www.africa-press.net\/congo-brazzaville\/politique\/vie-des-partis-lupads-presente-ses-voeux-de-nouvel-an-a-la-presse"},"modified":"2023-02-15T02:18:21","modified_gmt":"2023-02-15T02:18:21","slug":"vie-des-partis-lupads-presente-ses-voeux-de-nouvel-an-a-la-presse","status":"publish","type":"post","link":"https:\/\/www.africa-press.net\/congo-brazzaville\/politique\/vie-des-partis-lupads-presente-ses-voeux-de-nouvel-an-a-la-presse","title":{"rendered":"Vie des partis : l&rsquo;Upads pr\u00e9sente ses v\u0153ux de Nouvel An \u00e0 la presse"},"content":{"rendered":"<p><span style=\"color: #ff6600\"><strong>Africa-Press &#8211; Congo Brazzaville. <\/strong><\/span><b>A l\u2019occasion de la pre\u0301sentation de ses v\u0153ux de Nouvel An a\u0300 la presse le 14 fe\u0301vrier a\u0300 Brazzaville, le premier secre\u0301taire de l\u2019Union panafricaine pour la de\u0301mocratie sociale (Upads), Pascal Tsaty Mabiala, a demande\u0301 a\u0300 l\u2019ensemble de la presse d\u2019imposer chaque jour son espace de liberte\u0301 quel qu\u2019en soit le prix.<\/b><\/p>\n<p>\u00ab Votre noble profession participe, en effet, d\u2019une manie\u0300re de\u0301cisive, a\u0300 la formation de l\u2019opinion publique \u00bb, a souligne\u0301 Pascal Tsaty Mabiala, avant de rappeler qu\u2019en tant que de\u0301tenteurs du quatrie\u0300me pouvoir, les journalistes ont la haute charge et l\u2019impe\u0301rieux devoir de garantir et de promouvoir la de\u0301mocratie.<\/p>\n<p>Mission pe\u0301rilleuse en raison des risques que courent les professionnels des me\u0301dias dans l\u2019exercice de leur me\u0301tier face a\u0300 l\u2019extre\u0301misme et a\u0300 l\u2019intole\u0301rance, a-t-il reconnu, rappelant en passant le carnage de talents journalistes a\u0300 Paris, le 7 janvier 2015, au sie\u0300ge du Journal franc\u0327ais \u00ab Charlie Hebdo \u00bb. Cette dangerosite\u0301 est couple\u0301e en Afrique avec la volonte\u0301 du pouvoir politique d\u2019assujettir la presse a\u0300 un contro\u0302le direct ou insidieux de l\u2019information. \u00ab Malgre\u0301 toutes ces menaces, il vous appartient de prote\u0301ger votre profession et d\u2019en e\u0302tre fiers car le silence de la presse ou son inaction est un recul de la de\u0301mocratie \u00bb, a-t-il exhorte\u0301. Le premier secre\u0301taire de l\u2019Upads a fe\u0301licite\u0301 l\u2019ancien directeur de Vox TV qui, a-t-il dit, par son attachement aux valeurs du journalisme, a choisi de de\u0301fendre la profession et le pluralisme d\u2019opinions.<\/p>\n<p>Pascal Tsaty Mabiala n\u2019a pas manque\u0301 de s\u2019interroger sur le nouveau quinquennat du chef de l\u2019Etat. Pour lui, la re\u0301ponse est somme toute mitige\u0301e d\u2019autant plus que les Congolais sont lasse\u0301s des promesses et des projets qui n\u2019aboutissent pas et donc n\u2019ame\u0301liorent pas leur quotidien. \u00ab Les douze travaux d\u2019Hercule envisage\u0301s par le Premier ministre, lors de la pre\u0301sentation de la politique ge\u0301ne\u0301rale de son gouvernement en 2021, pourraient bien ressembler aux graines d\u2019un chapelet dont l\u2019usage est destine\u0301 a\u0300 dire une messe de requiem \u00bb, a soutenu le premier secre\u0301taire de l&rsquo;Upads.<\/p>\n<p>Il a e\u0301galement e\u0301voque\u0301 les affaires dites des biens mal acquis et des panoramas papers qui ont tant de\u0301fraye\u0301 la chronique et demeurent pendantes alors que les Congolais, selon lui, attendent toujours qu&rsquo;elles soient e\u0301lucide\u0301es. Pascal Tsaty Mabiala est e\u0301galement revenu sur les re\u0301ve\u0301lations faites par le Journal franc\u0327ais \u00ab Libe\u0301ration \u00bb dans ses parutions des 11 et 12 janvier 2023, lesquelles re\u0301ve\u0301lations font e\u0301tat d\u2019une enque\u0302te lie\u0301e aux activite\u0301s opaques attribue\u0301es a\u0300 la socie\u0301te\u0301 de courtage pe\u0301trolier Orion Oil, proprie\u0301te\u0301 de Lucien Ebata. Au plan international, il n\u2019a pas manque\u0301 d\u2019aborder le conflit entre la Russie et l\u2019Ukraine avec son corollaire de victimes.<\/p>\n<p><strong>Pour plus d&rsquo;informations et d&rsquo;analyses sur la <a href=\"https:\/\/www.africa-press.net\/congo-brazzaville\">Congo Brazzaville<\/a>, suivez <a href=\"https:\/\/www.africa-press.net\/\">Africa-Press<\/a><\/strong><\/p>\n","protected":false},"excerpt":{"rendered":"<p>Africa-Press &#8211; Congo Brazzaville. A l\u2019occasion de la pre\u0301sentation de ses v\u0153ux de Nouvel An a\u0300 la presse le 14 fe\u0301vrier a\u0300 Brazzaville, le premier secre\u0301taire de l\u2019Union panafricaine pour la de\u0301mocratie sociale (Upads), Pascal Tsaty Mabiala, a demande\u0301 a\u0300 l\u2019ensemble de la presse d\u2019imposer chaque jour son espace de liberte\u0301 quel qu\u2019en soit le [&hellip;]<\/p>\n","protected":false},"author":82,"featured_media":14406,"comment_status":"open","ping_status":"closed","sticky":false,"template":"","format":"standard","meta":{"footnotes":""},"categories":[2,10],"tags":[36,47,46],"class_list":["post-14407","post","type-post","status-publish","format-standard","has-post-thumbnail","hentry","category-politique","category-toutes-les-actualites","tag-africa-press","tag-africa-press-congo-brazzaville","tag-congo-brazzaville"],"yoast_head":"<!-- This site is optimized with the Yoast SEO Premium plugin v26.1 (Yoast SEO v27.0) - https:\/\/yoast.com\/product\/yoast-seo-premium-wordpress\/ -->\n<title>Vie des partis : l&#039;Upads pr\u00e9sente ses v\u0153ux de Nouvel An \u00e0 la presse - Congo Brazzaville<\/title>\n<meta name=\"description\" content=\"A l\u2019occasion de la pre\u0301sentation de ses v\u0153ux de Nouvel An a\u0300 la presse le 14 fe\u0301vrier a\u0300 Brazzaville, le premier secr ...\" \/>\n<meta name=\"robots\" content=\"index, follow, max-snippet:-1, max-image-preview:large, max-video-preview:-1\" \/>\n<link rel=\"canonical\" href=\"https:\/\/www.africa-press.net\/congo-brazzaville\/politique\/vie-des-partis-lupads-presente-ses-voeux-de-nouvel-an-a-la-presse\" \/>\n<meta property=\"og:locale\" content=\"fr_FR\" \/>\n<meta property=\"og:type\" content=\"article\" \/>\n<meta property=\"og:title\" content=\"Vie des partis : l&#039;Upads pr\u00e9sente ses v\u0153ux de Nouvel An \u00e0 la presse\" \/>\n<meta property=\"og:description\" content=\"A l\u2019occasion de la pre\u0301sentation de ses v\u0153ux de Nouvel An a\u0300 la presse le 14 fe\u0301vrier a\u0300 Brazzaville, le premier secr ...\" \/>\n<meta property=\"og:url\" content=\"https:\/\/www.africa-press.net\/congo-brazzaville\/politique\/vie-des-partis-lupads-presente-ses-voeux-de-nouvel-an-a-la-presse\" \/>\n<meta property=\"og:site_name\" content=\"Congo Brazzaville\" \/>\n<meta property=\"article:published_time\" content=\"2023-02-14T18:01:17+00:00\" \/>\n<meta property=\"article:modified_time\" content=\"2023-02-15T02:18:21+00:00\" \/>\n<meta property=\"og:image\" content=\"https:\/\/static.africa-press.net\/congo-brazzaville\/sites\/51\/2023\/02\/postQueueImg_1676385082.96.jpg\" \/>\n\t<meta property=\"og:image:width\" content=\"1023\" \/>\n\t<meta property=\"og:image:height\" content=\"768\" \/>\n\t<meta property=\"og:image:type\" content=\"image\/jpeg\" \/>\n<meta name=\"author\" content=\"cfeditorfr\" \/>\n<meta name=\"twitter:card\" content=\"summary_large_image\" \/>\n<meta name=\"twitter:label1\" content=\"\u00c9crit par\" \/>\n\t<meta name=\"twitter:data1\" content=\"cfeditorfr\" \/>\n\t<meta name=\"twitter:label2\" content=\"Dur\u00e9e de lecture estim\u00e9e\" \/>\n\t<meta name=\"twitter:data2\" content=\"3 minutes\" \/>\n<script type=\"application\/ld+json\" class=\"yoast-schema-graph\">{\"@context\":\"https:\/\/schema.org\",\"@graph\":[{\"@type\":\"Article\",\"@id\":\"https:\/\/www.africa-press.net\/congo-brazzaville\/politique\/vie-des-partis-lupads-presente-ses-voeux-de-nouvel-an-a-la-presse#article\",\"isPartOf\":{\"@id\":\"https:\/\/www.africa-press.net\/congo-brazzaville\/politique\/vie-des-partis-lupads-presente-ses-voeux-de-nouvel-an-a-la-presse\"},\"author\":{\"name\":\"cfeditorfr\",\"@id\":\"https:\/\/www.africa-press.net\/congo-brazzaville\/#\/schema\/person\/2b1cf3cd81a31e3cd26889ca66d677f1\"},\"headline\":\"Vie des partis : l&rsquo;Upads pr\u00e9sente ses v\u0153ux de Nouvel An \u00e0 la presse\",\"datePublished\":\"2023-02-14T18:01:17+00:00\",\"dateModified\":\"2023-02-15T02:18:21+00:00\",\"mainEntityOfPage\":{\"@id\":\"https:\/\/www.africa-press.net\/congo-brazzaville\/politique\/vie-des-partis-lupads-presente-ses-voeux-de-nouvel-an-a-la-presse\"},\"wordCount\":537,\"commentCount\":0,\"image\":{\"@id\":\"https:\/\/www.africa-press.net\/congo-brazzaville\/politique\/vie-des-partis-lupads-presente-ses-voeux-de-nouvel-an-a-la-presse#primaryimage\"},\"thumbnailUrl\":\"https:\/\/static.africa-press.net\/congo-brazzaville\/sites\/51\/2023\/02\/postQueueImg_1676385082.96.jpg\",\"keywords\":[\"Africa Press\",\"Africa Press-Congo Brazzaville\",\"Congo Brazzaville\"],\"articleSection\":[\"Politique\",\"Toutes les actualit\u00e9s\"],\"inLanguage\":\"fr-FR\",\"potentialAction\":[{\"@type\":\"CommentAction\",\"name\":\"Comment\",\"target\":[\"https:\/\/www.africa-press.net\/congo-brazzaville\/politique\/vie-des-partis-lupads-presente-ses-voeux-de-nouvel-an-a-la-presse#respond\"]}]},{\"@type\":\"WebPage\",\"@id\":\"https:\/\/www.africa-press.net\/congo-brazzaville\/politique\/vie-des-partis-lupads-presente-ses-voeux-de-nouvel-an-a-la-presse\",\"url\":\"https:\/\/www.africa-press.net\/congo-brazzaville\/politique\/vie-des-partis-lupads-presente-ses-voeux-de-nouvel-an-a-la-presse\",\"name\":\"Vie des partis : l'Upads pr\u00e9sente ses v\u0153ux de Nouvel An \u00e0 la presse - Congo Brazzaville\",\"isPartOf\":{\"@id\":\"https:\/\/www.africa-press.net\/congo-brazzaville\/#website\"},\"primaryImageOfPage\":{\"@id\":\"https:\/\/www.africa-press.net\/congo-brazzaville\/politique\/vie-des-partis-lupads-presente-ses-voeux-de-nouvel-an-a-la-presse#primaryimage\"},\"image\":{\"@id\":\"https:\/\/www.africa-press.net\/congo-brazzaville\/politique\/vie-des-partis-lupads-presente-ses-voeux-de-nouvel-an-a-la-presse#primaryimage\"},\"thumbnailUrl\":\"https:\/\/static.africa-press.net\/congo-brazzaville\/sites\/51\/2023\/02\/postQueueImg_1676385082.96.jpg\",\"datePublished\":\"2023-02-14T18:01:17+00:00\",\"dateModified\":\"2023-02-15T02:18:21+00:00\",\"author\":{\"@id\":\"https:\/\/www.africa-press.net\/congo-brazzaville\/#\/schema\/person\/2b1cf3cd81a31e3cd26889ca66d677f1\"},\"description\":\"A l\u2019occasion de la pre\u0301sentation de ses v\u0153ux de Nouvel An a\u0300 la presse le 14 fe\u0301vrier a\u0300 Brazzaville, le premier secr ...\",\"breadcrumb\":{\"@id\":\"https:\/\/www.africa-press.net\/congo-brazzaville\/politique\/vie-des-partis-lupads-presente-ses-voeux-de-nouvel-an-a-la-presse#breadcrumb\"},\"inLanguage\":\"fr-FR\",\"potentialAction\":[{\"@type\":\"ReadAction\",\"target\":[\"https:\/\/www.africa-press.net\/congo-brazzaville\/politique\/vie-des-partis-lupads-presente-ses-voeux-de-nouvel-an-a-la-presse\"]}]},{\"@type\":\"ImageObject\",\"inLanguage\":\"fr-FR\",\"@id\":\"https:\/\/www.africa-press.net\/congo-brazzaville\/politique\/vie-des-partis-lupads-presente-ses-voeux-de-nouvel-an-a-la-presse#primaryimage\",\"url\":\"https:\/\/static.africa-press.net\/congo-brazzaville\/sites\/51\/2023\/02\/postQueueImg_1676385082.96.jpg\",\"contentUrl\":\"https:\/\/static.africa-press.net\/congo-brazzaville\/sites\/51\/2023\/02\/postQueueImg_1676385082.96.jpg\",\"width\":1023,\"height\":768,\"caption\":\"Vie des partis : l'Upads pr\u00e9sente ses v\u0153ux de Nouvel An \u00e0 la presse\"},{\"@type\":\"BreadcrumbList\",\"@id\":\"https:\/\/www.africa-press.net\/congo-brazzaville\/politique\/vie-des-partis-lupads-presente-ses-voeux-de-nouvel-an-a-la-presse#breadcrumb\",\"itemListElement\":[{\"@type\":\"ListItem\",\"position\":1,\"name\":\"Accueil\",\"item\":\"https:\/\/www.africa-press.net\/congo-brazzaville\/\"},{\"@type\":\"ListItem\",\"position\":2,\"name\":\"Vie des partis : l&rsquo;Upads pr\u00e9sente ses v\u0153ux de Nouvel An \u00e0 la presse\"}]},{\"@type\":\"WebSite\",\"@id\":\"https:\/\/www.africa-press.net\/congo-brazzaville\/#website\",\"url\":\"https:\/\/www.africa-press.net\/congo-brazzaville\/\",\"name\":\"Congo Brazzaville\",\"description\":\"Just another Africa News Agency Sites site\",\"potentialAction\":[{\"@type\":\"SearchAction\",\"target\":{\"@type\":\"EntryPoint\",\"urlTemplate\":\"https:\/\/www.africa-press.net\/congo-brazzaville\/?s={search_term_string}\"},\"query-input\":{\"@type\":\"PropertyValueSpecification\",\"valueRequired\":true,\"valueName\":\"search_term_string\"}}],\"inLanguage\":\"fr-FR\"},{\"@type\":\"Person\",\"@id\":\"https:\/\/www.africa-press.net\/congo-brazzaville\/#\/schema\/person\/2b1cf3cd81a31e3cd26889ca66d677f1\",\"name\":\"cfeditorfr\"}]}<\/script>\n<!-- \/ Yoast SEO Premium plugin. -->","yoast_head_json":{"title":"Vie des partis : l'Upads pr\u00e9sente ses v\u0153ux de Nouvel An \u00e0 la presse - Congo Brazzaville","description":"A l\u2019occasion de la pre\u0301sentation de ses v\u0153ux de Nouvel An a\u0300 la presse le 14 fe\u0301vrier a\u0300 Brazzaville, le premier secr ...","robots":{"index":"index","follow":"follow","max-snippet":"max-snippet:-1","max-image-preview":"max-image-preview:large","max-video-preview":"max-video-preview:-1"},"canonical":"https:\/\/www.africa-press.net\/congo-brazzaville\/politique\/vie-des-partis-lupads-presente-ses-voeux-de-nouvel-an-a-la-presse","og_locale":"fr_FR","og_type":"article","og_title":"Vie des partis : l'Upads pr\u00e9sente ses v\u0153ux de Nouvel An \u00e0 la presse","og_description":"A l\u2019occasion de la pre\u0301sentation de ses v\u0153ux de Nouvel An a\u0300 la presse le 14 fe\u0301vrier a\u0300 Brazzaville, le premier secr ...","og_url":"https:\/\/www.africa-press.net\/congo-brazzaville\/politique\/vie-des-partis-lupads-presente-ses-voeux-de-nouvel-an-a-la-presse","og_site_name":"Congo Brazzaville","article_published_time":"2023-02-14T18:01:17+00:00","article_modified_time":"2023-02-15T02:18:21+00:00","og_image":[{"width":1023,"height":768,"url":"https:\/\/static.africa-press.net\/congo-brazzaville\/sites\/51\/2023\/02\/postQueueImg_1676385082.96.jpg","type":"image\/jpeg"}],"author":"cfeditorfr","twitter_card":"summary_large_image","twitter_misc":{"\u00c9crit par":"cfeditorfr","Dur\u00e9e de lecture estim\u00e9e":"3 minutes"},"schema":{"@context":"https:\/\/schema.org","@graph":[{"@type":"Article","@id":"https:\/\/www.africa-press.net\/congo-brazzaville\/politique\/vie-des-partis-lupads-presente-ses-voeux-de-nouvel-an-a-la-presse#article","isPartOf":{"@id":"https:\/\/www.africa-press.net\/congo-brazzaville\/politique\/vie-des-partis-lupads-presente-ses-voeux-de-nouvel-an-a-la-presse"},"author":{"name":"cfeditorfr","@id":"https:\/\/www.africa-press.net\/congo-brazzaville\/#\/schema\/person\/2b1cf3cd81a31e3cd26889ca66d677f1"},"headline":"Vie des partis : l&rsquo;Upads pr\u00e9sente ses v\u0153ux de Nouvel An \u00e0 la presse","datePublished":"2023-02-14T18:01:17+00:00","dateModified":"2023-02-15T02:18:21+00:00","mainEntityOfPage":{"@id":"https:\/\/www.africa-press.net\/congo-brazzaville\/politique\/vie-des-partis-lupads-presente-ses-voeux-de-nouvel-an-a-la-presse"},"wordCount":537,"commentCount":0,"image":{"@id":"https:\/\/www.africa-press.net\/congo-brazzaville\/politique\/vie-des-partis-lupads-presente-ses-voeux-de-nouvel-an-a-la-presse#primaryimage"},"thumbnailUrl":"https:\/\/static.africa-press.net\/congo-brazzaville\/sites\/51\/2023\/02\/postQueueImg_1676385082.96.jpg","keywords":["Africa Press","Africa Press-Congo Brazzaville","Congo Brazzaville"],"articleSection":["Politique","Toutes les actualit\u00e9s"],"inLanguage":"fr-FR","potentialAction":[{"@type":"CommentAction","name":"Comment","target":["https:\/\/www.africa-press.net\/congo-brazzaville\/politique\/vie-des-partis-lupads-presente-ses-voeux-de-nouvel-an-a-la-presse#respond"]}]},{"@type":"WebPage","@id":"https:\/\/www.africa-press.net\/congo-brazzaville\/politique\/vie-des-partis-lupads-presente-ses-voeux-de-nouvel-an-a-la-presse","url":"https:\/\/www.africa-press.net\/congo-brazzaville\/politique\/vie-des-partis-lupads-presente-ses-voeux-de-nouvel-an-a-la-presse","name":"Vie des partis : l'Upads pr\u00e9sente ses v\u0153ux de Nouvel An \u00e0 la presse - Congo Brazzaville","isPartOf":{"@id":"https:\/\/www.africa-press.net\/congo-brazzaville\/#website"},"primaryImageOfPage":{"@id":"https:\/\/www.africa-press.net\/congo-brazzaville\/politique\/vie-des-partis-lupads-presente-ses-voeux-de-nouvel-an-a-la-presse#primaryimage"},"image":{"@id":"https:\/\/www.africa-press.net\/congo-brazzaville\/politique\/vie-des-partis-lupads-presente-ses-voeux-de-nouvel-an-a-la-presse#primaryimage"},"thumbnailUrl":"https:\/\/static.africa-press.net\/congo-brazzaville\/sites\/51\/2023\/02\/postQueueImg_1676385082.96.jpg","datePublished":"2023-02-14T18:01:17+00:00","dateModified":"2023-02-15T02:18:21+00:00","author":{"@id":"https:\/\/www.africa-press.net\/congo-brazzaville\/#\/schema\/person\/2b1cf3cd81a31e3cd26889ca66d677f1"},"description":"A l\u2019occasion de la pre\u0301sentation de ses v\u0153ux de Nouvel An a\u0300 la presse le 14 fe\u0301vrier a\u0300 Brazzaville, le premier secr ...","breadcrumb":{"@id":"https:\/\/www.africa-press.net\/congo-brazzaville\/politique\/vie-des-partis-lupads-presente-ses-voeux-de-nouvel-an-a-la-presse#breadcrumb"},"inLanguage":"fr-FR","potentialAction":[{"@type":"ReadAction","target":["https:\/\/www.africa-press.net\/congo-brazzaville\/politique\/vie-des-partis-lupads-presente-ses-voeux-de-nouvel-an-a-la-presse"]}]},{"@type":"ImageObject","inLanguage":"fr-FR","@id":"https:\/\/www.africa-press.net\/congo-brazzaville\/politique\/vie-des-partis-lupads-presente-ses-voeux-de-nouvel-an-a-la-presse#primaryimage","url":"https:\/\/static.africa-press.net\/congo-brazzaville\/sites\/51\/2023\/02\/postQueueImg_1676385082.96.jpg","contentUrl":"https:\/\/static.africa-press.net\/congo-brazzaville\/sites\/51\/2023\/02\/postQueueImg_1676385082.96.jpg","width":1023,"height":768,"caption":"Vie des partis : l'Upads pr\u00e9sente ses v\u0153ux de Nouvel An \u00e0 la presse"},{"@type":"BreadcrumbList","@id":"https:\/\/www.africa-press.net\/congo-brazzaville\/politique\/vie-des-partis-lupads-presente-ses-voeux-de-nouvel-an-a-la-presse#breadcrumb","itemListElement":[{"@type":"ListItem","position":1,"name":"Accueil","item":"https:\/\/www.africa-press.net\/congo-brazzaville\/"},{"@type":"ListItem","position":2,"name":"Vie des partis : l&rsquo;Upads pr\u00e9sente ses v\u0153ux de Nouvel An \u00e0 la presse"}]},{"@type":"WebSite","@id":"https:\/\/www.africa-press.net\/congo-brazzaville\/#website","url":"https:\/\/www.africa-press.net\/congo-brazzaville\/","name":"Congo Brazzaville","description":"Just another Africa News Agency Sites site","potentialAction":[{"@type":"SearchAction","target":{"@type":"EntryPoint","urlTemplate":"https:\/\/www.africa-press.net\/congo-brazzaville\/?s={search_term_string}"},"query-input":{"@type":"PropertyValueSpecification","valueRequired":true,"valueName":"search_term_string"}}],"inLanguage":"fr-FR"},{"@type":"Person","@id":"https:\/\/www.africa-press.net\/congo-brazzaville\/#\/schema\/person\/2b1cf3cd81a31e3cd26889ca66d677f1","name":"cfeditorfr"}]}},"_links":{"self":[{"href":"https:\/\/www.africa-press.net\/congo-brazzaville\/wp-json\/wp\/v2\/posts\/14407","targetHints":{"allow":["GET"]}}],"collection":[{"href":"https:\/\/www.africa-press.net\/congo-brazzaville\/wp-json\/wp\/v2\/posts"}],"about":[{"href":"https:\/\/www.africa-press.net\/congo-brazzaville\/wp-json\/wp\/v2\/types\/post"}],"author":[{"embeddable":true,"href":"https:\/\/www.africa-press.net\/congo-brazzaville\/wp-json\/wp\/v2\/users\/82"}],"replies":[{"embeddable":true,"href":"https:\/\/www.africa-press.net\/congo-brazzaville\/wp-json\/wp\/v2\/comments?post=14407"}],"version-history":[{"count":0,"href":"https:\/\/www.africa-press.net\/congo-brazzaville\/wp-json\/wp\/v2\/posts\/14407\/revisions"}],"wp:featuredmedia":[{"embeddable":true,"href":"https:\/\/www.africa-press.net\/congo-brazzaville\/wp-json\/wp\/v2\/media\/14406"}],"wp:attachment":[{"href":"https:\/\/www.africa-press.net\/congo-brazzaville\/wp-json\/wp\/v2\/media?parent=14407"}],"wp:term":[{"taxonomy":"category","embeddable":true,"href":"https:\/\/www.africa-press.net\/congo-brazzaville\/wp-json\/wp\/v2\/categories?post=14407"},{"taxonomy":"post_tag","embeddable":true,"href":"https:\/\/www.africa-press.net\/congo-brazzaville\/wp-json\/wp\/v2\/tags?post=14407"}],"curies":[{"name":"wp","href":"https:\/\/api.w.org\/{rel}","templated":true}]}}