{"id":14409,"date":"2023-02-14T18:01:28","date_gmt":"2023-02-14T18:01:28","guid":{"rendered":"https:\/\/www.africa-press.net\/congo-brazzaville\/politique\/insertion-professionnelle-une-enquete-devoile-le-faible-taux-demployabilite-des-jeunes"},"modified":"2023-02-15T02:18:37","modified_gmt":"2023-02-15T02:18:37","slug":"insertion-professionnelle-une-enquete-devoile-le-faible-taux-demployabilite-des-jeunes","status":"publish","type":"post","link":"https:\/\/www.africa-press.net\/congo-brazzaville\/economie\/insertion-professionnelle-une-enquete-devoile-le-faible-taux-demployabilite-des-jeunes","title":{"rendered":"Insertion professionnelle : une enqu\u00eate d\u00e9voile le faible taux d\u2019employabilit\u00e9 des jeunes"},"content":{"rendered":"<p><span style=\"color: #ff6600\"><strong>Africa-Press &#8211; Congo Brazzaville. <\/strong><\/span><b>La pre\u0301sentation, le 14 fe\u0301vrier, du rapport provisoire de l\u2019enque\u0302te sur la transition vers la vie active, Etva Congo 2022, a peint le tableau sombre du cho\u0302mage que font face les jeunes congolais scolarise\u0301s et non scolarise\u0301s.<\/b><\/p>\n<p>L\u2019Etva 2022 met exergue les diffe\u0301rents proble\u0300mes que rencontre la jeunesse apre\u0300s leur formation professionnelle et acade\u0301mique. Elle e\u0301voque e\u0301galement les moyens et processus qui ont permis a\u0300 certains jeunes d\u2019obtenir un emploi dans les secteurs public et prive\u0301. La pre\u0301sentation et la validation de ce document qui se sont de\u0301roule\u0301es en pre\u0301sence de Hugues Ngoue\u0301londe\u0301le\u0301, ministre en charge de la Jeunesse, de la Formation qualifiante et de l\u2019Emploi et retrace\u0301 le niveau de l\u2019employabilite\u0301 sur toute l\u2019e\u0301tendue du territoire national. L\u2019Etva 2022 s\u2019inscrit, en effet, dans le cadre du programme national de de\u0301veloppement 2022-2026 qui fait de la production des donne\u0301es statistiques un e\u0301le\u0301ment important.<\/p>\n<p>Cette enque\u0302te a concerne\u0301 4 311 me\u0301nages, dont 2 790 en milieu urbain et 1 521 en milieu rural ; 272 zones de de\u0301nombrement et 6 536 jeunes de la tranche d\u2019a\u0302ge de 5 a\u0300 35 ans. Elle a permis d\u2019identifier les principaux de\u0301fis rencontre\u0301s par la jeunesse congolaise lors de sa transition vers le marche\u0301 du travail. Une manie\u0300re de permettre au gouvernement d\u2019y apporter des re\u0301ponses adapte\u0301es.<\/p>\n<p>Ce document a indique\u0301, par exemple, qu\u2019un jeune diplo\u0302me\u0301 sur cinq a\u0300 un emploi, un jeune diplo\u0302me\u0301 sur quatre est au cho\u0302mage. \u00ab 68% des jeunes souhaitent travailler dans la fonction publique et 17% seulement sont enclins a\u0300 se lancer dans l\u2019entrepreneuriat. 82% des emplois agricoles sont informels et 51% travaillent au sein de l\u2019unite\u0301 familiale. 65% des jeunes aspirent a\u0300 quitter l\u2019agriculture, 37% des jeunes ne sont ni en e\u0301ducation, ni en emploi et ni en formation \u00bb, a indique\u0301 Auxence Le\u0301onard Okombi, directeur ge\u0301ne\u0301ral de la formation qualifiante et de l\u2019Emploi.<\/p>\n<p>Cette enque\u0302te qui a e\u0301te\u0301 lance\u0301e en mars 2022 a formule\u0301 quelques recommandations, dont l\u2019exploration de sa base de donne\u0301es pour alimenter la connaissance du marche\u0301 du travail congolais, vulgariser les principaux re\u0301sultats et enseignements aupre\u0300s des de\u0301cideurs pour leur permettre d\u2019adapter et mieux piloter leurs politiques publiques ainsi que l\u2019ame\u0301lioration du syste\u0300me d\u2019information sur le marche\u0301 du travail afin de favoriser l\u2019insertion professionnelle des jeunes.<\/p>\n<p>Le coordonnateur re\u0301sident du syste\u0300me des nations unies en Re\u0301publique du Congo, Chris Mburu, a salue\u0301 cette initiative qui a permis d\u2019aboutir a\u0300 un rapport national de l\u2019enque\u0302te sur la transition des jeunes vers la vie active en Re\u0301publique du Congo puis de recueillir et d\u2019analyser les informations sur les diffe\u0301rents de\u0301fis qui influent sur les jeunes.<\/p>\n<p><strong>Pour plus d&rsquo;informations et d&rsquo;analyses sur la <a href=\"https:\/\/www.africa-press.net\/congo-brazzaville\">Congo Brazzaville<\/a>, suivez <a href=\"https:\/\/www.africa-press.net\/\">Africa-Press<\/a><\/strong><\/p>\n","protected":false},"excerpt":{"rendered":"<p>Africa-Press &#8211; Congo Brazzaville. La pre\u0301sentation, le 14 fe\u0301vrier, du rapport provisoire de l\u2019enque\u0302te sur la transition vers la vie active, Etva Congo 2022, a peint le tableau sombre du cho\u0302mage que font face les jeunes congolais scolarise\u0301s et non scolarise\u0301s. L\u2019Etva 2022 met exergue les diffe\u0301rents proble\u0300mes que rencontre la jeunesse apre\u0300s leur formation [&hellip;]<\/p>\n","protected":false},"author":82,"featured_media":14408,"comment_status":"open","ping_status":"closed","sticky":false,"template":"","format":"standard","meta":{"footnotes":""},"categories":[3,10],"tags":[36,47,46],"class_list":["post-14409","post","type-post","status-publish","format-standard","has-post-thumbnail","hentry","category-economie","category-toutes-les-actualites","tag-africa-press","tag-africa-press-congo-brazzaville","tag-congo-brazzaville"],"yoast_head":"<!-- This site is optimized with the Yoast SEO Premium plugin v26.1 (Yoast SEO v27.0) - https:\/\/yoast.com\/product\/yoast-seo-premium-wordpress\/ -->\n<title>Insertion professionnelle : une enqu\u00eate d\u00e9voile le faible taux d\u2019employabilit\u00e9 des jeunes - Congo Brazzaville<\/title>\n<meta name=\"description\" content=\"La pre\u0301sentation, le 14 fe\u0301vrier, du rapport provisoire de l\u2019enque\u0302te sur la transition vers la vie active, Etva Cong ...\" \/>\n<meta name=\"robots\" content=\"index, follow, max-snippet:-1, max-image-preview:large, max-video-preview:-1\" \/>\n<link rel=\"canonical\" href=\"https:\/\/www.africa-press.net\/congo-brazzaville\/economie\/insertion-professionnelle-une-enquete-devoile-le-faible-taux-demployabilite-des-jeunes\" \/>\n<meta property=\"og:locale\" content=\"fr_FR\" \/>\n<meta property=\"og:type\" content=\"article\" \/>\n<meta property=\"og:title\" content=\"Insertion professionnelle : une enqu\u00eate d\u00e9voile le faible taux d\u2019employabilit\u00e9 des jeunes\" \/>\n<meta property=\"og:description\" content=\"La pre\u0301sentation, le 14 fe\u0301vrier, du rapport provisoire de l\u2019enque\u0302te sur la transition vers la vie active, Etva Cong ...\" \/>\n<meta property=\"og:url\" content=\"https:\/\/www.africa-press.net\/congo-brazzaville\/economie\/insertion-professionnelle-une-enquete-devoile-le-faible-taux-demployabilite-des-jeunes\" \/>\n<meta property=\"og:site_name\" content=\"Congo Brazzaville\" \/>\n<meta property=\"article:published_time\" content=\"2023-02-14T18:01:28+00:00\" \/>\n<meta property=\"article:modified_time\" content=\"2023-02-15T02:18:37+00:00\" \/>\n<meta property=\"og:image\" content=\"https:\/\/static.africa-press.net\/congo-brazzaville\/sites\/51\/2023\/02\/postQueueImg_1676385092.42.jpg\" \/>\n\t<meta property=\"og:image:width\" content=\"1749\" \/>\n\t<meta property=\"og:image:height\" content=\"768\" \/>\n\t<meta property=\"og:image:type\" content=\"image\/jpeg\" \/>\n<meta name=\"author\" content=\"cfeditorfr\" \/>\n<meta name=\"twitter:card\" content=\"summary_large_image\" \/>\n<meta name=\"twitter:label1\" content=\"\u00c9crit par\" \/>\n\t<meta name=\"twitter:data1\" content=\"cfeditorfr\" \/>\n\t<meta name=\"twitter:label2\" content=\"Dur\u00e9e de lecture estim\u00e9e\" \/>\n\t<meta name=\"twitter:data2\" content=\"2 minutes\" \/>\n<script type=\"application\/ld+json\" class=\"yoast-schema-graph\">{\"@context\":\"https:\/\/schema.org\",\"@graph\":[{\"@type\":\"Article\",\"@id\":\"https:\/\/www.africa-press.net\/congo-brazzaville\/economie\/insertion-professionnelle-une-enquete-devoile-le-faible-taux-demployabilite-des-jeunes#article\",\"isPartOf\":{\"@id\":\"https:\/\/www.africa-press.net\/congo-brazzaville\/economie\/insertion-professionnelle-une-enquete-devoile-le-faible-taux-demployabilite-des-jeunes\"},\"author\":{\"name\":\"cfeditorfr\",\"@id\":\"https:\/\/www.africa-press.net\/congo-brazzaville\/#\/schema\/person\/2b1cf3cd81a31e3cd26889ca66d677f1\"},\"headline\":\"Insertion professionnelle : une enqu\u00eate d\u00e9voile le faible taux d\u2019employabilit\u00e9 des jeunes\",\"datePublished\":\"2023-02-14T18:01:28+00:00\",\"dateModified\":\"2023-02-15T02:18:37+00:00\",\"mainEntityOfPage\":{\"@id\":\"https:\/\/www.africa-press.net\/congo-brazzaville\/economie\/insertion-professionnelle-une-enquete-devoile-le-faible-taux-demployabilite-des-jeunes\"},\"wordCount\":513,\"commentCount\":0,\"image\":{\"@id\":\"https:\/\/www.africa-press.net\/congo-brazzaville\/economie\/insertion-professionnelle-une-enquete-devoile-le-faible-taux-demployabilite-des-jeunes#primaryimage\"},\"thumbnailUrl\":\"https:\/\/static.africa-press.net\/congo-brazzaville\/sites\/51\/2023\/02\/postQueueImg_1676385092.42.jpg\",\"keywords\":[\"Africa Press\",\"Africa Press-Congo Brazzaville\",\"Congo Brazzaville\"],\"articleSection\":[\"\u00c9conomie\",\"Toutes les actualit\u00e9s\"],\"inLanguage\":\"fr-FR\",\"potentialAction\":[{\"@type\":\"CommentAction\",\"name\":\"Comment\",\"target\":[\"https:\/\/www.africa-press.net\/congo-brazzaville\/economie\/insertion-professionnelle-une-enquete-devoile-le-faible-taux-demployabilite-des-jeunes#respond\"]}]},{\"@type\":\"WebPage\",\"@id\":\"https:\/\/www.africa-press.net\/congo-brazzaville\/economie\/insertion-professionnelle-une-enquete-devoile-le-faible-taux-demployabilite-des-jeunes\",\"url\":\"https:\/\/www.africa-press.net\/congo-brazzaville\/economie\/insertion-professionnelle-une-enquete-devoile-le-faible-taux-demployabilite-des-jeunes\",\"name\":\"Insertion professionnelle : une enqu\u00eate d\u00e9voile le faible taux d\u2019employabilit\u00e9 des jeunes - Congo Brazzaville\",\"isPartOf\":{\"@id\":\"https:\/\/www.africa-press.net\/congo-brazzaville\/#website\"},\"primaryImageOfPage\":{\"@id\":\"https:\/\/www.africa-press.net\/congo-brazzaville\/economie\/insertion-professionnelle-une-enquete-devoile-le-faible-taux-demployabilite-des-jeunes#primaryimage\"},\"image\":{\"@id\":\"https:\/\/www.africa-press.net\/congo-brazzaville\/economie\/insertion-professionnelle-une-enquete-devoile-le-faible-taux-demployabilite-des-jeunes#primaryimage\"},\"thumbnailUrl\":\"https:\/\/static.africa-press.net\/congo-brazzaville\/sites\/51\/2023\/02\/postQueueImg_1676385092.42.jpg\",\"datePublished\":\"2023-02-14T18:01:28+00:00\",\"dateModified\":\"2023-02-15T02:18:37+00:00\",\"author\":{\"@id\":\"https:\/\/www.africa-press.net\/congo-brazzaville\/#\/schema\/person\/2b1cf3cd81a31e3cd26889ca66d677f1\"},\"description\":\"La pre\u0301sentation, le 14 fe\u0301vrier, du rapport provisoire de l\u2019enque\u0302te sur la transition vers la vie active, Etva Cong ...\",\"breadcrumb\":{\"@id\":\"https:\/\/www.africa-press.net\/congo-brazzaville\/economie\/insertion-professionnelle-une-enquete-devoile-le-faible-taux-demployabilite-des-jeunes#breadcrumb\"},\"inLanguage\":\"fr-FR\",\"potentialAction\":[{\"@type\":\"ReadAction\",\"target\":[\"https:\/\/www.africa-press.net\/congo-brazzaville\/economie\/insertion-professionnelle-une-enquete-devoile-le-faible-taux-demployabilite-des-jeunes\"]}]},{\"@type\":\"ImageObject\",\"inLanguage\":\"fr-FR\",\"@id\":\"https:\/\/www.africa-press.net\/congo-brazzaville\/economie\/insertion-professionnelle-une-enquete-devoile-le-faible-taux-demployabilite-des-jeunes#primaryimage\",\"url\":\"https:\/\/static.africa-press.net\/congo-brazzaville\/sites\/51\/2023\/02\/postQueueImg_1676385092.42.jpg\",\"contentUrl\":\"https:\/\/static.africa-press.net\/congo-brazzaville\/sites\/51\/2023\/02\/postQueueImg_1676385092.42.jpg\",\"width\":1749,\"height\":768,\"caption\":\"Insertion professionnelle : une enqu\u00eate d\u00e9voile le faible taux d\u2019employabilit\u00e9 des jeunes\"},{\"@type\":\"BreadcrumbList\",\"@id\":\"https:\/\/www.africa-press.net\/congo-brazzaville\/economie\/insertion-professionnelle-une-enquete-devoile-le-faible-taux-demployabilite-des-jeunes#breadcrumb\",\"itemListElement\":[{\"@type\":\"ListItem\",\"position\":1,\"name\":\"Accueil\",\"item\":\"https:\/\/www.africa-press.net\/congo-brazzaville\/\"},{\"@type\":\"ListItem\",\"position\":2,\"name\":\"Insertion professionnelle : une enqu\u00eate d\u00e9voile le faible taux d\u2019employabilit\u00e9 des jeunes\"}]},{\"@type\":\"WebSite\",\"@id\":\"https:\/\/www.africa-press.net\/congo-brazzaville\/#website\",\"url\":\"https:\/\/www.africa-press.net\/congo-brazzaville\/\",\"name\":\"Congo Brazzaville\",\"description\":\"Just another Africa News Agency Sites site\",\"potentialAction\":[{\"@type\":\"SearchAction\",\"target\":{\"@type\":\"EntryPoint\",\"urlTemplate\":\"https:\/\/www.africa-press.net\/congo-brazzaville\/?s={search_term_string}\"},\"query-input\":{\"@type\":\"PropertyValueSpecification\",\"valueRequired\":true,\"valueName\":\"search_term_string\"}}],\"inLanguage\":\"fr-FR\"},{\"@type\":\"Person\",\"@id\":\"https:\/\/www.africa-press.net\/congo-brazzaville\/#\/schema\/person\/2b1cf3cd81a31e3cd26889ca66d677f1\",\"name\":\"cfeditorfr\"}]}<\/script>\n<!-- \/ Yoast SEO Premium plugin. -->","yoast_head_json":{"title":"Insertion professionnelle : une enqu\u00eate d\u00e9voile le faible taux d\u2019employabilit\u00e9 des jeunes - Congo Brazzaville","description":"La pre\u0301sentation, le 14 fe\u0301vrier, du rapport provisoire de l\u2019enque\u0302te sur la transition vers la vie active, Etva Cong ...","robots":{"index":"index","follow":"follow","max-snippet":"max-snippet:-1","max-image-preview":"max-image-preview:large","max-video-preview":"max-video-preview:-1"},"canonical":"https:\/\/www.africa-press.net\/congo-brazzaville\/economie\/insertion-professionnelle-une-enquete-devoile-le-faible-taux-demployabilite-des-jeunes","og_locale":"fr_FR","og_type":"article","og_title":"Insertion professionnelle : une enqu\u00eate d\u00e9voile le faible taux d\u2019employabilit\u00e9 des jeunes","og_description":"La pre\u0301sentation, le 14 fe\u0301vrier, du rapport provisoire de l\u2019enque\u0302te sur la transition vers la vie active, Etva Cong ...","og_url":"https:\/\/www.africa-press.net\/congo-brazzaville\/economie\/insertion-professionnelle-une-enquete-devoile-le-faible-taux-demployabilite-des-jeunes","og_site_name":"Congo Brazzaville","article_published_time":"2023-02-14T18:01:28+00:00","article_modified_time":"2023-02-15T02:18:37+00:00","og_image":[{"width":1749,"height":768,"url":"https:\/\/static.africa-press.net\/congo-brazzaville\/sites\/51\/2023\/02\/postQueueImg_1676385092.42.jpg","type":"image\/jpeg"}],"author":"cfeditorfr","twitter_card":"summary_large_image","twitter_misc":{"\u00c9crit par":"cfeditorfr","Dur\u00e9e de lecture estim\u00e9e":"2 minutes"},"schema":{"@context":"https:\/\/schema.org","@graph":[{"@type":"Article","@id":"https:\/\/www.africa-press.net\/congo-brazzaville\/economie\/insertion-professionnelle-une-enquete-devoile-le-faible-taux-demployabilite-des-jeunes#article","isPartOf":{"@id":"https:\/\/www.africa-press.net\/congo-brazzaville\/economie\/insertion-professionnelle-une-enquete-devoile-le-faible-taux-demployabilite-des-jeunes"},"author":{"name":"cfeditorfr","@id":"https:\/\/www.africa-press.net\/congo-brazzaville\/#\/schema\/person\/2b1cf3cd81a31e3cd26889ca66d677f1"},"headline":"Insertion professionnelle : une enqu\u00eate d\u00e9voile le faible taux d\u2019employabilit\u00e9 des jeunes","datePublished":"2023-02-14T18:01:28+00:00","dateModified":"2023-02-15T02:18:37+00:00","mainEntityOfPage":{"@id":"https:\/\/www.africa-press.net\/congo-brazzaville\/economie\/insertion-professionnelle-une-enquete-devoile-le-faible-taux-demployabilite-des-jeunes"},"wordCount":513,"commentCount":0,"image":{"@id":"https:\/\/www.africa-press.net\/congo-brazzaville\/economie\/insertion-professionnelle-une-enquete-devoile-le-faible-taux-demployabilite-des-jeunes#primaryimage"},"thumbnailUrl":"https:\/\/static.africa-press.net\/congo-brazzaville\/sites\/51\/2023\/02\/postQueueImg_1676385092.42.jpg","keywords":["Africa Press","Africa Press-Congo Brazzaville","Congo Brazzaville"],"articleSection":["\u00c9conomie","Toutes les actualit\u00e9s"],"inLanguage":"fr-FR","potentialAction":[{"@type":"CommentAction","name":"Comment","target":["https:\/\/www.africa-press.net\/congo-brazzaville\/economie\/insertion-professionnelle-une-enquete-devoile-le-faible-taux-demployabilite-des-jeunes#respond"]}]},{"@type":"WebPage","@id":"https:\/\/www.africa-press.net\/congo-brazzaville\/economie\/insertion-professionnelle-une-enquete-devoile-le-faible-taux-demployabilite-des-jeunes","url":"https:\/\/www.africa-press.net\/congo-brazzaville\/economie\/insertion-professionnelle-une-enquete-devoile-le-faible-taux-demployabilite-des-jeunes","name":"Insertion professionnelle : une enqu\u00eate d\u00e9voile le faible taux d\u2019employabilit\u00e9 des jeunes - Congo Brazzaville","isPartOf":{"@id":"https:\/\/www.africa-press.net\/congo-brazzaville\/#website"},"primaryImageOfPage":{"@id":"https:\/\/www.africa-press.net\/congo-brazzaville\/economie\/insertion-professionnelle-une-enquete-devoile-le-faible-taux-demployabilite-des-jeunes#primaryimage"},"image":{"@id":"https:\/\/www.africa-press.net\/congo-brazzaville\/economie\/insertion-professionnelle-une-enquete-devoile-le-faible-taux-demployabilite-des-jeunes#primaryimage"},"thumbnailUrl":"https:\/\/static.africa-press.net\/congo-brazzaville\/sites\/51\/2023\/02\/postQueueImg_1676385092.42.jpg","datePublished":"2023-02-14T18:01:28+00:00","dateModified":"2023-02-15T02:18:37+00:00","author":{"@id":"https:\/\/www.africa-press.net\/congo-brazzaville\/#\/schema\/person\/2b1cf3cd81a31e3cd26889ca66d677f1"},"description":"La pre\u0301sentation, le 14 fe\u0301vrier, du rapport provisoire de l\u2019enque\u0302te sur la transition vers la vie active, Etva Cong ...","breadcrumb":{"@id":"https:\/\/www.africa-press.net\/congo-brazzaville\/economie\/insertion-professionnelle-une-enquete-devoile-le-faible-taux-demployabilite-des-jeunes#breadcrumb"},"inLanguage":"fr-FR","potentialAction":[{"@type":"ReadAction","target":["https:\/\/www.africa-press.net\/congo-brazzaville\/economie\/insertion-professionnelle-une-enquete-devoile-le-faible-taux-demployabilite-des-jeunes"]}]},{"@type":"ImageObject","inLanguage":"fr-FR","@id":"https:\/\/www.africa-press.net\/congo-brazzaville\/economie\/insertion-professionnelle-une-enquete-devoile-le-faible-taux-demployabilite-des-jeunes#primaryimage","url":"https:\/\/static.africa-press.net\/congo-brazzaville\/sites\/51\/2023\/02\/postQueueImg_1676385092.42.jpg","contentUrl":"https:\/\/static.africa-press.net\/congo-brazzaville\/sites\/51\/2023\/02\/postQueueImg_1676385092.42.jpg","width":1749,"height":768,"caption":"Insertion professionnelle : une enqu\u00eate d\u00e9voile le faible taux d\u2019employabilit\u00e9 des jeunes"},{"@type":"BreadcrumbList","@id":"https:\/\/www.africa-press.net\/congo-brazzaville\/economie\/insertion-professionnelle-une-enquete-devoile-le-faible-taux-demployabilite-des-jeunes#breadcrumb","itemListElement":[{"@type":"ListItem","position":1,"name":"Accueil","item":"https:\/\/www.africa-press.net\/congo-brazzaville\/"},{"@type":"ListItem","position":2,"name":"Insertion professionnelle : une enqu\u00eate d\u00e9voile le faible taux d\u2019employabilit\u00e9 des jeunes"}]},{"@type":"WebSite","@id":"https:\/\/www.africa-press.net\/congo-brazzaville\/#website","url":"https:\/\/www.africa-press.net\/congo-brazzaville\/","name":"Congo Brazzaville","description":"Just another Africa News Agency Sites site","potentialAction":[{"@type":"SearchAction","target":{"@type":"EntryPoint","urlTemplate":"https:\/\/www.africa-press.net\/congo-brazzaville\/?s={search_term_string}"},"query-input":{"@type":"PropertyValueSpecification","valueRequired":true,"valueName":"search_term_string"}}],"inLanguage":"fr-FR"},{"@type":"Person","@id":"https:\/\/www.africa-press.net\/congo-brazzaville\/#\/schema\/person\/2b1cf3cd81a31e3cd26889ca66d677f1","name":"cfeditorfr"}]}},"_links":{"self":[{"href":"https:\/\/www.africa-press.net\/congo-brazzaville\/wp-json\/wp\/v2\/posts\/14409","targetHints":{"allow":["GET"]}}],"collection":[{"href":"https:\/\/www.africa-press.net\/congo-brazzaville\/wp-json\/wp\/v2\/posts"}],"about":[{"href":"https:\/\/www.africa-press.net\/congo-brazzaville\/wp-json\/wp\/v2\/types\/post"}],"author":[{"embeddable":true,"href":"https:\/\/www.africa-press.net\/congo-brazzaville\/wp-json\/wp\/v2\/users\/82"}],"replies":[{"embeddable":true,"href":"https:\/\/www.africa-press.net\/congo-brazzaville\/wp-json\/wp\/v2\/comments?post=14409"}],"version-history":[{"count":0,"href":"https:\/\/www.africa-press.net\/congo-brazzaville\/wp-json\/wp\/v2\/posts\/14409\/revisions"}],"wp:featuredmedia":[{"embeddable":true,"href":"https:\/\/www.africa-press.net\/congo-brazzaville\/wp-json\/wp\/v2\/media\/14408"}],"wp:attachment":[{"href":"https:\/\/www.africa-press.net\/congo-brazzaville\/wp-json\/wp\/v2\/media?parent=14409"}],"wp:term":[{"taxonomy":"category","embeddable":true,"href":"https:\/\/www.africa-press.net\/congo-brazzaville\/wp-json\/wp\/v2\/categories?post=14409"},{"taxonomy":"post_tag","embeddable":true,"href":"https:\/\/www.africa-press.net\/congo-brazzaville\/wp-json\/wp\/v2\/tags?post=14409"}],"curies":[{"name":"wp","href":"https:\/\/api.w.org\/{rel}","templated":true}]}}