{"id":14411,"date":"2023-02-14T18:01:44","date_gmt":"2023-02-14T18:01:44","guid":{"rendered":"https:\/\/www.africa-press.net\/congo-brazzaville\/politique\/cooperation-la-vice-presidente-du-gabon-recue-a-brazzaville"},"modified":"2023-02-15T02:18:53","modified_gmt":"2023-02-15T02:18:53","slug":"cooperation-la-vice-presidente-du-gabon-recue-a-brazzaville","status":"publish","type":"post","link":"https:\/\/www.africa-press.net\/congo-brazzaville\/politique\/cooperation-la-vice-presidente-du-gabon-recue-a-brazzaville","title":{"rendered":"Coop\u00e9ration : la vice-pr\u00e9sidente du Gabon re\u00e7ue \u00e0 Brazzaville"},"content":{"rendered":"<p><span style=\"color: #ff6600\"><strong>Africa-Press &#8211; Congo Brazzaville. <\/strong><\/span><b>La vice-pre\u0301sidente du Gabon, Rose Christiane Ossouka Raponda, a e\u0301te\u0301 rec\u0327ue le 14 fe\u0301vrier a\u0300 Brazzaville par le chef de l\u2019Etat congolais, Denis Sassou N\u2019Guesso. Elle a e\u0301te\u0301 porteuse d\u2019un message e\u0301crit du pre\u0301sident gabonais, Ali Bongo Ondimba, a\u0300 son homologue du Congo.<\/b><\/p>\n<p>La vice-pre\u0301sidente du Gabon a rappele\u0301 a\u0300 l\u2019issue de l\u2019audience que les deux pays entretiennent des relations cordiales et fraternelles. Selon elle, son pays et le Congo partagent des points de vue communs sur un certain nombre de questions, notamment dans le domaine de l\u2019environnement.<\/p>\n<p>\u00ab Les questions environnementales sont tre\u0300s importantes. Le pre\u0301sident Emmanuel Macron avait de\u0301cide\u0301, lors d\u2019une re\u0301union internationale, que le Gabon et la France organisent a\u0300 Libreville, de manie\u0300re co-responsable, une rencontre que nous appelons \u2019\u2019 One forest summit\u2019\u2019 pour trouver des solutions dans le cadre de la pre\u0301servation du secteur forestier et de la biodiversite\u0301 \u00bb, a indique\u0301 Rose Christiane Ossouka Raponda.<\/p>\n<p>\u00ab C\u2019est tre\u0300s important. Cette re\u0301union aura lieu entre le 1er et le 3 mars prochain. Il faudrait trouver des financements innovants pour nos deux pays dont le massif forestier est important en matie\u0300re de cre\u0301dit carbone \u00bb, a-t-elle ajoute\u0301.<\/p>\n<p>Pre\u0301sident de la Commission climat du Bassin du Congo, le pre\u0301sident Denis Sassou N\u2019Guesso prendra part a\u0300 ces assises de la capitale gabonaise aux co\u0302te\u0301s d\u2019autres chefs d\u2019Etat et des spe\u0301cialistes des questions environnementales.<\/p>\n<p><strong>Pour plus d&rsquo;informations et d&rsquo;analyses sur la <a href=\"https:\/\/www.africa-press.net\/congo-brazzaville\">Congo Brazzaville<\/a>, suivez <a href=\"https:\/\/www.africa-press.net\/\">Africa-Press<\/a><\/strong><\/p>\n","protected":false},"excerpt":{"rendered":"<p>Africa-Press &#8211; Congo Brazzaville. La vice-pre\u0301sidente du Gabon, Rose Christiane Ossouka Raponda, a e\u0301te\u0301 rec\u0327ue le 14 fe\u0301vrier a\u0300 Brazzaville par le chef de l\u2019Etat congolais, Denis Sassou N\u2019Guesso. Elle a e\u0301te\u0301 porteuse d\u2019un message e\u0301crit du pre\u0301sident gabonais, Ali Bongo Ondimba, a\u0300 son homologue du Congo. La vice-pre\u0301sidente du Gabon a rappele\u0301 a\u0300 l\u2019issue [&hellip;]<\/p>\n","protected":false},"author":82,"featured_media":14410,"comment_status":"open","ping_status":"closed","sticky":false,"template":"","format":"standard","meta":{"footnotes":""},"categories":[2,20,10],"tags":[36,47,46],"class_list":["post-14411","post","type-post","status-publish","format-standard","has-post-thumbnail","hentry","category-politique","category-top-nouvelles","category-toutes-les-actualites","tag-africa-press","tag-africa-press-congo-brazzaville","tag-congo-brazzaville"],"yoast_head":"<!-- This site is optimized with the Yoast SEO Premium plugin v26.1 (Yoast SEO v27.0) - https:\/\/yoast.com\/product\/yoast-seo-premium-wordpress\/ -->\n<title>Coop\u00e9ration : la vice-pr\u00e9sidente du Gabon re\u00e7ue \u00e0 Brazzaville - Congo Brazzaville<\/title>\n<meta name=\"description\" content=\"La vice-pre\u0301sidente du Gabon, Rose Christiane Ossouka Raponda, a e\u0301te\u0301 rec\u0327ue le 14 fe\u0301vrier a\u0300 Brazzaville par le ch ...\" \/>\n<meta name=\"robots\" content=\"index, follow, max-snippet:-1, max-image-preview:large, max-video-preview:-1\" \/>\n<link rel=\"canonical\" href=\"https:\/\/www.africa-press.net\/congo-brazzaville\/politique\/cooperation-la-vice-presidente-du-gabon-recue-a-brazzaville\" \/>\n<meta property=\"og:locale\" content=\"fr_FR\" \/>\n<meta property=\"og:type\" content=\"article\" \/>\n<meta property=\"og:title\" content=\"Coop\u00e9ration : la vice-pr\u00e9sidente du Gabon re\u00e7ue \u00e0 Brazzaville\" \/>\n<meta property=\"og:description\" content=\"La vice-pre\u0301sidente du Gabon, Rose Christiane Ossouka Raponda, a e\u0301te\u0301 rec\u0327ue le 14 fe\u0301vrier a\u0300 Brazzaville par le ch ...\" \/>\n<meta property=\"og:url\" content=\"https:\/\/www.africa-press.net\/congo-brazzaville\/politique\/cooperation-la-vice-presidente-du-gabon-recue-a-brazzaville\" \/>\n<meta property=\"og:site_name\" content=\"Congo Brazzaville\" \/>\n<meta property=\"article:published_time\" content=\"2023-02-14T18:01:44+00:00\" \/>\n<meta property=\"article:modified_time\" content=\"2023-02-15T02:18:53+00:00\" \/>\n<meta property=\"og:image\" content=\"https:\/\/static.africa-press.net\/congo-brazzaville\/sites\/51\/2023\/02\/postQueueImg_1676385111.41.jpg\" \/>\n\t<meta property=\"og:image:width\" content=\"1080\" \/>\n\t<meta property=\"og:image:height\" content=\"720\" \/>\n\t<meta property=\"og:image:type\" content=\"image\/jpeg\" \/>\n<meta name=\"author\" content=\"cfeditorfr\" \/>\n<meta name=\"twitter:card\" content=\"summary_large_image\" \/>\n<meta name=\"twitter:label1\" content=\"\u00c9crit par\" \/>\n\t<meta name=\"twitter:data1\" content=\"cfeditorfr\" \/>\n\t<meta name=\"twitter:label2\" content=\"Dur\u00e9e de lecture estim\u00e9e\" \/>\n\t<meta name=\"twitter:data2\" content=\"1 minute\" \/>\n<script type=\"application\/ld+json\" class=\"yoast-schema-graph\">{\"@context\":\"https:\/\/schema.org\",\"@graph\":[{\"@type\":\"Article\",\"@id\":\"https:\/\/www.africa-press.net\/congo-brazzaville\/politique\/cooperation-la-vice-presidente-du-gabon-recue-a-brazzaville#article\",\"isPartOf\":{\"@id\":\"https:\/\/www.africa-press.net\/congo-brazzaville\/politique\/cooperation-la-vice-presidente-du-gabon-recue-a-brazzaville\"},\"author\":{\"name\":\"cfeditorfr\",\"@id\":\"https:\/\/www.africa-press.net\/congo-brazzaville\/#\/schema\/person\/2b1cf3cd81a31e3cd26889ca66d677f1\"},\"headline\":\"Coop\u00e9ration : la vice-pr\u00e9sidente du Gabon re\u00e7ue \u00e0 Brazzaville\",\"datePublished\":\"2023-02-14T18:01:44+00:00\",\"dateModified\":\"2023-02-15T02:18:53+00:00\",\"mainEntityOfPage\":{\"@id\":\"https:\/\/www.africa-press.net\/congo-brazzaville\/politique\/cooperation-la-vice-presidente-du-gabon-recue-a-brazzaville\"},\"wordCount\":278,\"commentCount\":0,\"image\":{\"@id\":\"https:\/\/www.africa-press.net\/congo-brazzaville\/politique\/cooperation-la-vice-presidente-du-gabon-recue-a-brazzaville#primaryimage\"},\"thumbnailUrl\":\"https:\/\/static.africa-press.net\/congo-brazzaville\/sites\/51\/2023\/02\/postQueueImg_1676385111.41.jpg\",\"keywords\":[\"Africa Press\",\"Africa Press-Congo Brazzaville\",\"Congo Brazzaville\"],\"articleSection\":[\"Politique\",\"Top Nouvelles\",\"Toutes les actualit\u00e9s\"],\"inLanguage\":\"fr-FR\",\"potentialAction\":[{\"@type\":\"CommentAction\",\"name\":\"Comment\",\"target\":[\"https:\/\/www.africa-press.net\/congo-brazzaville\/politique\/cooperation-la-vice-presidente-du-gabon-recue-a-brazzaville#respond\"]}]},{\"@type\":\"WebPage\",\"@id\":\"https:\/\/www.africa-press.net\/congo-brazzaville\/politique\/cooperation-la-vice-presidente-du-gabon-recue-a-brazzaville\",\"url\":\"https:\/\/www.africa-press.net\/congo-brazzaville\/politique\/cooperation-la-vice-presidente-du-gabon-recue-a-brazzaville\",\"name\":\"Coop\u00e9ration : la vice-pr\u00e9sidente du Gabon re\u00e7ue \u00e0 Brazzaville - Congo Brazzaville\",\"isPartOf\":{\"@id\":\"https:\/\/www.africa-press.net\/congo-brazzaville\/#website\"},\"primaryImageOfPage\":{\"@id\":\"https:\/\/www.africa-press.net\/congo-brazzaville\/politique\/cooperation-la-vice-presidente-du-gabon-recue-a-brazzaville#primaryimage\"},\"image\":{\"@id\":\"https:\/\/www.africa-press.net\/congo-brazzaville\/politique\/cooperation-la-vice-presidente-du-gabon-recue-a-brazzaville#primaryimage\"},\"thumbnailUrl\":\"https:\/\/static.africa-press.net\/congo-brazzaville\/sites\/51\/2023\/02\/postQueueImg_1676385111.41.jpg\",\"datePublished\":\"2023-02-14T18:01:44+00:00\",\"dateModified\":\"2023-02-15T02:18:53+00:00\",\"author\":{\"@id\":\"https:\/\/www.africa-press.net\/congo-brazzaville\/#\/schema\/person\/2b1cf3cd81a31e3cd26889ca66d677f1\"},\"description\":\"La vice-pre\u0301sidente du Gabon, Rose Christiane Ossouka Raponda, a e\u0301te\u0301 rec\u0327ue le 14 fe\u0301vrier a\u0300 Brazzaville par le ch ...\",\"breadcrumb\":{\"@id\":\"https:\/\/www.africa-press.net\/congo-brazzaville\/politique\/cooperation-la-vice-presidente-du-gabon-recue-a-brazzaville#breadcrumb\"},\"inLanguage\":\"fr-FR\",\"potentialAction\":[{\"@type\":\"ReadAction\",\"target\":[\"https:\/\/www.africa-press.net\/congo-brazzaville\/politique\/cooperation-la-vice-presidente-du-gabon-recue-a-brazzaville\"]}]},{\"@type\":\"ImageObject\",\"inLanguage\":\"fr-FR\",\"@id\":\"https:\/\/www.africa-press.net\/congo-brazzaville\/politique\/cooperation-la-vice-presidente-du-gabon-recue-a-brazzaville#primaryimage\",\"url\":\"https:\/\/static.africa-press.net\/congo-brazzaville\/sites\/51\/2023\/02\/postQueueImg_1676385111.41.jpg\",\"contentUrl\":\"https:\/\/static.africa-press.net\/congo-brazzaville\/sites\/51\/2023\/02\/postQueueImg_1676385111.41.jpg\",\"width\":1080,\"height\":720,\"caption\":\"Coop\u00e9ration : la vice-pr\u00e9sidente du Gabon re\u00e7ue \u00e0 Brazzaville\"},{\"@type\":\"BreadcrumbList\",\"@id\":\"https:\/\/www.africa-press.net\/congo-brazzaville\/politique\/cooperation-la-vice-presidente-du-gabon-recue-a-brazzaville#breadcrumb\",\"itemListElement\":[{\"@type\":\"ListItem\",\"position\":1,\"name\":\"Accueil\",\"item\":\"https:\/\/www.africa-press.net\/congo-brazzaville\/\"},{\"@type\":\"ListItem\",\"position\":2,\"name\":\"Coop\u00e9ration : la vice-pr\u00e9sidente du Gabon re\u00e7ue \u00e0 Brazzaville\"}]},{\"@type\":\"WebSite\",\"@id\":\"https:\/\/www.africa-press.net\/congo-brazzaville\/#website\",\"url\":\"https:\/\/www.africa-press.net\/congo-brazzaville\/\",\"name\":\"Congo Brazzaville\",\"description\":\"Just another Africa News Agency Sites site\",\"potentialAction\":[{\"@type\":\"SearchAction\",\"target\":{\"@type\":\"EntryPoint\",\"urlTemplate\":\"https:\/\/www.africa-press.net\/congo-brazzaville\/?s={search_term_string}\"},\"query-input\":{\"@type\":\"PropertyValueSpecification\",\"valueRequired\":true,\"valueName\":\"search_term_string\"}}],\"inLanguage\":\"fr-FR\"},{\"@type\":\"Person\",\"@id\":\"https:\/\/www.africa-press.net\/congo-brazzaville\/#\/schema\/person\/2b1cf3cd81a31e3cd26889ca66d677f1\",\"name\":\"cfeditorfr\"}]}<\/script>\n<!-- \/ Yoast SEO Premium plugin. -->","yoast_head_json":{"title":"Coop\u00e9ration : la vice-pr\u00e9sidente du Gabon re\u00e7ue \u00e0 Brazzaville - Congo Brazzaville","description":"La vice-pre\u0301sidente du Gabon, Rose Christiane Ossouka Raponda, a e\u0301te\u0301 rec\u0327ue le 14 fe\u0301vrier a\u0300 Brazzaville par le ch ...","robots":{"index":"index","follow":"follow","max-snippet":"max-snippet:-1","max-image-preview":"max-image-preview:large","max-video-preview":"max-video-preview:-1"},"canonical":"https:\/\/www.africa-press.net\/congo-brazzaville\/politique\/cooperation-la-vice-presidente-du-gabon-recue-a-brazzaville","og_locale":"fr_FR","og_type":"article","og_title":"Coop\u00e9ration : la vice-pr\u00e9sidente du Gabon re\u00e7ue \u00e0 Brazzaville","og_description":"La vice-pre\u0301sidente du Gabon, Rose Christiane Ossouka Raponda, a e\u0301te\u0301 rec\u0327ue le 14 fe\u0301vrier a\u0300 Brazzaville par le ch ...","og_url":"https:\/\/www.africa-press.net\/congo-brazzaville\/politique\/cooperation-la-vice-presidente-du-gabon-recue-a-brazzaville","og_site_name":"Congo Brazzaville","article_published_time":"2023-02-14T18:01:44+00:00","article_modified_time":"2023-02-15T02:18:53+00:00","og_image":[{"width":1080,"height":720,"url":"https:\/\/static.africa-press.net\/congo-brazzaville\/sites\/51\/2023\/02\/postQueueImg_1676385111.41.jpg","type":"image\/jpeg"}],"author":"cfeditorfr","twitter_card":"summary_large_image","twitter_misc":{"\u00c9crit par":"cfeditorfr","Dur\u00e9e de lecture estim\u00e9e":"1 minute"},"schema":{"@context":"https:\/\/schema.org","@graph":[{"@type":"Article","@id":"https:\/\/www.africa-press.net\/congo-brazzaville\/politique\/cooperation-la-vice-presidente-du-gabon-recue-a-brazzaville#article","isPartOf":{"@id":"https:\/\/www.africa-press.net\/congo-brazzaville\/politique\/cooperation-la-vice-presidente-du-gabon-recue-a-brazzaville"},"author":{"name":"cfeditorfr","@id":"https:\/\/www.africa-press.net\/congo-brazzaville\/#\/schema\/person\/2b1cf3cd81a31e3cd26889ca66d677f1"},"headline":"Coop\u00e9ration : la vice-pr\u00e9sidente du Gabon re\u00e7ue \u00e0 Brazzaville","datePublished":"2023-02-14T18:01:44+00:00","dateModified":"2023-02-15T02:18:53+00:00","mainEntityOfPage":{"@id":"https:\/\/www.africa-press.net\/congo-brazzaville\/politique\/cooperation-la-vice-presidente-du-gabon-recue-a-brazzaville"},"wordCount":278,"commentCount":0,"image":{"@id":"https:\/\/www.africa-press.net\/congo-brazzaville\/politique\/cooperation-la-vice-presidente-du-gabon-recue-a-brazzaville#primaryimage"},"thumbnailUrl":"https:\/\/static.africa-press.net\/congo-brazzaville\/sites\/51\/2023\/02\/postQueueImg_1676385111.41.jpg","keywords":["Africa Press","Africa Press-Congo Brazzaville","Congo Brazzaville"],"articleSection":["Politique","Top Nouvelles","Toutes les actualit\u00e9s"],"inLanguage":"fr-FR","potentialAction":[{"@type":"CommentAction","name":"Comment","target":["https:\/\/www.africa-press.net\/congo-brazzaville\/politique\/cooperation-la-vice-presidente-du-gabon-recue-a-brazzaville#respond"]}]},{"@type":"WebPage","@id":"https:\/\/www.africa-press.net\/congo-brazzaville\/politique\/cooperation-la-vice-presidente-du-gabon-recue-a-brazzaville","url":"https:\/\/www.africa-press.net\/congo-brazzaville\/politique\/cooperation-la-vice-presidente-du-gabon-recue-a-brazzaville","name":"Coop\u00e9ration : la vice-pr\u00e9sidente du Gabon re\u00e7ue \u00e0 Brazzaville - Congo Brazzaville","isPartOf":{"@id":"https:\/\/www.africa-press.net\/congo-brazzaville\/#website"},"primaryImageOfPage":{"@id":"https:\/\/www.africa-press.net\/congo-brazzaville\/politique\/cooperation-la-vice-presidente-du-gabon-recue-a-brazzaville#primaryimage"},"image":{"@id":"https:\/\/www.africa-press.net\/congo-brazzaville\/politique\/cooperation-la-vice-presidente-du-gabon-recue-a-brazzaville#primaryimage"},"thumbnailUrl":"https:\/\/static.africa-press.net\/congo-brazzaville\/sites\/51\/2023\/02\/postQueueImg_1676385111.41.jpg","datePublished":"2023-02-14T18:01:44+00:00","dateModified":"2023-02-15T02:18:53+00:00","author":{"@id":"https:\/\/www.africa-press.net\/congo-brazzaville\/#\/schema\/person\/2b1cf3cd81a31e3cd26889ca66d677f1"},"description":"La vice-pre\u0301sidente du Gabon, Rose Christiane Ossouka Raponda, a e\u0301te\u0301 rec\u0327ue le 14 fe\u0301vrier a\u0300 Brazzaville par le ch ...","breadcrumb":{"@id":"https:\/\/www.africa-press.net\/congo-brazzaville\/politique\/cooperation-la-vice-presidente-du-gabon-recue-a-brazzaville#breadcrumb"},"inLanguage":"fr-FR","potentialAction":[{"@type":"ReadAction","target":["https:\/\/www.africa-press.net\/congo-brazzaville\/politique\/cooperation-la-vice-presidente-du-gabon-recue-a-brazzaville"]}]},{"@type":"ImageObject","inLanguage":"fr-FR","@id":"https:\/\/www.africa-press.net\/congo-brazzaville\/politique\/cooperation-la-vice-presidente-du-gabon-recue-a-brazzaville#primaryimage","url":"https:\/\/static.africa-press.net\/congo-brazzaville\/sites\/51\/2023\/02\/postQueueImg_1676385111.41.jpg","contentUrl":"https:\/\/static.africa-press.net\/congo-brazzaville\/sites\/51\/2023\/02\/postQueueImg_1676385111.41.jpg","width":1080,"height":720,"caption":"Coop\u00e9ration : la vice-pr\u00e9sidente du Gabon re\u00e7ue \u00e0 Brazzaville"},{"@type":"BreadcrumbList","@id":"https:\/\/www.africa-press.net\/congo-brazzaville\/politique\/cooperation-la-vice-presidente-du-gabon-recue-a-brazzaville#breadcrumb","itemListElement":[{"@type":"ListItem","position":1,"name":"Accueil","item":"https:\/\/www.africa-press.net\/congo-brazzaville\/"},{"@type":"ListItem","position":2,"name":"Coop\u00e9ration : la vice-pr\u00e9sidente du Gabon re\u00e7ue \u00e0 Brazzaville"}]},{"@type":"WebSite","@id":"https:\/\/www.africa-press.net\/congo-brazzaville\/#website","url":"https:\/\/www.africa-press.net\/congo-brazzaville\/","name":"Congo Brazzaville","description":"Just another Africa News Agency Sites site","potentialAction":[{"@type":"SearchAction","target":{"@type":"EntryPoint","urlTemplate":"https:\/\/www.africa-press.net\/congo-brazzaville\/?s={search_term_string}"},"query-input":{"@type":"PropertyValueSpecification","valueRequired":true,"valueName":"search_term_string"}}],"inLanguage":"fr-FR"},{"@type":"Person","@id":"https:\/\/www.africa-press.net\/congo-brazzaville\/#\/schema\/person\/2b1cf3cd81a31e3cd26889ca66d677f1","name":"cfeditorfr"}]}},"_links":{"self":[{"href":"https:\/\/www.africa-press.net\/congo-brazzaville\/wp-json\/wp\/v2\/posts\/14411","targetHints":{"allow":["GET"]}}],"collection":[{"href":"https:\/\/www.africa-press.net\/congo-brazzaville\/wp-json\/wp\/v2\/posts"}],"about":[{"href":"https:\/\/www.africa-press.net\/congo-brazzaville\/wp-json\/wp\/v2\/types\/post"}],"author":[{"embeddable":true,"href":"https:\/\/www.africa-press.net\/congo-brazzaville\/wp-json\/wp\/v2\/users\/82"}],"replies":[{"embeddable":true,"href":"https:\/\/www.africa-press.net\/congo-brazzaville\/wp-json\/wp\/v2\/comments?post=14411"}],"version-history":[{"count":0,"href":"https:\/\/www.africa-press.net\/congo-brazzaville\/wp-json\/wp\/v2\/posts\/14411\/revisions"}],"wp:featuredmedia":[{"embeddable":true,"href":"https:\/\/www.africa-press.net\/congo-brazzaville\/wp-json\/wp\/v2\/media\/14410"}],"wp:attachment":[{"href":"https:\/\/www.africa-press.net\/congo-brazzaville\/wp-json\/wp\/v2\/media?parent=14411"}],"wp:term":[{"taxonomy":"category","embeddable":true,"href":"https:\/\/www.africa-press.net\/congo-brazzaville\/wp-json\/wp\/v2\/categories?post=14411"},{"taxonomy":"post_tag","embeddable":true,"href":"https:\/\/www.africa-press.net\/congo-brazzaville\/wp-json\/wp\/v2\/tags?post=14411"}],"curies":[{"name":"wp","href":"https:\/\/api.w.org\/{rel}","templated":true}]}}