{"id":14413,"date":"2023-02-14T18:01:59","date_gmt":"2023-02-14T18:01:59","guid":{"rendered":"https:\/\/www.africa-press.net\/congo-brazzaville\/politique\/cinema-loif-lance-un-concours-de-projets-de-series"},"modified":"2023-02-15T02:19:48","modified_gmt":"2023-02-15T02:19:48","slug":"cinema-loif-lance-un-concours-de-projets-de-series","status":"publish","type":"post","link":"https:\/\/www.africa-press.net\/congo-brazzaville\/toutes-les-actualites\/cinema-loif-lance-un-concours-de-projets-de-series","title":{"rendered":"Cin\u00e9ma : l\u2019OIF lance un concours de projets de s\u00e9ries"},"content":{"rendered":"<p><span style=\"color: #ff6600\"><strong>Africa-Press &#8211; Congo Brazzaville. <\/strong><\/span><b>Les candidatures ouvertes dans le cadre du projet \u00ab L\u2019appel Liberte\u0301 se\u0301rie \u00bb courent jusqu\u2019au 1er mars et concernent tous les cine\u0301astes des pays membres de l\u2019Organisation internationale de la francophonie (OIF)<\/b>.<\/p>\n<p>En partenariat avec le Festival Dakar Se\u0301ries et dans le cadre du projet Clap ACP2, mis en \u0153uvre avec le soutien de l\u2019Union europe\u0301enne et de l\u2019Organisation des Etats ACP, l\u2019OIF organise, avec la socie\u0301te\u0301 Paper to film, le grand concours de projets de se\u0301ries dans le but de faire e\u0301merger de nouveaux projets, en cours d\u2019e\u0301criture, avec ou sans producteur, mais n\u2019ayant pas encore suscite\u0301 l\u2019engagement d\u2019un diffuseur. \u00ab Apre\u0300s des anne\u0301es de pande\u0301mie et de repli sur soi, l\u2019appel a\u0300 projet Liberte\u0301 se\u0301rie se veut un acce\u0301le\u0301rateur de cre\u0301ativite\u0301 a\u0300 une pe\u0301riode ou\u0300 la production de se\u0301ries se professionnalise mais peine encore a\u0300 s\u2019exporter et he\u0301site a\u0300 aborder certains genres, domaines ou formes d\u2019e\u0301criture : fictions historiques, re\u0301cits biographiques, adaptations litte\u0301raires \u00bb, indique-t-on.<\/p>\n<p>La pre\u0301se\u0301lection des projets rec\u0327us sera assure\u0301e par Paper to film, l\u2019OIF et Dakar Se\u0301ries. Les vingt a\u0300 trente projets les plus prometteurs seront soumis a\u0300 un jury compose\u0301 de grands auteurs africains ayant e\u0301crit des se\u0301ries mais aussi d\u2019autres types d\u2019\u0153uvres et dont les cre\u0301ations ont eu un impact important a\u0300 la fois sur le public africain qu\u2019international. Il s\u2019agit, entre autres, de Marguerite Abouet, auteur de la se\u0301rie de bande dessine\u0301e \u00ab Aya de Yopougon \u00bb ; Gauz, laure\u0301at du grand prix litte\u0301raire d\u2019Afrique noire pour son roman \u00ab Camarade papa \u00bb ; Dieudo Hamadi, auteur de la se\u0301rie \u00ab Les a\u0302mes errantes de Kinshasa \u00bb et re\u0301alisateur du documentaire \u00ab En route pour le milliard \u00bb, se\u0301lectionne\u0301 en 2020 au Festival de Cannes ; Ai\u0308da Mady Diallo, premie\u0300re auteure d\u2019Afrique francophone publie\u0301e dans la collection de roman policiers \u00ab Se\u0301rie noire \u00bb, e\u0301galement sce\u0301nariste et re\u0301alisatrice de la se\u0301rie \u00ab Bamako, la ville aux trois cai\u0308mans \u00bb.<\/p>\n<p>Suite a\u0300 la phase de pre\u0301se\u0301lection, les six a\u0300 huit auteurs juge\u0301s aguichants par le jury seront invite\u0301s, a\u0300 Dakar, a\u0300 perfectionner leur projet pendant une re\u0301sidence d\u2019e\u0301criture, peu avant le festival Dakar Se\u0301ries 2023 qui aura lieu du 3 au 6 mai. \u00ab A l\u2019issue de cette re\u0301sidence encadre\u0301e par Paper to film en collaboration avec l\u2019un des membres du jury et l\u2019e\u0301cole Kourtrajme\u0301 de Dakar, les laure\u0301ats seront invite\u0301s a\u0300 \u00ab\u00a0pitcher\u00a0\u00bb leur se\u0301rie lors d\u2019une soire\u0301e du festival Dakar Se\u0301ries. A l\u2019issue des pre\u0301sentations, le jury attribuera un ou plusieurs prix dont le Grand Prix Clap ACP Liberte\u0301 Se\u0301rie de 5000 euros, dote\u0301 par l\u2019Union europe\u0301enne avec le soutien de l\u2019Organisation des Etats ACP \u00bb, souligne l\u2019OIF sur le site du concours.<\/p>\n<p>Les cine\u0301astes congolais peuvent saisir cette opportunite\u0301 en s\u2019inscrivant au plus tard le 1er mars sur le site du concours.<\/p>\n<p><strong>Pour plus d&rsquo;informations et d&rsquo;analyses sur la <a href=\"https:\/\/www.africa-press.net\/congo-brazzaville\">Congo Brazzaville<\/a>, suivez <a href=\"https:\/\/www.africa-press.net\/\">Africa-Press<\/a><\/strong><\/p>\n","protected":false},"excerpt":{"rendered":"<p>Africa-Press &#8211; Congo Brazzaville. Les candidatures ouvertes dans le cadre du projet \u00ab L\u2019appel Liberte\u0301 se\u0301rie \u00bb courent jusqu\u2019au 1er mars et concernent tous les cine\u0301astes des pays membres de l\u2019Organisation internationale de la francophonie (OIF). En partenariat avec le Festival Dakar Se\u0301ries et dans le cadre du projet Clap ACP2, mis en \u0153uvre avec [&hellip;]<\/p>\n","protected":false},"author":82,"featured_media":14412,"comment_status":"open","ping_status":"closed","sticky":false,"template":"","format":"standard","meta":{"footnotes":""},"categories":[21,10],"tags":[36,47,46],"class_list":["post-14413","post","type-post","status-publish","format-standard","has-post-thumbnail","hentry","category-communaute","category-toutes-les-actualites","tag-africa-press","tag-africa-press-congo-brazzaville","tag-congo-brazzaville"],"yoast_head":"<!-- This site is optimized with the Yoast SEO Premium plugin v26.1 (Yoast SEO v27.0) - https:\/\/yoast.com\/product\/yoast-seo-premium-wordpress\/ -->\n<title>Cin\u00e9ma : l\u2019OIF lance un concours de projets de s\u00e9ries - Congo Brazzaville<\/title>\n<meta name=\"description\" content=\"Les candidatures ouvertes dans le cadre du projet \u00ab L\u2019appel Liberte\u0301 se\u0301rie \u00bb courent jusqu\u2019au 1er mars et concernent ...\" \/>\n<meta name=\"robots\" content=\"index, follow, max-snippet:-1, max-image-preview:large, max-video-preview:-1\" \/>\n<link rel=\"canonical\" href=\"https:\/\/www.africa-press.net\/congo-brazzaville\/toutes-les-actualites\/cinema-loif-lance-un-concours-de-projets-de-series\" \/>\n<meta property=\"og:locale\" content=\"fr_FR\" \/>\n<meta property=\"og:type\" content=\"article\" \/>\n<meta property=\"og:title\" content=\"Cin\u00e9ma : l\u2019OIF lance un concours de projets de s\u00e9ries\" \/>\n<meta property=\"og:description\" content=\"Les candidatures ouvertes dans le cadre du projet \u00ab L\u2019appel Liberte\u0301 se\u0301rie \u00bb courent jusqu\u2019au 1er mars et concernent ...\" \/>\n<meta property=\"og:url\" content=\"https:\/\/www.africa-press.net\/congo-brazzaville\/toutes-les-actualites\/cinema-loif-lance-un-concours-de-projets-de-series\" \/>\n<meta property=\"og:site_name\" content=\"Congo Brazzaville\" \/>\n<meta property=\"article:published_time\" content=\"2023-02-14T18:01:59+00:00\" \/>\n<meta property=\"article:modified_time\" content=\"2023-02-15T02:19:48+00:00\" \/>\n<meta property=\"og:image\" content=\"https:\/\/static.africa-press.net\/congo-brazzaville\/sites\/51\/2023\/02\/postQueueImg_1676385122.01.jpg\" \/>\n\t<meta property=\"og:image:width\" content=\"720\" \/>\n\t<meta property=\"og:image:height\" content=\"540\" \/>\n\t<meta property=\"og:image:type\" content=\"image\/jpeg\" \/>\n<meta name=\"author\" content=\"cfeditorfr\" \/>\n<meta name=\"twitter:card\" content=\"summary_large_image\" \/>\n<meta name=\"twitter:label1\" content=\"\u00c9crit par\" \/>\n\t<meta name=\"twitter:data1\" content=\"cfeditorfr\" \/>\n\t<meta name=\"twitter:label2\" content=\"Dur\u00e9e de lecture estim\u00e9e\" \/>\n\t<meta name=\"twitter:data2\" content=\"3 minutes\" \/>\n<script type=\"application\/ld+json\" class=\"yoast-schema-graph\">{\"@context\":\"https:\/\/schema.org\",\"@graph\":[{\"@type\":\"Article\",\"@id\":\"https:\/\/www.africa-press.net\/congo-brazzaville\/toutes-les-actualites\/cinema-loif-lance-un-concours-de-projets-de-series#article\",\"isPartOf\":{\"@id\":\"https:\/\/www.africa-press.net\/congo-brazzaville\/toutes-les-actualites\/cinema-loif-lance-un-concours-de-projets-de-series\"},\"author\":{\"name\":\"cfeditorfr\",\"@id\":\"https:\/\/www.africa-press.net\/congo-brazzaville\/#\/schema\/person\/2b1cf3cd81a31e3cd26889ca66d677f1\"},\"headline\":\"Cin\u00e9ma : l\u2019OIF lance un concours de projets de s\u00e9ries\",\"datePublished\":\"2023-02-14T18:01:59+00:00\",\"dateModified\":\"2023-02-15T02:19:48+00:00\",\"mainEntityOfPage\":{\"@id\":\"https:\/\/www.africa-press.net\/congo-brazzaville\/toutes-les-actualites\/cinema-loif-lance-un-concours-de-projets-de-series\"},\"wordCount\":558,\"commentCount\":0,\"image\":{\"@id\":\"https:\/\/www.africa-press.net\/congo-brazzaville\/toutes-les-actualites\/cinema-loif-lance-un-concours-de-projets-de-series#primaryimage\"},\"thumbnailUrl\":\"https:\/\/static.africa-press.net\/congo-brazzaville\/sites\/51\/2023\/02\/postQueueImg_1676385122.01.jpg\",\"keywords\":[\"Africa Press\",\"Africa Press-Congo Brazzaville\",\"Congo Brazzaville\"],\"articleSection\":[\"Communaut\u00e9\",\"Toutes les actualit\u00e9s\"],\"inLanguage\":\"fr-FR\",\"potentialAction\":[{\"@type\":\"CommentAction\",\"name\":\"Comment\",\"target\":[\"https:\/\/www.africa-press.net\/congo-brazzaville\/toutes-les-actualites\/cinema-loif-lance-un-concours-de-projets-de-series#respond\"]}]},{\"@type\":\"WebPage\",\"@id\":\"https:\/\/www.africa-press.net\/congo-brazzaville\/toutes-les-actualites\/cinema-loif-lance-un-concours-de-projets-de-series\",\"url\":\"https:\/\/www.africa-press.net\/congo-brazzaville\/toutes-les-actualites\/cinema-loif-lance-un-concours-de-projets-de-series\",\"name\":\"Cin\u00e9ma : l\u2019OIF lance un concours de projets de s\u00e9ries - Congo Brazzaville\",\"isPartOf\":{\"@id\":\"https:\/\/www.africa-press.net\/congo-brazzaville\/#website\"},\"primaryImageOfPage\":{\"@id\":\"https:\/\/www.africa-press.net\/congo-brazzaville\/toutes-les-actualites\/cinema-loif-lance-un-concours-de-projets-de-series#primaryimage\"},\"image\":{\"@id\":\"https:\/\/www.africa-press.net\/congo-brazzaville\/toutes-les-actualites\/cinema-loif-lance-un-concours-de-projets-de-series#primaryimage\"},\"thumbnailUrl\":\"https:\/\/static.africa-press.net\/congo-brazzaville\/sites\/51\/2023\/02\/postQueueImg_1676385122.01.jpg\",\"datePublished\":\"2023-02-14T18:01:59+00:00\",\"dateModified\":\"2023-02-15T02:19:48+00:00\",\"author\":{\"@id\":\"https:\/\/www.africa-press.net\/congo-brazzaville\/#\/schema\/person\/2b1cf3cd81a31e3cd26889ca66d677f1\"},\"description\":\"Les candidatures ouvertes dans le cadre du projet \u00ab L\u2019appel Liberte\u0301 se\u0301rie \u00bb courent jusqu\u2019au 1er mars et concernent ...\",\"breadcrumb\":{\"@id\":\"https:\/\/www.africa-press.net\/congo-brazzaville\/toutes-les-actualites\/cinema-loif-lance-un-concours-de-projets-de-series#breadcrumb\"},\"inLanguage\":\"fr-FR\",\"potentialAction\":[{\"@type\":\"ReadAction\",\"target\":[\"https:\/\/www.africa-press.net\/congo-brazzaville\/toutes-les-actualites\/cinema-loif-lance-un-concours-de-projets-de-series\"]}]},{\"@type\":\"ImageObject\",\"inLanguage\":\"fr-FR\",\"@id\":\"https:\/\/www.africa-press.net\/congo-brazzaville\/toutes-les-actualites\/cinema-loif-lance-un-concours-de-projets-de-series#primaryimage\",\"url\":\"https:\/\/static.africa-press.net\/congo-brazzaville\/sites\/51\/2023\/02\/postQueueImg_1676385122.01.jpg\",\"contentUrl\":\"https:\/\/static.africa-press.net\/congo-brazzaville\/sites\/51\/2023\/02\/postQueueImg_1676385122.01.jpg\",\"width\":720,\"height\":540,\"caption\":\"Cin\u00e9ma : l\u2019OIF lance un concours de projets de s\u00e9ries\"},{\"@type\":\"BreadcrumbList\",\"@id\":\"https:\/\/www.africa-press.net\/congo-brazzaville\/toutes-les-actualites\/cinema-loif-lance-un-concours-de-projets-de-series#breadcrumb\",\"itemListElement\":[{\"@type\":\"ListItem\",\"position\":1,\"name\":\"Accueil\",\"item\":\"https:\/\/www.africa-press.net\/congo-brazzaville\/\"},{\"@type\":\"ListItem\",\"position\":2,\"name\":\"Cin\u00e9ma : l\u2019OIF lance un concours de projets de s\u00e9ries\"}]},{\"@type\":\"WebSite\",\"@id\":\"https:\/\/www.africa-press.net\/congo-brazzaville\/#website\",\"url\":\"https:\/\/www.africa-press.net\/congo-brazzaville\/\",\"name\":\"Congo Brazzaville\",\"description\":\"Just another Africa News Agency Sites site\",\"potentialAction\":[{\"@type\":\"SearchAction\",\"target\":{\"@type\":\"EntryPoint\",\"urlTemplate\":\"https:\/\/www.africa-press.net\/congo-brazzaville\/?s={search_term_string}\"},\"query-input\":{\"@type\":\"PropertyValueSpecification\",\"valueRequired\":true,\"valueName\":\"search_term_string\"}}],\"inLanguage\":\"fr-FR\"},{\"@type\":\"Person\",\"@id\":\"https:\/\/www.africa-press.net\/congo-brazzaville\/#\/schema\/person\/2b1cf3cd81a31e3cd26889ca66d677f1\",\"name\":\"cfeditorfr\"}]}<\/script>\n<!-- \/ Yoast SEO Premium plugin. -->","yoast_head_json":{"title":"Cin\u00e9ma : l\u2019OIF lance un concours de projets de s\u00e9ries - Congo Brazzaville","description":"Les candidatures ouvertes dans le cadre du projet \u00ab L\u2019appel Liberte\u0301 se\u0301rie \u00bb courent jusqu\u2019au 1er mars et concernent ...","robots":{"index":"index","follow":"follow","max-snippet":"max-snippet:-1","max-image-preview":"max-image-preview:large","max-video-preview":"max-video-preview:-1"},"canonical":"https:\/\/www.africa-press.net\/congo-brazzaville\/toutes-les-actualites\/cinema-loif-lance-un-concours-de-projets-de-series","og_locale":"fr_FR","og_type":"article","og_title":"Cin\u00e9ma : l\u2019OIF lance un concours de projets de s\u00e9ries","og_description":"Les candidatures ouvertes dans le cadre du projet \u00ab L\u2019appel Liberte\u0301 se\u0301rie \u00bb courent jusqu\u2019au 1er mars et concernent ...","og_url":"https:\/\/www.africa-press.net\/congo-brazzaville\/toutes-les-actualites\/cinema-loif-lance-un-concours-de-projets-de-series","og_site_name":"Congo Brazzaville","article_published_time":"2023-02-14T18:01:59+00:00","article_modified_time":"2023-02-15T02:19:48+00:00","og_image":[{"width":720,"height":540,"url":"https:\/\/static.africa-press.net\/congo-brazzaville\/sites\/51\/2023\/02\/postQueueImg_1676385122.01.jpg","type":"image\/jpeg"}],"author":"cfeditorfr","twitter_card":"summary_large_image","twitter_misc":{"\u00c9crit par":"cfeditorfr","Dur\u00e9e de lecture estim\u00e9e":"3 minutes"},"schema":{"@context":"https:\/\/schema.org","@graph":[{"@type":"Article","@id":"https:\/\/www.africa-press.net\/congo-brazzaville\/toutes-les-actualites\/cinema-loif-lance-un-concours-de-projets-de-series#article","isPartOf":{"@id":"https:\/\/www.africa-press.net\/congo-brazzaville\/toutes-les-actualites\/cinema-loif-lance-un-concours-de-projets-de-series"},"author":{"name":"cfeditorfr","@id":"https:\/\/www.africa-press.net\/congo-brazzaville\/#\/schema\/person\/2b1cf3cd81a31e3cd26889ca66d677f1"},"headline":"Cin\u00e9ma : l\u2019OIF lance un concours de projets de s\u00e9ries","datePublished":"2023-02-14T18:01:59+00:00","dateModified":"2023-02-15T02:19:48+00:00","mainEntityOfPage":{"@id":"https:\/\/www.africa-press.net\/congo-brazzaville\/toutes-les-actualites\/cinema-loif-lance-un-concours-de-projets-de-series"},"wordCount":558,"commentCount":0,"image":{"@id":"https:\/\/www.africa-press.net\/congo-brazzaville\/toutes-les-actualites\/cinema-loif-lance-un-concours-de-projets-de-series#primaryimage"},"thumbnailUrl":"https:\/\/static.africa-press.net\/congo-brazzaville\/sites\/51\/2023\/02\/postQueueImg_1676385122.01.jpg","keywords":["Africa Press","Africa Press-Congo Brazzaville","Congo Brazzaville"],"articleSection":["Communaut\u00e9","Toutes les actualit\u00e9s"],"inLanguage":"fr-FR","potentialAction":[{"@type":"CommentAction","name":"Comment","target":["https:\/\/www.africa-press.net\/congo-brazzaville\/toutes-les-actualites\/cinema-loif-lance-un-concours-de-projets-de-series#respond"]}]},{"@type":"WebPage","@id":"https:\/\/www.africa-press.net\/congo-brazzaville\/toutes-les-actualites\/cinema-loif-lance-un-concours-de-projets-de-series","url":"https:\/\/www.africa-press.net\/congo-brazzaville\/toutes-les-actualites\/cinema-loif-lance-un-concours-de-projets-de-series","name":"Cin\u00e9ma : l\u2019OIF lance un concours de projets de s\u00e9ries - Congo Brazzaville","isPartOf":{"@id":"https:\/\/www.africa-press.net\/congo-brazzaville\/#website"},"primaryImageOfPage":{"@id":"https:\/\/www.africa-press.net\/congo-brazzaville\/toutes-les-actualites\/cinema-loif-lance-un-concours-de-projets-de-series#primaryimage"},"image":{"@id":"https:\/\/www.africa-press.net\/congo-brazzaville\/toutes-les-actualites\/cinema-loif-lance-un-concours-de-projets-de-series#primaryimage"},"thumbnailUrl":"https:\/\/static.africa-press.net\/congo-brazzaville\/sites\/51\/2023\/02\/postQueueImg_1676385122.01.jpg","datePublished":"2023-02-14T18:01:59+00:00","dateModified":"2023-02-15T02:19:48+00:00","author":{"@id":"https:\/\/www.africa-press.net\/congo-brazzaville\/#\/schema\/person\/2b1cf3cd81a31e3cd26889ca66d677f1"},"description":"Les candidatures ouvertes dans le cadre du projet \u00ab L\u2019appel Liberte\u0301 se\u0301rie \u00bb courent jusqu\u2019au 1er mars et concernent ...","breadcrumb":{"@id":"https:\/\/www.africa-press.net\/congo-brazzaville\/toutes-les-actualites\/cinema-loif-lance-un-concours-de-projets-de-series#breadcrumb"},"inLanguage":"fr-FR","potentialAction":[{"@type":"ReadAction","target":["https:\/\/www.africa-press.net\/congo-brazzaville\/toutes-les-actualites\/cinema-loif-lance-un-concours-de-projets-de-series"]}]},{"@type":"ImageObject","inLanguage":"fr-FR","@id":"https:\/\/www.africa-press.net\/congo-brazzaville\/toutes-les-actualites\/cinema-loif-lance-un-concours-de-projets-de-series#primaryimage","url":"https:\/\/static.africa-press.net\/congo-brazzaville\/sites\/51\/2023\/02\/postQueueImg_1676385122.01.jpg","contentUrl":"https:\/\/static.africa-press.net\/congo-brazzaville\/sites\/51\/2023\/02\/postQueueImg_1676385122.01.jpg","width":720,"height":540,"caption":"Cin\u00e9ma : l\u2019OIF lance un concours de projets de s\u00e9ries"},{"@type":"BreadcrumbList","@id":"https:\/\/www.africa-press.net\/congo-brazzaville\/toutes-les-actualites\/cinema-loif-lance-un-concours-de-projets-de-series#breadcrumb","itemListElement":[{"@type":"ListItem","position":1,"name":"Accueil","item":"https:\/\/www.africa-press.net\/congo-brazzaville\/"},{"@type":"ListItem","position":2,"name":"Cin\u00e9ma : l\u2019OIF lance un concours de projets de s\u00e9ries"}]},{"@type":"WebSite","@id":"https:\/\/www.africa-press.net\/congo-brazzaville\/#website","url":"https:\/\/www.africa-press.net\/congo-brazzaville\/","name":"Congo Brazzaville","description":"Just another Africa News Agency Sites site","potentialAction":[{"@type":"SearchAction","target":{"@type":"EntryPoint","urlTemplate":"https:\/\/www.africa-press.net\/congo-brazzaville\/?s={search_term_string}"},"query-input":{"@type":"PropertyValueSpecification","valueRequired":true,"valueName":"search_term_string"}}],"inLanguage":"fr-FR"},{"@type":"Person","@id":"https:\/\/www.africa-press.net\/congo-brazzaville\/#\/schema\/person\/2b1cf3cd81a31e3cd26889ca66d677f1","name":"cfeditorfr"}]}},"_links":{"self":[{"href":"https:\/\/www.africa-press.net\/congo-brazzaville\/wp-json\/wp\/v2\/posts\/14413","targetHints":{"allow":["GET"]}}],"collection":[{"href":"https:\/\/www.africa-press.net\/congo-brazzaville\/wp-json\/wp\/v2\/posts"}],"about":[{"href":"https:\/\/www.africa-press.net\/congo-brazzaville\/wp-json\/wp\/v2\/types\/post"}],"author":[{"embeddable":true,"href":"https:\/\/www.africa-press.net\/congo-brazzaville\/wp-json\/wp\/v2\/users\/82"}],"replies":[{"embeddable":true,"href":"https:\/\/www.africa-press.net\/congo-brazzaville\/wp-json\/wp\/v2\/comments?post=14413"}],"version-history":[{"count":0,"href":"https:\/\/www.africa-press.net\/congo-brazzaville\/wp-json\/wp\/v2\/posts\/14413\/revisions"}],"wp:featuredmedia":[{"embeddable":true,"href":"https:\/\/www.africa-press.net\/congo-brazzaville\/wp-json\/wp\/v2\/media\/14412"}],"wp:attachment":[{"href":"https:\/\/www.africa-press.net\/congo-brazzaville\/wp-json\/wp\/v2\/media?parent=14413"}],"wp:term":[{"taxonomy":"category","embeddable":true,"href":"https:\/\/www.africa-press.net\/congo-brazzaville\/wp-json\/wp\/v2\/categories?post=14413"},{"taxonomy":"post_tag","embeddable":true,"href":"https:\/\/www.africa-press.net\/congo-brazzaville\/wp-json\/wp\/v2\/tags?post=14413"}],"curies":[{"name":"wp","href":"https:\/\/api.w.org\/{rel}","templated":true}]}}