{"id":14415,"date":"2023-02-14T18:02:04","date_gmt":"2023-02-14T18:02:04","guid":{"rendered":"https:\/\/www.africa-press.net\/congo-brazzaville\/politique\/gouvernance-le-chu-vise-par-une-enquete-parlementaire"},"modified":"2023-02-15T02:20:13","modified_gmt":"2023-02-15T02:20:13","slug":"gouvernance-le-chu-vise-par-une-enquete-parlementaire","status":"publish","type":"post","link":"https:\/\/www.africa-press.net\/congo-brazzaville\/politique\/gouvernance-le-chu-vise-par-une-enquete-parlementaire","title":{"rendered":"Gouvernance : le CHU vis\u00e9 par une enqu\u00eate parlementaire"},"content":{"rendered":"<p><span style=\"color: #ff6600\"><strong>Africa-Press &#8211; Congo Brazzaville. <\/strong><\/span><b>L\u2019Assemble\u0301e nationale a tenu, le 14 fe\u0301vrier, une re\u0301union extraordinaire du comite\u0301 de coordination, destine\u0301e a\u0300 re\u0301fle\u0301chir sur la gestion de quelques e\u0301tablissements et entreprises a\u0300 capitaux publics. Ainsi, une mission d\u2019enque\u0302te a e\u0301te\u0301 initie\u0301e visant le Centre hospitalier et universitaire de Brazzaville ainsi que quatre missions d\u2019information ouvertes a\u0300 l\u2019encontre de deux ministe\u0300res et de la Socie\u0301te\u0301 de transport public urbain (STPU).<\/b><\/p>\n<p>La re\u0301union du Comite\u0301 de coordination a e\u0301te\u0301 dirige\u0301e par le pre\u0301sident de l\u2019Assemble\u0301e nationale, Isidore Mvouba. Elle a regroupe\u0301 le bureau de la chambre basse, les pre\u0301sidents des commissions permanentes et les responsables des groupes parlementaires. A l\u2019occasion, les participants ont de\u0301cide\u0301, en premier, de diligenter une enque\u0302te parlementaire a\u0300 la direction du CHU-B, le plus grand ho\u0302pital du Congo dont la gestion financie\u0300re et manage\u0301riale se pose toujours avec acuite\u0301. Il s\u2019agira notamment, pour les parlementaires, d\u2019avoir l\u2019essentiel d\u2019informations sur la gestion financie\u0300re calamiteuse de la structure, dont l\u2019impact ne\u0301gatif est visiblement ressenti sur la qualite\u0301 de ses services sanitaires.<\/p>\n<p>\u00ab Nous allons diligenter une mission d\u2019enque\u0302te parlementaire au CHU qui, malgre\u0301 son caracte\u0300re d&rsquo;entreprise, connait toujours de se\u0301rieux proble\u0300mes de gestion. L\u2019enque\u0302te a\u0300 mener va nous permettre de connai\u0302tre ce qui se pose re\u0301ellement dans notre plus grand centre hospitalier, afin de corriger son mode de gestion. Notre objectif est de le rendre ope\u0301rationnel afin qu\u2019il soit capable de rendre des services que les Congolais attendent de lui \u00bb, a pre\u0301cise\u0301 le deuxie\u0300me secre\u0301taire de l\u2019Assemble\u0301e nationale, faisant le point de la rencontre.<\/p>\n<p>Par la me\u0302me occasion, le comite\u0301 de coordination a initie\u0301 trois missions d\u2019information visant le ministe\u0300re de l\u2019Inte\u0301rieur, de la De\u0301centralisation, celui du Plan et de l\u2019Inte\u0301gration re\u0301gionale ainsi que le ministe\u0300re du Commerce.<\/p>\n<p>Au ministe\u0300re de l\u2019Inte\u0301rieur, l\u2019Assemble\u0301e nationale voudrait avoir de plus amples informations sur la persistance du phe\u0301nome\u0300ne Be\u0301be\u0301s noirs. Une criminalite\u0301 tenue par des jeunes qui agressent la population, violent les femmes et tuent a\u0300 l\u2019aide des machettes et autres armes blanches dans les grandes agglome\u0301rations.<\/p>\n<p>La mission d\u2019information devrait aussi comprendre pourquoi la carte nationale d\u2019identite\u0301 et le passeport sont extre\u0302mement difficiles a\u0300 obtenir.<\/p>\n<p>Aupre\u0300s du ministe\u0300re du Commerce et des Approvisionnements, par contre, l\u2019enque\u0302te aidera a\u0300 comprendre pourquoi les prix des produits alimentaires ne baissent toujours pas malgre\u0301 les dispositions prises par le gouvernement dans le cadre du plan de re\u0301silience.<\/p>\n<p>A la Socie\u0301te\u0301 de transport public urbain, gestionnaire des bus \u00ab Mal a\u0300 l\u2019aise \u00bb, les de\u0301pute\u0301s chercheront a\u0300 savoir pourquoi ces bus sont devenus rares sur le terrain.<\/p>\n<p>Toutes ces enque\u0302tes sont pre\u0302tes a\u0300 e\u0302tre lance\u0301es. Une se\u0301ance ple\u0301nie\u0300re sera organise\u0301e sous peu pour ente\u0301riner sa mise en \u0153uvre imme\u0301diate.<\/p>\n<p>Rappelons que la chambre basse du Parlement a initie\u0301 cette se\u0301rie d\u2019enque\u0302tes dans le cadre des missions qui lui sont confe\u0301re\u0301es par la Constitution sur le contro\u0302le de l\u2019action du gouvernement.<\/p>\n<p><strong>Pour plus d&rsquo;informations et d&rsquo;analyses sur la <a href=\"https:\/\/www.africa-press.net\/congo-brazzaville\">Congo Brazzaville<\/a>, suivez <a href=\"https:\/\/www.africa-press.net\/\">Africa-Press<\/a><\/strong><\/p>\n","protected":false},"excerpt":{"rendered":"<p>Africa-Press &#8211; Congo Brazzaville. L\u2019Assemble\u0301e nationale a tenu, le 14 fe\u0301vrier, une re\u0301union extraordinaire du comite\u0301 de coordination, destine\u0301e a\u0300 re\u0301fle\u0301chir sur la gestion de quelques e\u0301tablissements et entreprises a\u0300 capitaux publics. Ainsi, une mission d\u2019enque\u0302te a e\u0301te\u0301 initie\u0301e visant le Centre hospitalier et universitaire de Brazzaville ainsi que quatre missions d\u2019information ouvertes a\u0300 l\u2019encontre [&hellip;]<\/p>\n","protected":false},"author":82,"featured_media":14414,"comment_status":"open","ping_status":"closed","sticky":false,"template":"","format":"standard","meta":{"footnotes":""},"categories":[2,10],"tags":[36,47,46],"class_list":["post-14415","post","type-post","status-publish","format-standard","has-post-thumbnail","hentry","category-politique","category-toutes-les-actualites","tag-africa-press","tag-africa-press-congo-brazzaville","tag-congo-brazzaville"],"yoast_head":"<!-- This site is optimized with the Yoast SEO Premium plugin v26.1 (Yoast SEO v27.0) - https:\/\/yoast.com\/product\/yoast-seo-premium-wordpress\/ -->\n<title>Gouvernance : le CHU vis\u00e9 par une enqu\u00eate parlementaire - Congo Brazzaville<\/title>\n<meta name=\"description\" content=\"L\u2019Assemble\u0301e nationale a tenu, le 14 fe\u0301vrier, une re\u0301union extraordinaire du comite\u0301 de coordination, destine\u0301e a\u0300 r ...\" \/>\n<meta name=\"robots\" content=\"index, follow, max-snippet:-1, max-image-preview:large, max-video-preview:-1\" \/>\n<link rel=\"canonical\" href=\"https:\/\/www.africa-press.net\/congo-brazzaville\/politique\/gouvernance-le-chu-vise-par-une-enquete-parlementaire\" \/>\n<meta property=\"og:locale\" content=\"fr_FR\" \/>\n<meta property=\"og:type\" content=\"article\" \/>\n<meta property=\"og:title\" content=\"Gouvernance : le CHU vis\u00e9 par une enqu\u00eate parlementaire\" \/>\n<meta property=\"og:description\" content=\"L\u2019Assemble\u0301e nationale a tenu, le 14 fe\u0301vrier, une re\u0301union extraordinaire du comite\u0301 de coordination, destine\u0301e a\u0300 r ...\" \/>\n<meta property=\"og:url\" content=\"https:\/\/www.africa-press.net\/congo-brazzaville\/politique\/gouvernance-le-chu-vise-par-une-enquete-parlementaire\" \/>\n<meta property=\"og:site_name\" content=\"Congo Brazzaville\" \/>\n<meta property=\"article:published_time\" content=\"2023-02-14T18:02:04+00:00\" \/>\n<meta property=\"article:modified_time\" content=\"2023-02-15T02:20:13+00:00\" \/>\n<meta property=\"og:image\" content=\"https:\/\/static.africa-press.net\/congo-brazzaville\/sites\/51\/2023\/02\/postQueueImg_1676385129.94.jpg\" \/>\n\t<meta property=\"og:image:width\" content=\"720\" \/>\n\t<meta property=\"og:image:height\" content=\"394\" \/>\n\t<meta property=\"og:image:type\" content=\"image\/jpeg\" \/>\n<meta name=\"author\" content=\"cfeditorfr\" \/>\n<meta name=\"twitter:card\" content=\"summary_large_image\" \/>\n<meta name=\"twitter:label1\" content=\"\u00c9crit par\" \/>\n\t<meta name=\"twitter:data1\" content=\"cfeditorfr\" \/>\n\t<meta name=\"twitter:label2\" content=\"Dur\u00e9e de lecture estim\u00e9e\" \/>\n\t<meta name=\"twitter:data2\" content=\"3 minutes\" \/>\n<script type=\"application\/ld+json\" class=\"yoast-schema-graph\">{\"@context\":\"https:\/\/schema.org\",\"@graph\":[{\"@type\":\"Article\",\"@id\":\"https:\/\/www.africa-press.net\/congo-brazzaville\/politique\/gouvernance-le-chu-vise-par-une-enquete-parlementaire#article\",\"isPartOf\":{\"@id\":\"https:\/\/www.africa-press.net\/congo-brazzaville\/politique\/gouvernance-le-chu-vise-par-une-enquete-parlementaire\"},\"author\":{\"name\":\"cfeditorfr\",\"@id\":\"https:\/\/www.africa-press.net\/congo-brazzaville\/#\/schema\/person\/2b1cf3cd81a31e3cd26889ca66d677f1\"},\"headline\":\"Gouvernance : le CHU vis\u00e9 par une enqu\u00eate parlementaire\",\"datePublished\":\"2023-02-14T18:02:04+00:00\",\"dateModified\":\"2023-02-15T02:20:13+00:00\",\"mainEntityOfPage\":{\"@id\":\"https:\/\/www.africa-press.net\/congo-brazzaville\/politique\/gouvernance-le-chu-vise-par-une-enquete-parlementaire\"},\"wordCount\":592,\"commentCount\":0,\"image\":{\"@id\":\"https:\/\/www.africa-press.net\/congo-brazzaville\/politique\/gouvernance-le-chu-vise-par-une-enquete-parlementaire#primaryimage\"},\"thumbnailUrl\":\"https:\/\/static.africa-press.net\/congo-brazzaville\/sites\/51\/2023\/02\/postQueueImg_1676385129.94.jpg\",\"keywords\":[\"Africa Press\",\"Africa Press-Congo Brazzaville\",\"Congo Brazzaville\"],\"articleSection\":[\"Politique\",\"Toutes les actualit\u00e9s\"],\"inLanguage\":\"fr-FR\",\"potentialAction\":[{\"@type\":\"CommentAction\",\"name\":\"Comment\",\"target\":[\"https:\/\/www.africa-press.net\/congo-brazzaville\/politique\/gouvernance-le-chu-vise-par-une-enquete-parlementaire#respond\"]}]},{\"@type\":\"WebPage\",\"@id\":\"https:\/\/www.africa-press.net\/congo-brazzaville\/politique\/gouvernance-le-chu-vise-par-une-enquete-parlementaire\",\"url\":\"https:\/\/www.africa-press.net\/congo-brazzaville\/politique\/gouvernance-le-chu-vise-par-une-enquete-parlementaire\",\"name\":\"Gouvernance : le CHU vis\u00e9 par une enqu\u00eate parlementaire - Congo Brazzaville\",\"isPartOf\":{\"@id\":\"https:\/\/www.africa-press.net\/congo-brazzaville\/#website\"},\"primaryImageOfPage\":{\"@id\":\"https:\/\/www.africa-press.net\/congo-brazzaville\/politique\/gouvernance-le-chu-vise-par-une-enquete-parlementaire#primaryimage\"},\"image\":{\"@id\":\"https:\/\/www.africa-press.net\/congo-brazzaville\/politique\/gouvernance-le-chu-vise-par-une-enquete-parlementaire#primaryimage\"},\"thumbnailUrl\":\"https:\/\/static.africa-press.net\/congo-brazzaville\/sites\/51\/2023\/02\/postQueueImg_1676385129.94.jpg\",\"datePublished\":\"2023-02-14T18:02:04+00:00\",\"dateModified\":\"2023-02-15T02:20:13+00:00\",\"author\":{\"@id\":\"https:\/\/www.africa-press.net\/congo-brazzaville\/#\/schema\/person\/2b1cf3cd81a31e3cd26889ca66d677f1\"},\"description\":\"L\u2019Assemble\u0301e nationale a tenu, le 14 fe\u0301vrier, une re\u0301union extraordinaire du comite\u0301 de coordination, destine\u0301e a\u0300 r ...\",\"breadcrumb\":{\"@id\":\"https:\/\/www.africa-press.net\/congo-brazzaville\/politique\/gouvernance-le-chu-vise-par-une-enquete-parlementaire#breadcrumb\"},\"inLanguage\":\"fr-FR\",\"potentialAction\":[{\"@type\":\"ReadAction\",\"target\":[\"https:\/\/www.africa-press.net\/congo-brazzaville\/politique\/gouvernance-le-chu-vise-par-une-enquete-parlementaire\"]}]},{\"@type\":\"ImageObject\",\"inLanguage\":\"fr-FR\",\"@id\":\"https:\/\/www.africa-press.net\/congo-brazzaville\/politique\/gouvernance-le-chu-vise-par-une-enquete-parlementaire#primaryimage\",\"url\":\"https:\/\/static.africa-press.net\/congo-brazzaville\/sites\/51\/2023\/02\/postQueueImg_1676385129.94.jpg\",\"contentUrl\":\"https:\/\/static.africa-press.net\/congo-brazzaville\/sites\/51\/2023\/02\/postQueueImg_1676385129.94.jpg\",\"width\":720,\"height\":394,\"caption\":\"Gouvernance : le CHU vis\u00e9 par une enqu\u00eate parlementaire\"},{\"@type\":\"BreadcrumbList\",\"@id\":\"https:\/\/www.africa-press.net\/congo-brazzaville\/politique\/gouvernance-le-chu-vise-par-une-enquete-parlementaire#breadcrumb\",\"itemListElement\":[{\"@type\":\"ListItem\",\"position\":1,\"name\":\"Accueil\",\"item\":\"https:\/\/www.africa-press.net\/congo-brazzaville\/\"},{\"@type\":\"ListItem\",\"position\":2,\"name\":\"Gouvernance : le CHU vis\u00e9 par une enqu\u00eate parlementaire\"}]},{\"@type\":\"WebSite\",\"@id\":\"https:\/\/www.africa-press.net\/congo-brazzaville\/#website\",\"url\":\"https:\/\/www.africa-press.net\/congo-brazzaville\/\",\"name\":\"Congo Brazzaville\",\"description\":\"Just another Africa News Agency Sites site\",\"potentialAction\":[{\"@type\":\"SearchAction\",\"target\":{\"@type\":\"EntryPoint\",\"urlTemplate\":\"https:\/\/www.africa-press.net\/congo-brazzaville\/?s={search_term_string}\"},\"query-input\":{\"@type\":\"PropertyValueSpecification\",\"valueRequired\":true,\"valueName\":\"search_term_string\"}}],\"inLanguage\":\"fr-FR\"},{\"@type\":\"Person\",\"@id\":\"https:\/\/www.africa-press.net\/congo-brazzaville\/#\/schema\/person\/2b1cf3cd81a31e3cd26889ca66d677f1\",\"name\":\"cfeditorfr\"}]}<\/script>\n<!-- \/ Yoast SEO Premium plugin. -->","yoast_head_json":{"title":"Gouvernance : le CHU vis\u00e9 par une enqu\u00eate parlementaire - Congo Brazzaville","description":"L\u2019Assemble\u0301e nationale a tenu, le 14 fe\u0301vrier, une re\u0301union extraordinaire du comite\u0301 de coordination, destine\u0301e a\u0300 r ...","robots":{"index":"index","follow":"follow","max-snippet":"max-snippet:-1","max-image-preview":"max-image-preview:large","max-video-preview":"max-video-preview:-1"},"canonical":"https:\/\/www.africa-press.net\/congo-brazzaville\/politique\/gouvernance-le-chu-vise-par-une-enquete-parlementaire","og_locale":"fr_FR","og_type":"article","og_title":"Gouvernance : le CHU vis\u00e9 par une enqu\u00eate parlementaire","og_description":"L\u2019Assemble\u0301e nationale a tenu, le 14 fe\u0301vrier, une re\u0301union extraordinaire du comite\u0301 de coordination, destine\u0301e a\u0300 r ...","og_url":"https:\/\/www.africa-press.net\/congo-brazzaville\/politique\/gouvernance-le-chu-vise-par-une-enquete-parlementaire","og_site_name":"Congo Brazzaville","article_published_time":"2023-02-14T18:02:04+00:00","article_modified_time":"2023-02-15T02:20:13+00:00","og_image":[{"width":720,"height":394,"url":"https:\/\/static.africa-press.net\/congo-brazzaville\/sites\/51\/2023\/02\/postQueueImg_1676385129.94.jpg","type":"image\/jpeg"}],"author":"cfeditorfr","twitter_card":"summary_large_image","twitter_misc":{"\u00c9crit par":"cfeditorfr","Dur\u00e9e de lecture estim\u00e9e":"3 minutes"},"schema":{"@context":"https:\/\/schema.org","@graph":[{"@type":"Article","@id":"https:\/\/www.africa-press.net\/congo-brazzaville\/politique\/gouvernance-le-chu-vise-par-une-enquete-parlementaire#article","isPartOf":{"@id":"https:\/\/www.africa-press.net\/congo-brazzaville\/politique\/gouvernance-le-chu-vise-par-une-enquete-parlementaire"},"author":{"name":"cfeditorfr","@id":"https:\/\/www.africa-press.net\/congo-brazzaville\/#\/schema\/person\/2b1cf3cd81a31e3cd26889ca66d677f1"},"headline":"Gouvernance : le CHU vis\u00e9 par une enqu\u00eate parlementaire","datePublished":"2023-02-14T18:02:04+00:00","dateModified":"2023-02-15T02:20:13+00:00","mainEntityOfPage":{"@id":"https:\/\/www.africa-press.net\/congo-brazzaville\/politique\/gouvernance-le-chu-vise-par-une-enquete-parlementaire"},"wordCount":592,"commentCount":0,"image":{"@id":"https:\/\/www.africa-press.net\/congo-brazzaville\/politique\/gouvernance-le-chu-vise-par-une-enquete-parlementaire#primaryimage"},"thumbnailUrl":"https:\/\/static.africa-press.net\/congo-brazzaville\/sites\/51\/2023\/02\/postQueueImg_1676385129.94.jpg","keywords":["Africa Press","Africa Press-Congo Brazzaville","Congo Brazzaville"],"articleSection":["Politique","Toutes les actualit\u00e9s"],"inLanguage":"fr-FR","potentialAction":[{"@type":"CommentAction","name":"Comment","target":["https:\/\/www.africa-press.net\/congo-brazzaville\/politique\/gouvernance-le-chu-vise-par-une-enquete-parlementaire#respond"]}]},{"@type":"WebPage","@id":"https:\/\/www.africa-press.net\/congo-brazzaville\/politique\/gouvernance-le-chu-vise-par-une-enquete-parlementaire","url":"https:\/\/www.africa-press.net\/congo-brazzaville\/politique\/gouvernance-le-chu-vise-par-une-enquete-parlementaire","name":"Gouvernance : le CHU vis\u00e9 par une enqu\u00eate parlementaire - Congo Brazzaville","isPartOf":{"@id":"https:\/\/www.africa-press.net\/congo-brazzaville\/#website"},"primaryImageOfPage":{"@id":"https:\/\/www.africa-press.net\/congo-brazzaville\/politique\/gouvernance-le-chu-vise-par-une-enquete-parlementaire#primaryimage"},"image":{"@id":"https:\/\/www.africa-press.net\/congo-brazzaville\/politique\/gouvernance-le-chu-vise-par-une-enquete-parlementaire#primaryimage"},"thumbnailUrl":"https:\/\/static.africa-press.net\/congo-brazzaville\/sites\/51\/2023\/02\/postQueueImg_1676385129.94.jpg","datePublished":"2023-02-14T18:02:04+00:00","dateModified":"2023-02-15T02:20:13+00:00","author":{"@id":"https:\/\/www.africa-press.net\/congo-brazzaville\/#\/schema\/person\/2b1cf3cd81a31e3cd26889ca66d677f1"},"description":"L\u2019Assemble\u0301e nationale a tenu, le 14 fe\u0301vrier, une re\u0301union extraordinaire du comite\u0301 de coordination, destine\u0301e a\u0300 r ...","breadcrumb":{"@id":"https:\/\/www.africa-press.net\/congo-brazzaville\/politique\/gouvernance-le-chu-vise-par-une-enquete-parlementaire#breadcrumb"},"inLanguage":"fr-FR","potentialAction":[{"@type":"ReadAction","target":["https:\/\/www.africa-press.net\/congo-brazzaville\/politique\/gouvernance-le-chu-vise-par-une-enquete-parlementaire"]}]},{"@type":"ImageObject","inLanguage":"fr-FR","@id":"https:\/\/www.africa-press.net\/congo-brazzaville\/politique\/gouvernance-le-chu-vise-par-une-enquete-parlementaire#primaryimage","url":"https:\/\/static.africa-press.net\/congo-brazzaville\/sites\/51\/2023\/02\/postQueueImg_1676385129.94.jpg","contentUrl":"https:\/\/static.africa-press.net\/congo-brazzaville\/sites\/51\/2023\/02\/postQueueImg_1676385129.94.jpg","width":720,"height":394,"caption":"Gouvernance : le CHU vis\u00e9 par une enqu\u00eate parlementaire"},{"@type":"BreadcrumbList","@id":"https:\/\/www.africa-press.net\/congo-brazzaville\/politique\/gouvernance-le-chu-vise-par-une-enquete-parlementaire#breadcrumb","itemListElement":[{"@type":"ListItem","position":1,"name":"Accueil","item":"https:\/\/www.africa-press.net\/congo-brazzaville\/"},{"@type":"ListItem","position":2,"name":"Gouvernance : le CHU vis\u00e9 par une enqu\u00eate parlementaire"}]},{"@type":"WebSite","@id":"https:\/\/www.africa-press.net\/congo-brazzaville\/#website","url":"https:\/\/www.africa-press.net\/congo-brazzaville\/","name":"Congo Brazzaville","description":"Just another Africa News Agency Sites site","potentialAction":[{"@type":"SearchAction","target":{"@type":"EntryPoint","urlTemplate":"https:\/\/www.africa-press.net\/congo-brazzaville\/?s={search_term_string}"},"query-input":{"@type":"PropertyValueSpecification","valueRequired":true,"valueName":"search_term_string"}}],"inLanguage":"fr-FR"},{"@type":"Person","@id":"https:\/\/www.africa-press.net\/congo-brazzaville\/#\/schema\/person\/2b1cf3cd81a31e3cd26889ca66d677f1","name":"cfeditorfr"}]}},"_links":{"self":[{"href":"https:\/\/www.africa-press.net\/congo-brazzaville\/wp-json\/wp\/v2\/posts\/14415","targetHints":{"allow":["GET"]}}],"collection":[{"href":"https:\/\/www.africa-press.net\/congo-brazzaville\/wp-json\/wp\/v2\/posts"}],"about":[{"href":"https:\/\/www.africa-press.net\/congo-brazzaville\/wp-json\/wp\/v2\/types\/post"}],"author":[{"embeddable":true,"href":"https:\/\/www.africa-press.net\/congo-brazzaville\/wp-json\/wp\/v2\/users\/82"}],"replies":[{"embeddable":true,"href":"https:\/\/www.africa-press.net\/congo-brazzaville\/wp-json\/wp\/v2\/comments?post=14415"}],"version-history":[{"count":0,"href":"https:\/\/www.africa-press.net\/congo-brazzaville\/wp-json\/wp\/v2\/posts\/14415\/revisions"}],"wp:featuredmedia":[{"embeddable":true,"href":"https:\/\/www.africa-press.net\/congo-brazzaville\/wp-json\/wp\/v2\/media\/14414"}],"wp:attachment":[{"href":"https:\/\/www.africa-press.net\/congo-brazzaville\/wp-json\/wp\/v2\/media?parent=14415"}],"wp:term":[{"taxonomy":"category","embeddable":true,"href":"https:\/\/www.africa-press.net\/congo-brazzaville\/wp-json\/wp\/v2\/categories?post=14415"},{"taxonomy":"post_tag","embeddable":true,"href":"https:\/\/www.africa-press.net\/congo-brazzaville\/wp-json\/wp\/v2\/tags?post=14415"}],"curies":[{"name":"wp","href":"https:\/\/api.w.org\/{rel}","templated":true}]}}