{"id":14417,"date":"2023-02-14T18:02:28","date_gmt":"2023-02-14T18:02:28","guid":{"rendered":"https:\/\/www.africa-press.net\/congo-brazzaville\/politique\/le-cad-soutient-la-mesure-de-la-transformation-des-grumes-sur-place"},"modified":"2023-02-15T02:20:37","modified_gmt":"2023-02-15T02:20:37","slug":"le-cad-soutient-la-mesure-de-la-transformation-des-grumes-sur-place","status":"publish","type":"post","link":"https:\/\/www.africa-press.net\/congo-brazzaville\/economie\/le-cad-soutient-la-mesure-de-la-transformation-des-grumes-sur-place","title":{"rendered":"le cad soutient la mesure de la transformation des grumes sur place"},"content":{"rendered":"<p><span style=\"color: #ff6600\"><strong>Africa-Press &#8211; Congo Brazzaville. <\/strong><\/span><b>Le directeur exe\u0301cutif du Centre d\u2019action pour le de\u0301veloppement (CAD), Tre\u0301sor Nzila a indique\u0301 le 14 fe\u0301vrier a\u0300 Brazzaville que son organisation soutenait la mesure prise par le gouvernement d\u2019obliger les compagnies d\u2019exploitation forestie\u0300re de transformer les grumes sur place.<\/b><\/p>\n<p>\u00ab Depuis le 1er janvier 2023, le gouvernement a pris une de\u0301cision d\u2019interdire aux compagnies d\u2019exploitation forestie\u0300re d\u2019exporter le bois en grume. Il est donc fait obligation a\u0300 ces socie\u0301te\u0301s de transformer sur place le bois et de n\u2019exporter que le bois transforme\u0301. Nous soutenons cette initiative et souhaitons que le gouvernement aille jusqu\u2019au bout de l\u2019application de cette mesure \u00bb, a dit Tre\u0301sor Nzila Kendet lors d\u2019un e\u0301change avec les journalistes.<\/p>\n<p>Le directeur exe\u0301cutif du Centre d\u2019action pour le de\u0301veloppement (CAD) a loue\u0301 l\u2019initiative prise par la direction du Port autonome de Pointe-Noire de prendre la de\u0301cision d\u2019interdire l\u2019entre\u0301e des grumes au port de Pointe-Noire. \u00ab Nous louons cette initiative d\u2019autant plus qu\u2019elle permettra la cre\u0301ation d\u2019emplois dans la filie\u0300re bois au Congo. En appliquant cette mesure, nous croyons que beaucoup d\u2019emplois directs et indirects seront cre\u0301e\u0301s et le cho\u0302mage des jeunes sera jugule\u0301 \u00bb, a poursuivi Tre\u0301sor Nzila Kendet.<\/p>\n<p>Tre\u0301sor Nzila Kendet a fait savoir que le CAD me\u0300nera un plaidoyer pour encourager tous les pays de la Communaute\u0301 e\u0301conomique et mone\u0301taire des Etats de l\u2019Afrique Centrale (CEMAC) a\u0300 appliquer cette mesure, afin de re\u0301gler la question de la gestion rationnelle des fore\u0302ts en Afrique centrale.<\/p>\n<p>Depuis 2010 les pays membres de la CEMAC avaient pris la re\u0301solution d\u2019obliger les exploitants forestiers a\u0300 exporter 15 % des grumes produites et transforme\u0301es sur place 85 %. Les tergiversations de chaque pays font que cette de\u0301cision est applique\u0301e progressivement. Apre\u0300s le Gabon, qui applique la mesure depuis 2010, le Congo vient donc d\u2019emboiter le pas en prenant la de\u0301cision de se conformer aux normes e\u0301dicte\u0301es dans la sous-re\u0301gion.<\/p>\n<p><strong>Pour plus d&rsquo;informations et d&rsquo;analyses sur la <a href=\"https:\/\/www.africa-press.net\/congo-brazzaville\">Congo Brazzaville<\/a>, suivez <a href=\"https:\/\/www.africa-press.net\/\">Africa-Press<\/a><\/strong><\/p>\n","protected":false},"excerpt":{"rendered":"<p>Africa-Press &#8211; Congo Brazzaville. Le directeur exe\u0301cutif du Centre d\u2019action pour le de\u0301veloppement (CAD), Tre\u0301sor Nzila a indique\u0301 le 14 fe\u0301vrier a\u0300 Brazzaville que son organisation soutenait la mesure prise par le gouvernement d\u2019obliger les compagnies d\u2019exploitation forestie\u0300re de transformer les grumes sur place. \u00ab Depuis le 1er janvier 2023, le gouvernement a pris une [&hellip;]<\/p>\n","protected":false},"author":82,"featured_media":14416,"comment_status":"open","ping_status":"closed","sticky":false,"template":"","format":"standard","meta":{"footnotes":""},"categories":[3,10],"tags":[36,47,46],"class_list":["post-14417","post","type-post","status-publish","format-standard","has-post-thumbnail","hentry","category-economie","category-toutes-les-actualites","tag-africa-press","tag-africa-press-congo-brazzaville","tag-congo-brazzaville"],"yoast_head":"<!-- This site is optimized with the Yoast SEO Premium plugin v26.1 (Yoast SEO v27.0) - https:\/\/yoast.com\/product\/yoast-seo-premium-wordpress\/ -->\n<title>le cad soutient la mesure de la transformation des grumes sur place - Congo Brazzaville<\/title>\n<meta name=\"description\" content=\"Le directeur exe\u0301cutif du Centre d\u2019action pour le de\u0301veloppement (CAD), Tre\u0301sor Nzila a indique\u0301 le 14 fe\u0301vrier a\u0300 Br ...\" \/>\n<meta name=\"robots\" content=\"index, follow, max-snippet:-1, max-image-preview:large, max-video-preview:-1\" \/>\n<link rel=\"canonical\" href=\"https:\/\/www.africa-press.net\/congo-brazzaville\/economie\/le-cad-soutient-la-mesure-de-la-transformation-des-grumes-sur-place\" \/>\n<meta property=\"og:locale\" content=\"fr_FR\" \/>\n<meta property=\"og:type\" content=\"article\" \/>\n<meta property=\"og:title\" content=\"le cad soutient la mesure de la transformation des grumes sur place\" \/>\n<meta property=\"og:description\" content=\"Le directeur exe\u0301cutif du Centre d\u2019action pour le de\u0301veloppement (CAD), Tre\u0301sor Nzila a indique\u0301 le 14 fe\u0301vrier a\u0300 Br ...\" \/>\n<meta property=\"og:url\" content=\"https:\/\/www.africa-press.net\/congo-brazzaville\/economie\/le-cad-soutient-la-mesure-de-la-transformation-des-grumes-sur-place\" \/>\n<meta property=\"og:site_name\" content=\"Congo Brazzaville\" \/>\n<meta property=\"article:published_time\" content=\"2023-02-14T18:02:28+00:00\" \/>\n<meta property=\"article:modified_time\" content=\"2023-02-15T02:20:37+00:00\" \/>\n<meta property=\"og:image\" content=\"https:\/\/static.africa-press.net\/congo-brazzaville\/sites\/51\/2023\/02\/postQueueImg_1676385161.98.jpg\" \/>\n\t<meta property=\"og:image:width\" content=\"644\" \/>\n\t<meta property=\"og:image:height\" content=\"435\" \/>\n\t<meta property=\"og:image:type\" content=\"image\/jpeg\" \/>\n<meta name=\"author\" content=\"cfeditorfr\" \/>\n<meta name=\"twitter:card\" content=\"summary_large_image\" \/>\n<meta name=\"twitter:label1\" content=\"\u00c9crit par\" \/>\n\t<meta name=\"twitter:data1\" content=\"cfeditorfr\" \/>\n\t<meta name=\"twitter:label2\" content=\"Dur\u00e9e de lecture estim\u00e9e\" \/>\n\t<meta name=\"twitter:data2\" content=\"2 minutes\" \/>\n<script type=\"application\/ld+json\" class=\"yoast-schema-graph\">{\"@context\":\"https:\/\/schema.org\",\"@graph\":[{\"@type\":\"Article\",\"@id\":\"https:\/\/www.africa-press.net\/congo-brazzaville\/economie\/le-cad-soutient-la-mesure-de-la-transformation-des-grumes-sur-place#article\",\"isPartOf\":{\"@id\":\"https:\/\/www.africa-press.net\/congo-brazzaville\/economie\/le-cad-soutient-la-mesure-de-la-transformation-des-grumes-sur-place\"},\"author\":{\"name\":\"cfeditorfr\",\"@id\":\"https:\/\/www.africa-press.net\/congo-brazzaville\/#\/schema\/person\/2b1cf3cd81a31e3cd26889ca66d677f1\"},\"headline\":\"le cad soutient la mesure de la transformation des grumes sur place\",\"datePublished\":\"2023-02-14T18:02:28+00:00\",\"dateModified\":\"2023-02-15T02:20:37+00:00\",\"mainEntityOfPage\":{\"@id\":\"https:\/\/www.africa-press.net\/congo-brazzaville\/economie\/le-cad-soutient-la-mesure-de-la-transformation-des-grumes-sur-place\"},\"wordCount\":382,\"commentCount\":0,\"image\":{\"@id\":\"https:\/\/www.africa-press.net\/congo-brazzaville\/economie\/le-cad-soutient-la-mesure-de-la-transformation-des-grumes-sur-place#primaryimage\"},\"thumbnailUrl\":\"https:\/\/static.africa-press.net\/congo-brazzaville\/sites\/51\/2023\/02\/postQueueImg_1676385161.98.jpg\",\"keywords\":[\"Africa Press\",\"Africa Press-Congo Brazzaville\",\"Congo Brazzaville\"],\"articleSection\":[\"\u00c9conomie\",\"Toutes les actualit\u00e9s\"],\"inLanguage\":\"fr-FR\",\"potentialAction\":[{\"@type\":\"CommentAction\",\"name\":\"Comment\",\"target\":[\"https:\/\/www.africa-press.net\/congo-brazzaville\/economie\/le-cad-soutient-la-mesure-de-la-transformation-des-grumes-sur-place#respond\"]}]},{\"@type\":\"WebPage\",\"@id\":\"https:\/\/www.africa-press.net\/congo-brazzaville\/economie\/le-cad-soutient-la-mesure-de-la-transformation-des-grumes-sur-place\",\"url\":\"https:\/\/www.africa-press.net\/congo-brazzaville\/economie\/le-cad-soutient-la-mesure-de-la-transformation-des-grumes-sur-place\",\"name\":\"le cad soutient la mesure de la transformation des grumes sur place - Congo Brazzaville\",\"isPartOf\":{\"@id\":\"https:\/\/www.africa-press.net\/congo-brazzaville\/#website\"},\"primaryImageOfPage\":{\"@id\":\"https:\/\/www.africa-press.net\/congo-brazzaville\/economie\/le-cad-soutient-la-mesure-de-la-transformation-des-grumes-sur-place#primaryimage\"},\"image\":{\"@id\":\"https:\/\/www.africa-press.net\/congo-brazzaville\/economie\/le-cad-soutient-la-mesure-de-la-transformation-des-grumes-sur-place#primaryimage\"},\"thumbnailUrl\":\"https:\/\/static.africa-press.net\/congo-brazzaville\/sites\/51\/2023\/02\/postQueueImg_1676385161.98.jpg\",\"datePublished\":\"2023-02-14T18:02:28+00:00\",\"dateModified\":\"2023-02-15T02:20:37+00:00\",\"author\":{\"@id\":\"https:\/\/www.africa-press.net\/congo-brazzaville\/#\/schema\/person\/2b1cf3cd81a31e3cd26889ca66d677f1\"},\"description\":\"Le directeur exe\u0301cutif du Centre d\u2019action pour le de\u0301veloppement (CAD), Tre\u0301sor Nzila a indique\u0301 le 14 fe\u0301vrier a\u0300 Br ...\",\"breadcrumb\":{\"@id\":\"https:\/\/www.africa-press.net\/congo-brazzaville\/economie\/le-cad-soutient-la-mesure-de-la-transformation-des-grumes-sur-place#breadcrumb\"},\"inLanguage\":\"fr-FR\",\"potentialAction\":[{\"@type\":\"ReadAction\",\"target\":[\"https:\/\/www.africa-press.net\/congo-brazzaville\/economie\/le-cad-soutient-la-mesure-de-la-transformation-des-grumes-sur-place\"]}]},{\"@type\":\"ImageObject\",\"inLanguage\":\"fr-FR\",\"@id\":\"https:\/\/www.africa-press.net\/congo-brazzaville\/economie\/le-cad-soutient-la-mesure-de-la-transformation-des-grumes-sur-place#primaryimage\",\"url\":\"https:\/\/static.africa-press.net\/congo-brazzaville\/sites\/51\/2023\/02\/postQueueImg_1676385161.98.jpg\",\"contentUrl\":\"https:\/\/static.africa-press.net\/congo-brazzaville\/sites\/51\/2023\/02\/postQueueImg_1676385161.98.jpg\",\"width\":644,\"height\":435,\"caption\":\"le cad soutient la mesure de la transformation des grumes sur place\"},{\"@type\":\"BreadcrumbList\",\"@id\":\"https:\/\/www.africa-press.net\/congo-brazzaville\/economie\/le-cad-soutient-la-mesure-de-la-transformation-des-grumes-sur-place#breadcrumb\",\"itemListElement\":[{\"@type\":\"ListItem\",\"position\":1,\"name\":\"Accueil\",\"item\":\"https:\/\/www.africa-press.net\/congo-brazzaville\/\"},{\"@type\":\"ListItem\",\"position\":2,\"name\":\"le cad soutient la mesure de la transformation des grumes sur place\"}]},{\"@type\":\"WebSite\",\"@id\":\"https:\/\/www.africa-press.net\/congo-brazzaville\/#website\",\"url\":\"https:\/\/www.africa-press.net\/congo-brazzaville\/\",\"name\":\"Congo Brazzaville\",\"description\":\"Just another Africa News Agency Sites site\",\"potentialAction\":[{\"@type\":\"SearchAction\",\"target\":{\"@type\":\"EntryPoint\",\"urlTemplate\":\"https:\/\/www.africa-press.net\/congo-brazzaville\/?s={search_term_string}\"},\"query-input\":{\"@type\":\"PropertyValueSpecification\",\"valueRequired\":true,\"valueName\":\"search_term_string\"}}],\"inLanguage\":\"fr-FR\"},{\"@type\":\"Person\",\"@id\":\"https:\/\/www.africa-press.net\/congo-brazzaville\/#\/schema\/person\/2b1cf3cd81a31e3cd26889ca66d677f1\",\"name\":\"cfeditorfr\"}]}<\/script>\n<!-- \/ Yoast SEO Premium plugin. -->","yoast_head_json":{"title":"le cad soutient la mesure de la transformation des grumes sur place - Congo Brazzaville","description":"Le directeur exe\u0301cutif du Centre d\u2019action pour le de\u0301veloppement (CAD), Tre\u0301sor Nzila a indique\u0301 le 14 fe\u0301vrier a\u0300 Br ...","robots":{"index":"index","follow":"follow","max-snippet":"max-snippet:-1","max-image-preview":"max-image-preview:large","max-video-preview":"max-video-preview:-1"},"canonical":"https:\/\/www.africa-press.net\/congo-brazzaville\/economie\/le-cad-soutient-la-mesure-de-la-transformation-des-grumes-sur-place","og_locale":"fr_FR","og_type":"article","og_title":"le cad soutient la mesure de la transformation des grumes sur place","og_description":"Le directeur exe\u0301cutif du Centre d\u2019action pour le de\u0301veloppement (CAD), Tre\u0301sor Nzila a indique\u0301 le 14 fe\u0301vrier a\u0300 Br ...","og_url":"https:\/\/www.africa-press.net\/congo-brazzaville\/economie\/le-cad-soutient-la-mesure-de-la-transformation-des-grumes-sur-place","og_site_name":"Congo Brazzaville","article_published_time":"2023-02-14T18:02:28+00:00","article_modified_time":"2023-02-15T02:20:37+00:00","og_image":[{"width":644,"height":435,"url":"https:\/\/static.africa-press.net\/congo-brazzaville\/sites\/51\/2023\/02\/postQueueImg_1676385161.98.jpg","type":"image\/jpeg"}],"author":"cfeditorfr","twitter_card":"summary_large_image","twitter_misc":{"\u00c9crit par":"cfeditorfr","Dur\u00e9e de lecture estim\u00e9e":"2 minutes"},"schema":{"@context":"https:\/\/schema.org","@graph":[{"@type":"Article","@id":"https:\/\/www.africa-press.net\/congo-brazzaville\/economie\/le-cad-soutient-la-mesure-de-la-transformation-des-grumes-sur-place#article","isPartOf":{"@id":"https:\/\/www.africa-press.net\/congo-brazzaville\/economie\/le-cad-soutient-la-mesure-de-la-transformation-des-grumes-sur-place"},"author":{"name":"cfeditorfr","@id":"https:\/\/www.africa-press.net\/congo-brazzaville\/#\/schema\/person\/2b1cf3cd81a31e3cd26889ca66d677f1"},"headline":"le cad soutient la mesure de la transformation des grumes sur place","datePublished":"2023-02-14T18:02:28+00:00","dateModified":"2023-02-15T02:20:37+00:00","mainEntityOfPage":{"@id":"https:\/\/www.africa-press.net\/congo-brazzaville\/economie\/le-cad-soutient-la-mesure-de-la-transformation-des-grumes-sur-place"},"wordCount":382,"commentCount":0,"image":{"@id":"https:\/\/www.africa-press.net\/congo-brazzaville\/economie\/le-cad-soutient-la-mesure-de-la-transformation-des-grumes-sur-place#primaryimage"},"thumbnailUrl":"https:\/\/static.africa-press.net\/congo-brazzaville\/sites\/51\/2023\/02\/postQueueImg_1676385161.98.jpg","keywords":["Africa Press","Africa Press-Congo Brazzaville","Congo Brazzaville"],"articleSection":["\u00c9conomie","Toutes les actualit\u00e9s"],"inLanguage":"fr-FR","potentialAction":[{"@type":"CommentAction","name":"Comment","target":["https:\/\/www.africa-press.net\/congo-brazzaville\/economie\/le-cad-soutient-la-mesure-de-la-transformation-des-grumes-sur-place#respond"]}]},{"@type":"WebPage","@id":"https:\/\/www.africa-press.net\/congo-brazzaville\/economie\/le-cad-soutient-la-mesure-de-la-transformation-des-grumes-sur-place","url":"https:\/\/www.africa-press.net\/congo-brazzaville\/economie\/le-cad-soutient-la-mesure-de-la-transformation-des-grumes-sur-place","name":"le cad soutient la mesure de la transformation des grumes sur place - Congo Brazzaville","isPartOf":{"@id":"https:\/\/www.africa-press.net\/congo-brazzaville\/#website"},"primaryImageOfPage":{"@id":"https:\/\/www.africa-press.net\/congo-brazzaville\/economie\/le-cad-soutient-la-mesure-de-la-transformation-des-grumes-sur-place#primaryimage"},"image":{"@id":"https:\/\/www.africa-press.net\/congo-brazzaville\/economie\/le-cad-soutient-la-mesure-de-la-transformation-des-grumes-sur-place#primaryimage"},"thumbnailUrl":"https:\/\/static.africa-press.net\/congo-brazzaville\/sites\/51\/2023\/02\/postQueueImg_1676385161.98.jpg","datePublished":"2023-02-14T18:02:28+00:00","dateModified":"2023-02-15T02:20:37+00:00","author":{"@id":"https:\/\/www.africa-press.net\/congo-brazzaville\/#\/schema\/person\/2b1cf3cd81a31e3cd26889ca66d677f1"},"description":"Le directeur exe\u0301cutif du Centre d\u2019action pour le de\u0301veloppement (CAD), Tre\u0301sor Nzila a indique\u0301 le 14 fe\u0301vrier a\u0300 Br ...","breadcrumb":{"@id":"https:\/\/www.africa-press.net\/congo-brazzaville\/economie\/le-cad-soutient-la-mesure-de-la-transformation-des-grumes-sur-place#breadcrumb"},"inLanguage":"fr-FR","potentialAction":[{"@type":"ReadAction","target":["https:\/\/www.africa-press.net\/congo-brazzaville\/economie\/le-cad-soutient-la-mesure-de-la-transformation-des-grumes-sur-place"]}]},{"@type":"ImageObject","inLanguage":"fr-FR","@id":"https:\/\/www.africa-press.net\/congo-brazzaville\/economie\/le-cad-soutient-la-mesure-de-la-transformation-des-grumes-sur-place#primaryimage","url":"https:\/\/static.africa-press.net\/congo-brazzaville\/sites\/51\/2023\/02\/postQueueImg_1676385161.98.jpg","contentUrl":"https:\/\/static.africa-press.net\/congo-brazzaville\/sites\/51\/2023\/02\/postQueueImg_1676385161.98.jpg","width":644,"height":435,"caption":"le cad soutient la mesure de la transformation des grumes sur place"},{"@type":"BreadcrumbList","@id":"https:\/\/www.africa-press.net\/congo-brazzaville\/economie\/le-cad-soutient-la-mesure-de-la-transformation-des-grumes-sur-place#breadcrumb","itemListElement":[{"@type":"ListItem","position":1,"name":"Accueil","item":"https:\/\/www.africa-press.net\/congo-brazzaville\/"},{"@type":"ListItem","position":2,"name":"le cad soutient la mesure de la transformation des grumes sur place"}]},{"@type":"WebSite","@id":"https:\/\/www.africa-press.net\/congo-brazzaville\/#website","url":"https:\/\/www.africa-press.net\/congo-brazzaville\/","name":"Congo Brazzaville","description":"Just another Africa News Agency Sites site","potentialAction":[{"@type":"SearchAction","target":{"@type":"EntryPoint","urlTemplate":"https:\/\/www.africa-press.net\/congo-brazzaville\/?s={search_term_string}"},"query-input":{"@type":"PropertyValueSpecification","valueRequired":true,"valueName":"search_term_string"}}],"inLanguage":"fr-FR"},{"@type":"Person","@id":"https:\/\/www.africa-press.net\/congo-brazzaville\/#\/schema\/person\/2b1cf3cd81a31e3cd26889ca66d677f1","name":"cfeditorfr"}]}},"_links":{"self":[{"href":"https:\/\/www.africa-press.net\/congo-brazzaville\/wp-json\/wp\/v2\/posts\/14417","targetHints":{"allow":["GET"]}}],"collection":[{"href":"https:\/\/www.africa-press.net\/congo-brazzaville\/wp-json\/wp\/v2\/posts"}],"about":[{"href":"https:\/\/www.africa-press.net\/congo-brazzaville\/wp-json\/wp\/v2\/types\/post"}],"author":[{"embeddable":true,"href":"https:\/\/www.africa-press.net\/congo-brazzaville\/wp-json\/wp\/v2\/users\/82"}],"replies":[{"embeddable":true,"href":"https:\/\/www.africa-press.net\/congo-brazzaville\/wp-json\/wp\/v2\/comments?post=14417"}],"version-history":[{"count":0,"href":"https:\/\/www.africa-press.net\/congo-brazzaville\/wp-json\/wp\/v2\/posts\/14417\/revisions"}],"wp:featuredmedia":[{"embeddable":true,"href":"https:\/\/www.africa-press.net\/congo-brazzaville\/wp-json\/wp\/v2\/media\/14416"}],"wp:attachment":[{"href":"https:\/\/www.africa-press.net\/congo-brazzaville\/wp-json\/wp\/v2\/media?parent=14417"}],"wp:term":[{"taxonomy":"category","embeddable":true,"href":"https:\/\/www.africa-press.net\/congo-brazzaville\/wp-json\/wp\/v2\/categories?post=14417"},{"taxonomy":"post_tag","embeddable":true,"href":"https:\/\/www.africa-press.net\/congo-brazzaville\/wp-json\/wp\/v2\/tags?post=14417"}],"curies":[{"name":"wp","href":"https:\/\/api.w.org\/{rel}","templated":true}]}}