{"id":14419,"date":"2023-02-14T18:02:45","date_gmt":"2023-02-14T18:02:45","guid":{"rendered":"https:\/\/www.africa-press.net\/congo-brazzaville\/politique\/des-avis-et-expertises-attendus-au-financement-du-secretariat-permanent"},"modified":"2023-02-15T02:20:55","modified_gmt":"2023-02-15T02:20:55","slug":"des-avis-et-expertises-attendus-au-financement-du-secretariat-permanent","status":"publish","type":"post","link":"https:\/\/www.africa-press.net\/congo-brazzaville\/economie\/des-avis-et-expertises-attendus-au-financement-du-secretariat-permanent","title":{"rendered":"des avis et expertises attendus au financement du secr\u00e9tariat permanent"},"content":{"rendered":"<p><span style=\"color: #ff6600\"><strong>Africa-Press &#8211; Congo Brazzaville. <\/strong><\/span>Le Secre\u0301taire permanent du comite\u0301 interministe\u0301riel de l\u2019action de l\u2019Etat en mer et dans les eaux continentales (SEPCIM-AEMEC), Eric Olivier Se\u0301bastien Dibas-Franck a invite\u0301 le 13 fe\u0301vrier a\u0300 Brazzaville, les membres du groupe technique de travail des experts a\u0300 faire parvenir sous huitaine leur avis et expertise sur le projet de de\u0301cret portant financement de ladite Institution.L<\/p>\n<p>Ce projet avait de\u0301ja\u0300 e\u0301te\u0301 soumis, le 10 de\u0301cembre 2021 a\u0300 l\u2019ensemble des ministres du Comite\u0301 interministe\u0301riel (CIM). A ce jour, un certain nombre de re\u0301ponses sont encore attendues par le Secre\u0301tariat permanent, a releve\u0301 Eric Olivier Se\u0301bastien Dibas-Franck lors de la premie\u0300re re\u0301union du groupe technique de travail des experts pre\u0300s le SEPCIM-AEMEC.<\/p>\n<p>La pre\u0301sente re\u0301union a pour but essentiel de poser les bases de travail a\u0300 mettre en \u0153uvre ensemble dans la perspective de rationalisation des me\u0301thodes et des proce\u0301dures devant garantir l\u2019efficacite\u0301 et l\u2019efficience de L\u2019AEMEC, a pre\u0301cise\u0301 le Secre\u0301taire permanent.<\/p>\n<p>En sa qualite\u0301 de Secre\u0301taire des re\u0301unions du CIM-AEMEC, Eric Olivier Se\u0301bastien Dibas-Franck a transmis aux membres des gouvernements concerne\u0301s, le condense\u0301 de la feuille de route du Premier ministre, pre\u0301sident du CIM-AEMEC pour la pe\u0301riode a\u0300 venir. Celle-ci facilitera l\u2019acce\u0300s du Secre\u0301tariat permanent aux services implique\u0301s ou inte\u0301resse\u0301s par l\u2019AEMEC ; associera le Secre\u0301tariat permanent, lors de l\u2019e\u0301laboration des textes juridiques ou de programme d\u2019investissement touchant a\u0300 l\u2019AEMEC.<\/p>\n<p>De me\u0302me, il faudrait solliciter le Secre\u0301tariat permanent du CIM-AEMEC en rapport avec les the\u0301matiques touchant a\u0300 l\u2019action de l\u2019AEMEC ; transposer les approches maritimes dans la mesure du possible au secteur des eaux continentales ; associer le SEPCIM-AEMEC aux re\u0301ponses a\u0300 trouver sur les the\u0301matiques environnementales et du de\u0301veloppement durable ; entreprendre des actions idoines en vue de l\u2019Agenda 2063, a dit Eric Olivier Se\u0301bastien Dibas-Franck.<\/p>\n<p>Cette feuille de route pre\u0301conise aussi d\u2019e\u0301laborer la strate\u0301gie nationale de la mer et des eaux continentales, a\u0300 l\u2019initiative des ministe\u0300res en charge de la Marine marchande, de l\u2019Economie fluviale et de l\u2019environnement en impliquant les collectivite\u0301s locales ; de mener une politique de coope\u0301ration agressive ; d\u2019inscrire dans les programmes d\u2019activite\u0301s des lignes relevant de l\u2019AEMEC; de mettre en place des me\u0301canismes de financement efficace et de concilier l\u2019exigence d\u2019efficacite\u0301 avec le de\u0301veloppement d\u2019une e\u0301conomie bleue durable et harmonise\u0301e.<\/p>\n<p>Le SEPCIM-AEMEC a e\u0301labore\u0301 de fac\u0327on globale, un programme d\u2019activite\u0301s portant sur trois axes principaux, a\u0300 savoir le renforcement des capacite\u0301s institutionnelles et administratives, de l\u2019offre et des services, ainsi que de l\u2019offre des connaissances de l\u2019AEMEC,<\/p>\n<p>Elargie aux experts qui prennent part a\u0300 la 1e\u0300re confe\u0301rence maritime de la Communaute\u0301 e\u0301conomique des Etats de l\u2019Afrique centrale (CEEAC) a\u0300 Kinshasa, en Re\u0301publique De\u0301mocratique du Congo, cette re\u0301union se tient un peu plus de 20 jours apre\u0300s l\u2019installation du SEPCIM-AEMEC par le Premier ministre, a-t-il poursuivi.<\/p>\n<p>Mais au-dela\u0300, a reconnu Eric Olivier Se\u0301bastien Dibas-Franck, plusieurs de\u0301fis doivent e\u0302tre releve\u0301s au nombre desquels la lutte contre la piraterie, les actes illicites en mer et dans les eaux continentales, la pe\u0302che Ille\u0301gale non autorise\u0301e non re\u0300glemente\u0301e, l\u2019immigration clandestine, la protection de l\u2019environnement, la prise en compte des aires marines prote\u0301ge\u0301es et le tourisme bleu.<\/p>\n<p>Pour sa part, le Chef d\u2019e\u0301tat- major de la marine nationale, pre\u0301sident du groupe technique des experts Rene\u0301 Nganongo a pre\u0301sente\u0301 le projet de de\u0301cret relatif aux modalite\u0301s de financement de l\u2019AEMEC. Ce projet qui n\u2019est pas encore valide\u0301 assujetti au financement les administrations et structures publiques intervenant en mer ou dans les eaux continentales, les structures prive\u0301es ayant des inte\u0301re\u0302ts en mer ou dans les eaux continentales.<\/p>\n<p>Certaines ope\u0301rations, entre autres, de surveillance et de se\u0301curite\u0301 maritimes, fluviales et lacustres sont finance\u0301es par le budget de l\u2019Etat et les contributions des administrations et structures publiques ou prive\u0301es ayant des inte\u0301re\u0302ts en mer et dans les eaux continentales, a ajoute\u0301 le contre-amiral.<\/p>\n<p><strong>Pour plus d&rsquo;informations et d&rsquo;analyses sur la <a href=\"https:\/\/www.africa-press.net\/congo-brazzaville\">Congo Brazzaville<\/a>, suivez <a href=\"https:\/\/www.africa-press.net\/\">Africa-Press<\/a><\/strong><\/p>\n","protected":false},"excerpt":{"rendered":"<p>Africa-Press &#8211; Congo Brazzaville. Le Secre\u0301taire permanent du comite\u0301 interministe\u0301riel de l\u2019action de l\u2019Etat en mer et dans les eaux continentales (SEPCIM-AEMEC), Eric Olivier Se\u0301bastien Dibas-Franck a invite\u0301 le 13 fe\u0301vrier a\u0300 Brazzaville, les membres du groupe technique de travail des experts a\u0300 faire parvenir sous huitaine leur avis et expertise sur le projet de [&hellip;]<\/p>\n","protected":false},"author":82,"featured_media":14418,"comment_status":"open","ping_status":"closed","sticky":false,"template":"","format":"standard","meta":{"footnotes":""},"categories":[3,10],"tags":[36,47,46],"class_list":["post-14419","post","type-post","status-publish","format-standard","has-post-thumbnail","hentry","category-economie","category-toutes-les-actualites","tag-africa-press","tag-africa-press-congo-brazzaville","tag-congo-brazzaville"],"yoast_head":"<!-- This site is optimized with the Yoast SEO Premium plugin v26.1 (Yoast SEO v27.0) - https:\/\/yoast.com\/product\/yoast-seo-premium-wordpress\/ -->\n<title>des avis et expertises attendus au financement du secr\u00e9tariat permanent - Congo Brazzaville<\/title>\n<meta name=\"description\" content=\"Le Secre\u0301taire permanent du comite\u0301 interministe\u0301riel de l\u2019action de l\u2019Etat en mer et dans les eaux continentales (SEPCI ...\" \/>\n<meta name=\"robots\" content=\"index, follow, max-snippet:-1, max-image-preview:large, max-video-preview:-1\" \/>\n<link rel=\"canonical\" href=\"https:\/\/www.africa-press.net\/congo-brazzaville\/economie\/des-avis-et-expertises-attendus-au-financement-du-secretariat-permanent\" \/>\n<meta property=\"og:locale\" content=\"fr_FR\" \/>\n<meta property=\"og:type\" content=\"article\" \/>\n<meta property=\"og:title\" content=\"des avis et expertises attendus au financement du secr\u00e9tariat permanent\" \/>\n<meta property=\"og:description\" content=\"Le Secre\u0301taire permanent du comite\u0301 interministe\u0301riel de l\u2019action de l\u2019Etat en mer et dans les eaux continentales (SEPCI ...\" \/>\n<meta property=\"og:url\" content=\"https:\/\/www.africa-press.net\/congo-brazzaville\/economie\/des-avis-et-expertises-attendus-au-financement-du-secretariat-permanent\" \/>\n<meta property=\"og:site_name\" content=\"Congo Brazzaville\" \/>\n<meta property=\"article:published_time\" content=\"2023-02-14T18:02:45+00:00\" \/>\n<meta property=\"article:modified_time\" content=\"2023-02-15T02:20:55+00:00\" \/>\n<meta property=\"og:image\" content=\"https:\/\/static.africa-press.net\/congo-brazzaville\/sites\/51\/2023\/02\/postQueueImg_1676385179.20.jpg\" \/>\n\t<meta property=\"og:image:width\" content=\"799\" \/>\n\t<meta property=\"og:image:height\" content=\"439\" \/>\n\t<meta property=\"og:image:type\" content=\"image\/jpeg\" \/>\n<meta name=\"author\" content=\"cfeditorfr\" \/>\n<meta name=\"twitter:card\" content=\"summary_large_image\" \/>\n<meta name=\"twitter:label1\" content=\"\u00c9crit par\" \/>\n\t<meta name=\"twitter:data1\" content=\"cfeditorfr\" \/>\n\t<meta name=\"twitter:label2\" content=\"Dur\u00e9e de lecture estim\u00e9e\" \/>\n\t<meta name=\"twitter:data2\" content=\"4 minutes\" \/>\n<script type=\"application\/ld+json\" class=\"yoast-schema-graph\">{\"@context\":\"https:\/\/schema.org\",\"@graph\":[{\"@type\":\"Article\",\"@id\":\"https:\/\/www.africa-press.net\/congo-brazzaville\/economie\/des-avis-et-expertises-attendus-au-financement-du-secretariat-permanent#article\",\"isPartOf\":{\"@id\":\"https:\/\/www.africa-press.net\/congo-brazzaville\/economie\/des-avis-et-expertises-attendus-au-financement-du-secretariat-permanent\"},\"author\":{\"name\":\"cfeditorfr\",\"@id\":\"https:\/\/www.africa-press.net\/congo-brazzaville\/#\/schema\/person\/2b1cf3cd81a31e3cd26889ca66d677f1\"},\"headline\":\"des avis et expertises attendus au financement du secr\u00e9tariat permanent\",\"datePublished\":\"2023-02-14T18:02:45+00:00\",\"dateModified\":\"2023-02-15T02:20:55+00:00\",\"mainEntityOfPage\":{\"@id\":\"https:\/\/www.africa-press.net\/congo-brazzaville\/economie\/des-avis-et-expertises-attendus-au-financement-du-secretariat-permanent\"},\"wordCount\":762,\"commentCount\":0,\"image\":{\"@id\":\"https:\/\/www.africa-press.net\/congo-brazzaville\/economie\/des-avis-et-expertises-attendus-au-financement-du-secretariat-permanent#primaryimage\"},\"thumbnailUrl\":\"https:\/\/static.africa-press.net\/congo-brazzaville\/sites\/51\/2023\/02\/postQueueImg_1676385179.20.jpg\",\"keywords\":[\"Africa Press\",\"Africa Press-Congo Brazzaville\",\"Congo Brazzaville\"],\"articleSection\":[\"\u00c9conomie\",\"Toutes les actualit\u00e9s\"],\"inLanguage\":\"fr-FR\",\"potentialAction\":[{\"@type\":\"CommentAction\",\"name\":\"Comment\",\"target\":[\"https:\/\/www.africa-press.net\/congo-brazzaville\/economie\/des-avis-et-expertises-attendus-au-financement-du-secretariat-permanent#respond\"]}]},{\"@type\":\"WebPage\",\"@id\":\"https:\/\/www.africa-press.net\/congo-brazzaville\/economie\/des-avis-et-expertises-attendus-au-financement-du-secretariat-permanent\",\"url\":\"https:\/\/www.africa-press.net\/congo-brazzaville\/economie\/des-avis-et-expertises-attendus-au-financement-du-secretariat-permanent\",\"name\":\"des avis et expertises attendus au financement du secr\u00e9tariat permanent - Congo Brazzaville\",\"isPartOf\":{\"@id\":\"https:\/\/www.africa-press.net\/congo-brazzaville\/#website\"},\"primaryImageOfPage\":{\"@id\":\"https:\/\/www.africa-press.net\/congo-brazzaville\/economie\/des-avis-et-expertises-attendus-au-financement-du-secretariat-permanent#primaryimage\"},\"image\":{\"@id\":\"https:\/\/www.africa-press.net\/congo-brazzaville\/economie\/des-avis-et-expertises-attendus-au-financement-du-secretariat-permanent#primaryimage\"},\"thumbnailUrl\":\"https:\/\/static.africa-press.net\/congo-brazzaville\/sites\/51\/2023\/02\/postQueueImg_1676385179.20.jpg\",\"datePublished\":\"2023-02-14T18:02:45+00:00\",\"dateModified\":\"2023-02-15T02:20:55+00:00\",\"author\":{\"@id\":\"https:\/\/www.africa-press.net\/congo-brazzaville\/#\/schema\/person\/2b1cf3cd81a31e3cd26889ca66d677f1\"},\"description\":\"Le Secre\u0301taire permanent du comite\u0301 interministe\u0301riel de l\u2019action de l\u2019Etat en mer et dans les eaux continentales (SEPCI ...\",\"breadcrumb\":{\"@id\":\"https:\/\/www.africa-press.net\/congo-brazzaville\/economie\/des-avis-et-expertises-attendus-au-financement-du-secretariat-permanent#breadcrumb\"},\"inLanguage\":\"fr-FR\",\"potentialAction\":[{\"@type\":\"ReadAction\",\"target\":[\"https:\/\/www.africa-press.net\/congo-brazzaville\/economie\/des-avis-et-expertises-attendus-au-financement-du-secretariat-permanent\"]}]},{\"@type\":\"ImageObject\",\"inLanguage\":\"fr-FR\",\"@id\":\"https:\/\/www.africa-press.net\/congo-brazzaville\/economie\/des-avis-et-expertises-attendus-au-financement-du-secretariat-permanent#primaryimage\",\"url\":\"https:\/\/static.africa-press.net\/congo-brazzaville\/sites\/51\/2023\/02\/postQueueImg_1676385179.20.jpg\",\"contentUrl\":\"https:\/\/static.africa-press.net\/congo-brazzaville\/sites\/51\/2023\/02\/postQueueImg_1676385179.20.jpg\",\"width\":799,\"height\":439,\"caption\":\"des avis et expertises attendus au financement du secr\u00e9tariat permanent\"},{\"@type\":\"BreadcrumbList\",\"@id\":\"https:\/\/www.africa-press.net\/congo-brazzaville\/economie\/des-avis-et-expertises-attendus-au-financement-du-secretariat-permanent#breadcrumb\",\"itemListElement\":[{\"@type\":\"ListItem\",\"position\":1,\"name\":\"Accueil\",\"item\":\"https:\/\/www.africa-press.net\/congo-brazzaville\/\"},{\"@type\":\"ListItem\",\"position\":2,\"name\":\"des avis et expertises attendus au financement du secr\u00e9tariat permanent\"}]},{\"@type\":\"WebSite\",\"@id\":\"https:\/\/www.africa-press.net\/congo-brazzaville\/#website\",\"url\":\"https:\/\/www.africa-press.net\/congo-brazzaville\/\",\"name\":\"Congo Brazzaville\",\"description\":\"Just another Africa News Agency Sites site\",\"potentialAction\":[{\"@type\":\"SearchAction\",\"target\":{\"@type\":\"EntryPoint\",\"urlTemplate\":\"https:\/\/www.africa-press.net\/congo-brazzaville\/?s={search_term_string}\"},\"query-input\":{\"@type\":\"PropertyValueSpecification\",\"valueRequired\":true,\"valueName\":\"search_term_string\"}}],\"inLanguage\":\"fr-FR\"},{\"@type\":\"Person\",\"@id\":\"https:\/\/www.africa-press.net\/congo-brazzaville\/#\/schema\/person\/2b1cf3cd81a31e3cd26889ca66d677f1\",\"name\":\"cfeditorfr\"}]}<\/script>\n<!-- \/ Yoast SEO Premium plugin. -->","yoast_head_json":{"title":"des avis et expertises attendus au financement du secr\u00e9tariat permanent - Congo Brazzaville","description":"Le Secre\u0301taire permanent du comite\u0301 interministe\u0301riel de l\u2019action de l\u2019Etat en mer et dans les eaux continentales (SEPCI ...","robots":{"index":"index","follow":"follow","max-snippet":"max-snippet:-1","max-image-preview":"max-image-preview:large","max-video-preview":"max-video-preview:-1"},"canonical":"https:\/\/www.africa-press.net\/congo-brazzaville\/economie\/des-avis-et-expertises-attendus-au-financement-du-secretariat-permanent","og_locale":"fr_FR","og_type":"article","og_title":"des avis et expertises attendus au financement du secr\u00e9tariat permanent","og_description":"Le Secre\u0301taire permanent du comite\u0301 interministe\u0301riel de l\u2019action de l\u2019Etat en mer et dans les eaux continentales (SEPCI ...","og_url":"https:\/\/www.africa-press.net\/congo-brazzaville\/economie\/des-avis-et-expertises-attendus-au-financement-du-secretariat-permanent","og_site_name":"Congo Brazzaville","article_published_time":"2023-02-14T18:02:45+00:00","article_modified_time":"2023-02-15T02:20:55+00:00","og_image":[{"width":799,"height":439,"url":"https:\/\/static.africa-press.net\/congo-brazzaville\/sites\/51\/2023\/02\/postQueueImg_1676385179.20.jpg","type":"image\/jpeg"}],"author":"cfeditorfr","twitter_card":"summary_large_image","twitter_misc":{"\u00c9crit par":"cfeditorfr","Dur\u00e9e de lecture estim\u00e9e":"4 minutes"},"schema":{"@context":"https:\/\/schema.org","@graph":[{"@type":"Article","@id":"https:\/\/www.africa-press.net\/congo-brazzaville\/economie\/des-avis-et-expertises-attendus-au-financement-du-secretariat-permanent#article","isPartOf":{"@id":"https:\/\/www.africa-press.net\/congo-brazzaville\/economie\/des-avis-et-expertises-attendus-au-financement-du-secretariat-permanent"},"author":{"name":"cfeditorfr","@id":"https:\/\/www.africa-press.net\/congo-brazzaville\/#\/schema\/person\/2b1cf3cd81a31e3cd26889ca66d677f1"},"headline":"des avis et expertises attendus au financement du secr\u00e9tariat permanent","datePublished":"2023-02-14T18:02:45+00:00","dateModified":"2023-02-15T02:20:55+00:00","mainEntityOfPage":{"@id":"https:\/\/www.africa-press.net\/congo-brazzaville\/economie\/des-avis-et-expertises-attendus-au-financement-du-secretariat-permanent"},"wordCount":762,"commentCount":0,"image":{"@id":"https:\/\/www.africa-press.net\/congo-brazzaville\/economie\/des-avis-et-expertises-attendus-au-financement-du-secretariat-permanent#primaryimage"},"thumbnailUrl":"https:\/\/static.africa-press.net\/congo-brazzaville\/sites\/51\/2023\/02\/postQueueImg_1676385179.20.jpg","keywords":["Africa Press","Africa Press-Congo Brazzaville","Congo Brazzaville"],"articleSection":["\u00c9conomie","Toutes les actualit\u00e9s"],"inLanguage":"fr-FR","potentialAction":[{"@type":"CommentAction","name":"Comment","target":["https:\/\/www.africa-press.net\/congo-brazzaville\/economie\/des-avis-et-expertises-attendus-au-financement-du-secretariat-permanent#respond"]}]},{"@type":"WebPage","@id":"https:\/\/www.africa-press.net\/congo-brazzaville\/economie\/des-avis-et-expertises-attendus-au-financement-du-secretariat-permanent","url":"https:\/\/www.africa-press.net\/congo-brazzaville\/economie\/des-avis-et-expertises-attendus-au-financement-du-secretariat-permanent","name":"des avis et expertises attendus au financement du secr\u00e9tariat permanent - Congo Brazzaville","isPartOf":{"@id":"https:\/\/www.africa-press.net\/congo-brazzaville\/#website"},"primaryImageOfPage":{"@id":"https:\/\/www.africa-press.net\/congo-brazzaville\/economie\/des-avis-et-expertises-attendus-au-financement-du-secretariat-permanent#primaryimage"},"image":{"@id":"https:\/\/www.africa-press.net\/congo-brazzaville\/economie\/des-avis-et-expertises-attendus-au-financement-du-secretariat-permanent#primaryimage"},"thumbnailUrl":"https:\/\/static.africa-press.net\/congo-brazzaville\/sites\/51\/2023\/02\/postQueueImg_1676385179.20.jpg","datePublished":"2023-02-14T18:02:45+00:00","dateModified":"2023-02-15T02:20:55+00:00","author":{"@id":"https:\/\/www.africa-press.net\/congo-brazzaville\/#\/schema\/person\/2b1cf3cd81a31e3cd26889ca66d677f1"},"description":"Le Secre\u0301taire permanent du comite\u0301 interministe\u0301riel de l\u2019action de l\u2019Etat en mer et dans les eaux continentales (SEPCI ...","breadcrumb":{"@id":"https:\/\/www.africa-press.net\/congo-brazzaville\/economie\/des-avis-et-expertises-attendus-au-financement-du-secretariat-permanent#breadcrumb"},"inLanguage":"fr-FR","potentialAction":[{"@type":"ReadAction","target":["https:\/\/www.africa-press.net\/congo-brazzaville\/economie\/des-avis-et-expertises-attendus-au-financement-du-secretariat-permanent"]}]},{"@type":"ImageObject","inLanguage":"fr-FR","@id":"https:\/\/www.africa-press.net\/congo-brazzaville\/economie\/des-avis-et-expertises-attendus-au-financement-du-secretariat-permanent#primaryimage","url":"https:\/\/static.africa-press.net\/congo-brazzaville\/sites\/51\/2023\/02\/postQueueImg_1676385179.20.jpg","contentUrl":"https:\/\/static.africa-press.net\/congo-brazzaville\/sites\/51\/2023\/02\/postQueueImg_1676385179.20.jpg","width":799,"height":439,"caption":"des avis et expertises attendus au financement du secr\u00e9tariat permanent"},{"@type":"BreadcrumbList","@id":"https:\/\/www.africa-press.net\/congo-brazzaville\/economie\/des-avis-et-expertises-attendus-au-financement-du-secretariat-permanent#breadcrumb","itemListElement":[{"@type":"ListItem","position":1,"name":"Accueil","item":"https:\/\/www.africa-press.net\/congo-brazzaville\/"},{"@type":"ListItem","position":2,"name":"des avis et expertises attendus au financement du secr\u00e9tariat permanent"}]},{"@type":"WebSite","@id":"https:\/\/www.africa-press.net\/congo-brazzaville\/#website","url":"https:\/\/www.africa-press.net\/congo-brazzaville\/","name":"Congo Brazzaville","description":"Just another Africa News Agency Sites site","potentialAction":[{"@type":"SearchAction","target":{"@type":"EntryPoint","urlTemplate":"https:\/\/www.africa-press.net\/congo-brazzaville\/?s={search_term_string}"},"query-input":{"@type":"PropertyValueSpecification","valueRequired":true,"valueName":"search_term_string"}}],"inLanguage":"fr-FR"},{"@type":"Person","@id":"https:\/\/www.africa-press.net\/congo-brazzaville\/#\/schema\/person\/2b1cf3cd81a31e3cd26889ca66d677f1","name":"cfeditorfr"}]}},"_links":{"self":[{"href":"https:\/\/www.africa-press.net\/congo-brazzaville\/wp-json\/wp\/v2\/posts\/14419","targetHints":{"allow":["GET"]}}],"collection":[{"href":"https:\/\/www.africa-press.net\/congo-brazzaville\/wp-json\/wp\/v2\/posts"}],"about":[{"href":"https:\/\/www.africa-press.net\/congo-brazzaville\/wp-json\/wp\/v2\/types\/post"}],"author":[{"embeddable":true,"href":"https:\/\/www.africa-press.net\/congo-brazzaville\/wp-json\/wp\/v2\/users\/82"}],"replies":[{"embeddable":true,"href":"https:\/\/www.africa-press.net\/congo-brazzaville\/wp-json\/wp\/v2\/comments?post=14419"}],"version-history":[{"count":0,"href":"https:\/\/www.africa-press.net\/congo-brazzaville\/wp-json\/wp\/v2\/posts\/14419\/revisions"}],"wp:featuredmedia":[{"embeddable":true,"href":"https:\/\/www.africa-press.net\/congo-brazzaville\/wp-json\/wp\/v2\/media\/14418"}],"wp:attachment":[{"href":"https:\/\/www.africa-press.net\/congo-brazzaville\/wp-json\/wp\/v2\/media?parent=14419"}],"wp:term":[{"taxonomy":"category","embeddable":true,"href":"https:\/\/www.africa-press.net\/congo-brazzaville\/wp-json\/wp\/v2\/categories?post=14419"},{"taxonomy":"post_tag","embeddable":true,"href":"https:\/\/www.africa-press.net\/congo-brazzaville\/wp-json\/wp\/v2\/tags?post=14419"}],"curies":[{"name":"wp","href":"https:\/\/api.w.org\/{rel}","templated":true}]}}