{"id":14437,"date":"2023-02-15T20:28:43","date_gmt":"2023-02-15T20:28:43","guid":{"rendered":"https:\/\/www.africa-press.net\/congo-brazzaville\/politique\/congo-espagne-un-jumelage-en-vue-entre-pointe-noire-et-vigo"},"modified":"2023-02-16T19:16:10","modified_gmt":"2023-02-16T19:16:10","slug":"congo-espagne-un-jumelage-en-vue-entre-pointe-noire-et-vigo","status":"publish","type":"post","link":"https:\/\/www.africa-press.net\/congo-brazzaville\/politique\/congo-espagne-un-jumelage-en-vue-entre-pointe-noire-et-vigo","title":{"rendered":"Congo-Espagne : un jumelage en vue entre Pointe-Noire et Vigo"},"content":{"rendered":"<p><span style=\"color: #ff6600\"><strong>Africa-Press &#8211; Congo Brazzaville. <\/strong><\/span><b>Le ministre de\u0301le\u0301gue\u0301 a\u0300 la De\u0301centralisation et au De\u0301veloppement local, Juste De\u0301sire\u0301 Monde\u0301le\u0301, et l\u2019ambassadeur d\u2019Espagne au Congo, Carlos Robles, ont e\u0301voque\u0301, a\u0300 l\u2019occasion d\u2019un entretien le 14 fe\u0301vrier a\u0300 Brazzaville, le projet de jumelage entre Pointe-Noire et Vigo, une ville espagnole. <\/b><\/p>\n<p>Hormis la coope\u0301ration globale entre le Congo et l\u2019Espagne, juge\u0301e au beau fixe, Juste Monde\u0301le\u0301 et son interlocuteur ont de\u0301battu de la possibilite\u0301 de cre\u0301er un jumelage entre la ville oce\u0301ane, Pointe-Noire, et celle de Vigo, une agglome\u0301ration situe\u0301e sur la co\u0302te Nord-Ouest de l&rsquo;Espagne. Le projet est initie\u0301 dans le cadre du renforcement des capacite\u0301s inter-villes en matie\u0300re de de\u0301veloppement local.<\/p>\n<p>\u00ab Avec le ministre, nous avons parle\u0301 de la possibilite\u0301 d\u2019un jumelage entre Pointe-Noire et Vigo, une ville co\u0302tie\u0300re tre\u0300s dynamique en matie\u0300re de pe\u0302che et de se\u0301curite\u0301 maritime. C\u2019est une meilleure opportunite\u0301 pour redynamiser la coope\u0301ration entre le Congo et l\u2019Espagne, et ce projet nous permettra de passer au concret \u00bb, a indique\u0301 Carlos Robles.<\/p>\n<p>Parlant de la mise en \u0153uvre du projet sur les collectivite\u0301s locales au Congo, le diplomate espagnol a fait savoir que la question n\u2019a pas e\u0301te\u0301 a\u0300 l\u2019ordre du jour des e\u0301changes. Il a estime\u0301, par ailleurs, que les deux pays doivent encore approfondir des contacts dans ce sens, de manie\u0300re a\u0300 identifier un vrai mode\u0300le de de\u0301centralisation adapte\u0301 au Congo. Un projet, a-t-il indique\u0301, ne relevant pas de sa compe\u0301tence.<\/p>\n<p><strong>Pour plus d&rsquo;informations et d&rsquo;analyses sur la <a href=\"https:\/\/www.africa-press.net\/congo-brazzaville\">Congo Brazzaville<\/a>, suivez <a href=\"https:\/\/www.africa-press.net\/\">Africa-Press<\/a><\/strong><\/p>\n","protected":false},"excerpt":{"rendered":"<p>Africa-Press &#8211; Congo Brazzaville. Le ministre de\u0301le\u0301gue\u0301 a\u0300 la De\u0301centralisation et au De\u0301veloppement local, Juste De\u0301sire\u0301 Monde\u0301le\u0301, et l\u2019ambassadeur d\u2019Espagne au Congo, Carlos Robles, ont e\u0301voque\u0301, a\u0300 l\u2019occasion d\u2019un entretien le 14 fe\u0301vrier a\u0300 Brazzaville, le projet de jumelage entre Pointe-Noire et Vigo, une ville espagnole. Hormis la coope\u0301ration globale entre le Congo et l\u2019Espagne, [&hellip;]<\/p>\n","protected":false},"author":82,"featured_media":14436,"comment_status":"open","ping_status":"closed","sticky":false,"template":"","format":"standard","meta":{"footnotes":""},"categories":[2,20,10],"tags":[36,47,46],"class_list":["post-14437","post","type-post","status-publish","format-standard","has-post-thumbnail","hentry","category-politique","category-top-nouvelles","category-toutes-les-actualites","tag-africa-press","tag-africa-press-congo-brazzaville","tag-congo-brazzaville"],"yoast_head":"<!-- This site is optimized with the Yoast SEO Premium plugin v26.1 (Yoast SEO v27.0) - https:\/\/yoast.com\/product\/yoast-seo-premium-wordpress\/ -->\n<title>Congo-Espagne : un jumelage en vue entre Pointe-Noire et Vigo - Congo Brazzaville<\/title>\n<meta name=\"description\" content=\"Le ministre de\u0301le\u0301gue\u0301 a\u0300 la De\u0301centralisation et au De\u0301veloppement local, Juste De\u0301sire\u0301 Monde\u0301le\u0301, et l\u2019ambassadeur ...\" \/>\n<meta name=\"robots\" content=\"index, follow, max-snippet:-1, max-image-preview:large, max-video-preview:-1\" \/>\n<link rel=\"canonical\" href=\"https:\/\/www.africa-press.net\/congo-brazzaville\/politique\/congo-espagne-un-jumelage-en-vue-entre-pointe-noire-et-vigo\" \/>\n<meta property=\"og:locale\" content=\"fr_FR\" \/>\n<meta property=\"og:type\" content=\"article\" \/>\n<meta property=\"og:title\" content=\"Congo-Espagne : un jumelage en vue entre Pointe-Noire et Vigo\" \/>\n<meta property=\"og:description\" content=\"Le ministre de\u0301le\u0301gue\u0301 a\u0300 la De\u0301centralisation et au De\u0301veloppement local, Juste De\u0301sire\u0301 Monde\u0301le\u0301, et l\u2019ambassadeur ...\" \/>\n<meta property=\"og:url\" content=\"https:\/\/www.africa-press.net\/congo-brazzaville\/politique\/congo-espagne-un-jumelage-en-vue-entre-pointe-noire-et-vigo\" \/>\n<meta property=\"og:site_name\" content=\"Congo Brazzaville\" \/>\n<meta property=\"article:published_time\" content=\"2023-02-15T20:28:43+00:00\" \/>\n<meta property=\"article:modified_time\" content=\"2023-02-16T19:16:10+00:00\" \/>\n<meta property=\"og:image\" content=\"https:\/\/static.africa-press.net\/congo-brazzaville\/sites\/51\/2023\/02\/postQueueImg_1676480344.83.jpg\" \/>\n\t<meta property=\"og:image:width\" content=\"1669\" \/>\n\t<meta property=\"og:image:height\" content=\"768\" \/>\n\t<meta property=\"og:image:type\" content=\"image\/jpeg\" \/>\n<meta name=\"author\" content=\"cfeditorfr\" \/>\n<meta name=\"twitter:card\" content=\"summary_large_image\" \/>\n<meta name=\"twitter:label1\" content=\"\u00c9crit par\" \/>\n\t<meta name=\"twitter:data1\" content=\"cfeditorfr\" \/>\n\t<meta name=\"twitter:label2\" content=\"Dur\u00e9e de lecture estim\u00e9e\" \/>\n\t<meta name=\"twitter:data2\" content=\"2 minutes\" \/>\n<script type=\"application\/ld+json\" class=\"yoast-schema-graph\">{\"@context\":\"https:\/\/schema.org\",\"@graph\":[{\"@type\":\"Article\",\"@id\":\"https:\/\/www.africa-press.net\/congo-brazzaville\/politique\/congo-espagne-un-jumelage-en-vue-entre-pointe-noire-et-vigo#article\",\"isPartOf\":{\"@id\":\"https:\/\/www.africa-press.net\/congo-brazzaville\/politique\/congo-espagne-un-jumelage-en-vue-entre-pointe-noire-et-vigo\"},\"author\":{\"name\":\"cfeditorfr\",\"@id\":\"https:\/\/www.africa-press.net\/congo-brazzaville\/#\/schema\/person\/2b1cf3cd81a31e3cd26889ca66d677f1\"},\"headline\":\"Congo-Espagne : un jumelage en vue entre Pointe-Noire et Vigo\",\"datePublished\":\"2023-02-15T20:28:43+00:00\",\"dateModified\":\"2023-02-16T19:16:10+00:00\",\"mainEntityOfPage\":{\"@id\":\"https:\/\/www.africa-press.net\/congo-brazzaville\/politique\/congo-espagne-un-jumelage-en-vue-entre-pointe-noire-et-vigo\"},\"wordCount\":299,\"commentCount\":0,\"image\":{\"@id\":\"https:\/\/www.africa-press.net\/congo-brazzaville\/politique\/congo-espagne-un-jumelage-en-vue-entre-pointe-noire-et-vigo#primaryimage\"},\"thumbnailUrl\":\"https:\/\/static.africa-press.net\/congo-brazzaville\/sites\/51\/2023\/02\/postQueueImg_1676480344.83.jpg\",\"keywords\":[\"Africa Press\",\"Africa Press-Congo Brazzaville\",\"Congo Brazzaville\"],\"articleSection\":[\"Politique\",\"Top Nouvelles\",\"Toutes les actualit\u00e9s\"],\"inLanguage\":\"fr-FR\",\"potentialAction\":[{\"@type\":\"CommentAction\",\"name\":\"Comment\",\"target\":[\"https:\/\/www.africa-press.net\/congo-brazzaville\/politique\/congo-espagne-un-jumelage-en-vue-entre-pointe-noire-et-vigo#respond\"]}]},{\"@type\":\"WebPage\",\"@id\":\"https:\/\/www.africa-press.net\/congo-brazzaville\/politique\/congo-espagne-un-jumelage-en-vue-entre-pointe-noire-et-vigo\",\"url\":\"https:\/\/www.africa-press.net\/congo-brazzaville\/politique\/congo-espagne-un-jumelage-en-vue-entre-pointe-noire-et-vigo\",\"name\":\"Congo-Espagne : un jumelage en vue entre Pointe-Noire et Vigo - Congo Brazzaville\",\"isPartOf\":{\"@id\":\"https:\/\/www.africa-press.net\/congo-brazzaville\/#website\"},\"primaryImageOfPage\":{\"@id\":\"https:\/\/www.africa-press.net\/congo-brazzaville\/politique\/congo-espagne-un-jumelage-en-vue-entre-pointe-noire-et-vigo#primaryimage\"},\"image\":{\"@id\":\"https:\/\/www.africa-press.net\/congo-brazzaville\/politique\/congo-espagne-un-jumelage-en-vue-entre-pointe-noire-et-vigo#primaryimage\"},\"thumbnailUrl\":\"https:\/\/static.africa-press.net\/congo-brazzaville\/sites\/51\/2023\/02\/postQueueImg_1676480344.83.jpg\",\"datePublished\":\"2023-02-15T20:28:43+00:00\",\"dateModified\":\"2023-02-16T19:16:10+00:00\",\"author\":{\"@id\":\"https:\/\/www.africa-press.net\/congo-brazzaville\/#\/schema\/person\/2b1cf3cd81a31e3cd26889ca66d677f1\"},\"description\":\"Le ministre de\u0301le\u0301gue\u0301 a\u0300 la De\u0301centralisation et au De\u0301veloppement local, Juste De\u0301sire\u0301 Monde\u0301le\u0301, et l\u2019ambassadeur ...\",\"breadcrumb\":{\"@id\":\"https:\/\/www.africa-press.net\/congo-brazzaville\/politique\/congo-espagne-un-jumelage-en-vue-entre-pointe-noire-et-vigo#breadcrumb\"},\"inLanguage\":\"fr-FR\",\"potentialAction\":[{\"@type\":\"ReadAction\",\"target\":[\"https:\/\/www.africa-press.net\/congo-brazzaville\/politique\/congo-espagne-un-jumelage-en-vue-entre-pointe-noire-et-vigo\"]}]},{\"@type\":\"ImageObject\",\"inLanguage\":\"fr-FR\",\"@id\":\"https:\/\/www.africa-press.net\/congo-brazzaville\/politique\/congo-espagne-un-jumelage-en-vue-entre-pointe-noire-et-vigo#primaryimage\",\"url\":\"https:\/\/static.africa-press.net\/congo-brazzaville\/sites\/51\/2023\/02\/postQueueImg_1676480344.83.jpg\",\"contentUrl\":\"https:\/\/static.africa-press.net\/congo-brazzaville\/sites\/51\/2023\/02\/postQueueImg_1676480344.83.jpg\",\"width\":1669,\"height\":768,\"caption\":\"Congo-Espagne : un jumelage en vue entre Pointe-Noire et Vigo\"},{\"@type\":\"BreadcrumbList\",\"@id\":\"https:\/\/www.africa-press.net\/congo-brazzaville\/politique\/congo-espagne-un-jumelage-en-vue-entre-pointe-noire-et-vigo#breadcrumb\",\"itemListElement\":[{\"@type\":\"ListItem\",\"position\":1,\"name\":\"Accueil\",\"item\":\"https:\/\/www.africa-press.net\/congo-brazzaville\/\"},{\"@type\":\"ListItem\",\"position\":2,\"name\":\"Congo-Espagne : un jumelage en vue entre Pointe-Noire et Vigo\"}]},{\"@type\":\"WebSite\",\"@id\":\"https:\/\/www.africa-press.net\/congo-brazzaville\/#website\",\"url\":\"https:\/\/www.africa-press.net\/congo-brazzaville\/\",\"name\":\"Congo Brazzaville\",\"description\":\"Just another Africa News Agency Sites site\",\"potentialAction\":[{\"@type\":\"SearchAction\",\"target\":{\"@type\":\"EntryPoint\",\"urlTemplate\":\"https:\/\/www.africa-press.net\/congo-brazzaville\/?s={search_term_string}\"},\"query-input\":{\"@type\":\"PropertyValueSpecification\",\"valueRequired\":true,\"valueName\":\"search_term_string\"}}],\"inLanguage\":\"fr-FR\"},{\"@type\":\"Person\",\"@id\":\"https:\/\/www.africa-press.net\/congo-brazzaville\/#\/schema\/person\/2b1cf3cd81a31e3cd26889ca66d677f1\",\"name\":\"cfeditorfr\"}]}<\/script>\n<!-- \/ Yoast SEO Premium plugin. -->","yoast_head_json":{"title":"Congo-Espagne : un jumelage en vue entre Pointe-Noire et Vigo - Congo Brazzaville","description":"Le ministre de\u0301le\u0301gue\u0301 a\u0300 la De\u0301centralisation et au De\u0301veloppement local, Juste De\u0301sire\u0301 Monde\u0301le\u0301, et l\u2019ambassadeur ...","robots":{"index":"index","follow":"follow","max-snippet":"max-snippet:-1","max-image-preview":"max-image-preview:large","max-video-preview":"max-video-preview:-1"},"canonical":"https:\/\/www.africa-press.net\/congo-brazzaville\/politique\/congo-espagne-un-jumelage-en-vue-entre-pointe-noire-et-vigo","og_locale":"fr_FR","og_type":"article","og_title":"Congo-Espagne : un jumelage en vue entre Pointe-Noire et Vigo","og_description":"Le ministre de\u0301le\u0301gue\u0301 a\u0300 la De\u0301centralisation et au De\u0301veloppement local, Juste De\u0301sire\u0301 Monde\u0301le\u0301, et l\u2019ambassadeur ...","og_url":"https:\/\/www.africa-press.net\/congo-brazzaville\/politique\/congo-espagne-un-jumelage-en-vue-entre-pointe-noire-et-vigo","og_site_name":"Congo Brazzaville","article_published_time":"2023-02-15T20:28:43+00:00","article_modified_time":"2023-02-16T19:16:10+00:00","og_image":[{"width":1669,"height":768,"url":"https:\/\/static.africa-press.net\/congo-brazzaville\/sites\/51\/2023\/02\/postQueueImg_1676480344.83.jpg","type":"image\/jpeg"}],"author":"cfeditorfr","twitter_card":"summary_large_image","twitter_misc":{"\u00c9crit par":"cfeditorfr","Dur\u00e9e de lecture estim\u00e9e":"2 minutes"},"schema":{"@context":"https:\/\/schema.org","@graph":[{"@type":"Article","@id":"https:\/\/www.africa-press.net\/congo-brazzaville\/politique\/congo-espagne-un-jumelage-en-vue-entre-pointe-noire-et-vigo#article","isPartOf":{"@id":"https:\/\/www.africa-press.net\/congo-brazzaville\/politique\/congo-espagne-un-jumelage-en-vue-entre-pointe-noire-et-vigo"},"author":{"name":"cfeditorfr","@id":"https:\/\/www.africa-press.net\/congo-brazzaville\/#\/schema\/person\/2b1cf3cd81a31e3cd26889ca66d677f1"},"headline":"Congo-Espagne : un jumelage en vue entre Pointe-Noire et Vigo","datePublished":"2023-02-15T20:28:43+00:00","dateModified":"2023-02-16T19:16:10+00:00","mainEntityOfPage":{"@id":"https:\/\/www.africa-press.net\/congo-brazzaville\/politique\/congo-espagne-un-jumelage-en-vue-entre-pointe-noire-et-vigo"},"wordCount":299,"commentCount":0,"image":{"@id":"https:\/\/www.africa-press.net\/congo-brazzaville\/politique\/congo-espagne-un-jumelage-en-vue-entre-pointe-noire-et-vigo#primaryimage"},"thumbnailUrl":"https:\/\/static.africa-press.net\/congo-brazzaville\/sites\/51\/2023\/02\/postQueueImg_1676480344.83.jpg","keywords":["Africa Press","Africa Press-Congo Brazzaville","Congo Brazzaville"],"articleSection":["Politique","Top Nouvelles","Toutes les actualit\u00e9s"],"inLanguage":"fr-FR","potentialAction":[{"@type":"CommentAction","name":"Comment","target":["https:\/\/www.africa-press.net\/congo-brazzaville\/politique\/congo-espagne-un-jumelage-en-vue-entre-pointe-noire-et-vigo#respond"]}]},{"@type":"WebPage","@id":"https:\/\/www.africa-press.net\/congo-brazzaville\/politique\/congo-espagne-un-jumelage-en-vue-entre-pointe-noire-et-vigo","url":"https:\/\/www.africa-press.net\/congo-brazzaville\/politique\/congo-espagne-un-jumelage-en-vue-entre-pointe-noire-et-vigo","name":"Congo-Espagne : un jumelage en vue entre Pointe-Noire et Vigo - Congo Brazzaville","isPartOf":{"@id":"https:\/\/www.africa-press.net\/congo-brazzaville\/#website"},"primaryImageOfPage":{"@id":"https:\/\/www.africa-press.net\/congo-brazzaville\/politique\/congo-espagne-un-jumelage-en-vue-entre-pointe-noire-et-vigo#primaryimage"},"image":{"@id":"https:\/\/www.africa-press.net\/congo-brazzaville\/politique\/congo-espagne-un-jumelage-en-vue-entre-pointe-noire-et-vigo#primaryimage"},"thumbnailUrl":"https:\/\/static.africa-press.net\/congo-brazzaville\/sites\/51\/2023\/02\/postQueueImg_1676480344.83.jpg","datePublished":"2023-02-15T20:28:43+00:00","dateModified":"2023-02-16T19:16:10+00:00","author":{"@id":"https:\/\/www.africa-press.net\/congo-brazzaville\/#\/schema\/person\/2b1cf3cd81a31e3cd26889ca66d677f1"},"description":"Le ministre de\u0301le\u0301gue\u0301 a\u0300 la De\u0301centralisation et au De\u0301veloppement local, Juste De\u0301sire\u0301 Monde\u0301le\u0301, et l\u2019ambassadeur ...","breadcrumb":{"@id":"https:\/\/www.africa-press.net\/congo-brazzaville\/politique\/congo-espagne-un-jumelage-en-vue-entre-pointe-noire-et-vigo#breadcrumb"},"inLanguage":"fr-FR","potentialAction":[{"@type":"ReadAction","target":["https:\/\/www.africa-press.net\/congo-brazzaville\/politique\/congo-espagne-un-jumelage-en-vue-entre-pointe-noire-et-vigo"]}]},{"@type":"ImageObject","inLanguage":"fr-FR","@id":"https:\/\/www.africa-press.net\/congo-brazzaville\/politique\/congo-espagne-un-jumelage-en-vue-entre-pointe-noire-et-vigo#primaryimage","url":"https:\/\/static.africa-press.net\/congo-brazzaville\/sites\/51\/2023\/02\/postQueueImg_1676480344.83.jpg","contentUrl":"https:\/\/static.africa-press.net\/congo-brazzaville\/sites\/51\/2023\/02\/postQueueImg_1676480344.83.jpg","width":1669,"height":768,"caption":"Congo-Espagne : un jumelage en vue entre Pointe-Noire et Vigo"},{"@type":"BreadcrumbList","@id":"https:\/\/www.africa-press.net\/congo-brazzaville\/politique\/congo-espagne-un-jumelage-en-vue-entre-pointe-noire-et-vigo#breadcrumb","itemListElement":[{"@type":"ListItem","position":1,"name":"Accueil","item":"https:\/\/www.africa-press.net\/congo-brazzaville\/"},{"@type":"ListItem","position":2,"name":"Congo-Espagne : un jumelage en vue entre Pointe-Noire et Vigo"}]},{"@type":"WebSite","@id":"https:\/\/www.africa-press.net\/congo-brazzaville\/#website","url":"https:\/\/www.africa-press.net\/congo-brazzaville\/","name":"Congo Brazzaville","description":"Just another Africa News Agency Sites site","potentialAction":[{"@type":"SearchAction","target":{"@type":"EntryPoint","urlTemplate":"https:\/\/www.africa-press.net\/congo-brazzaville\/?s={search_term_string}"},"query-input":{"@type":"PropertyValueSpecification","valueRequired":true,"valueName":"search_term_string"}}],"inLanguage":"fr-FR"},{"@type":"Person","@id":"https:\/\/www.africa-press.net\/congo-brazzaville\/#\/schema\/person\/2b1cf3cd81a31e3cd26889ca66d677f1","name":"cfeditorfr"}]}},"_links":{"self":[{"href":"https:\/\/www.africa-press.net\/congo-brazzaville\/wp-json\/wp\/v2\/posts\/14437","targetHints":{"allow":["GET"]}}],"collection":[{"href":"https:\/\/www.africa-press.net\/congo-brazzaville\/wp-json\/wp\/v2\/posts"}],"about":[{"href":"https:\/\/www.africa-press.net\/congo-brazzaville\/wp-json\/wp\/v2\/types\/post"}],"author":[{"embeddable":true,"href":"https:\/\/www.africa-press.net\/congo-brazzaville\/wp-json\/wp\/v2\/users\/82"}],"replies":[{"embeddable":true,"href":"https:\/\/www.africa-press.net\/congo-brazzaville\/wp-json\/wp\/v2\/comments?post=14437"}],"version-history":[{"count":0,"href":"https:\/\/www.africa-press.net\/congo-brazzaville\/wp-json\/wp\/v2\/posts\/14437\/revisions"}],"wp:featuredmedia":[{"embeddable":true,"href":"https:\/\/www.africa-press.net\/congo-brazzaville\/wp-json\/wp\/v2\/media\/14436"}],"wp:attachment":[{"href":"https:\/\/www.africa-press.net\/congo-brazzaville\/wp-json\/wp\/v2\/media?parent=14437"}],"wp:term":[{"taxonomy":"category","embeddable":true,"href":"https:\/\/www.africa-press.net\/congo-brazzaville\/wp-json\/wp\/v2\/categories?post=14437"},{"taxonomy":"post_tag","embeddable":true,"href":"https:\/\/www.africa-press.net\/congo-brazzaville\/wp-json\/wp\/v2\/tags?post=14437"}],"curies":[{"name":"wp","href":"https:\/\/api.w.org\/{rel}","templated":true}]}}