{"id":14439,"date":"2023-02-15T20:28:52","date_gmt":"2023-02-15T20:28:52","guid":{"rendered":"https:\/\/www.africa-press.net\/congo-brazzaville\/politique\/cooperation-congo-venezuela-la-grande-commission-mixte-prevue-en-avril"},"modified":"2023-02-16T19:16:40","modified_gmt":"2023-02-16T19:16:40","slug":"cooperation-congo-venezuela-la-grande-commission-mixte-prevue-en-avril","status":"publish","type":"post","link":"https:\/\/www.africa-press.net\/congo-brazzaville\/politique\/cooperation-congo-venezuela-la-grande-commission-mixte-prevue-en-avril","title":{"rendered":"Coop\u00e9ration Congo-Venezuela : la grande commission mixte pr\u00e9vue en avril"},"content":{"rendered":"<p><span style=\"color: #ff6600\"><strong>Africa-Press &#8211; Congo Brazzaville. <\/strong><\/span><b>L\u2019ambassadeur du Venezuela au Congo, Anibal Jose\u0301 Marquez Munoz, a affirme\u0301 le 14 fe\u0301vrier a\u0300 l\u2019issue d\u2019un e\u0301change avec le pre\u0301sident de l\u2019Assemble\u0301e nationale, Isidore Mvouba, que les deux pays organiseront en avril, a\u0300 Caracas, la premie\u0300re grande commission mixte de coope\u0301ration. <\/b><\/p>\n<p>Le pre\u0301sident de l\u2019Assemble\u0301e nationale et son interlocuteur ont fait, avant tout, le point de la coope\u0301ration globale entre le Congo et la Re\u0301publique bolivarienne du Venezuela. Une Coope\u0301ration que les deux personnalite\u0301s ont estime\u0301 fructueuse et profitable aux peuples des deux pays.<\/p>\n<p>Isidore Mvouba et Anibal Jose\u0301 Marquez Munoz ont ensuite de\u0301battu de la ne\u0301cessite\u0301 de redynamiser, dans les anne\u0301es a\u0300 venir, la coope\u0301ration parlementaire entre l\u2019Assemble\u0301e nationale congolaise et celle du Venezuela.<\/p>\n<p>Mais, dans leurs e\u0301changes, le sujet dominant a e\u0301te\u0301 la tenue, en avril prochain, de la premie\u0300re grande commission mixte de coope\u0301ration entre les deux pays. Lors de cette rencontre qui se tiendra a\u0300 Caracas, douze accords de coope\u0301ration socio-e\u0301conomiques seront signe\u0301s.<\/p>\n<p>\u00ab Lors de la grande commission mixte, nous aurons douze accords a\u0300 signer, au nombre desquels l\u2019accord entre l\u2019Universite\u0301 ve\u0301ne\u0301zue\u0301lienne de pe\u0301trole et l\u2019Universite\u0301 Denis-Sassou-N\u2019Guesso ; l\u2019accord de jumelage entre Caracas et Brazzaville ainsi qu\u2019un autre entre l\u2019Agence congolaise de l\u2019information et l\u2019agence ve\u0301ne\u0301zue\u0301lienne d\u2019information pour l\u2019e\u0301change d\u2019informations. D\u2019autres accords dans les domaines de la construction, de l\u2019e\u0301conomie forestie\u0300re et de l\u2019e\u0301ducation y seront aussi conclus \u00bb, a pre\u0301cise\u0301 l\u2019ambassadeur du Venezuela au Congo .<\/p>\n<p><strong>Pour plus d&rsquo;informations et d&rsquo;analyses sur la <a href=\"https:\/\/www.africa-press.net\/congo-brazzaville\">Congo Brazzaville<\/a>, suivez <a href=\"https:\/\/www.africa-press.net\/\">Africa-Press<\/a><\/strong><\/p>\n","protected":false},"excerpt":{"rendered":"<p>Africa-Press &#8211; Congo Brazzaville. L\u2019ambassadeur du Venezuela au Congo, Anibal Jose\u0301 Marquez Munoz, a affirme\u0301 le 14 fe\u0301vrier a\u0300 l\u2019issue d\u2019un e\u0301change avec le pre\u0301sident de l\u2019Assemble\u0301e nationale, Isidore Mvouba, que les deux pays organiseront en avril, a\u0300 Caracas, la premie\u0300re grande commission mixte de coope\u0301ration. Le pre\u0301sident de l\u2019Assemble\u0301e nationale et son interlocuteur ont [&hellip;]<\/p>\n","protected":false},"author":82,"featured_media":14438,"comment_status":"open","ping_status":"closed","sticky":false,"template":"","format":"standard","meta":{"footnotes":""},"categories":[2,20,10],"tags":[36,47,46],"class_list":["post-14439","post","type-post","status-publish","format-standard","has-post-thumbnail","hentry","category-politique","category-top-nouvelles","category-toutes-les-actualites","tag-africa-press","tag-africa-press-congo-brazzaville","tag-congo-brazzaville"],"yoast_head":"<!-- This site is optimized with the Yoast SEO Premium plugin v26.1 (Yoast SEO v27.0) - https:\/\/yoast.com\/product\/yoast-seo-premium-wordpress\/ -->\n<title>Coop\u00e9ration Congo-Venezuela : la grande commission mixte pr\u00e9vue en avril - Congo Brazzaville<\/title>\n<meta name=\"description\" content=\"L\u2019ambassadeur du Venezuela au Congo, Anibal Jose\u0301 Marquez Munoz, a affirme\u0301 le 14 fe\u0301vrier a\u0300 l\u2019issue d\u2019un e\u0301change a ...\" \/>\n<meta name=\"robots\" content=\"index, follow, max-snippet:-1, max-image-preview:large, max-video-preview:-1\" \/>\n<link rel=\"canonical\" href=\"https:\/\/www.africa-press.net\/congo-brazzaville\/politique\/cooperation-congo-venezuela-la-grande-commission-mixte-prevue-en-avril\" \/>\n<meta property=\"og:locale\" content=\"fr_FR\" \/>\n<meta property=\"og:type\" content=\"article\" \/>\n<meta property=\"og:title\" content=\"Coop\u00e9ration Congo-Venezuela : la grande commission mixte pr\u00e9vue en avril\" \/>\n<meta property=\"og:description\" content=\"L\u2019ambassadeur du Venezuela au Congo, Anibal Jose\u0301 Marquez Munoz, a affirme\u0301 le 14 fe\u0301vrier a\u0300 l\u2019issue d\u2019un e\u0301change a ...\" \/>\n<meta property=\"og:url\" content=\"https:\/\/www.africa-press.net\/congo-brazzaville\/politique\/cooperation-congo-venezuela-la-grande-commission-mixte-prevue-en-avril\" \/>\n<meta property=\"og:site_name\" content=\"Congo Brazzaville\" \/>\n<meta property=\"article:published_time\" content=\"2023-02-15T20:28:52+00:00\" \/>\n<meta property=\"article:modified_time\" content=\"2023-02-16T19:16:40+00:00\" \/>\n<meta property=\"og:image\" content=\"https:\/\/static.africa-press.net\/congo-brazzaville\/sites\/51\/2023\/02\/postQueueImg_1676480338.91.jpg\" \/>\n\t<meta property=\"og:image:width\" content=\"1024\" \/>\n\t<meta property=\"og:image:height\" content=\"681\" \/>\n\t<meta property=\"og:image:type\" content=\"image\/jpeg\" \/>\n<meta name=\"author\" content=\"cfeditorfr\" \/>\n<meta name=\"twitter:card\" content=\"summary_large_image\" \/>\n<meta name=\"twitter:label1\" content=\"\u00c9crit par\" \/>\n\t<meta name=\"twitter:data1\" content=\"cfeditorfr\" \/>\n\t<meta name=\"twitter:label2\" content=\"Dur\u00e9e de lecture estim\u00e9e\" \/>\n\t<meta name=\"twitter:data2\" content=\"2 minutes\" \/>\n<script type=\"application\/ld+json\" class=\"yoast-schema-graph\">{\"@context\":\"https:\/\/schema.org\",\"@graph\":[{\"@type\":\"Article\",\"@id\":\"https:\/\/www.africa-press.net\/congo-brazzaville\/politique\/cooperation-congo-venezuela-la-grande-commission-mixte-prevue-en-avril#article\",\"isPartOf\":{\"@id\":\"https:\/\/www.africa-press.net\/congo-brazzaville\/politique\/cooperation-congo-venezuela-la-grande-commission-mixte-prevue-en-avril\"},\"author\":{\"name\":\"cfeditorfr\",\"@id\":\"https:\/\/www.africa-press.net\/congo-brazzaville\/#\/schema\/person\/2b1cf3cd81a31e3cd26889ca66d677f1\"},\"headline\":\"Coop\u00e9ration Congo-Venezuela : la grande commission mixte pr\u00e9vue en avril\",\"datePublished\":\"2023-02-15T20:28:52+00:00\",\"dateModified\":\"2023-02-16T19:16:40+00:00\",\"mainEntityOfPage\":{\"@id\":\"https:\/\/www.africa-press.net\/congo-brazzaville\/politique\/cooperation-congo-venezuela-la-grande-commission-mixte-prevue-en-avril\"},\"wordCount\":314,\"commentCount\":0,\"image\":{\"@id\":\"https:\/\/www.africa-press.net\/congo-brazzaville\/politique\/cooperation-congo-venezuela-la-grande-commission-mixte-prevue-en-avril#primaryimage\"},\"thumbnailUrl\":\"https:\/\/static.africa-press.net\/congo-brazzaville\/sites\/51\/2023\/02\/postQueueImg_1676480338.91.jpg\",\"keywords\":[\"Africa Press\",\"Africa Press-Congo Brazzaville\",\"Congo Brazzaville\"],\"articleSection\":[\"Politique\",\"Top Nouvelles\",\"Toutes les actualit\u00e9s\"],\"inLanguage\":\"fr-FR\",\"potentialAction\":[{\"@type\":\"CommentAction\",\"name\":\"Comment\",\"target\":[\"https:\/\/www.africa-press.net\/congo-brazzaville\/politique\/cooperation-congo-venezuela-la-grande-commission-mixte-prevue-en-avril#respond\"]}]},{\"@type\":\"WebPage\",\"@id\":\"https:\/\/www.africa-press.net\/congo-brazzaville\/politique\/cooperation-congo-venezuela-la-grande-commission-mixte-prevue-en-avril\",\"url\":\"https:\/\/www.africa-press.net\/congo-brazzaville\/politique\/cooperation-congo-venezuela-la-grande-commission-mixte-prevue-en-avril\",\"name\":\"Coop\u00e9ration Congo-Venezuela : la grande commission mixte pr\u00e9vue en avril - Congo Brazzaville\",\"isPartOf\":{\"@id\":\"https:\/\/www.africa-press.net\/congo-brazzaville\/#website\"},\"primaryImageOfPage\":{\"@id\":\"https:\/\/www.africa-press.net\/congo-brazzaville\/politique\/cooperation-congo-venezuela-la-grande-commission-mixte-prevue-en-avril#primaryimage\"},\"image\":{\"@id\":\"https:\/\/www.africa-press.net\/congo-brazzaville\/politique\/cooperation-congo-venezuela-la-grande-commission-mixte-prevue-en-avril#primaryimage\"},\"thumbnailUrl\":\"https:\/\/static.africa-press.net\/congo-brazzaville\/sites\/51\/2023\/02\/postQueueImg_1676480338.91.jpg\",\"datePublished\":\"2023-02-15T20:28:52+00:00\",\"dateModified\":\"2023-02-16T19:16:40+00:00\",\"author\":{\"@id\":\"https:\/\/www.africa-press.net\/congo-brazzaville\/#\/schema\/person\/2b1cf3cd81a31e3cd26889ca66d677f1\"},\"description\":\"L\u2019ambassadeur du Venezuela au Congo, Anibal Jose\u0301 Marquez Munoz, a affirme\u0301 le 14 fe\u0301vrier a\u0300 l\u2019issue d\u2019un e\u0301change a ...\",\"breadcrumb\":{\"@id\":\"https:\/\/www.africa-press.net\/congo-brazzaville\/politique\/cooperation-congo-venezuela-la-grande-commission-mixte-prevue-en-avril#breadcrumb\"},\"inLanguage\":\"fr-FR\",\"potentialAction\":[{\"@type\":\"ReadAction\",\"target\":[\"https:\/\/www.africa-press.net\/congo-brazzaville\/politique\/cooperation-congo-venezuela-la-grande-commission-mixte-prevue-en-avril\"]}]},{\"@type\":\"ImageObject\",\"inLanguage\":\"fr-FR\",\"@id\":\"https:\/\/www.africa-press.net\/congo-brazzaville\/politique\/cooperation-congo-venezuela-la-grande-commission-mixte-prevue-en-avril#primaryimage\",\"url\":\"https:\/\/static.africa-press.net\/congo-brazzaville\/sites\/51\/2023\/02\/postQueueImg_1676480338.91.jpg\",\"contentUrl\":\"https:\/\/static.africa-press.net\/congo-brazzaville\/sites\/51\/2023\/02\/postQueueImg_1676480338.91.jpg\",\"width\":1024,\"height\":681,\"caption\":\"Coop\u00e9ration Congo-Venezuela : la grande commission mixte pr\u00e9vue en avril\"},{\"@type\":\"BreadcrumbList\",\"@id\":\"https:\/\/www.africa-press.net\/congo-brazzaville\/politique\/cooperation-congo-venezuela-la-grande-commission-mixte-prevue-en-avril#breadcrumb\",\"itemListElement\":[{\"@type\":\"ListItem\",\"position\":1,\"name\":\"Accueil\",\"item\":\"https:\/\/www.africa-press.net\/congo-brazzaville\/\"},{\"@type\":\"ListItem\",\"position\":2,\"name\":\"Coop\u00e9ration Congo-Venezuela : la grande commission mixte pr\u00e9vue en avril\"}]},{\"@type\":\"WebSite\",\"@id\":\"https:\/\/www.africa-press.net\/congo-brazzaville\/#website\",\"url\":\"https:\/\/www.africa-press.net\/congo-brazzaville\/\",\"name\":\"Congo Brazzaville\",\"description\":\"Just another Africa News Agency Sites site\",\"potentialAction\":[{\"@type\":\"SearchAction\",\"target\":{\"@type\":\"EntryPoint\",\"urlTemplate\":\"https:\/\/www.africa-press.net\/congo-brazzaville\/?s={search_term_string}\"},\"query-input\":{\"@type\":\"PropertyValueSpecification\",\"valueRequired\":true,\"valueName\":\"search_term_string\"}}],\"inLanguage\":\"fr-FR\"},{\"@type\":\"Person\",\"@id\":\"https:\/\/www.africa-press.net\/congo-brazzaville\/#\/schema\/person\/2b1cf3cd81a31e3cd26889ca66d677f1\",\"name\":\"cfeditorfr\"}]}<\/script>\n<!-- \/ Yoast SEO Premium plugin. -->","yoast_head_json":{"title":"Coop\u00e9ration Congo-Venezuela : la grande commission mixte pr\u00e9vue en avril - Congo Brazzaville","description":"L\u2019ambassadeur du Venezuela au Congo, Anibal Jose\u0301 Marquez Munoz, a affirme\u0301 le 14 fe\u0301vrier a\u0300 l\u2019issue d\u2019un e\u0301change a ...","robots":{"index":"index","follow":"follow","max-snippet":"max-snippet:-1","max-image-preview":"max-image-preview:large","max-video-preview":"max-video-preview:-1"},"canonical":"https:\/\/www.africa-press.net\/congo-brazzaville\/politique\/cooperation-congo-venezuela-la-grande-commission-mixte-prevue-en-avril","og_locale":"fr_FR","og_type":"article","og_title":"Coop\u00e9ration Congo-Venezuela : la grande commission mixte pr\u00e9vue en avril","og_description":"L\u2019ambassadeur du Venezuela au Congo, Anibal Jose\u0301 Marquez Munoz, a affirme\u0301 le 14 fe\u0301vrier a\u0300 l\u2019issue d\u2019un e\u0301change a ...","og_url":"https:\/\/www.africa-press.net\/congo-brazzaville\/politique\/cooperation-congo-venezuela-la-grande-commission-mixte-prevue-en-avril","og_site_name":"Congo Brazzaville","article_published_time":"2023-02-15T20:28:52+00:00","article_modified_time":"2023-02-16T19:16:40+00:00","og_image":[{"width":1024,"height":681,"url":"https:\/\/static.africa-press.net\/congo-brazzaville\/sites\/51\/2023\/02\/postQueueImg_1676480338.91.jpg","type":"image\/jpeg"}],"author":"cfeditorfr","twitter_card":"summary_large_image","twitter_misc":{"\u00c9crit par":"cfeditorfr","Dur\u00e9e de lecture estim\u00e9e":"2 minutes"},"schema":{"@context":"https:\/\/schema.org","@graph":[{"@type":"Article","@id":"https:\/\/www.africa-press.net\/congo-brazzaville\/politique\/cooperation-congo-venezuela-la-grande-commission-mixte-prevue-en-avril#article","isPartOf":{"@id":"https:\/\/www.africa-press.net\/congo-brazzaville\/politique\/cooperation-congo-venezuela-la-grande-commission-mixte-prevue-en-avril"},"author":{"name":"cfeditorfr","@id":"https:\/\/www.africa-press.net\/congo-brazzaville\/#\/schema\/person\/2b1cf3cd81a31e3cd26889ca66d677f1"},"headline":"Coop\u00e9ration Congo-Venezuela : la grande commission mixte pr\u00e9vue en avril","datePublished":"2023-02-15T20:28:52+00:00","dateModified":"2023-02-16T19:16:40+00:00","mainEntityOfPage":{"@id":"https:\/\/www.africa-press.net\/congo-brazzaville\/politique\/cooperation-congo-venezuela-la-grande-commission-mixte-prevue-en-avril"},"wordCount":314,"commentCount":0,"image":{"@id":"https:\/\/www.africa-press.net\/congo-brazzaville\/politique\/cooperation-congo-venezuela-la-grande-commission-mixte-prevue-en-avril#primaryimage"},"thumbnailUrl":"https:\/\/static.africa-press.net\/congo-brazzaville\/sites\/51\/2023\/02\/postQueueImg_1676480338.91.jpg","keywords":["Africa Press","Africa Press-Congo Brazzaville","Congo Brazzaville"],"articleSection":["Politique","Top Nouvelles","Toutes les actualit\u00e9s"],"inLanguage":"fr-FR","potentialAction":[{"@type":"CommentAction","name":"Comment","target":["https:\/\/www.africa-press.net\/congo-brazzaville\/politique\/cooperation-congo-venezuela-la-grande-commission-mixte-prevue-en-avril#respond"]}]},{"@type":"WebPage","@id":"https:\/\/www.africa-press.net\/congo-brazzaville\/politique\/cooperation-congo-venezuela-la-grande-commission-mixte-prevue-en-avril","url":"https:\/\/www.africa-press.net\/congo-brazzaville\/politique\/cooperation-congo-venezuela-la-grande-commission-mixte-prevue-en-avril","name":"Coop\u00e9ration Congo-Venezuela : la grande commission mixte pr\u00e9vue en avril - Congo Brazzaville","isPartOf":{"@id":"https:\/\/www.africa-press.net\/congo-brazzaville\/#website"},"primaryImageOfPage":{"@id":"https:\/\/www.africa-press.net\/congo-brazzaville\/politique\/cooperation-congo-venezuela-la-grande-commission-mixte-prevue-en-avril#primaryimage"},"image":{"@id":"https:\/\/www.africa-press.net\/congo-brazzaville\/politique\/cooperation-congo-venezuela-la-grande-commission-mixte-prevue-en-avril#primaryimage"},"thumbnailUrl":"https:\/\/static.africa-press.net\/congo-brazzaville\/sites\/51\/2023\/02\/postQueueImg_1676480338.91.jpg","datePublished":"2023-02-15T20:28:52+00:00","dateModified":"2023-02-16T19:16:40+00:00","author":{"@id":"https:\/\/www.africa-press.net\/congo-brazzaville\/#\/schema\/person\/2b1cf3cd81a31e3cd26889ca66d677f1"},"description":"L\u2019ambassadeur du Venezuela au Congo, Anibal Jose\u0301 Marquez Munoz, a affirme\u0301 le 14 fe\u0301vrier a\u0300 l\u2019issue d\u2019un e\u0301change a ...","breadcrumb":{"@id":"https:\/\/www.africa-press.net\/congo-brazzaville\/politique\/cooperation-congo-venezuela-la-grande-commission-mixte-prevue-en-avril#breadcrumb"},"inLanguage":"fr-FR","potentialAction":[{"@type":"ReadAction","target":["https:\/\/www.africa-press.net\/congo-brazzaville\/politique\/cooperation-congo-venezuela-la-grande-commission-mixte-prevue-en-avril"]}]},{"@type":"ImageObject","inLanguage":"fr-FR","@id":"https:\/\/www.africa-press.net\/congo-brazzaville\/politique\/cooperation-congo-venezuela-la-grande-commission-mixte-prevue-en-avril#primaryimage","url":"https:\/\/static.africa-press.net\/congo-brazzaville\/sites\/51\/2023\/02\/postQueueImg_1676480338.91.jpg","contentUrl":"https:\/\/static.africa-press.net\/congo-brazzaville\/sites\/51\/2023\/02\/postQueueImg_1676480338.91.jpg","width":1024,"height":681,"caption":"Coop\u00e9ration Congo-Venezuela : la grande commission mixte pr\u00e9vue en avril"},{"@type":"BreadcrumbList","@id":"https:\/\/www.africa-press.net\/congo-brazzaville\/politique\/cooperation-congo-venezuela-la-grande-commission-mixte-prevue-en-avril#breadcrumb","itemListElement":[{"@type":"ListItem","position":1,"name":"Accueil","item":"https:\/\/www.africa-press.net\/congo-brazzaville\/"},{"@type":"ListItem","position":2,"name":"Coop\u00e9ration Congo-Venezuela : la grande commission mixte pr\u00e9vue en avril"}]},{"@type":"WebSite","@id":"https:\/\/www.africa-press.net\/congo-brazzaville\/#website","url":"https:\/\/www.africa-press.net\/congo-brazzaville\/","name":"Congo Brazzaville","description":"Just another Africa News Agency Sites site","potentialAction":[{"@type":"SearchAction","target":{"@type":"EntryPoint","urlTemplate":"https:\/\/www.africa-press.net\/congo-brazzaville\/?s={search_term_string}"},"query-input":{"@type":"PropertyValueSpecification","valueRequired":true,"valueName":"search_term_string"}}],"inLanguage":"fr-FR"},{"@type":"Person","@id":"https:\/\/www.africa-press.net\/congo-brazzaville\/#\/schema\/person\/2b1cf3cd81a31e3cd26889ca66d677f1","name":"cfeditorfr"}]}},"_links":{"self":[{"href":"https:\/\/www.africa-press.net\/congo-brazzaville\/wp-json\/wp\/v2\/posts\/14439","targetHints":{"allow":["GET"]}}],"collection":[{"href":"https:\/\/www.africa-press.net\/congo-brazzaville\/wp-json\/wp\/v2\/posts"}],"about":[{"href":"https:\/\/www.africa-press.net\/congo-brazzaville\/wp-json\/wp\/v2\/types\/post"}],"author":[{"embeddable":true,"href":"https:\/\/www.africa-press.net\/congo-brazzaville\/wp-json\/wp\/v2\/users\/82"}],"replies":[{"embeddable":true,"href":"https:\/\/www.africa-press.net\/congo-brazzaville\/wp-json\/wp\/v2\/comments?post=14439"}],"version-history":[{"count":0,"href":"https:\/\/www.africa-press.net\/congo-brazzaville\/wp-json\/wp\/v2\/posts\/14439\/revisions"}],"wp:featuredmedia":[{"embeddable":true,"href":"https:\/\/www.africa-press.net\/congo-brazzaville\/wp-json\/wp\/v2\/media\/14438"}],"wp:attachment":[{"href":"https:\/\/www.africa-press.net\/congo-brazzaville\/wp-json\/wp\/v2\/media?parent=14439"}],"wp:term":[{"taxonomy":"category","embeddable":true,"href":"https:\/\/www.africa-press.net\/congo-brazzaville\/wp-json\/wp\/v2\/categories?post=14439"},{"taxonomy":"post_tag","embeddable":true,"href":"https:\/\/www.africa-press.net\/congo-brazzaville\/wp-json\/wp\/v2\/tags?post=14439"}],"curies":[{"name":"wp","href":"https:\/\/api.w.org\/{rel}","templated":true}]}}