{"id":14458,"date":"2023-02-16T19:07:07","date_gmt":"2023-02-16T19:07:07","guid":{"rendered":"https:\/\/www.africa-press.net\/congo-brazzaville\/politique\/entrepreneuriat-former-pour-generer-des-unites-de-production-stables"},"modified":"2023-02-16T20:15:04","modified_gmt":"2023-02-16T20:15:04","slug":"entrepreneuriat-former-pour-generer-des-unites-de-production-stables","status":"publish","type":"post","link":"https:\/\/www.africa-press.net\/congo-brazzaville\/toutes-les-actualites\/entrepreneuriat-former-pour-generer-des-unites-de-production-stables","title":{"rendered":"Entrepreneuriat : former pour g\u00e9n\u00e9rer des unit\u00e9s de production stables"},"content":{"rendered":"<p><span style=\"color: #ff6600\"><strong>Africa-Press &#8211; Congo Brazzaville. <\/strong><\/span><b>Le formateur en entrepreneuriat, El Horeb Yeke Kokolo, a organise\u0301 du 10 au 11 fe\u0301vrier a\u0300 Brazzaville un se\u0301minaire sur la productivite\u0301 et la performance, l\u2019agriculture et les me\u0301tiers agricoles ainsi que les techniques de vente en vue d\u2019aider les jeunes Congolais a\u0300 mettre en place les activite\u0301s ge\u0301ne\u0301ratrices de revenus stables.<\/b><\/p>\n<p>Au cours du se\u0301minaire, le formateur a fait savoir aux apprenants que la productivite\u0301 et la performance passent par la mai\u0302trise de la gestion du temps.\u00ab Les bons entrepreneurs sont ceux qui sont capables de fournir aux clients le bon produit au moment approprie\u0301 \u00bb, a-t-il insiste\u0301.<\/p>\n<p>Dans le registre technique de vente, il a attire\u0301 l\u2019attention des participants sur la commercialisation des produits avec et sans internet. Pour lui, ces futurs entrepreneurs feraient mieux de privile\u0301gier l\u2019e\u0301coulement de produits en faisant usage d\u2019internet. Ainsi, il a exhorte\u0301 son auditoire a\u0300 utiliser les re\u0301seaux sociaux, en particulier Facebook.<\/p>\n<p>Pour re\u0301ussir dans ce commerce en ligne, El Horeb Yeke<b> <\/b>Kokolo a fait comprendre aux apprenants que la cre\u0301ation d\u2019un compte Facebook se\u0301curise\u0301 et professionnel est nettement plus rentable que le compte ordinaire.<\/p>\n<p>A propos de l\u2019agriculture et des me\u0301tiers agricoles, il a souligne\u0301 l\u2019importance de se faire former avant la mise en route d\u2019un quelconque projet. La formation est indispensable pour quiconque voudrait re\u0301ussir dans l\u2019entrepreneuriat en ge\u0301ne\u0301ral et un projet agricole en particulier, a-t-il pre\u0301cise\u0301.<\/p>\n<p>L\u2019un des apprenants, Jean Jaure\u0300s Mabiala, donnant ses impressions a\u0300 la fin de la formation, a laisse\u0301 entendre qu&rsquo;elle permettra aux apprenants de devenir des entrepreneurs professionnels. \u00ab Avant de suivre cette formation, j\u2019e\u0301tais un simple vendeur, un commerc\u0327ant amateur. A pre\u0301sent, je me sens transforme\u0301. Je suis devenu un entrepreneur au sens plein du terme, un professionnel \u00bb, a-t-il avoue\u0301.<\/p>\n<p>De son co\u0302te\u0301, Jacques Le\u0301vi Makanga, un autre apprenant, e\u0301voquant la partie de la formation qui a attire\u0301 son attention, a reconnu avoir appris de fac\u0327on concre\u0300te la manie\u0300re de mener une prospection, la fac\u0327on de transformer les prospects en clients fide\u0300les et les astuces permettant de persuader quelqu\u2019un a\u0300 acque\u0301rir un produit nonobstant les re\u0301sistances.<\/p>\n<p>Cette formation gratuite a e\u0301te\u0301 organise\u0301e sous le label de l\u2019Association des jeunes e\u0301tudiants entrepreneurs du Congo, un mouvement qui lutte contre l\u2019oisivete\u0301, le cho\u0302mage et les antivaleurs gra\u0302ce a\u0300 la formation a\u0300 l\u2019entrepreneuriat.<\/p>\n<p><strong>Pour plus d&rsquo;informations et d&rsquo;analyses sur la <a href=\"https:\/\/www.africa-press.net\/congo-brazzaville\">Congo Brazzaville<\/a>, suivez <a href=\"https:\/\/www.africa-press.net\/\">Africa-Press<\/a><\/strong><\/p>\n","protected":false},"excerpt":{"rendered":"<p>Africa-Press &#8211; Congo Brazzaville. Le formateur en entrepreneuriat, El Horeb Yeke Kokolo, a organise\u0301 du 10 au 11 fe\u0301vrier a\u0300 Brazzaville un se\u0301minaire sur la productivite\u0301 et la performance, l\u2019agriculture et les me\u0301tiers agricoles ainsi que les techniques de vente en vue d\u2019aider les jeunes Congolais a\u0300 mettre en place les activite\u0301s ge\u0301ne\u0301ratrices de revenus [&hellip;]<\/p>\n","protected":false},"author":82,"featured_media":14457,"comment_status":"open","ping_status":"closed","sticky":false,"template":"","format":"standard","meta":{"footnotes":""},"categories":[21,10],"tags":[36,47,46],"class_list":["post-14458","post","type-post","status-publish","format-standard","has-post-thumbnail","hentry","category-communaute","category-toutes-les-actualites","tag-africa-press","tag-africa-press-congo-brazzaville","tag-congo-brazzaville"],"yoast_head":"<!-- This site is optimized with the Yoast SEO Premium plugin v26.1 (Yoast SEO v27.0) - https:\/\/yoast.com\/product\/yoast-seo-premium-wordpress\/ -->\n<title>Entrepreneuriat : former pour g\u00e9n\u00e9rer des unit\u00e9s de production stables - Congo Brazzaville<\/title>\n<meta name=\"description\" content=\"Le formateur en entrepreneuriat, El Horeb Yeke Kokolo, a organise\u0301 du 10 au 11 fe\u0301vrier a\u0300 Brazzaville un se\u0301minaire ...\" \/>\n<meta name=\"robots\" content=\"index, follow, max-snippet:-1, max-image-preview:large, max-video-preview:-1\" \/>\n<link rel=\"canonical\" href=\"https:\/\/www.africa-press.net\/congo-brazzaville\/toutes-les-actualites\/entrepreneuriat-former-pour-generer-des-unites-de-production-stables\" \/>\n<meta property=\"og:locale\" content=\"fr_FR\" \/>\n<meta property=\"og:type\" content=\"article\" \/>\n<meta property=\"og:title\" content=\"Entrepreneuriat : former pour g\u00e9n\u00e9rer des unit\u00e9s de production stables\" \/>\n<meta property=\"og:description\" content=\"Le formateur en entrepreneuriat, El Horeb Yeke Kokolo, a organise\u0301 du 10 au 11 fe\u0301vrier a\u0300 Brazzaville un se\u0301minaire ...\" \/>\n<meta property=\"og:url\" content=\"https:\/\/www.africa-press.net\/congo-brazzaville\/toutes-les-actualites\/entrepreneuriat-former-pour-generer-des-unites-de-production-stables\" \/>\n<meta property=\"og:site_name\" content=\"Congo Brazzaville\" \/>\n<meta property=\"article:published_time\" content=\"2023-02-16T19:07:07+00:00\" \/>\n<meta property=\"article:modified_time\" content=\"2023-02-16T20:15:04+00:00\" \/>\n<meta property=\"og:image\" content=\"https:\/\/static.africa-press.net\/congo-brazzaville\/sites\/51\/2023\/02\/postQueueImg_1676561834.74.jpg\" \/>\n\t<meta property=\"og:image:width\" content=\"1600\" \/>\n\t<meta property=\"og:image:height\" content=\"1066\" \/>\n\t<meta property=\"og:image:type\" content=\"image\/jpeg\" \/>\n<meta name=\"author\" content=\"cfeditorfr\" \/>\n<meta name=\"twitter:card\" content=\"summary_large_image\" \/>\n<meta name=\"twitter:label1\" content=\"\u00c9crit par\" \/>\n\t<meta name=\"twitter:data1\" content=\"cfeditorfr\" \/>\n\t<meta name=\"twitter:label2\" content=\"Dur\u00e9e de lecture estim\u00e9e\" \/>\n\t<meta name=\"twitter:data2\" content=\"2 minutes\" \/>\n<script type=\"application\/ld+json\" class=\"yoast-schema-graph\">{\"@context\":\"https:\/\/schema.org\",\"@graph\":[{\"@type\":\"Article\",\"@id\":\"https:\/\/www.africa-press.net\/congo-brazzaville\/toutes-les-actualites\/entrepreneuriat-former-pour-generer-des-unites-de-production-stables#article\",\"isPartOf\":{\"@id\":\"https:\/\/www.africa-press.net\/congo-brazzaville\/toutes-les-actualites\/entrepreneuriat-former-pour-generer-des-unites-de-production-stables\"},\"author\":{\"name\":\"cfeditorfr\",\"@id\":\"https:\/\/www.africa-press.net\/congo-brazzaville\/#\/schema\/person\/2b1cf3cd81a31e3cd26889ca66d677f1\"},\"headline\":\"Entrepreneuriat : former pour g\u00e9n\u00e9rer des unit\u00e9s de production stables\",\"datePublished\":\"2023-02-16T19:07:07+00:00\",\"dateModified\":\"2023-02-16T20:15:04+00:00\",\"mainEntityOfPage\":{\"@id\":\"https:\/\/www.africa-press.net\/congo-brazzaville\/toutes-les-actualites\/entrepreneuriat-former-pour-generer-des-unites-de-production-stables\"},\"wordCount\":457,\"commentCount\":0,\"image\":{\"@id\":\"https:\/\/www.africa-press.net\/congo-brazzaville\/toutes-les-actualites\/entrepreneuriat-former-pour-generer-des-unites-de-production-stables#primaryimage\"},\"thumbnailUrl\":\"https:\/\/static.africa-press.net\/congo-brazzaville\/sites\/51\/2023\/02\/postQueueImg_1676561834.74.jpg\",\"keywords\":[\"Africa Press\",\"Africa Press-Congo Brazzaville\",\"Congo Brazzaville\"],\"articleSection\":[\"Communaut\u00e9\",\"Toutes les actualit\u00e9s\"],\"inLanguage\":\"fr-FR\",\"potentialAction\":[{\"@type\":\"CommentAction\",\"name\":\"Comment\",\"target\":[\"https:\/\/www.africa-press.net\/congo-brazzaville\/toutes-les-actualites\/entrepreneuriat-former-pour-generer-des-unites-de-production-stables#respond\"]}]},{\"@type\":\"WebPage\",\"@id\":\"https:\/\/www.africa-press.net\/congo-brazzaville\/toutes-les-actualites\/entrepreneuriat-former-pour-generer-des-unites-de-production-stables\",\"url\":\"https:\/\/www.africa-press.net\/congo-brazzaville\/toutes-les-actualites\/entrepreneuriat-former-pour-generer-des-unites-de-production-stables\",\"name\":\"Entrepreneuriat : former pour g\u00e9n\u00e9rer des unit\u00e9s de production stables - Congo Brazzaville\",\"isPartOf\":{\"@id\":\"https:\/\/www.africa-press.net\/congo-brazzaville\/#website\"},\"primaryImageOfPage\":{\"@id\":\"https:\/\/www.africa-press.net\/congo-brazzaville\/toutes-les-actualites\/entrepreneuriat-former-pour-generer-des-unites-de-production-stables#primaryimage\"},\"image\":{\"@id\":\"https:\/\/www.africa-press.net\/congo-brazzaville\/toutes-les-actualites\/entrepreneuriat-former-pour-generer-des-unites-de-production-stables#primaryimage\"},\"thumbnailUrl\":\"https:\/\/static.africa-press.net\/congo-brazzaville\/sites\/51\/2023\/02\/postQueueImg_1676561834.74.jpg\",\"datePublished\":\"2023-02-16T19:07:07+00:00\",\"dateModified\":\"2023-02-16T20:15:04+00:00\",\"author\":{\"@id\":\"https:\/\/www.africa-press.net\/congo-brazzaville\/#\/schema\/person\/2b1cf3cd81a31e3cd26889ca66d677f1\"},\"description\":\"Le formateur en entrepreneuriat, El Horeb Yeke Kokolo, a organise\u0301 du 10 au 11 fe\u0301vrier a\u0300 Brazzaville un se\u0301minaire ...\",\"breadcrumb\":{\"@id\":\"https:\/\/www.africa-press.net\/congo-brazzaville\/toutes-les-actualites\/entrepreneuriat-former-pour-generer-des-unites-de-production-stables#breadcrumb\"},\"inLanguage\":\"fr-FR\",\"potentialAction\":[{\"@type\":\"ReadAction\",\"target\":[\"https:\/\/www.africa-press.net\/congo-brazzaville\/toutes-les-actualites\/entrepreneuriat-former-pour-generer-des-unites-de-production-stables\"]}]},{\"@type\":\"ImageObject\",\"inLanguage\":\"fr-FR\",\"@id\":\"https:\/\/www.africa-press.net\/congo-brazzaville\/toutes-les-actualites\/entrepreneuriat-former-pour-generer-des-unites-de-production-stables#primaryimage\",\"url\":\"https:\/\/static.africa-press.net\/congo-brazzaville\/sites\/51\/2023\/02\/postQueueImg_1676561834.74.jpg\",\"contentUrl\":\"https:\/\/static.africa-press.net\/congo-brazzaville\/sites\/51\/2023\/02\/postQueueImg_1676561834.74.jpg\",\"width\":1600,\"height\":1066,\"caption\":\"Entrepreneuriat : former pour g\u00e9n\u00e9rer des unit\u00e9s de production stables\"},{\"@type\":\"BreadcrumbList\",\"@id\":\"https:\/\/www.africa-press.net\/congo-brazzaville\/toutes-les-actualites\/entrepreneuriat-former-pour-generer-des-unites-de-production-stables#breadcrumb\",\"itemListElement\":[{\"@type\":\"ListItem\",\"position\":1,\"name\":\"Accueil\",\"item\":\"https:\/\/www.africa-press.net\/congo-brazzaville\/\"},{\"@type\":\"ListItem\",\"position\":2,\"name\":\"Entrepreneuriat : former pour g\u00e9n\u00e9rer des unit\u00e9s de production stables\"}]},{\"@type\":\"WebSite\",\"@id\":\"https:\/\/www.africa-press.net\/congo-brazzaville\/#website\",\"url\":\"https:\/\/www.africa-press.net\/congo-brazzaville\/\",\"name\":\"Congo Brazzaville\",\"description\":\"Just another Africa News Agency Sites site\",\"potentialAction\":[{\"@type\":\"SearchAction\",\"target\":{\"@type\":\"EntryPoint\",\"urlTemplate\":\"https:\/\/www.africa-press.net\/congo-brazzaville\/?s={search_term_string}\"},\"query-input\":{\"@type\":\"PropertyValueSpecification\",\"valueRequired\":true,\"valueName\":\"search_term_string\"}}],\"inLanguage\":\"fr-FR\"},{\"@type\":\"Person\",\"@id\":\"https:\/\/www.africa-press.net\/congo-brazzaville\/#\/schema\/person\/2b1cf3cd81a31e3cd26889ca66d677f1\",\"name\":\"cfeditorfr\"}]}<\/script>\n<!-- \/ Yoast SEO Premium plugin. -->","yoast_head_json":{"title":"Entrepreneuriat : former pour g\u00e9n\u00e9rer des unit\u00e9s de production stables - Congo Brazzaville","description":"Le formateur en entrepreneuriat, El Horeb Yeke Kokolo, a organise\u0301 du 10 au 11 fe\u0301vrier a\u0300 Brazzaville un se\u0301minaire ...","robots":{"index":"index","follow":"follow","max-snippet":"max-snippet:-1","max-image-preview":"max-image-preview:large","max-video-preview":"max-video-preview:-1"},"canonical":"https:\/\/www.africa-press.net\/congo-brazzaville\/toutes-les-actualites\/entrepreneuriat-former-pour-generer-des-unites-de-production-stables","og_locale":"fr_FR","og_type":"article","og_title":"Entrepreneuriat : former pour g\u00e9n\u00e9rer des unit\u00e9s de production stables","og_description":"Le formateur en entrepreneuriat, El Horeb Yeke Kokolo, a organise\u0301 du 10 au 11 fe\u0301vrier a\u0300 Brazzaville un se\u0301minaire ...","og_url":"https:\/\/www.africa-press.net\/congo-brazzaville\/toutes-les-actualites\/entrepreneuriat-former-pour-generer-des-unites-de-production-stables","og_site_name":"Congo Brazzaville","article_published_time":"2023-02-16T19:07:07+00:00","article_modified_time":"2023-02-16T20:15:04+00:00","og_image":[{"width":1600,"height":1066,"url":"https:\/\/static.africa-press.net\/congo-brazzaville\/sites\/51\/2023\/02\/postQueueImg_1676561834.74.jpg","type":"image\/jpeg"}],"author":"cfeditorfr","twitter_card":"summary_large_image","twitter_misc":{"\u00c9crit par":"cfeditorfr","Dur\u00e9e de lecture estim\u00e9e":"2 minutes"},"schema":{"@context":"https:\/\/schema.org","@graph":[{"@type":"Article","@id":"https:\/\/www.africa-press.net\/congo-brazzaville\/toutes-les-actualites\/entrepreneuriat-former-pour-generer-des-unites-de-production-stables#article","isPartOf":{"@id":"https:\/\/www.africa-press.net\/congo-brazzaville\/toutes-les-actualites\/entrepreneuriat-former-pour-generer-des-unites-de-production-stables"},"author":{"name":"cfeditorfr","@id":"https:\/\/www.africa-press.net\/congo-brazzaville\/#\/schema\/person\/2b1cf3cd81a31e3cd26889ca66d677f1"},"headline":"Entrepreneuriat : former pour g\u00e9n\u00e9rer des unit\u00e9s de production stables","datePublished":"2023-02-16T19:07:07+00:00","dateModified":"2023-02-16T20:15:04+00:00","mainEntityOfPage":{"@id":"https:\/\/www.africa-press.net\/congo-brazzaville\/toutes-les-actualites\/entrepreneuriat-former-pour-generer-des-unites-de-production-stables"},"wordCount":457,"commentCount":0,"image":{"@id":"https:\/\/www.africa-press.net\/congo-brazzaville\/toutes-les-actualites\/entrepreneuriat-former-pour-generer-des-unites-de-production-stables#primaryimage"},"thumbnailUrl":"https:\/\/static.africa-press.net\/congo-brazzaville\/sites\/51\/2023\/02\/postQueueImg_1676561834.74.jpg","keywords":["Africa Press","Africa Press-Congo Brazzaville","Congo Brazzaville"],"articleSection":["Communaut\u00e9","Toutes les actualit\u00e9s"],"inLanguage":"fr-FR","potentialAction":[{"@type":"CommentAction","name":"Comment","target":["https:\/\/www.africa-press.net\/congo-brazzaville\/toutes-les-actualites\/entrepreneuriat-former-pour-generer-des-unites-de-production-stables#respond"]}]},{"@type":"WebPage","@id":"https:\/\/www.africa-press.net\/congo-brazzaville\/toutes-les-actualites\/entrepreneuriat-former-pour-generer-des-unites-de-production-stables","url":"https:\/\/www.africa-press.net\/congo-brazzaville\/toutes-les-actualites\/entrepreneuriat-former-pour-generer-des-unites-de-production-stables","name":"Entrepreneuriat : former pour g\u00e9n\u00e9rer des unit\u00e9s de production stables - Congo Brazzaville","isPartOf":{"@id":"https:\/\/www.africa-press.net\/congo-brazzaville\/#website"},"primaryImageOfPage":{"@id":"https:\/\/www.africa-press.net\/congo-brazzaville\/toutes-les-actualites\/entrepreneuriat-former-pour-generer-des-unites-de-production-stables#primaryimage"},"image":{"@id":"https:\/\/www.africa-press.net\/congo-brazzaville\/toutes-les-actualites\/entrepreneuriat-former-pour-generer-des-unites-de-production-stables#primaryimage"},"thumbnailUrl":"https:\/\/static.africa-press.net\/congo-brazzaville\/sites\/51\/2023\/02\/postQueueImg_1676561834.74.jpg","datePublished":"2023-02-16T19:07:07+00:00","dateModified":"2023-02-16T20:15:04+00:00","author":{"@id":"https:\/\/www.africa-press.net\/congo-brazzaville\/#\/schema\/person\/2b1cf3cd81a31e3cd26889ca66d677f1"},"description":"Le formateur en entrepreneuriat, El Horeb Yeke Kokolo, a organise\u0301 du 10 au 11 fe\u0301vrier a\u0300 Brazzaville un se\u0301minaire ...","breadcrumb":{"@id":"https:\/\/www.africa-press.net\/congo-brazzaville\/toutes-les-actualites\/entrepreneuriat-former-pour-generer-des-unites-de-production-stables#breadcrumb"},"inLanguage":"fr-FR","potentialAction":[{"@type":"ReadAction","target":["https:\/\/www.africa-press.net\/congo-brazzaville\/toutes-les-actualites\/entrepreneuriat-former-pour-generer-des-unites-de-production-stables"]}]},{"@type":"ImageObject","inLanguage":"fr-FR","@id":"https:\/\/www.africa-press.net\/congo-brazzaville\/toutes-les-actualites\/entrepreneuriat-former-pour-generer-des-unites-de-production-stables#primaryimage","url":"https:\/\/static.africa-press.net\/congo-brazzaville\/sites\/51\/2023\/02\/postQueueImg_1676561834.74.jpg","contentUrl":"https:\/\/static.africa-press.net\/congo-brazzaville\/sites\/51\/2023\/02\/postQueueImg_1676561834.74.jpg","width":1600,"height":1066,"caption":"Entrepreneuriat : former pour g\u00e9n\u00e9rer des unit\u00e9s de production stables"},{"@type":"BreadcrumbList","@id":"https:\/\/www.africa-press.net\/congo-brazzaville\/toutes-les-actualites\/entrepreneuriat-former-pour-generer-des-unites-de-production-stables#breadcrumb","itemListElement":[{"@type":"ListItem","position":1,"name":"Accueil","item":"https:\/\/www.africa-press.net\/congo-brazzaville\/"},{"@type":"ListItem","position":2,"name":"Entrepreneuriat : former pour g\u00e9n\u00e9rer des unit\u00e9s de production stables"}]},{"@type":"WebSite","@id":"https:\/\/www.africa-press.net\/congo-brazzaville\/#website","url":"https:\/\/www.africa-press.net\/congo-brazzaville\/","name":"Congo Brazzaville","description":"Just another Africa News Agency Sites site","potentialAction":[{"@type":"SearchAction","target":{"@type":"EntryPoint","urlTemplate":"https:\/\/www.africa-press.net\/congo-brazzaville\/?s={search_term_string}"},"query-input":{"@type":"PropertyValueSpecification","valueRequired":true,"valueName":"search_term_string"}}],"inLanguage":"fr-FR"},{"@type":"Person","@id":"https:\/\/www.africa-press.net\/congo-brazzaville\/#\/schema\/person\/2b1cf3cd81a31e3cd26889ca66d677f1","name":"cfeditorfr"}]}},"_links":{"self":[{"href":"https:\/\/www.africa-press.net\/congo-brazzaville\/wp-json\/wp\/v2\/posts\/14458","targetHints":{"allow":["GET"]}}],"collection":[{"href":"https:\/\/www.africa-press.net\/congo-brazzaville\/wp-json\/wp\/v2\/posts"}],"about":[{"href":"https:\/\/www.africa-press.net\/congo-brazzaville\/wp-json\/wp\/v2\/types\/post"}],"author":[{"embeddable":true,"href":"https:\/\/www.africa-press.net\/congo-brazzaville\/wp-json\/wp\/v2\/users\/82"}],"replies":[{"embeddable":true,"href":"https:\/\/www.africa-press.net\/congo-brazzaville\/wp-json\/wp\/v2\/comments?post=14458"}],"version-history":[{"count":0,"href":"https:\/\/www.africa-press.net\/congo-brazzaville\/wp-json\/wp\/v2\/posts\/14458\/revisions"}],"wp:featuredmedia":[{"embeddable":true,"href":"https:\/\/www.africa-press.net\/congo-brazzaville\/wp-json\/wp\/v2\/media\/14457"}],"wp:attachment":[{"href":"https:\/\/www.africa-press.net\/congo-brazzaville\/wp-json\/wp\/v2\/media?parent=14458"}],"wp:term":[{"taxonomy":"category","embeddable":true,"href":"https:\/\/www.africa-press.net\/congo-brazzaville\/wp-json\/wp\/v2\/categories?post=14458"},{"taxonomy":"post_tag","embeddable":true,"href":"https:\/\/www.africa-press.net\/congo-brazzaville\/wp-json\/wp\/v2\/tags?post=14458"}],"curies":[{"name":"wp","href":"https:\/\/api.w.org\/{rel}","templated":true}]}}