{"id":14466,"date":"2023-02-16T19:00:00","date_gmt":"2023-02-16T19:00:00","guid":{"rendered":"https:\/\/www.africa-press.net\/congo-brazzaville\/politique\/promotion-des-artistes-en-herbe-la-premiere-edition-de-je-ris-tu-ris-prevue-le-26-fevrier"},"modified":"2023-02-16T20:18:16","modified_gmt":"2023-02-16T20:18:16","slug":"promotion-des-artistes-en-herbe-la-premiere-edition-de-je-ris-tu-ris-prevue-le-26-fevrier","status":"publish","type":"post","link":"https:\/\/www.africa-press.net\/congo-brazzaville\/culture-et-art\/promotion-des-artistes-en-herbe-la-premiere-edition-de-je-ris-tu-ris-prevue-le-26-fevrier","title":{"rendered":"Promotion des artistes en herbe: la premi\u00e8re \u00e9dition de \u00ab Je ris tu ris \u00bb pr\u00e9vue le 26 f\u00e9vrier"},"content":{"rendered":"<p><span style=\"color: #ff6600\"><strong>Africa-Press &#8211; Congo Brazzaville. <\/strong><\/span><b>La socie\u0301te\u0301 Vision sport me\u0301dia inge\u0301nierie (Vsmi), en collaboration avec J management Pro, organisera le 26 fe\u0301vrier a\u0300 Brazzaville une ce\u0301re\u0301monie culturelle baptise\u0301e \u00ab Je ris tu ris \u00bb.<\/b><\/p>\n<p>\u00ab Cette activite\u0301 a pour but de promouvoir les jeunes artistes en herbes qui e\u0301voluent dans l\u2019humour, le slam, la musique et la dance \u00bb, a indique\u0301 Heidy Solo Ngoma, pre\u0301sident de Vsmi.<\/p>\n<p>Pour recruter les artistes qui prendront part a\u0300 la ce\u0301re\u0301monie, les organisateurs ont recense\u0301 plus de trente d&rsquo;entre eux en herbe. Chacun a eu la possibilite\u0301 de montrer son potentiel, son talent et son style. \u00ab Il suffit juste de continuer a\u0300 travailler dur, de ne rien la\u0302cher et de donner le meilleur de soi. C\u2019est cela la cle\u0301 de la re\u0301ussite \u00bb, s\u2019est exprime\u0301 Heidy Solo Ngoma, s\u2019adressant aux jeunes artistes retenus.<\/p>\n<p>Par ailleurs, le pre\u0301sident de Vsmi a montre\u0301 la ne\u0301cessite\u0301 de soutenir les artistes en appelant le public a\u0300 venir encourager ces jeunes.<\/p>\n<p>Cre\u0301e\u0301 en octobre 2019, la socie\u0301te\u0301 Vsmi a pour but de promouvoir et de vulgariser le sport, l\u2019art et la culture congolaise a\u0300 l\u2019e\u0301chelle nationale et internationale.<\/p>\n<p><strong>Pour plus d&rsquo;informations et d&rsquo;analyses sur la <a href=\"https:\/\/www.africa-press.net\/congo-brazzaville\">Congo Brazzaville<\/a>, suivez <a href=\"https:\/\/www.africa-press.net\/\">Africa-Press<\/a><\/strong><\/p>\n","protected":false},"excerpt":{"rendered":"<p>Africa-Press &#8211; Congo Brazzaville. La socie\u0301te\u0301 Vision sport me\u0301dia inge\u0301nierie (Vsmi), en collaboration avec J management Pro, organisera le 26 fe\u0301vrier a\u0300 Brazzaville une ce\u0301re\u0301monie culturelle baptise\u0301e \u00ab Je ris tu ris \u00bb. \u00ab Cette activite\u0301 a pour but de promouvoir les jeunes artistes en herbes qui e\u0301voluent dans l\u2019humour, le slam, la musique et [&hellip;]<\/p>\n","protected":false},"author":82,"featured_media":14465,"comment_status":"open","ping_status":"closed","sticky":false,"template":"","format":"standard","meta":{"footnotes":""},"categories":[5,10],"tags":[36,47,46],"class_list":["post-14466","post","type-post","status-publish","format-standard","has-post-thumbnail","hentry","category-culture-et-art","category-toutes-les-actualites","tag-africa-press","tag-africa-press-congo-brazzaville","tag-congo-brazzaville"],"yoast_head":"<!-- This site is optimized with the Yoast SEO Premium plugin v26.1 (Yoast SEO v27.0) - https:\/\/yoast.com\/product\/yoast-seo-premium-wordpress\/ -->\n<title>Promotion des artistes en herbe: la premi\u00e8re \u00e9dition de \u00ab Je ris tu ris \u00bb pr\u00e9vue le 26 f\u00e9vrier - Congo Brazzaville<\/title>\n<meta name=\"description\" content=\"La socie\u0301te\u0301 Vision sport me\u0301dia inge\u0301nierie (Vsmi), en collaboration avec J management Pro, organisera le 26 fe\u0301vrie ...\" \/>\n<meta name=\"robots\" content=\"index, follow, max-snippet:-1, max-image-preview:large, max-video-preview:-1\" \/>\n<link rel=\"canonical\" href=\"https:\/\/www.africa-press.net\/congo-brazzaville\/culture-et-art\/promotion-des-artistes-en-herbe-la-premiere-edition-de-je-ris-tu-ris-prevue-le-26-fevrier\" \/>\n<meta property=\"og:locale\" content=\"fr_FR\" \/>\n<meta property=\"og:type\" content=\"article\" \/>\n<meta property=\"og:title\" content=\"Promotion des artistes en herbe: la premi\u00e8re \u00e9dition de \u00ab Je ris tu ris \u00bb pr\u00e9vue le 26 f\u00e9vrier\" \/>\n<meta property=\"og:description\" content=\"La socie\u0301te\u0301 Vision sport me\u0301dia inge\u0301nierie (Vsmi), en collaboration avec J management Pro, organisera le 26 fe\u0301vrie ...\" \/>\n<meta property=\"og:url\" content=\"https:\/\/www.africa-press.net\/congo-brazzaville\/culture-et-art\/promotion-des-artistes-en-herbe-la-premiere-edition-de-je-ris-tu-ris-prevue-le-26-fevrier\" \/>\n<meta property=\"og:site_name\" content=\"Congo Brazzaville\" \/>\n<meta property=\"article:published_time\" content=\"2023-02-16T19:00:00+00:00\" \/>\n<meta property=\"article:modified_time\" content=\"2023-02-16T20:18:16+00:00\" \/>\n<meta property=\"og:image\" content=\"https:\/\/static.africa-press.net\/congo-brazzaville\/sites\/51\/2023\/02\/postQueueImg_1676561900.32.jpg\" \/>\n\t<meta property=\"og:image:width\" content=\"720\" \/>\n\t<meta property=\"og:image:height\" content=\"479\" \/>\n\t<meta property=\"og:image:type\" content=\"image\/jpeg\" \/>\n<meta name=\"author\" content=\"cfeditorfr\" \/>\n<meta name=\"twitter:card\" content=\"summary_large_image\" \/>\n<meta name=\"twitter:label1\" content=\"\u00c9crit par\" \/>\n\t<meta name=\"twitter:data1\" content=\"cfeditorfr\" \/>\n\t<meta name=\"twitter:label2\" content=\"Dur\u00e9e de lecture estim\u00e9e\" \/>\n\t<meta name=\"twitter:data2\" content=\"1 minute\" \/>\n<script type=\"application\/ld+json\" class=\"yoast-schema-graph\">{\"@context\":\"https:\/\/schema.org\",\"@graph\":[{\"@type\":\"Article\",\"@id\":\"https:\/\/www.africa-press.net\/congo-brazzaville\/culture-et-art\/promotion-des-artistes-en-herbe-la-premiere-edition-de-je-ris-tu-ris-prevue-le-26-fevrier#article\",\"isPartOf\":{\"@id\":\"https:\/\/www.africa-press.net\/congo-brazzaville\/culture-et-art\/promotion-des-artistes-en-herbe-la-premiere-edition-de-je-ris-tu-ris-prevue-le-26-fevrier\"},\"author\":{\"name\":\"cfeditorfr\",\"@id\":\"https:\/\/www.africa-press.net\/congo-brazzaville\/#\/schema\/person\/2b1cf3cd81a31e3cd26889ca66d677f1\"},\"headline\":\"Promotion des artistes en herbe: la premi\u00e8re \u00e9dition de \u00ab Je ris tu ris \u00bb pr\u00e9vue le 26 f\u00e9vrier\",\"datePublished\":\"2023-02-16T19:00:00+00:00\",\"dateModified\":\"2023-02-16T20:18:16+00:00\",\"mainEntityOfPage\":{\"@id\":\"https:\/\/www.africa-press.net\/congo-brazzaville\/culture-et-art\/promotion-des-artistes-en-herbe-la-premiere-edition-de-je-ris-tu-ris-prevue-le-26-fevrier\"},\"wordCount\":238,\"commentCount\":0,\"image\":{\"@id\":\"https:\/\/www.africa-press.net\/congo-brazzaville\/culture-et-art\/promotion-des-artistes-en-herbe-la-premiere-edition-de-je-ris-tu-ris-prevue-le-26-fevrier#primaryimage\"},\"thumbnailUrl\":\"https:\/\/static.africa-press.net\/congo-brazzaville\/sites\/51\/2023\/02\/postQueueImg_1676561900.32.jpg\",\"keywords\":[\"Africa Press\",\"Africa Press-Congo Brazzaville\",\"Congo Brazzaville\"],\"articleSection\":[\"Culture et Art\",\"Toutes les actualit\u00e9s\"],\"inLanguage\":\"fr-FR\",\"potentialAction\":[{\"@type\":\"CommentAction\",\"name\":\"Comment\",\"target\":[\"https:\/\/www.africa-press.net\/congo-brazzaville\/culture-et-art\/promotion-des-artistes-en-herbe-la-premiere-edition-de-je-ris-tu-ris-prevue-le-26-fevrier#respond\"]}]},{\"@type\":\"WebPage\",\"@id\":\"https:\/\/www.africa-press.net\/congo-brazzaville\/culture-et-art\/promotion-des-artistes-en-herbe-la-premiere-edition-de-je-ris-tu-ris-prevue-le-26-fevrier\",\"url\":\"https:\/\/www.africa-press.net\/congo-brazzaville\/culture-et-art\/promotion-des-artistes-en-herbe-la-premiere-edition-de-je-ris-tu-ris-prevue-le-26-fevrier\",\"name\":\"Promotion des artistes en herbe: la premi\u00e8re \u00e9dition de \u00ab Je ris tu ris \u00bb pr\u00e9vue le 26 f\u00e9vrier - Congo Brazzaville\",\"isPartOf\":{\"@id\":\"https:\/\/www.africa-press.net\/congo-brazzaville\/#website\"},\"primaryImageOfPage\":{\"@id\":\"https:\/\/www.africa-press.net\/congo-brazzaville\/culture-et-art\/promotion-des-artistes-en-herbe-la-premiere-edition-de-je-ris-tu-ris-prevue-le-26-fevrier#primaryimage\"},\"image\":{\"@id\":\"https:\/\/www.africa-press.net\/congo-brazzaville\/culture-et-art\/promotion-des-artistes-en-herbe-la-premiere-edition-de-je-ris-tu-ris-prevue-le-26-fevrier#primaryimage\"},\"thumbnailUrl\":\"https:\/\/static.africa-press.net\/congo-brazzaville\/sites\/51\/2023\/02\/postQueueImg_1676561900.32.jpg\",\"datePublished\":\"2023-02-16T19:00:00+00:00\",\"dateModified\":\"2023-02-16T20:18:16+00:00\",\"author\":{\"@id\":\"https:\/\/www.africa-press.net\/congo-brazzaville\/#\/schema\/person\/2b1cf3cd81a31e3cd26889ca66d677f1\"},\"description\":\"La socie\u0301te\u0301 Vision sport me\u0301dia inge\u0301nierie (Vsmi), en collaboration avec J management Pro, organisera le 26 fe\u0301vrie ...\",\"breadcrumb\":{\"@id\":\"https:\/\/www.africa-press.net\/congo-brazzaville\/culture-et-art\/promotion-des-artistes-en-herbe-la-premiere-edition-de-je-ris-tu-ris-prevue-le-26-fevrier#breadcrumb\"},\"inLanguage\":\"fr-FR\",\"potentialAction\":[{\"@type\":\"ReadAction\",\"target\":[\"https:\/\/www.africa-press.net\/congo-brazzaville\/culture-et-art\/promotion-des-artistes-en-herbe-la-premiere-edition-de-je-ris-tu-ris-prevue-le-26-fevrier\"]}]},{\"@type\":\"ImageObject\",\"inLanguage\":\"fr-FR\",\"@id\":\"https:\/\/www.africa-press.net\/congo-brazzaville\/culture-et-art\/promotion-des-artistes-en-herbe-la-premiere-edition-de-je-ris-tu-ris-prevue-le-26-fevrier#primaryimage\",\"url\":\"https:\/\/static.africa-press.net\/congo-brazzaville\/sites\/51\/2023\/02\/postQueueImg_1676561900.32.jpg\",\"contentUrl\":\"https:\/\/static.africa-press.net\/congo-brazzaville\/sites\/51\/2023\/02\/postQueueImg_1676561900.32.jpg\",\"width\":720,\"height\":479,\"caption\":\"Promotion des artistes en herbe: la premi\u00e8re \u00e9dition de \u00ab Je ris tu ris \u00bb pr\u00e9vue le 26 f\u00e9vrier\"},{\"@type\":\"BreadcrumbList\",\"@id\":\"https:\/\/www.africa-press.net\/congo-brazzaville\/culture-et-art\/promotion-des-artistes-en-herbe-la-premiere-edition-de-je-ris-tu-ris-prevue-le-26-fevrier#breadcrumb\",\"itemListElement\":[{\"@type\":\"ListItem\",\"position\":1,\"name\":\"Accueil\",\"item\":\"https:\/\/www.africa-press.net\/congo-brazzaville\/\"},{\"@type\":\"ListItem\",\"position\":2,\"name\":\"Promotion des artistes en herbe: la premi\u00e8re \u00e9dition de \u00ab Je ris tu ris \u00bb pr\u00e9vue le 26 f\u00e9vrier\"}]},{\"@type\":\"WebSite\",\"@id\":\"https:\/\/www.africa-press.net\/congo-brazzaville\/#website\",\"url\":\"https:\/\/www.africa-press.net\/congo-brazzaville\/\",\"name\":\"Congo Brazzaville\",\"description\":\"Just another Africa News Agency Sites site\",\"potentialAction\":[{\"@type\":\"SearchAction\",\"target\":{\"@type\":\"EntryPoint\",\"urlTemplate\":\"https:\/\/www.africa-press.net\/congo-brazzaville\/?s={search_term_string}\"},\"query-input\":{\"@type\":\"PropertyValueSpecification\",\"valueRequired\":true,\"valueName\":\"search_term_string\"}}],\"inLanguage\":\"fr-FR\"},{\"@type\":\"Person\",\"@id\":\"https:\/\/www.africa-press.net\/congo-brazzaville\/#\/schema\/person\/2b1cf3cd81a31e3cd26889ca66d677f1\",\"name\":\"cfeditorfr\"}]}<\/script>\n<!-- \/ Yoast SEO Premium plugin. -->","yoast_head_json":{"title":"Promotion des artistes en herbe: la premi\u00e8re \u00e9dition de \u00ab Je ris tu ris \u00bb pr\u00e9vue le 26 f\u00e9vrier - Congo Brazzaville","description":"La socie\u0301te\u0301 Vision sport me\u0301dia inge\u0301nierie (Vsmi), en collaboration avec J management Pro, organisera le 26 fe\u0301vrie ...","robots":{"index":"index","follow":"follow","max-snippet":"max-snippet:-1","max-image-preview":"max-image-preview:large","max-video-preview":"max-video-preview:-1"},"canonical":"https:\/\/www.africa-press.net\/congo-brazzaville\/culture-et-art\/promotion-des-artistes-en-herbe-la-premiere-edition-de-je-ris-tu-ris-prevue-le-26-fevrier","og_locale":"fr_FR","og_type":"article","og_title":"Promotion des artistes en herbe: la premi\u00e8re \u00e9dition de \u00ab Je ris tu ris \u00bb pr\u00e9vue le 26 f\u00e9vrier","og_description":"La socie\u0301te\u0301 Vision sport me\u0301dia inge\u0301nierie (Vsmi), en collaboration avec J management Pro, organisera le 26 fe\u0301vrie ...","og_url":"https:\/\/www.africa-press.net\/congo-brazzaville\/culture-et-art\/promotion-des-artistes-en-herbe-la-premiere-edition-de-je-ris-tu-ris-prevue-le-26-fevrier","og_site_name":"Congo Brazzaville","article_published_time":"2023-02-16T19:00:00+00:00","article_modified_time":"2023-02-16T20:18:16+00:00","og_image":[{"width":720,"height":479,"url":"https:\/\/static.africa-press.net\/congo-brazzaville\/sites\/51\/2023\/02\/postQueueImg_1676561900.32.jpg","type":"image\/jpeg"}],"author":"cfeditorfr","twitter_card":"summary_large_image","twitter_misc":{"\u00c9crit par":"cfeditorfr","Dur\u00e9e de lecture estim\u00e9e":"1 minute"},"schema":{"@context":"https:\/\/schema.org","@graph":[{"@type":"Article","@id":"https:\/\/www.africa-press.net\/congo-brazzaville\/culture-et-art\/promotion-des-artistes-en-herbe-la-premiere-edition-de-je-ris-tu-ris-prevue-le-26-fevrier#article","isPartOf":{"@id":"https:\/\/www.africa-press.net\/congo-brazzaville\/culture-et-art\/promotion-des-artistes-en-herbe-la-premiere-edition-de-je-ris-tu-ris-prevue-le-26-fevrier"},"author":{"name":"cfeditorfr","@id":"https:\/\/www.africa-press.net\/congo-brazzaville\/#\/schema\/person\/2b1cf3cd81a31e3cd26889ca66d677f1"},"headline":"Promotion des artistes en herbe: la premi\u00e8re \u00e9dition de \u00ab Je ris tu ris \u00bb pr\u00e9vue le 26 f\u00e9vrier","datePublished":"2023-02-16T19:00:00+00:00","dateModified":"2023-02-16T20:18:16+00:00","mainEntityOfPage":{"@id":"https:\/\/www.africa-press.net\/congo-brazzaville\/culture-et-art\/promotion-des-artistes-en-herbe-la-premiere-edition-de-je-ris-tu-ris-prevue-le-26-fevrier"},"wordCount":238,"commentCount":0,"image":{"@id":"https:\/\/www.africa-press.net\/congo-brazzaville\/culture-et-art\/promotion-des-artistes-en-herbe-la-premiere-edition-de-je-ris-tu-ris-prevue-le-26-fevrier#primaryimage"},"thumbnailUrl":"https:\/\/static.africa-press.net\/congo-brazzaville\/sites\/51\/2023\/02\/postQueueImg_1676561900.32.jpg","keywords":["Africa Press","Africa Press-Congo Brazzaville","Congo Brazzaville"],"articleSection":["Culture et Art","Toutes les actualit\u00e9s"],"inLanguage":"fr-FR","potentialAction":[{"@type":"CommentAction","name":"Comment","target":["https:\/\/www.africa-press.net\/congo-brazzaville\/culture-et-art\/promotion-des-artistes-en-herbe-la-premiere-edition-de-je-ris-tu-ris-prevue-le-26-fevrier#respond"]}]},{"@type":"WebPage","@id":"https:\/\/www.africa-press.net\/congo-brazzaville\/culture-et-art\/promotion-des-artistes-en-herbe-la-premiere-edition-de-je-ris-tu-ris-prevue-le-26-fevrier","url":"https:\/\/www.africa-press.net\/congo-brazzaville\/culture-et-art\/promotion-des-artistes-en-herbe-la-premiere-edition-de-je-ris-tu-ris-prevue-le-26-fevrier","name":"Promotion des artistes en herbe: la premi\u00e8re \u00e9dition de \u00ab Je ris tu ris \u00bb pr\u00e9vue le 26 f\u00e9vrier - Congo Brazzaville","isPartOf":{"@id":"https:\/\/www.africa-press.net\/congo-brazzaville\/#website"},"primaryImageOfPage":{"@id":"https:\/\/www.africa-press.net\/congo-brazzaville\/culture-et-art\/promotion-des-artistes-en-herbe-la-premiere-edition-de-je-ris-tu-ris-prevue-le-26-fevrier#primaryimage"},"image":{"@id":"https:\/\/www.africa-press.net\/congo-brazzaville\/culture-et-art\/promotion-des-artistes-en-herbe-la-premiere-edition-de-je-ris-tu-ris-prevue-le-26-fevrier#primaryimage"},"thumbnailUrl":"https:\/\/static.africa-press.net\/congo-brazzaville\/sites\/51\/2023\/02\/postQueueImg_1676561900.32.jpg","datePublished":"2023-02-16T19:00:00+00:00","dateModified":"2023-02-16T20:18:16+00:00","author":{"@id":"https:\/\/www.africa-press.net\/congo-brazzaville\/#\/schema\/person\/2b1cf3cd81a31e3cd26889ca66d677f1"},"description":"La socie\u0301te\u0301 Vision sport me\u0301dia inge\u0301nierie (Vsmi), en collaboration avec J management Pro, organisera le 26 fe\u0301vrie ...","breadcrumb":{"@id":"https:\/\/www.africa-press.net\/congo-brazzaville\/culture-et-art\/promotion-des-artistes-en-herbe-la-premiere-edition-de-je-ris-tu-ris-prevue-le-26-fevrier#breadcrumb"},"inLanguage":"fr-FR","potentialAction":[{"@type":"ReadAction","target":["https:\/\/www.africa-press.net\/congo-brazzaville\/culture-et-art\/promotion-des-artistes-en-herbe-la-premiere-edition-de-je-ris-tu-ris-prevue-le-26-fevrier"]}]},{"@type":"ImageObject","inLanguage":"fr-FR","@id":"https:\/\/www.africa-press.net\/congo-brazzaville\/culture-et-art\/promotion-des-artistes-en-herbe-la-premiere-edition-de-je-ris-tu-ris-prevue-le-26-fevrier#primaryimage","url":"https:\/\/static.africa-press.net\/congo-brazzaville\/sites\/51\/2023\/02\/postQueueImg_1676561900.32.jpg","contentUrl":"https:\/\/static.africa-press.net\/congo-brazzaville\/sites\/51\/2023\/02\/postQueueImg_1676561900.32.jpg","width":720,"height":479,"caption":"Promotion des artistes en herbe: la premi\u00e8re \u00e9dition de \u00ab Je ris tu ris \u00bb pr\u00e9vue le 26 f\u00e9vrier"},{"@type":"BreadcrumbList","@id":"https:\/\/www.africa-press.net\/congo-brazzaville\/culture-et-art\/promotion-des-artistes-en-herbe-la-premiere-edition-de-je-ris-tu-ris-prevue-le-26-fevrier#breadcrumb","itemListElement":[{"@type":"ListItem","position":1,"name":"Accueil","item":"https:\/\/www.africa-press.net\/congo-brazzaville\/"},{"@type":"ListItem","position":2,"name":"Promotion des artistes en herbe: la premi\u00e8re \u00e9dition de \u00ab Je ris tu ris \u00bb pr\u00e9vue le 26 f\u00e9vrier"}]},{"@type":"WebSite","@id":"https:\/\/www.africa-press.net\/congo-brazzaville\/#website","url":"https:\/\/www.africa-press.net\/congo-brazzaville\/","name":"Congo Brazzaville","description":"Just another Africa News Agency Sites site","potentialAction":[{"@type":"SearchAction","target":{"@type":"EntryPoint","urlTemplate":"https:\/\/www.africa-press.net\/congo-brazzaville\/?s={search_term_string}"},"query-input":{"@type":"PropertyValueSpecification","valueRequired":true,"valueName":"search_term_string"}}],"inLanguage":"fr-FR"},{"@type":"Person","@id":"https:\/\/www.africa-press.net\/congo-brazzaville\/#\/schema\/person\/2b1cf3cd81a31e3cd26889ca66d677f1","name":"cfeditorfr"}]}},"_links":{"self":[{"href":"https:\/\/www.africa-press.net\/congo-brazzaville\/wp-json\/wp\/v2\/posts\/14466","targetHints":{"allow":["GET"]}}],"collection":[{"href":"https:\/\/www.africa-press.net\/congo-brazzaville\/wp-json\/wp\/v2\/posts"}],"about":[{"href":"https:\/\/www.africa-press.net\/congo-brazzaville\/wp-json\/wp\/v2\/types\/post"}],"author":[{"embeddable":true,"href":"https:\/\/www.africa-press.net\/congo-brazzaville\/wp-json\/wp\/v2\/users\/82"}],"replies":[{"embeddable":true,"href":"https:\/\/www.africa-press.net\/congo-brazzaville\/wp-json\/wp\/v2\/comments?post=14466"}],"version-history":[{"count":0,"href":"https:\/\/www.africa-press.net\/congo-brazzaville\/wp-json\/wp\/v2\/posts\/14466\/revisions"}],"wp:featuredmedia":[{"embeddable":true,"href":"https:\/\/www.africa-press.net\/congo-brazzaville\/wp-json\/wp\/v2\/media\/14465"}],"wp:attachment":[{"href":"https:\/\/www.africa-press.net\/congo-brazzaville\/wp-json\/wp\/v2\/media?parent=14466"}],"wp:term":[{"taxonomy":"category","embeddable":true,"href":"https:\/\/www.africa-press.net\/congo-brazzaville\/wp-json\/wp\/v2\/categories?post=14466"},{"taxonomy":"post_tag","embeddable":true,"href":"https:\/\/www.africa-press.net\/congo-brazzaville\/wp-json\/wp\/v2\/tags?post=14466"}],"curies":[{"name":"wp","href":"https:\/\/api.w.org\/{rel}","templated":true}]}}