{"id":14468,"date":"2023-02-16T19:08:34","date_gmt":"2023-02-16T19:08:34","guid":{"rendered":"https:\/\/www.africa-press.net\/congo-brazzaville\/politique\/la-fecofoot-met-fin-aux-fonctions-delie-ngoya"},"modified":"2023-02-16T20:19:04","modified_gmt":"2023-02-16T20:19:04","slug":"la-fecofoot-met-fin-aux-fonctions-delie-ngoya","status":"publish","type":"post","link":"https:\/\/www.africa-press.net\/congo-brazzaville\/sports\/la-fecofoot-met-fin-aux-fonctions-delie-ngoya","title":{"rendered":"la f\u00e9cofoot met fin aux fonctions d\u2019elie ngoya"},"content":{"rendered":"<p><span style=\"color: #ff6600\"><strong>Africa-Press &#8211; Congo Brazzaville. <\/strong><\/span><b>Le comite\u0301 exe\u0301cutif de la Fe\u0301de\u0301ration congolaise de football (Fe\u0301cofoot), re\u0301unie en assemble\u0301e ge\u0301ne\u0301rale ordinaire le 15 fe\u0301vrier a\u0300 Brazzaville, a de\u0301cide\u0301 de mettre fin aux fonctions du se\u0301lectionneur national des Diables Rouges A\u2019, Jean Elie Ngoya et tout son staff technique. Une de\u0301cision qui intervient apre\u0300s le parcours du Congo classe\u0301 dernier de son groupe au championnat d\u2019Afrique des nations, CHAN 2022.<\/b><\/p>\n<p>\u00ab Au regard du rapport de mission du CHAN, Alge\u0301rie 2022, le comite\u0301 exe\u0301cutif de la Fe\u0301de\u0301ration congolaise de football, a de\u0301cide\u0301 de mettre fin aux fonctions du staff technique en charge de l\u2019e\u0301quipe ayant participe\u0301 a\u0300 cette compe\u0301tition. Une note ente\u0301rinera cette de\u0301cision \u00bb, a indique\u0301 Boniface Carl Malalou, un des vice-pre\u0301sidents de la Fe\u0301cofoot qui a lu le communique\u0301 final de cette session ordinaire, la premie\u0300re de cette saison sportive 2022-2023.<\/p>\n<p>Cette de\u0301cision du Comite\u0301 exe\u0301cutif est la conse\u0301quence du mauvais parcours du Congo au dernier CHAN, avec notamment un bilan de dernier du groupe E derrie\u0300re le Cameroun et le Niger, avec 1 point, ze\u0301ro victoire, ze\u0301ro but marque\u0301, un but encaisse\u0301, un match nul et une de\u0301faite.<\/p>\n<p>Me\u0302me si le communique\u0301 final de la Fe\u0301cofoot n\u2019a e\u0301voque\u0301 aucune raison justifiant sa de\u0301cision, l\u2019e\u0301viction de certains adjoints d\u2019Elie Ngoya, a\u0300 savoir celui du se\u0301lectionneur national adjoint lors de la pre\u0301paration et des matchs de qualification, Dah Nsonde\u0301 et son adjoint en charge des gardiens, Kalana ; la nomination d\u2019autres collaborateurs pourraient confirmer les signes avant coureurs d\u2019un climat qui serait malsain au sein du staff technique des Diables Rouges A\u2019 qui vient d\u2019e\u0302tre remercie\u0301 par la Fe\u0301cofoot.<\/p>\n<p>En me\u0302me temps de limogeage d\u2019Elie Ngoya et son staff est aussi la conse\u0301quence de l\u2019abandon de l\u2019e\u0301quipe du Congo des A\u2019 par le gouvernement, partant de la phase pre\u0301paratoire de cette e\u0301quipe nationale, ponctue\u0301e par les matchs tests face au Be\u0301nin, la RDC et les matchs de phase finale du CHAN.<\/p>\n<p>La Fe\u0301cofoot qui n\u2019a pas annonce\u0301 la date de la nomination du prochain successeur d\u2019Elie Ngoya, devra faire, au moment opportun, le choix d\u2019un entrai\u0302neur avec un projet de ba\u0302tir une e\u0301quipe compe\u0301titive capable d\u2019apporter une plus value en e\u0301quipe A et avec un projet de jeu capable d\u2019aller rivaliser les meilleures e\u0301quipes locales africaines.<\/p>\n<p><strong>Pour plus d&rsquo;informations et d&rsquo;analyses sur la <a href=\"https:\/\/www.africa-press.net\/congo-brazzaville\">Congo Brazzaville<\/a>, suivez <a href=\"https:\/\/www.africa-press.net\/\">Africa-Press<\/a><\/strong><\/p>\n","protected":false},"excerpt":{"rendered":"<p>Africa-Press &#8211; Congo Brazzaville. Le comite\u0301 exe\u0301cutif de la Fe\u0301de\u0301ration congolaise de football (Fe\u0301cofoot), re\u0301unie en assemble\u0301e ge\u0301ne\u0301rale ordinaire le 15 fe\u0301vrier a\u0300 Brazzaville, a de\u0301cide\u0301 de mettre fin aux fonctions du se\u0301lectionneur national des Diables Rouges A\u2019, Jean Elie Ngoya et tout son staff technique. Une de\u0301cision qui intervient apre\u0300s le parcours du Congo [&hellip;]<\/p>\n","protected":false},"author":82,"featured_media":14467,"comment_status":"open","ping_status":"closed","sticky":false,"template":"","format":"standard","meta":{"footnotes":""},"categories":[6,10],"tags":[36,47,46],"class_list":["post-14468","post","type-post","status-publish","format-standard","has-post-thumbnail","hentry","category-sports","category-toutes-les-actualites","tag-africa-press","tag-africa-press-congo-brazzaville","tag-congo-brazzaville"],"yoast_head":"<!-- This site is optimized with the Yoast SEO Premium plugin v26.1 (Yoast SEO v27.0) - https:\/\/yoast.com\/product\/yoast-seo-premium-wordpress\/ -->\n<title>la f\u00e9cofoot met fin aux fonctions d\u2019elie ngoya - Congo Brazzaville<\/title>\n<meta name=\"description\" content=\"Le comite\u0301 exe\u0301cutif de la Fe\u0301de\u0301ration congolaise de football (Fe\u0301cofoot), re\u0301unie en assemble\u0301e ge\u0301ne\u0301rale ordinair ...\" \/>\n<meta name=\"robots\" content=\"index, follow, max-snippet:-1, max-image-preview:large, max-video-preview:-1\" \/>\n<link rel=\"canonical\" href=\"https:\/\/www.africa-press.net\/congo-brazzaville\/sports\/la-fecofoot-met-fin-aux-fonctions-delie-ngoya\" \/>\n<meta property=\"og:locale\" content=\"fr_FR\" \/>\n<meta property=\"og:type\" content=\"article\" \/>\n<meta property=\"og:title\" content=\"la f\u00e9cofoot met fin aux fonctions d\u2019elie ngoya\" \/>\n<meta property=\"og:description\" content=\"Le comite\u0301 exe\u0301cutif de la Fe\u0301de\u0301ration congolaise de football (Fe\u0301cofoot), re\u0301unie en assemble\u0301e ge\u0301ne\u0301rale ordinair ...\" \/>\n<meta property=\"og:url\" content=\"https:\/\/www.africa-press.net\/congo-brazzaville\/sports\/la-fecofoot-met-fin-aux-fonctions-delie-ngoya\" \/>\n<meta property=\"og:site_name\" content=\"Congo Brazzaville\" \/>\n<meta property=\"article:published_time\" content=\"2023-02-16T19:08:34+00:00\" \/>\n<meta property=\"article:modified_time\" content=\"2023-02-16T20:19:04+00:00\" \/>\n<meta property=\"og:image\" content=\"https:\/\/static.africa-press.net\/congo-brazzaville\/sites\/51\/2023\/02\/postQueueImg_1676561924.48.jpg\" \/>\n\t<meta property=\"og:image:width\" content=\"804\" \/>\n\t<meta property=\"og:image:height\" content=\"438\" \/>\n\t<meta property=\"og:image:type\" content=\"image\/jpeg\" \/>\n<meta name=\"author\" content=\"cfeditorfr\" \/>\n<meta name=\"twitter:card\" content=\"summary_large_image\" \/>\n<meta name=\"twitter:label1\" content=\"\u00c9crit par\" \/>\n\t<meta name=\"twitter:data1\" content=\"cfeditorfr\" \/>\n\t<meta name=\"twitter:label2\" content=\"Dur\u00e9e de lecture estim\u00e9e\" \/>\n\t<meta name=\"twitter:data2\" content=\"2 minutes\" \/>\n<script type=\"application\/ld+json\" class=\"yoast-schema-graph\">{\"@context\":\"https:\/\/schema.org\",\"@graph\":[{\"@type\":\"Article\",\"@id\":\"https:\/\/www.africa-press.net\/congo-brazzaville\/sports\/la-fecofoot-met-fin-aux-fonctions-delie-ngoya#article\",\"isPartOf\":{\"@id\":\"https:\/\/www.africa-press.net\/congo-brazzaville\/sports\/la-fecofoot-met-fin-aux-fonctions-delie-ngoya\"},\"author\":{\"name\":\"cfeditorfr\",\"@id\":\"https:\/\/www.africa-press.net\/congo-brazzaville\/#\/schema\/person\/2b1cf3cd81a31e3cd26889ca66d677f1\"},\"headline\":\"la f\u00e9cofoot met fin aux fonctions d\u2019elie ngoya\",\"datePublished\":\"2023-02-16T19:08:34+00:00\",\"dateModified\":\"2023-02-16T20:19:04+00:00\",\"mainEntityOfPage\":{\"@id\":\"https:\/\/www.africa-press.net\/congo-brazzaville\/sports\/la-fecofoot-met-fin-aux-fonctions-delie-ngoya\"},\"wordCount\":461,\"commentCount\":0,\"image\":{\"@id\":\"https:\/\/www.africa-press.net\/congo-brazzaville\/sports\/la-fecofoot-met-fin-aux-fonctions-delie-ngoya#primaryimage\"},\"thumbnailUrl\":\"https:\/\/static.africa-press.net\/congo-brazzaville\/sites\/51\/2023\/02\/postQueueImg_1676561924.48.jpg\",\"keywords\":[\"Africa Press\",\"Africa Press-Congo Brazzaville\",\"Congo Brazzaville\"],\"articleSection\":[\"Sports\",\"Toutes les actualit\u00e9s\"],\"inLanguage\":\"fr-FR\",\"potentialAction\":[{\"@type\":\"CommentAction\",\"name\":\"Comment\",\"target\":[\"https:\/\/www.africa-press.net\/congo-brazzaville\/sports\/la-fecofoot-met-fin-aux-fonctions-delie-ngoya#respond\"]}]},{\"@type\":\"WebPage\",\"@id\":\"https:\/\/www.africa-press.net\/congo-brazzaville\/sports\/la-fecofoot-met-fin-aux-fonctions-delie-ngoya\",\"url\":\"https:\/\/www.africa-press.net\/congo-brazzaville\/sports\/la-fecofoot-met-fin-aux-fonctions-delie-ngoya\",\"name\":\"la f\u00e9cofoot met fin aux fonctions d\u2019elie ngoya - Congo Brazzaville\",\"isPartOf\":{\"@id\":\"https:\/\/www.africa-press.net\/congo-brazzaville\/#website\"},\"primaryImageOfPage\":{\"@id\":\"https:\/\/www.africa-press.net\/congo-brazzaville\/sports\/la-fecofoot-met-fin-aux-fonctions-delie-ngoya#primaryimage\"},\"image\":{\"@id\":\"https:\/\/www.africa-press.net\/congo-brazzaville\/sports\/la-fecofoot-met-fin-aux-fonctions-delie-ngoya#primaryimage\"},\"thumbnailUrl\":\"https:\/\/static.africa-press.net\/congo-brazzaville\/sites\/51\/2023\/02\/postQueueImg_1676561924.48.jpg\",\"datePublished\":\"2023-02-16T19:08:34+00:00\",\"dateModified\":\"2023-02-16T20:19:04+00:00\",\"author\":{\"@id\":\"https:\/\/www.africa-press.net\/congo-brazzaville\/#\/schema\/person\/2b1cf3cd81a31e3cd26889ca66d677f1\"},\"description\":\"Le comite\u0301 exe\u0301cutif de la Fe\u0301de\u0301ration congolaise de football (Fe\u0301cofoot), re\u0301unie en assemble\u0301e ge\u0301ne\u0301rale ordinair ...\",\"breadcrumb\":{\"@id\":\"https:\/\/www.africa-press.net\/congo-brazzaville\/sports\/la-fecofoot-met-fin-aux-fonctions-delie-ngoya#breadcrumb\"},\"inLanguage\":\"fr-FR\",\"potentialAction\":[{\"@type\":\"ReadAction\",\"target\":[\"https:\/\/www.africa-press.net\/congo-brazzaville\/sports\/la-fecofoot-met-fin-aux-fonctions-delie-ngoya\"]}]},{\"@type\":\"ImageObject\",\"inLanguage\":\"fr-FR\",\"@id\":\"https:\/\/www.africa-press.net\/congo-brazzaville\/sports\/la-fecofoot-met-fin-aux-fonctions-delie-ngoya#primaryimage\",\"url\":\"https:\/\/static.africa-press.net\/congo-brazzaville\/sites\/51\/2023\/02\/postQueueImg_1676561924.48.jpg\",\"contentUrl\":\"https:\/\/static.africa-press.net\/congo-brazzaville\/sites\/51\/2023\/02\/postQueueImg_1676561924.48.jpg\",\"width\":804,\"height\":438,\"caption\":\"la f\u00e9cofoot met fin aux fonctions d\u2019elie ngoya\"},{\"@type\":\"BreadcrumbList\",\"@id\":\"https:\/\/www.africa-press.net\/congo-brazzaville\/sports\/la-fecofoot-met-fin-aux-fonctions-delie-ngoya#breadcrumb\",\"itemListElement\":[{\"@type\":\"ListItem\",\"position\":1,\"name\":\"Accueil\",\"item\":\"https:\/\/www.africa-press.net\/congo-brazzaville\/\"},{\"@type\":\"ListItem\",\"position\":2,\"name\":\"la f\u00e9cofoot met fin aux fonctions d\u2019elie ngoya\"}]},{\"@type\":\"WebSite\",\"@id\":\"https:\/\/www.africa-press.net\/congo-brazzaville\/#website\",\"url\":\"https:\/\/www.africa-press.net\/congo-brazzaville\/\",\"name\":\"Congo Brazzaville\",\"description\":\"Just another Africa News Agency Sites site\",\"potentialAction\":[{\"@type\":\"SearchAction\",\"target\":{\"@type\":\"EntryPoint\",\"urlTemplate\":\"https:\/\/www.africa-press.net\/congo-brazzaville\/?s={search_term_string}\"},\"query-input\":{\"@type\":\"PropertyValueSpecification\",\"valueRequired\":true,\"valueName\":\"search_term_string\"}}],\"inLanguage\":\"fr-FR\"},{\"@type\":\"Person\",\"@id\":\"https:\/\/www.africa-press.net\/congo-brazzaville\/#\/schema\/person\/2b1cf3cd81a31e3cd26889ca66d677f1\",\"name\":\"cfeditorfr\"}]}<\/script>\n<!-- \/ Yoast SEO Premium plugin. -->","yoast_head_json":{"title":"la f\u00e9cofoot met fin aux fonctions d\u2019elie ngoya - Congo Brazzaville","description":"Le comite\u0301 exe\u0301cutif de la Fe\u0301de\u0301ration congolaise de football (Fe\u0301cofoot), re\u0301unie en assemble\u0301e ge\u0301ne\u0301rale ordinair ...","robots":{"index":"index","follow":"follow","max-snippet":"max-snippet:-1","max-image-preview":"max-image-preview:large","max-video-preview":"max-video-preview:-1"},"canonical":"https:\/\/www.africa-press.net\/congo-brazzaville\/sports\/la-fecofoot-met-fin-aux-fonctions-delie-ngoya","og_locale":"fr_FR","og_type":"article","og_title":"la f\u00e9cofoot met fin aux fonctions d\u2019elie ngoya","og_description":"Le comite\u0301 exe\u0301cutif de la Fe\u0301de\u0301ration congolaise de football (Fe\u0301cofoot), re\u0301unie en assemble\u0301e ge\u0301ne\u0301rale ordinair ...","og_url":"https:\/\/www.africa-press.net\/congo-brazzaville\/sports\/la-fecofoot-met-fin-aux-fonctions-delie-ngoya","og_site_name":"Congo Brazzaville","article_published_time":"2023-02-16T19:08:34+00:00","article_modified_time":"2023-02-16T20:19:04+00:00","og_image":[{"width":804,"height":438,"url":"https:\/\/static.africa-press.net\/congo-brazzaville\/sites\/51\/2023\/02\/postQueueImg_1676561924.48.jpg","type":"image\/jpeg"}],"author":"cfeditorfr","twitter_card":"summary_large_image","twitter_misc":{"\u00c9crit par":"cfeditorfr","Dur\u00e9e de lecture estim\u00e9e":"2 minutes"},"schema":{"@context":"https:\/\/schema.org","@graph":[{"@type":"Article","@id":"https:\/\/www.africa-press.net\/congo-brazzaville\/sports\/la-fecofoot-met-fin-aux-fonctions-delie-ngoya#article","isPartOf":{"@id":"https:\/\/www.africa-press.net\/congo-brazzaville\/sports\/la-fecofoot-met-fin-aux-fonctions-delie-ngoya"},"author":{"name":"cfeditorfr","@id":"https:\/\/www.africa-press.net\/congo-brazzaville\/#\/schema\/person\/2b1cf3cd81a31e3cd26889ca66d677f1"},"headline":"la f\u00e9cofoot met fin aux fonctions d\u2019elie ngoya","datePublished":"2023-02-16T19:08:34+00:00","dateModified":"2023-02-16T20:19:04+00:00","mainEntityOfPage":{"@id":"https:\/\/www.africa-press.net\/congo-brazzaville\/sports\/la-fecofoot-met-fin-aux-fonctions-delie-ngoya"},"wordCount":461,"commentCount":0,"image":{"@id":"https:\/\/www.africa-press.net\/congo-brazzaville\/sports\/la-fecofoot-met-fin-aux-fonctions-delie-ngoya#primaryimage"},"thumbnailUrl":"https:\/\/static.africa-press.net\/congo-brazzaville\/sites\/51\/2023\/02\/postQueueImg_1676561924.48.jpg","keywords":["Africa Press","Africa Press-Congo Brazzaville","Congo Brazzaville"],"articleSection":["Sports","Toutes les actualit\u00e9s"],"inLanguage":"fr-FR","potentialAction":[{"@type":"CommentAction","name":"Comment","target":["https:\/\/www.africa-press.net\/congo-brazzaville\/sports\/la-fecofoot-met-fin-aux-fonctions-delie-ngoya#respond"]}]},{"@type":"WebPage","@id":"https:\/\/www.africa-press.net\/congo-brazzaville\/sports\/la-fecofoot-met-fin-aux-fonctions-delie-ngoya","url":"https:\/\/www.africa-press.net\/congo-brazzaville\/sports\/la-fecofoot-met-fin-aux-fonctions-delie-ngoya","name":"la f\u00e9cofoot met fin aux fonctions d\u2019elie ngoya - Congo Brazzaville","isPartOf":{"@id":"https:\/\/www.africa-press.net\/congo-brazzaville\/#website"},"primaryImageOfPage":{"@id":"https:\/\/www.africa-press.net\/congo-brazzaville\/sports\/la-fecofoot-met-fin-aux-fonctions-delie-ngoya#primaryimage"},"image":{"@id":"https:\/\/www.africa-press.net\/congo-brazzaville\/sports\/la-fecofoot-met-fin-aux-fonctions-delie-ngoya#primaryimage"},"thumbnailUrl":"https:\/\/static.africa-press.net\/congo-brazzaville\/sites\/51\/2023\/02\/postQueueImg_1676561924.48.jpg","datePublished":"2023-02-16T19:08:34+00:00","dateModified":"2023-02-16T20:19:04+00:00","author":{"@id":"https:\/\/www.africa-press.net\/congo-brazzaville\/#\/schema\/person\/2b1cf3cd81a31e3cd26889ca66d677f1"},"description":"Le comite\u0301 exe\u0301cutif de la Fe\u0301de\u0301ration congolaise de football (Fe\u0301cofoot), re\u0301unie en assemble\u0301e ge\u0301ne\u0301rale ordinair ...","breadcrumb":{"@id":"https:\/\/www.africa-press.net\/congo-brazzaville\/sports\/la-fecofoot-met-fin-aux-fonctions-delie-ngoya#breadcrumb"},"inLanguage":"fr-FR","potentialAction":[{"@type":"ReadAction","target":["https:\/\/www.africa-press.net\/congo-brazzaville\/sports\/la-fecofoot-met-fin-aux-fonctions-delie-ngoya"]}]},{"@type":"ImageObject","inLanguage":"fr-FR","@id":"https:\/\/www.africa-press.net\/congo-brazzaville\/sports\/la-fecofoot-met-fin-aux-fonctions-delie-ngoya#primaryimage","url":"https:\/\/static.africa-press.net\/congo-brazzaville\/sites\/51\/2023\/02\/postQueueImg_1676561924.48.jpg","contentUrl":"https:\/\/static.africa-press.net\/congo-brazzaville\/sites\/51\/2023\/02\/postQueueImg_1676561924.48.jpg","width":804,"height":438,"caption":"la f\u00e9cofoot met fin aux fonctions d\u2019elie ngoya"},{"@type":"BreadcrumbList","@id":"https:\/\/www.africa-press.net\/congo-brazzaville\/sports\/la-fecofoot-met-fin-aux-fonctions-delie-ngoya#breadcrumb","itemListElement":[{"@type":"ListItem","position":1,"name":"Accueil","item":"https:\/\/www.africa-press.net\/congo-brazzaville\/"},{"@type":"ListItem","position":2,"name":"la f\u00e9cofoot met fin aux fonctions d\u2019elie ngoya"}]},{"@type":"WebSite","@id":"https:\/\/www.africa-press.net\/congo-brazzaville\/#website","url":"https:\/\/www.africa-press.net\/congo-brazzaville\/","name":"Congo Brazzaville","description":"Just another Africa News Agency Sites site","potentialAction":[{"@type":"SearchAction","target":{"@type":"EntryPoint","urlTemplate":"https:\/\/www.africa-press.net\/congo-brazzaville\/?s={search_term_string}"},"query-input":{"@type":"PropertyValueSpecification","valueRequired":true,"valueName":"search_term_string"}}],"inLanguage":"fr-FR"},{"@type":"Person","@id":"https:\/\/www.africa-press.net\/congo-brazzaville\/#\/schema\/person\/2b1cf3cd81a31e3cd26889ca66d677f1","name":"cfeditorfr"}]}},"_links":{"self":[{"href":"https:\/\/www.africa-press.net\/congo-brazzaville\/wp-json\/wp\/v2\/posts\/14468","targetHints":{"allow":["GET"]}}],"collection":[{"href":"https:\/\/www.africa-press.net\/congo-brazzaville\/wp-json\/wp\/v2\/posts"}],"about":[{"href":"https:\/\/www.africa-press.net\/congo-brazzaville\/wp-json\/wp\/v2\/types\/post"}],"author":[{"embeddable":true,"href":"https:\/\/www.africa-press.net\/congo-brazzaville\/wp-json\/wp\/v2\/users\/82"}],"replies":[{"embeddable":true,"href":"https:\/\/www.africa-press.net\/congo-brazzaville\/wp-json\/wp\/v2\/comments?post=14468"}],"version-history":[{"count":0,"href":"https:\/\/www.africa-press.net\/congo-brazzaville\/wp-json\/wp\/v2\/posts\/14468\/revisions"}],"wp:featuredmedia":[{"embeddable":true,"href":"https:\/\/www.africa-press.net\/congo-brazzaville\/wp-json\/wp\/v2\/media\/14467"}],"wp:attachment":[{"href":"https:\/\/www.africa-press.net\/congo-brazzaville\/wp-json\/wp\/v2\/media?parent=14468"}],"wp:term":[{"taxonomy":"category","embeddable":true,"href":"https:\/\/www.africa-press.net\/congo-brazzaville\/wp-json\/wp\/v2\/categories?post=14468"},{"taxonomy":"post_tag","embeddable":true,"href":"https:\/\/www.africa-press.net\/congo-brazzaville\/wp-json\/wp\/v2\/tags?post=14468"}],"curies":[{"name":"wp","href":"https:\/\/api.w.org\/{rel}","templated":true}]}}