{"id":1449,"date":"2021-08-29T18:54:29","date_gmt":"2021-08-29T18:54:29","guid":{"rendered":"https:\/\/www.africa-press.net\/congo-brazzaville\/?p=1449"},"modified":"2021-08-29T18:55:02","modified_gmt":"2021-08-29T18:55:02","slug":"football-le-week-end-des-diables-rouges-et-des-congolais-de-la-diaspora-en-europe-russie-slovenie-suede-suisse-et-turquie","status":"publish","type":"post","link":"https:\/\/www.africa-press.net\/congo-brazzaville\/sports\/football-le-week-end-des-diables-rouges-et-des-congolais-de-la-diaspora-en-europe-russie-slovenie-suede-suisse-et-turquie","title":{"rendered":"Football, le week-end des Diables rouges et des Congolais de la diaspora en Europe (Russie, Slov\u00e9nie, Su\u00e8de, Suisse et Turquie)"},"content":{"rendered":"<p><span style=\"color: #ff6600\"><strong><a href=\"https:\/\/www.africa-press.net\/\">Africa-Press<\/a> &#8211; <a href=\"https:\/\/www.africa-press.net\/congo-brazzaville\">Congo Brazzaville<\/a>. <\/strong><\/span>Russie, 6e journ\u00e9e, 1re division, Alexis Beka Beka fait ses premiers pas en Russian Premier League : le Franco-Congolais est entr\u00e9 \u00e0 la 73e lors du derby entre le Dinamo et le Lokomotiv Moscou (1-1).<\/p>\n<p><b>Russie, 8e journ\u00e9e, 2e division<\/b><\/p>\n<p>Sans Emmerson Illoy-Ayyet, en transit \u00e0 Paris ce dimanche matin, le SKA Energyia Khabarovsk partage les points avec le Kuban Krasnodar (0-0).<\/p>\n<p><b>Slov\u00e9nie, 7e journ\u00e9e, 1re division<\/b><\/p>\n<p>Antoine Makoumbou \u00e9tait titulaire dans le 4-3-3 de Maribor, qui fait match nul face \u00e0 Bravo (1-1). Maribor est 3e \u00e0 3 points du leader.<\/p>\n<p>Plac\u00e9 un cran plus haut que lors du match pr\u00e9c\u00e9dent, Makoumbou \u00e9tait titularis\u00e9 pour la deuxi\u00e8me fois cons\u00e9cutive.<\/p>\n<p><b>Su\u00e8de, 18e journ\u00e9e, 2e division<\/b><\/p>\n<p>Helsingborg prend les commandes du championnat apr\u00e8s son succ\u00e8s \u00e0 Landskrona (1-0). Ravy Tsouka Dozi a jou\u00e9 toute la rencontre.<\/p>\n<p><b>Suisse, 5e journ\u00e9e, 1re division<\/b><\/p>\n<p>Lugano s\u2019incline dans les ultimes secondes \u00e0 Sion (2-3). Rempla\u00e7ant, K\u00e9vin Monzialo est entr\u00e9 \u00e0 la 82e, alors que son \u00e9quipe \u00e9tait men\u00e9e 1-2.<\/p>\n<p><b>Turquie, 5e journ\u00e9e, 1re division<\/b><\/p>\n<p>Rempla\u00e7ant au coup d\u2019envoi, Dylan Saint-Louis est entr\u00e9 en jeu \u00e0 la 68e lors du carton d\u2019Hatayspor face \u00e0 Alanyaspor (5-0). L\u2019international congolais est passeur d\u00e9cisif sur le 5e but de son \u00e9quipe \u00e0 la 92e.<\/p>\n\r\n                <style type=\"text\/css\">\r\n                    \r\n                    #td_uid_1_69f457086f2f5  .td-doubleSlider-2 .td-item1 {\r\n                        background: url(https:\/\/static.africa-press.net\/centrafricaine\/sites\/51\/2021\/08\/img-612bd75b3ec2a-80x60.jpg) 0 0 no-repeat;\r\n                    }\r\n                <\/style>\r\n\r\n                <div id=\"td_uid_1_69f457086f2f5\" class=\"td-gallery td-slide-on-2-columns\">\r\n                    <div class=\"post_td_gallery\">\r\n                        <div class=\"td-gallery-slide-top\">\r\n                           <div class=\"td-gallery-title\"><\/div>\r\n\r\n                            <div class=\"td-gallery-controls-wrapper\">\r\n                                <div class=\"td-gallery-slide-count\"><span class=\"td-gallery-slide-item-focus\">1<\/span> de 2<\/div>\r\n                                <div class=\"td-gallery-slide-prev-next-but\">\r\n                                    <i class = \"td-icon-left doubleSliderPrevButton\"><\/i>\r\n                                    <i class = \"td-icon-right doubleSliderNextButton\"><\/i>\r\n                                <\/div>\r\n                            <\/div>\r\n                        <\/div>\r\n\r\n                        <div class = \"td-doubleSlider-1 \">\r\n                            <div class = \"td-slider\">\r\n                                \r\n                    <div class = \"td-slide-item td-item1\">\r\n                        <figure class=\"td-slide-galery-figure td-slide-popup-gallery\">\r\n                            <a class=\"slide-gallery-image-link\" href=\"https:\/\/static.africa-press.net\/centrafricaine\/sites\/51\/2021\/08\/img-612bd75b3ec2a.jpg\" title=\"img-612bd75b3ec2a\"  data-caption=\"\"  data-description=\"\">\r\n                                <img decoding=\"async\" src=\"https:\/\/static.africa-press.net\/centrafricaine\/sites\/51\/2021\/08\/img-612bd75b3ec2a.jpg\" srcset=\"https:\/\/static.africa-press.net\/congo-brazzaville\/sites\/51\/2021\/08\/img-612bd75b3ec2a.jpg 1090w, https:\/\/static.africa-press.net\/congo-brazzaville\/sites\/51\/2021\/08\/img-612bd75b3ec2a-300x253.jpg 300w, https:\/\/static.africa-press.net\/congo-brazzaville\/sites\/51\/2021\/08\/img-612bd75b3ec2a-1024x864.jpg 1024w, https:\/\/static.africa-press.net\/congo-brazzaville\/sites\/51\/2021\/08\/img-612bd75b3ec2a-768x648.jpg 768w\" sizes=\"(max-width: 1090px) 100vw, 1090px\" alt=\"\">\r\n                            <\/a>\r\n                            \r\n                        <\/figure>\r\n                    <\/div>\r\n                            <\/div>\r\n                        <\/div>\r\n\r\n                        <div class = \"td-doubleSlider-2\">\r\n                            <div class = \"td-slider\">\r\n                                \r\n                    <div class = \"td-button td-item1\">\r\n                        <div class = \"td-border\"><\/div>\r\n                    <\/div>\r\n                            <\/div>\r\n                        <\/div>\r\n\r\n                    <\/div>\r\n\r\n                <\/div>\r\n                \n","protected":false},"excerpt":{"rendered":"<p>Africa-Press &#8211; Congo Brazzaville. Russie, 6e journ\u00e9e, 1re division, Alexis Beka Beka fait ses premiers pas en Russian Premier League : le Franco-Congolais est entr\u00e9 \u00e0 la 73e lors du derby entre le Dinamo et le Lokomotiv Moscou (1-1). Russie, 8e journ\u00e9e, 2e division Sans Emmerson Illoy-Ayyet, en transit \u00e0 Paris ce dimanche matin, le [&hellip;]<\/p>\n","protected":false},"author":82,"featured_media":1448,"comment_status":"open","ping_status":"closed","sticky":false,"template":"","format":"standard","meta":{"footnotes":""},"categories":[11,8,6,20,10],"tags":[36,47,46],"class_list":["post-1449","post","type-post","status-publish","format-standard","has-post-thumbnail","hentry","category-homepage-french","category-photo","category-sports","category-top-nouvelles","category-toutes-les-actualites","tag-africa-press","tag-africa-press-congo-brazzaville","tag-congo-brazzaville"],"yoast_head":"<!-- This site is optimized with the Yoast SEO Premium plugin v26.1 (Yoast SEO v27.0) - https:\/\/yoast.com\/product\/yoast-seo-premium-wordpress\/ -->\n<title>Football, le week-end des Diables rouges et des Congolais de la diaspora en Europe (Russie, Slov\u00e9nie, Su\u00e8de, Suisse et Turquie) - Congo Brazzaville<\/title>\n<meta name=\"description\" content=\"Russie, 6e journ\u00e9e, 1re division Alexis Beka Beka fait ses premiers pas en Russian Premier League : le Franco-Congolais ...\" \/>\n<meta name=\"robots\" content=\"index, follow, max-snippet:-1, max-image-preview:large, max-video-preview:-1\" \/>\n<link rel=\"canonical\" href=\"https:\/\/www.africa-press.net\/congo-brazzaville\/sports\/football-le-week-end-des-diables-rouges-et-des-congolais-de-la-diaspora-en-europe-russie-slovenie-suede-suisse-et-turquie\" \/>\n<meta property=\"og:locale\" content=\"fr_FR\" \/>\n<meta property=\"og:type\" content=\"article\" \/>\n<meta property=\"og:title\" content=\"Football, le week-end des Diables rouges et des Congolais de la diaspora en Europe (Russie, Slov\u00e9nie, Su\u00e8de, Suisse et Turquie)\" \/>\n<meta property=\"og:description\" content=\"Russie, 6e journ\u00e9e, 1re division Alexis Beka Beka fait ses premiers pas en Russian Premier League : le Franco-Congolais ...\" \/>\n<meta property=\"og:url\" content=\"https:\/\/www.africa-press.net\/congo-brazzaville\/sports\/football-le-week-end-des-diables-rouges-et-des-congolais-de-la-diaspora-en-europe-russie-slovenie-suede-suisse-et-turquie\" \/>\n<meta property=\"og:site_name\" content=\"Congo Brazzaville\" \/>\n<meta property=\"article:published_time\" content=\"2021-08-29T18:54:29+00:00\" \/>\n<meta property=\"article:modified_time\" content=\"2021-08-29T18:55:02+00:00\" \/>\n<meta property=\"og:image\" content=\"https:\/\/static.africa-press.net\/centrafricaine\/sites\/51\/2021\/08\/img-612bd766ae554.jpg\" \/>\n\t<meta property=\"og:image:width\" content=\"1090\" \/>\n\t<meta property=\"og:image:height\" content=\"920\" \/>\n\t<meta property=\"og:image:type\" content=\"image\/jpeg\" \/>\n<meta name=\"author\" content=\"cfeditorfr\" \/>\n<meta name=\"twitter:card\" content=\"summary_large_image\" \/>\n<meta name=\"twitter:label1\" content=\"\u00c9crit par\" \/>\n\t<meta name=\"twitter:data1\" content=\"cfeditorfr\" \/>\n\t<meta name=\"twitter:label2\" content=\"Dur\u00e9e de lecture estim\u00e9e\" \/>\n\t<meta name=\"twitter:data2\" content=\"1 minute\" \/>\n<script type=\"application\/ld+json\" class=\"yoast-schema-graph\">{\"@context\":\"https:\/\/schema.org\",\"@graph\":[{\"@type\":\"Article\",\"@id\":\"https:\/\/www.africa-press.net\/congo-brazzaville\/sports\/football-le-week-end-des-diables-rouges-et-des-congolais-de-la-diaspora-en-europe-russie-slovenie-suede-suisse-et-turquie#article\",\"isPartOf\":{\"@id\":\"https:\/\/www.africa-press.net\/congo-brazzaville\/sports\/football-le-week-end-des-diables-rouges-et-des-congolais-de-la-diaspora-en-europe-russie-slovenie-suede-suisse-et-turquie\"},\"author\":{\"name\":\"cfeditorfr\",\"@id\":\"https:\/\/www.africa-press.net\/congo-brazzaville\/#\/schema\/person\/2b1cf3cd81a31e3cd26889ca66d677f1\"},\"headline\":\"Football, le week-end des Diables rouges et des Congolais de la diaspora en Europe (Russie, Slov\u00e9nie, Su\u00e8de, Suisse et Turquie)\",\"datePublished\":\"2021-08-29T18:54:29+00:00\",\"dateModified\":\"2021-08-29T18:55:02+00:00\",\"mainEntityOfPage\":{\"@id\":\"https:\/\/www.africa-press.net\/congo-brazzaville\/sports\/football-le-week-end-des-diables-rouges-et-des-congolais-de-la-diaspora-en-europe-russie-slovenie-suede-suisse-et-turquie\"},\"wordCount\":253,\"commentCount\":0,\"image\":{\"@id\":\"https:\/\/www.africa-press.net\/congo-brazzaville\/sports\/football-le-week-end-des-diables-rouges-et-des-congolais-de-la-diaspora-en-europe-russie-slovenie-suede-suisse-et-turquie#primaryimage\"},\"thumbnailUrl\":\"https:\/\/static.africa-press.net\/centrafricaine\/sites\/51\/2021\/08\/img-612bd766ae554.jpg\",\"keywords\":[\"Africa Press\",\"Africa Press-Congo Brazzaville\",\"Congo Brazzaville\"],\"articleSection\":[\"homepage-french\",\"Photo\",\"Sports\",\"Top Nouvelles\",\"Toutes les actualit\u00e9s\"],\"inLanguage\":\"fr-FR\",\"potentialAction\":[{\"@type\":\"CommentAction\",\"name\":\"Comment\",\"target\":[\"https:\/\/www.africa-press.net\/congo-brazzaville\/sports\/football-le-week-end-des-diables-rouges-et-des-congolais-de-la-diaspora-en-europe-russie-slovenie-suede-suisse-et-turquie#respond\"]}]},{\"@type\":\"WebPage\",\"@id\":\"https:\/\/www.africa-press.net\/congo-brazzaville\/sports\/football-le-week-end-des-diables-rouges-et-des-congolais-de-la-diaspora-en-europe-russie-slovenie-suede-suisse-et-turquie\",\"url\":\"https:\/\/www.africa-press.net\/congo-brazzaville\/sports\/football-le-week-end-des-diables-rouges-et-des-congolais-de-la-diaspora-en-europe-russie-slovenie-suede-suisse-et-turquie\",\"name\":\"Football, le week-end des Diables rouges et des Congolais de la diaspora en Europe (Russie, Slov\u00e9nie, Su\u00e8de, Suisse et Turquie) - Congo Brazzaville\",\"isPartOf\":{\"@id\":\"https:\/\/www.africa-press.net\/congo-brazzaville\/#website\"},\"primaryImageOfPage\":{\"@id\":\"https:\/\/www.africa-press.net\/congo-brazzaville\/sports\/football-le-week-end-des-diables-rouges-et-des-congolais-de-la-diaspora-en-europe-russie-slovenie-suede-suisse-et-turquie#primaryimage\"},\"image\":{\"@id\":\"https:\/\/www.africa-press.net\/congo-brazzaville\/sports\/football-le-week-end-des-diables-rouges-et-des-congolais-de-la-diaspora-en-europe-russie-slovenie-suede-suisse-et-turquie#primaryimage\"},\"thumbnailUrl\":\"https:\/\/static.africa-press.net\/centrafricaine\/sites\/51\/2021\/08\/img-612bd766ae554.jpg\",\"datePublished\":\"2021-08-29T18:54:29+00:00\",\"dateModified\":\"2021-08-29T18:55:02+00:00\",\"author\":{\"@id\":\"https:\/\/www.africa-press.net\/congo-brazzaville\/#\/schema\/person\/2b1cf3cd81a31e3cd26889ca66d677f1\"},\"description\":\"Russie, 6e journ\u00e9e, 1re division Alexis Beka Beka fait ses premiers pas en Russian Premier League : le Franco-Congolais ...\",\"breadcrumb\":{\"@id\":\"https:\/\/www.africa-press.net\/congo-brazzaville\/sports\/football-le-week-end-des-diables-rouges-et-des-congolais-de-la-diaspora-en-europe-russie-slovenie-suede-suisse-et-turquie#breadcrumb\"},\"inLanguage\":\"fr-FR\",\"potentialAction\":[{\"@type\":\"ReadAction\",\"target\":[\"https:\/\/www.africa-press.net\/congo-brazzaville\/sports\/football-le-week-end-des-diables-rouges-et-des-congolais-de-la-diaspora-en-europe-russie-slovenie-suede-suisse-et-turquie\"]}]},{\"@type\":\"ImageObject\",\"inLanguage\":\"fr-FR\",\"@id\":\"https:\/\/www.africa-press.net\/congo-brazzaville\/sports\/football-le-week-end-des-diables-rouges-et-des-congolais-de-la-diaspora-en-europe-russie-slovenie-suede-suisse-et-turquie#primaryimage\",\"url\":\"https:\/\/static.africa-press.net\/centrafricaine\/sites\/51\/2021\/08\/img-612bd766ae554.jpg\",\"contentUrl\":\"https:\/\/static.africa-press.net\/centrafricaine\/sites\/51\/2021\/08\/img-612bd766ae554.jpg\",\"width\":1090,\"height\":920,\"caption\":\"Football, le week-end des Diables rouges et des Congolais de la diaspora en Europe (Russie, Slov\u00e9nie, Su\u00e8de, Suisse et Turquie)\"},{\"@type\":\"BreadcrumbList\",\"@id\":\"https:\/\/www.africa-press.net\/congo-brazzaville\/sports\/football-le-week-end-des-diables-rouges-et-des-congolais-de-la-diaspora-en-europe-russie-slovenie-suede-suisse-et-turquie#breadcrumb\",\"itemListElement\":[{\"@type\":\"ListItem\",\"position\":1,\"name\":\"Accueil\",\"item\":\"https:\/\/www.africa-press.net\/congo-brazzaville\/\"},{\"@type\":\"ListItem\",\"position\":2,\"name\":\"Football, le week-end des Diables rouges et des Congolais de la diaspora en Europe (Russie, Slov\u00e9nie, Su\u00e8de, Suisse et Turquie)\"}]},{\"@type\":\"WebSite\",\"@id\":\"https:\/\/www.africa-press.net\/congo-brazzaville\/#website\",\"url\":\"https:\/\/www.africa-press.net\/congo-brazzaville\/\",\"name\":\"Congo Brazzaville\",\"description\":\"Just another Africa News Agency Sites site\",\"potentialAction\":[{\"@type\":\"SearchAction\",\"target\":{\"@type\":\"EntryPoint\",\"urlTemplate\":\"https:\/\/www.africa-press.net\/congo-brazzaville\/?s={search_term_string}\"},\"query-input\":{\"@type\":\"PropertyValueSpecification\",\"valueRequired\":true,\"valueName\":\"search_term_string\"}}],\"inLanguage\":\"fr-FR\"},{\"@type\":\"Person\",\"@id\":\"https:\/\/www.africa-press.net\/congo-brazzaville\/#\/schema\/person\/2b1cf3cd81a31e3cd26889ca66d677f1\",\"name\":\"cfeditorfr\"}]}<\/script>\n<!-- \/ Yoast SEO Premium plugin. -->","yoast_head_json":{"title":"Football, le week-end des Diables rouges et des Congolais de la diaspora en Europe (Russie, Slov\u00e9nie, Su\u00e8de, Suisse et Turquie) - Congo Brazzaville","description":"Russie, 6e journ\u00e9e, 1re division Alexis Beka Beka fait ses premiers pas en Russian Premier League : le Franco-Congolais ...","robots":{"index":"index","follow":"follow","max-snippet":"max-snippet:-1","max-image-preview":"max-image-preview:large","max-video-preview":"max-video-preview:-1"},"canonical":"https:\/\/www.africa-press.net\/congo-brazzaville\/sports\/football-le-week-end-des-diables-rouges-et-des-congolais-de-la-diaspora-en-europe-russie-slovenie-suede-suisse-et-turquie","og_locale":"fr_FR","og_type":"article","og_title":"Football, le week-end des Diables rouges et des Congolais de la diaspora en Europe (Russie, Slov\u00e9nie, Su\u00e8de, Suisse et Turquie)","og_description":"Russie, 6e journ\u00e9e, 1re division Alexis Beka Beka fait ses premiers pas en Russian Premier League : le Franco-Congolais ...","og_url":"https:\/\/www.africa-press.net\/congo-brazzaville\/sports\/football-le-week-end-des-diables-rouges-et-des-congolais-de-la-diaspora-en-europe-russie-slovenie-suede-suisse-et-turquie","og_site_name":"Congo Brazzaville","article_published_time":"2021-08-29T18:54:29+00:00","article_modified_time":"2021-08-29T18:55:02+00:00","og_image":[{"width":1090,"height":920,"url":"https:\/\/static.africa-press.net\/centrafricaine\/sites\/51\/2021\/08\/img-612bd766ae554.jpg","type":"image\/jpeg"}],"author":"cfeditorfr","twitter_card":"summary_large_image","twitter_misc":{"\u00c9crit par":"cfeditorfr","Dur\u00e9e de lecture estim\u00e9e":"1 minute"},"schema":{"@context":"https:\/\/schema.org","@graph":[{"@type":"Article","@id":"https:\/\/www.africa-press.net\/congo-brazzaville\/sports\/football-le-week-end-des-diables-rouges-et-des-congolais-de-la-diaspora-en-europe-russie-slovenie-suede-suisse-et-turquie#article","isPartOf":{"@id":"https:\/\/www.africa-press.net\/congo-brazzaville\/sports\/football-le-week-end-des-diables-rouges-et-des-congolais-de-la-diaspora-en-europe-russie-slovenie-suede-suisse-et-turquie"},"author":{"name":"cfeditorfr","@id":"https:\/\/www.africa-press.net\/congo-brazzaville\/#\/schema\/person\/2b1cf3cd81a31e3cd26889ca66d677f1"},"headline":"Football, le week-end des Diables rouges et des Congolais de la diaspora en Europe (Russie, Slov\u00e9nie, Su\u00e8de, Suisse et Turquie)","datePublished":"2021-08-29T18:54:29+00:00","dateModified":"2021-08-29T18:55:02+00:00","mainEntityOfPage":{"@id":"https:\/\/www.africa-press.net\/congo-brazzaville\/sports\/football-le-week-end-des-diables-rouges-et-des-congolais-de-la-diaspora-en-europe-russie-slovenie-suede-suisse-et-turquie"},"wordCount":253,"commentCount":0,"image":{"@id":"https:\/\/www.africa-press.net\/congo-brazzaville\/sports\/football-le-week-end-des-diables-rouges-et-des-congolais-de-la-diaspora-en-europe-russie-slovenie-suede-suisse-et-turquie#primaryimage"},"thumbnailUrl":"https:\/\/static.africa-press.net\/centrafricaine\/sites\/51\/2021\/08\/img-612bd766ae554.jpg","keywords":["Africa Press","Africa Press-Congo Brazzaville","Congo Brazzaville"],"articleSection":["homepage-french","Photo","Sports","Top Nouvelles","Toutes les actualit\u00e9s"],"inLanguage":"fr-FR","potentialAction":[{"@type":"CommentAction","name":"Comment","target":["https:\/\/www.africa-press.net\/congo-brazzaville\/sports\/football-le-week-end-des-diables-rouges-et-des-congolais-de-la-diaspora-en-europe-russie-slovenie-suede-suisse-et-turquie#respond"]}]},{"@type":"WebPage","@id":"https:\/\/www.africa-press.net\/congo-brazzaville\/sports\/football-le-week-end-des-diables-rouges-et-des-congolais-de-la-diaspora-en-europe-russie-slovenie-suede-suisse-et-turquie","url":"https:\/\/www.africa-press.net\/congo-brazzaville\/sports\/football-le-week-end-des-diables-rouges-et-des-congolais-de-la-diaspora-en-europe-russie-slovenie-suede-suisse-et-turquie","name":"Football, le week-end des Diables rouges et des Congolais de la diaspora en Europe (Russie, Slov\u00e9nie, Su\u00e8de, Suisse et Turquie) - Congo Brazzaville","isPartOf":{"@id":"https:\/\/www.africa-press.net\/congo-brazzaville\/#website"},"primaryImageOfPage":{"@id":"https:\/\/www.africa-press.net\/congo-brazzaville\/sports\/football-le-week-end-des-diables-rouges-et-des-congolais-de-la-diaspora-en-europe-russie-slovenie-suede-suisse-et-turquie#primaryimage"},"image":{"@id":"https:\/\/www.africa-press.net\/congo-brazzaville\/sports\/football-le-week-end-des-diables-rouges-et-des-congolais-de-la-diaspora-en-europe-russie-slovenie-suede-suisse-et-turquie#primaryimage"},"thumbnailUrl":"https:\/\/static.africa-press.net\/centrafricaine\/sites\/51\/2021\/08\/img-612bd766ae554.jpg","datePublished":"2021-08-29T18:54:29+00:00","dateModified":"2021-08-29T18:55:02+00:00","author":{"@id":"https:\/\/www.africa-press.net\/congo-brazzaville\/#\/schema\/person\/2b1cf3cd81a31e3cd26889ca66d677f1"},"description":"Russie, 6e journ\u00e9e, 1re division Alexis Beka Beka fait ses premiers pas en Russian Premier League : le Franco-Congolais ...","breadcrumb":{"@id":"https:\/\/www.africa-press.net\/congo-brazzaville\/sports\/football-le-week-end-des-diables-rouges-et-des-congolais-de-la-diaspora-en-europe-russie-slovenie-suede-suisse-et-turquie#breadcrumb"},"inLanguage":"fr-FR","potentialAction":[{"@type":"ReadAction","target":["https:\/\/www.africa-press.net\/congo-brazzaville\/sports\/football-le-week-end-des-diables-rouges-et-des-congolais-de-la-diaspora-en-europe-russie-slovenie-suede-suisse-et-turquie"]}]},{"@type":"ImageObject","inLanguage":"fr-FR","@id":"https:\/\/www.africa-press.net\/congo-brazzaville\/sports\/football-le-week-end-des-diables-rouges-et-des-congolais-de-la-diaspora-en-europe-russie-slovenie-suede-suisse-et-turquie#primaryimage","url":"https:\/\/static.africa-press.net\/centrafricaine\/sites\/51\/2021\/08\/img-612bd766ae554.jpg","contentUrl":"https:\/\/static.africa-press.net\/centrafricaine\/sites\/51\/2021\/08\/img-612bd766ae554.jpg","width":1090,"height":920,"caption":"Football, le week-end des Diables rouges et des Congolais de la diaspora en Europe (Russie, Slov\u00e9nie, Su\u00e8de, Suisse et Turquie)"},{"@type":"BreadcrumbList","@id":"https:\/\/www.africa-press.net\/congo-brazzaville\/sports\/football-le-week-end-des-diables-rouges-et-des-congolais-de-la-diaspora-en-europe-russie-slovenie-suede-suisse-et-turquie#breadcrumb","itemListElement":[{"@type":"ListItem","position":1,"name":"Accueil","item":"https:\/\/www.africa-press.net\/congo-brazzaville\/"},{"@type":"ListItem","position":2,"name":"Football, le week-end des Diables rouges et des Congolais de la diaspora en Europe (Russie, Slov\u00e9nie, Su\u00e8de, Suisse et Turquie)"}]},{"@type":"WebSite","@id":"https:\/\/www.africa-press.net\/congo-brazzaville\/#website","url":"https:\/\/www.africa-press.net\/congo-brazzaville\/","name":"Congo Brazzaville","description":"Just another Africa News Agency Sites site","potentialAction":[{"@type":"SearchAction","target":{"@type":"EntryPoint","urlTemplate":"https:\/\/www.africa-press.net\/congo-brazzaville\/?s={search_term_string}"},"query-input":{"@type":"PropertyValueSpecification","valueRequired":true,"valueName":"search_term_string"}}],"inLanguage":"fr-FR"},{"@type":"Person","@id":"https:\/\/www.africa-press.net\/congo-brazzaville\/#\/schema\/person\/2b1cf3cd81a31e3cd26889ca66d677f1","name":"cfeditorfr"}]}},"_links":{"self":[{"href":"https:\/\/www.africa-press.net\/congo-brazzaville\/wp-json\/wp\/v2\/posts\/1449","targetHints":{"allow":["GET"]}}],"collection":[{"href":"https:\/\/www.africa-press.net\/congo-brazzaville\/wp-json\/wp\/v2\/posts"}],"about":[{"href":"https:\/\/www.africa-press.net\/congo-brazzaville\/wp-json\/wp\/v2\/types\/post"}],"author":[{"embeddable":true,"href":"https:\/\/www.africa-press.net\/congo-brazzaville\/wp-json\/wp\/v2\/users\/82"}],"replies":[{"embeddable":true,"href":"https:\/\/www.africa-press.net\/congo-brazzaville\/wp-json\/wp\/v2\/comments?post=1449"}],"version-history":[{"count":0,"href":"https:\/\/www.africa-press.net\/congo-brazzaville\/wp-json\/wp\/v2\/posts\/1449\/revisions"}],"wp:featuredmedia":[{"embeddable":true,"href":"https:\/\/www.africa-press.net\/congo-brazzaville\/wp-json\/wp\/v2\/media\/1448"}],"wp:attachment":[{"href":"https:\/\/www.africa-press.net\/congo-brazzaville\/wp-json\/wp\/v2\/media?parent=1449"}],"wp:term":[{"taxonomy":"category","embeddable":true,"href":"https:\/\/www.africa-press.net\/congo-brazzaville\/wp-json\/wp\/v2\/categories?post=1449"},{"taxonomy":"post_tag","embeddable":true,"href":"https:\/\/www.africa-press.net\/congo-brazzaville\/wp-json\/wp\/v2\/tags?post=1449"}],"curies":[{"name":"wp","href":"https:\/\/api.w.org\/{rel}","templated":true}]}}