{"id":14528,"date":"2023-02-17T12:28:25","date_gmt":"2023-02-17T12:28:25","guid":{"rendered":"https:\/\/www.africa-press.net\/congo-brazzaville\/politique\/hommage-les-40-ans-de-la-disparition-de-grand-kalle-jeff-commemores-avec-faste"},"modified":"2023-02-17T12:42:52","modified_gmt":"2023-02-17T12:42:52","slug":"hommage-les-40-ans-de-la-disparition-de-grand-kalle-jeff-commemores-avec-faste","status":"publish","type":"post","link":"https:\/\/www.africa-press.net\/congo-brazzaville\/culture-et-art\/hommage-les-40-ans-de-la-disparition-de-grand-kalle-jeff-commemores-avec-faste","title":{"rendered":"Hommage: les 40 ans de la disparition de Grand Kall\u00e9 Jeff comm\u00e9mor\u00e9s avec faste"},"content":{"rendered":"<p><span style=\"color: #ff6600\"><strong>Africa-Press &#8211; Congo Brazzaville. <\/strong><\/span><b>De\u0301ce\u0301de\u0301 le 11 fe\u0301vrier 1983, Joseph Athanase Kabasele Tshamala dit Grand Kalle\u0301 Jeff a e\u0301te\u0301 une fois de plus honore\u0301 par les deux Congo, le monde musical, les parents et amis, a\u0300 travers plusieurs activite\u0301s organise\u0301es le 11 fe\u0301vrier dernier a\u0300 Kinshasa, capitale de la Re\u0301publique de\u0301mocratique du Congo (RDC), a\u0300 l\u2019occasion des quarante ans marquant sa disparition. <\/b><\/p>\n<p>Organise\u0301e par la Fondation Grand Kalle\u0301 avec le concours du ministe\u0300re de la Culture, des Arts et du Patrimoine de la RDC, la comme\u0301moration des quarante ans de la me\u0301moire de Grand Kalle\u0301 a connu la pre\u0301sence de la de\u0301le\u0301gation de la Re\u0301publique du Congo conduite par le ministre de la Jeunesse et des Sports, de l\u2019Education civique, de la Formation qualifiante et de l\u2019Emploi, Hugues Ngoue\u0301londe\u0301le\u0301, assurant l\u2019inte\u0301rim de la ministre de l\u2019Industrie culturelle, touristique, artistique et des Loisirs, Lydie Pongault. Dans cette de\u0301le\u0301gation, s\u2019y trouvaient e\u0301galement des politiques, des experts de la rumba, des me\u0301lomanes, des parents et amis ainsi que le mythique orchestre congolais, Les Bantous de la capitale.<\/p>\n<p>\u00ab Brazza la verte \u00bb et \u00ab Kin la belle \u00bb, villes siamoises en pleine coope\u0301ration culturelle autour de la rumba congolaise, ont montre\u0301 par cette conciliation de c\u0153ur que les deux Congo constituent bien une nation bantoue, de chaque rive du grand et majestueux fleuve e\u0301ponyme, chante\u0301s, d\u2019ailleurs, par les illustres Grand Kalle\u0301 et Franklin Boukaka.<\/p>\n<p>Tout a commence\u0301 par le recueillement au cimetie\u0300re de la Gombe ou\u0300 repose l\u2019illustre artiste musicien Grand Kalle\u0301 ; suivi du passage a\u0300 la paroisse Sainte-Anne de Kinshasa ou\u0300 l\u2019illustre disparu a e\u0301te\u0301 initie\u0301 au chant dans la chorale ; puis la messe ce\u0301le\u0301bre\u0301e a\u0300 la cathe\u0301drale Notre- Dame de Lingwala ou\u0300 repose le cardinal Joseph Malula, oncle de l\u2019artiste, qui l\u2019avait baptise\u0301 de son pre\u0301nom de Joseph. C\u2019est finalement autour de la piscine du Fleuve Congo ho\u0302tel qu\u2019ont eu lieu les activite\u0301s me\u0301morielles, marque\u0301es par un cocktail dinatoire, en pre\u0301sence du Premier ministre, Jean-Michel Sama Lukonde Kyenge, repre\u0301sentant le pre\u0301sident de la Re\u0301publique, Fe\u0301lix-Antoine Tshisekedi Tshilombo. Te\u0301moignage de l\u2019envergure et de la notorie\u0301te\u0301 de l\u2019illustre disparu dans le gotha des artistes-musiciens des deux re\u0301publiques s\u0153urs, a\u0300 travers toute l\u2019Afrique et au-dela\u0300 des frontie\u0300res.<\/p>\n<p><b>Un artiste a\u0300 l\u2019\u0153uvre intemporelle<\/b><\/p>\n<p>Prenant la parole apre\u0300s la ministre de la Culture, des Arts et du Patrimoine de la RDC, Catherine Kathungu Furaha, le ministre congolais de la Jeunesse et des Sports, Hugues Ngoue\u0301londe\u0301le\u0301, a fait savoir qu\u2019a\u0300 l\u2019instar de tout artiste de grand talent, l\u2019\u0153uvre musicale de Grand Kalle\u0301 est reste\u0301e intemporelle et lui a surve\u0301cu, jusqu\u2019a\u0300 ce jour et pour toujours. A cet e\u0301gard, l\u2019he\u0301ritage musical de Kalle\u0301 Jeff peut s\u2019observer aujourd\u2019hui a\u0300 l\u2019aune de nombreux artistes-musiciens de renom qui perpe\u0301tuent son \u0153uvre a\u0300 travers la rumba, \u00ab notre musique commune \u00bb, issue des deux rives du fleuve Congo et inscrite au patrimoine culturel immate\u0301riel de l\u2019humanite\u0301 de l\u2019Unesco. \u00ab Mais faudrait-il le souligner, que la conse\u0301cration enfin obtenue, il nous incombe a\u0300 nous tous a\u0300 pre\u0301sent, de travailler sans rela\u0302che pour consolider et pe\u0301renniser nos acquis, afin d\u2019e\u0301largir le rayonnement de la rumba, notre fierte\u0301 commune, a\u0300 travers le concert des Nations \u00bb, a-t-il indique\u0301.<\/p>\n<p>Pour Hugues Ngoue\u0301londe\u0301le\u0301, loin d\u2019e\u0302tre un obstacle pour le rapprochement des deux pays, le majestueux fleuve Congo a e\u0301te\u0301 ce\u0301le\u0301bre\u0301 dans l\u2019histoire commune des deux pays, comme une voie de communication par le grand Kalle\u0301 Jeff dans l\u2019une de ses \u0153uvres musicales intitule\u0301es \u00ab Ebale\u0301 ya Congo ezali lopango te, ezali se nzela \u00bb. Et quelques anne\u0301es plus tard, un ce\u0301le\u0300bre musicien de la Re\u0301publique du Congo, en l\u2019occurrence Franklin Boukaka, avait chante\u0301 \u00ab Pont sur le fleuve Congo \u00bb, une excellente \u0153uvre musicale qui exaltait l\u2019entente cordiale entre les deux pays.<\/p>\n<p>Face a\u0300 la situation extre\u0302mement difficile qui pre\u0301vaut a\u0300 l\u2019Est de la RDC, le ministre Hugues Ngoue\u0301londe\u0301le\u0301 a saisi cette opportunite\u0301 pour souhaiter qu\u2019a\u0300 l\u2019instar du fleuve Congo, que les huit autres frontie\u0300res fluviales et terrestres de ce pays avec ses E\u0301tats voisins, soient des espaces d\u2019amitie\u0301, d\u2019e\u0301change, de coope\u0301ration et de paix. Car c\u2019est la condition sine qua non du de\u0301veloppement harmonieux de tous ces pays respectifs. \u00ab Voila\u0300 pourquoi aujourd\u2019hui, dans le cadre des bonnes relations qui pre\u0301valent entre nos deux pays, le mythique orchestre Les Bantous de la capitale a traverse\u0301 le fleuve Congo pour s&rsquo;associer aux orchestres de Kinshasa, afin d\u2019honorer Joseph Kabasele Tshamala, un artiste musicien hors pair et d\u2019heureuse me\u0301moire, pour toute l\u2019Afrique et sa diaspora \u00bb, a-t-il de\u0301clare\u0301.<\/p>\n\r\n                <style type=\"text\/css\">\r\n                    \r\n                    #td_uid_1_69f03405e98ad  .td-doubleSlider-2 .td-item1 {\r\n                        background: url(https:\/\/static.africa-press.net\/congo-brazzaville\/sites\/51\/2023\/02\/postMediaimg_49_1-80x60.jpg) 0 0 no-repeat;\r\n                    }\r\n                    #td_uid_1_69f03405e98ad  .td-doubleSlider-2 .td-item2 {\r\n                        background: url(https:\/\/static.africa-press.net\/congo-brazzaville\/sites\/51\/2023\/02\/postMediaimg_49_2-80x60.jpg) 0 0 no-repeat;\r\n                    }\r\n                    #td_uid_1_69f03405e98ad  .td-doubleSlider-2 .td-item3 {\r\n                        background: url(https:\/\/static.africa-press.net\/congo-brazzaville\/sites\/51\/2023\/02\/postMediaimg_49_3-80x60.jpg) 0 0 no-repeat;\r\n                    }\r\n                <\/style>\r\n\r\n                <div id=\"td_uid_1_69f03405e98ad\" class=\"td-gallery td-slide-on-2-columns\">\r\n                    <div class=\"post_td_gallery\">\r\n                        <div class=\"td-gallery-slide-top\">\r\n                           <div class=\"td-gallery-title\"><\/div>\r\n\r\n                            <div class=\"td-gallery-controls-wrapper\">\r\n                                <div class=\"td-gallery-slide-count\"><span class=\"td-gallery-slide-item-focus\">1<\/span> de 3<\/div>\r\n                                <div class=\"td-gallery-slide-prev-next-but\">\r\n                                    <i class = \"td-icon-left doubleSliderPrevButton\"><\/i>\r\n                                    <i class = \"td-icon-right doubleSliderNextButton\"><\/i>\r\n                                <\/div>\r\n                            <\/div>\r\n                        <\/div>\r\n\r\n                        <div class = \"td-doubleSlider-1 \">\r\n                            <div class = \"td-slider\">\r\n                                \r\n                    <div class = \"td-slide-item td-item1\">\r\n                        <figure class=\"td-slide-galery-figure td-slide-popup-gallery\">\r\n                            <a class=\"slide-gallery-image-link\" href=\"https:\/\/static.africa-press.net\/congo-brazzaville\/sites\/51\/2023\/02\/postMediaimg_49_1.jpg\" title=\"postMediaimg_49_1\"  data-caption=\"\"  data-description=\"\">\r\n                                <img decoding=\"async\" src=\"https:\/\/static.africa-press.net\/congo-brazzaville\/sites\/51\/2023\/02\/postMediaimg_49_1.jpg\" srcset=\"https:\/\/static.africa-press.net\/congo-brazzaville\/sites\/51\/2023\/02\/postMediaimg_49_1.jpg 972w, https:\/\/static.africa-press.net\/congo-brazzaville\/sites\/51\/2023\/02\/postMediaimg_49_1-300x245.jpg 300w, https:\/\/static.africa-press.net\/congo-brazzaville\/sites\/51\/2023\/02\/postMediaimg_49_1-768x627.jpg 768w\" sizes=\"(max-width: 972px) 100vw, 972px\" alt=\"\">\r\n                            <\/a>\r\n                            \r\n                        <\/figure>\r\n                    <\/div>\r\n                    <div class = \"td-slide-item td-item2\">\r\n                        <figure class=\"td-slide-galery-figure td-slide-popup-gallery\">\r\n                            <a class=\"slide-gallery-image-link\" href=\"https:\/\/static.africa-press.net\/congo-brazzaville\/sites\/51\/2023\/02\/postMediaimg_49_2.jpg\" title=\"postMediaimg_49_2\"  data-caption=\"\"  data-description=\"\">\r\n                                <img decoding=\"async\" src=\"https:\/\/static.africa-press.net\/congo-brazzaville\/sites\/51\/2023\/02\/postMediaimg_49_2.jpg\" srcset=\"https:\/\/static.africa-press.net\/congo-brazzaville\/sites\/51\/2023\/02\/postMediaimg_49_2.jpg 325w, https:\/\/static.africa-press.net\/congo-brazzaville\/sites\/51\/2023\/02\/postMediaimg_49_2-148x300.jpg 148w\" sizes=\"(max-width: 325px) 100vw, 325px\" alt=\"\">\r\n                            <\/a>\r\n                            \r\n                        <\/figure>\r\n                    <\/div>\r\n                    <div class = \"td-slide-item td-item3\">\r\n                        <figure class=\"td-slide-galery-figure td-slide-popup-gallery\">\r\n                            <a class=\"slide-gallery-image-link\" href=\"https:\/\/static.africa-press.net\/congo-brazzaville\/sites\/51\/2023\/02\/postMediaimg_49_3.jpg\" title=\"postMediaimg_49_3\"  data-caption=\"\"  data-description=\"\">\r\n                                <img decoding=\"async\" src=\"https:\/\/static.africa-press.net\/congo-brazzaville\/sites\/51\/2023\/02\/postMediaimg_49_3.jpg\" srcset=\"https:\/\/static.africa-press.net\/congo-brazzaville\/sites\/51\/2023\/02\/postMediaimg_49_3.jpg 1150w, https:\/\/static.africa-press.net\/congo-brazzaville\/sites\/51\/2023\/02\/postMediaimg_49_3-300x201.jpg 300w, https:\/\/static.africa-press.net\/congo-brazzaville\/sites\/51\/2023\/02\/postMediaimg_49_3-1024x687.jpg 1024w, https:\/\/static.africa-press.net\/congo-brazzaville\/sites\/51\/2023\/02\/postMediaimg_49_3-768x516.jpg 768w\" sizes=\"(max-width: 1150px) 100vw, 1150px\" alt=\"\">\r\n                            <\/a>\r\n                            \r\n                        <\/figure>\r\n                    <\/div>\r\n                            <\/div>\r\n                        <\/div>\r\n\r\n                        <div class = \"td-doubleSlider-2\">\r\n                            <div class = \"td-slider\">\r\n                                \r\n                    <div class = \"td-button td-item1\">\r\n                        <div class = \"td-border\"><\/div>\r\n                    <\/div>\r\n                    <div class = \"td-button td-item2\">\r\n                        <div class = \"td-border\"><\/div>\r\n                    <\/div>\r\n                    <div class = \"td-button td-item3\">\r\n                        <div class = \"td-border\"><\/div>\r\n                    <\/div>\r\n                            <\/div>\r\n                        <\/div>\r\n\r\n                    <\/div>\r\n\r\n                <\/div>\r\n                \n<p><strong>Pour plus d&rsquo;informations et d&rsquo;analyses sur la <a href=\"https:\/\/www.africa-press.net\/congo-brazzaville\">Congo Brazzaville<\/a>, suivez <a href=\"https:\/\/www.africa-press.net\/\">Africa-Press<\/a><\/strong><\/p>\n","protected":false},"excerpt":{"rendered":"<p>Africa-Press &#8211; Congo Brazzaville. De\u0301ce\u0301de\u0301 le 11 fe\u0301vrier 1983, Joseph Athanase Kabasele Tshamala dit Grand Kalle\u0301 Jeff a e\u0301te\u0301 une fois de plus honore\u0301 par les deux Congo, le monde musical, les parents et amis, a\u0300 travers plusieurs activite\u0301s organise\u0301es le 11 fe\u0301vrier dernier a\u0300 Kinshasa, capitale de la Re\u0301publique de\u0301mocratique du Congo (RDC), a\u0300 [&hellip;]<\/p>\n","protected":false},"author":82,"featured_media":14527,"comment_status":"open","ping_status":"closed","sticky":false,"template":"","format":"standard","meta":{"footnotes":""},"categories":[5,8,10],"tags":[36,47,46],"class_list":["post-14528","post","type-post","status-publish","format-standard","has-post-thumbnail","hentry","category-culture-et-art","category-photo","category-toutes-les-actualites","tag-africa-press","tag-africa-press-congo-brazzaville","tag-congo-brazzaville"],"yoast_head":"<!-- This site is optimized with the Yoast SEO Premium plugin v26.1 (Yoast SEO v27.0) - https:\/\/yoast.com\/product\/yoast-seo-premium-wordpress\/ -->\n<title>Hommage: les 40 ans de la disparition de Grand Kall\u00e9 Jeff comm\u00e9mor\u00e9s avec faste - Congo Brazzaville<\/title>\n<meta name=\"description\" content=\"De\u0301ce\u0301de\u0301 le 11 fe\u0301vrier 1983, Joseph Athanase Kabasele Tshamala dit Grand Kalle\u0301 Jeff a e\u0301te\u0301 une fois de plus honor ...\" \/>\n<meta name=\"robots\" content=\"index, follow, max-snippet:-1, max-image-preview:large, max-video-preview:-1\" \/>\n<link rel=\"canonical\" href=\"https:\/\/www.africa-press.net\/congo-brazzaville\/culture-et-art\/hommage-les-40-ans-de-la-disparition-de-grand-kalle-jeff-commemores-avec-faste\" \/>\n<meta property=\"og:locale\" content=\"fr_FR\" \/>\n<meta property=\"og:type\" content=\"article\" \/>\n<meta property=\"og:title\" content=\"Hommage: les 40 ans de la disparition de Grand Kall\u00e9 Jeff comm\u00e9mor\u00e9s avec faste\" \/>\n<meta property=\"og:description\" content=\"De\u0301ce\u0301de\u0301 le 11 fe\u0301vrier 1983, Joseph Athanase Kabasele Tshamala dit Grand Kalle\u0301 Jeff a e\u0301te\u0301 une fois de plus honor ...\" \/>\n<meta property=\"og:url\" content=\"https:\/\/www.africa-press.net\/congo-brazzaville\/culture-et-art\/hommage-les-40-ans-de-la-disparition-de-grand-kalle-jeff-commemores-avec-faste\" \/>\n<meta property=\"og:site_name\" content=\"Congo Brazzaville\" \/>\n<meta property=\"article:published_time\" content=\"2023-02-17T12:28:25+00:00\" \/>\n<meta property=\"article:modified_time\" content=\"2023-02-17T12:42:52+00:00\" \/>\n<meta property=\"og:image\" content=\"https:\/\/static.africa-press.net\/congo-brazzaville\/sites\/51\/2023\/02\/postQueueImg_1676624333.00.jpg\" \/>\n\t<meta property=\"og:image:width\" content=\"1280\" \/>\n\t<meta property=\"og:image:height\" content=\"720\" \/>\n\t<meta property=\"og:image:type\" content=\"image\/jpeg\" \/>\n<meta name=\"author\" content=\"cfeditorfr\" \/>\n<meta name=\"twitter:card\" content=\"summary_large_image\" \/>\n<meta name=\"twitter:label1\" content=\"\u00c9crit par\" \/>\n\t<meta name=\"twitter:data1\" content=\"cfeditorfr\" \/>\n\t<meta name=\"twitter:label2\" content=\"Dur\u00e9e de lecture estim\u00e9e\" \/>\n\t<meta name=\"twitter:data2\" content=\"4 minutes\" \/>\n<script type=\"application\/ld+json\" class=\"yoast-schema-graph\">{\"@context\":\"https:\/\/schema.org\",\"@graph\":[{\"@type\":\"Article\",\"@id\":\"https:\/\/www.africa-press.net\/congo-brazzaville\/culture-et-art\/hommage-les-40-ans-de-la-disparition-de-grand-kalle-jeff-commemores-avec-faste#article\",\"isPartOf\":{\"@id\":\"https:\/\/www.africa-press.net\/congo-brazzaville\/culture-et-art\/hommage-les-40-ans-de-la-disparition-de-grand-kalle-jeff-commemores-avec-faste\"},\"author\":{\"name\":\"cfeditorfr\",\"@id\":\"https:\/\/www.africa-press.net\/congo-brazzaville\/#\/schema\/person\/2b1cf3cd81a31e3cd26889ca66d677f1\"},\"headline\":\"Hommage: les 40 ans de la disparition de Grand Kall\u00e9 Jeff comm\u00e9mor\u00e9s avec faste\",\"datePublished\":\"2023-02-17T12:28:25+00:00\",\"dateModified\":\"2023-02-17T12:42:52+00:00\",\"mainEntityOfPage\":{\"@id\":\"https:\/\/www.africa-press.net\/congo-brazzaville\/culture-et-art\/hommage-les-40-ans-de-la-disparition-de-grand-kalle-jeff-commemores-avec-faste\"},\"wordCount\":891,\"commentCount\":0,\"image\":{\"@id\":\"https:\/\/www.africa-press.net\/congo-brazzaville\/culture-et-art\/hommage-les-40-ans-de-la-disparition-de-grand-kalle-jeff-commemores-avec-faste#primaryimage\"},\"thumbnailUrl\":\"https:\/\/static.africa-press.net\/congo-brazzaville\/sites\/51\/2023\/02\/postQueueImg_1676624333.00.jpg\",\"keywords\":[\"Africa Press\",\"Africa Press-Congo Brazzaville\",\"Congo Brazzaville\"],\"articleSection\":[\"Culture et Art\",\"Photo\",\"Toutes les actualit\u00e9s\"],\"inLanguage\":\"fr-FR\",\"potentialAction\":[{\"@type\":\"CommentAction\",\"name\":\"Comment\",\"target\":[\"https:\/\/www.africa-press.net\/congo-brazzaville\/culture-et-art\/hommage-les-40-ans-de-la-disparition-de-grand-kalle-jeff-commemores-avec-faste#respond\"]}]},{\"@type\":\"WebPage\",\"@id\":\"https:\/\/www.africa-press.net\/congo-brazzaville\/culture-et-art\/hommage-les-40-ans-de-la-disparition-de-grand-kalle-jeff-commemores-avec-faste\",\"url\":\"https:\/\/www.africa-press.net\/congo-brazzaville\/culture-et-art\/hommage-les-40-ans-de-la-disparition-de-grand-kalle-jeff-commemores-avec-faste\",\"name\":\"Hommage: les 40 ans de la disparition de Grand Kall\u00e9 Jeff comm\u00e9mor\u00e9s avec faste - Congo Brazzaville\",\"isPartOf\":{\"@id\":\"https:\/\/www.africa-press.net\/congo-brazzaville\/#website\"},\"primaryImageOfPage\":{\"@id\":\"https:\/\/www.africa-press.net\/congo-brazzaville\/culture-et-art\/hommage-les-40-ans-de-la-disparition-de-grand-kalle-jeff-commemores-avec-faste#primaryimage\"},\"image\":{\"@id\":\"https:\/\/www.africa-press.net\/congo-brazzaville\/culture-et-art\/hommage-les-40-ans-de-la-disparition-de-grand-kalle-jeff-commemores-avec-faste#primaryimage\"},\"thumbnailUrl\":\"https:\/\/static.africa-press.net\/congo-brazzaville\/sites\/51\/2023\/02\/postQueueImg_1676624333.00.jpg\",\"datePublished\":\"2023-02-17T12:28:25+00:00\",\"dateModified\":\"2023-02-17T12:42:52+00:00\",\"author\":{\"@id\":\"https:\/\/www.africa-press.net\/congo-brazzaville\/#\/schema\/person\/2b1cf3cd81a31e3cd26889ca66d677f1\"},\"description\":\"De\u0301ce\u0301de\u0301 le 11 fe\u0301vrier 1983, Joseph Athanase Kabasele Tshamala dit Grand Kalle\u0301 Jeff a e\u0301te\u0301 une fois de plus honor ...\",\"breadcrumb\":{\"@id\":\"https:\/\/www.africa-press.net\/congo-brazzaville\/culture-et-art\/hommage-les-40-ans-de-la-disparition-de-grand-kalle-jeff-commemores-avec-faste#breadcrumb\"},\"inLanguage\":\"fr-FR\",\"potentialAction\":[{\"@type\":\"ReadAction\",\"target\":[\"https:\/\/www.africa-press.net\/congo-brazzaville\/culture-et-art\/hommage-les-40-ans-de-la-disparition-de-grand-kalle-jeff-commemores-avec-faste\"]}]},{\"@type\":\"ImageObject\",\"inLanguage\":\"fr-FR\",\"@id\":\"https:\/\/www.africa-press.net\/congo-brazzaville\/culture-et-art\/hommage-les-40-ans-de-la-disparition-de-grand-kalle-jeff-commemores-avec-faste#primaryimage\",\"url\":\"https:\/\/static.africa-press.net\/congo-brazzaville\/sites\/51\/2023\/02\/postQueueImg_1676624333.00.jpg\",\"contentUrl\":\"https:\/\/static.africa-press.net\/congo-brazzaville\/sites\/51\/2023\/02\/postQueueImg_1676624333.00.jpg\",\"width\":1280,\"height\":720,\"caption\":\"Hommage: les 40 ans de la disparition de Grand Kall\u00e9 Jeff comm\u00e9mor\u00e9s avec faste\"},{\"@type\":\"BreadcrumbList\",\"@id\":\"https:\/\/www.africa-press.net\/congo-brazzaville\/culture-et-art\/hommage-les-40-ans-de-la-disparition-de-grand-kalle-jeff-commemores-avec-faste#breadcrumb\",\"itemListElement\":[{\"@type\":\"ListItem\",\"position\":1,\"name\":\"Accueil\",\"item\":\"https:\/\/www.africa-press.net\/congo-brazzaville\/\"},{\"@type\":\"ListItem\",\"position\":2,\"name\":\"Hommage: les 40 ans de la disparition de Grand Kall\u00e9 Jeff comm\u00e9mor\u00e9s avec faste\"}]},{\"@type\":\"WebSite\",\"@id\":\"https:\/\/www.africa-press.net\/congo-brazzaville\/#website\",\"url\":\"https:\/\/www.africa-press.net\/congo-brazzaville\/\",\"name\":\"Congo Brazzaville\",\"description\":\"Just another Africa News Agency Sites site\",\"potentialAction\":[{\"@type\":\"SearchAction\",\"target\":{\"@type\":\"EntryPoint\",\"urlTemplate\":\"https:\/\/www.africa-press.net\/congo-brazzaville\/?s={search_term_string}\"},\"query-input\":{\"@type\":\"PropertyValueSpecification\",\"valueRequired\":true,\"valueName\":\"search_term_string\"}}],\"inLanguage\":\"fr-FR\"},{\"@type\":\"Person\",\"@id\":\"https:\/\/www.africa-press.net\/congo-brazzaville\/#\/schema\/person\/2b1cf3cd81a31e3cd26889ca66d677f1\",\"name\":\"cfeditorfr\"}]}<\/script>\n<!-- \/ Yoast SEO Premium plugin. -->","yoast_head_json":{"title":"Hommage: les 40 ans de la disparition de Grand Kall\u00e9 Jeff comm\u00e9mor\u00e9s avec faste - Congo Brazzaville","description":"De\u0301ce\u0301de\u0301 le 11 fe\u0301vrier 1983, Joseph Athanase Kabasele Tshamala dit Grand Kalle\u0301 Jeff a e\u0301te\u0301 une fois de plus honor ...","robots":{"index":"index","follow":"follow","max-snippet":"max-snippet:-1","max-image-preview":"max-image-preview:large","max-video-preview":"max-video-preview:-1"},"canonical":"https:\/\/www.africa-press.net\/congo-brazzaville\/culture-et-art\/hommage-les-40-ans-de-la-disparition-de-grand-kalle-jeff-commemores-avec-faste","og_locale":"fr_FR","og_type":"article","og_title":"Hommage: les 40 ans de la disparition de Grand Kall\u00e9 Jeff comm\u00e9mor\u00e9s avec faste","og_description":"De\u0301ce\u0301de\u0301 le 11 fe\u0301vrier 1983, Joseph Athanase Kabasele Tshamala dit Grand Kalle\u0301 Jeff a e\u0301te\u0301 une fois de plus honor ...","og_url":"https:\/\/www.africa-press.net\/congo-brazzaville\/culture-et-art\/hommage-les-40-ans-de-la-disparition-de-grand-kalle-jeff-commemores-avec-faste","og_site_name":"Congo Brazzaville","article_published_time":"2023-02-17T12:28:25+00:00","article_modified_time":"2023-02-17T12:42:52+00:00","og_image":[{"width":1280,"height":720,"url":"https:\/\/static.africa-press.net\/congo-brazzaville\/sites\/51\/2023\/02\/postQueueImg_1676624333.00.jpg","type":"image\/jpeg"}],"author":"cfeditorfr","twitter_card":"summary_large_image","twitter_misc":{"\u00c9crit par":"cfeditorfr","Dur\u00e9e de lecture estim\u00e9e":"4 minutes"},"schema":{"@context":"https:\/\/schema.org","@graph":[{"@type":"Article","@id":"https:\/\/www.africa-press.net\/congo-brazzaville\/culture-et-art\/hommage-les-40-ans-de-la-disparition-de-grand-kalle-jeff-commemores-avec-faste#article","isPartOf":{"@id":"https:\/\/www.africa-press.net\/congo-brazzaville\/culture-et-art\/hommage-les-40-ans-de-la-disparition-de-grand-kalle-jeff-commemores-avec-faste"},"author":{"name":"cfeditorfr","@id":"https:\/\/www.africa-press.net\/congo-brazzaville\/#\/schema\/person\/2b1cf3cd81a31e3cd26889ca66d677f1"},"headline":"Hommage: les 40 ans de la disparition de Grand Kall\u00e9 Jeff comm\u00e9mor\u00e9s avec faste","datePublished":"2023-02-17T12:28:25+00:00","dateModified":"2023-02-17T12:42:52+00:00","mainEntityOfPage":{"@id":"https:\/\/www.africa-press.net\/congo-brazzaville\/culture-et-art\/hommage-les-40-ans-de-la-disparition-de-grand-kalle-jeff-commemores-avec-faste"},"wordCount":891,"commentCount":0,"image":{"@id":"https:\/\/www.africa-press.net\/congo-brazzaville\/culture-et-art\/hommage-les-40-ans-de-la-disparition-de-grand-kalle-jeff-commemores-avec-faste#primaryimage"},"thumbnailUrl":"https:\/\/static.africa-press.net\/congo-brazzaville\/sites\/51\/2023\/02\/postQueueImg_1676624333.00.jpg","keywords":["Africa Press","Africa Press-Congo Brazzaville","Congo Brazzaville"],"articleSection":["Culture et Art","Photo","Toutes les actualit\u00e9s"],"inLanguage":"fr-FR","potentialAction":[{"@type":"CommentAction","name":"Comment","target":["https:\/\/www.africa-press.net\/congo-brazzaville\/culture-et-art\/hommage-les-40-ans-de-la-disparition-de-grand-kalle-jeff-commemores-avec-faste#respond"]}]},{"@type":"WebPage","@id":"https:\/\/www.africa-press.net\/congo-brazzaville\/culture-et-art\/hommage-les-40-ans-de-la-disparition-de-grand-kalle-jeff-commemores-avec-faste","url":"https:\/\/www.africa-press.net\/congo-brazzaville\/culture-et-art\/hommage-les-40-ans-de-la-disparition-de-grand-kalle-jeff-commemores-avec-faste","name":"Hommage: les 40 ans de la disparition de Grand Kall\u00e9 Jeff comm\u00e9mor\u00e9s avec faste - Congo Brazzaville","isPartOf":{"@id":"https:\/\/www.africa-press.net\/congo-brazzaville\/#website"},"primaryImageOfPage":{"@id":"https:\/\/www.africa-press.net\/congo-brazzaville\/culture-et-art\/hommage-les-40-ans-de-la-disparition-de-grand-kalle-jeff-commemores-avec-faste#primaryimage"},"image":{"@id":"https:\/\/www.africa-press.net\/congo-brazzaville\/culture-et-art\/hommage-les-40-ans-de-la-disparition-de-grand-kalle-jeff-commemores-avec-faste#primaryimage"},"thumbnailUrl":"https:\/\/static.africa-press.net\/congo-brazzaville\/sites\/51\/2023\/02\/postQueueImg_1676624333.00.jpg","datePublished":"2023-02-17T12:28:25+00:00","dateModified":"2023-02-17T12:42:52+00:00","author":{"@id":"https:\/\/www.africa-press.net\/congo-brazzaville\/#\/schema\/person\/2b1cf3cd81a31e3cd26889ca66d677f1"},"description":"De\u0301ce\u0301de\u0301 le 11 fe\u0301vrier 1983, Joseph Athanase Kabasele Tshamala dit Grand Kalle\u0301 Jeff a e\u0301te\u0301 une fois de plus honor ...","breadcrumb":{"@id":"https:\/\/www.africa-press.net\/congo-brazzaville\/culture-et-art\/hommage-les-40-ans-de-la-disparition-de-grand-kalle-jeff-commemores-avec-faste#breadcrumb"},"inLanguage":"fr-FR","potentialAction":[{"@type":"ReadAction","target":["https:\/\/www.africa-press.net\/congo-brazzaville\/culture-et-art\/hommage-les-40-ans-de-la-disparition-de-grand-kalle-jeff-commemores-avec-faste"]}]},{"@type":"ImageObject","inLanguage":"fr-FR","@id":"https:\/\/www.africa-press.net\/congo-brazzaville\/culture-et-art\/hommage-les-40-ans-de-la-disparition-de-grand-kalle-jeff-commemores-avec-faste#primaryimage","url":"https:\/\/static.africa-press.net\/congo-brazzaville\/sites\/51\/2023\/02\/postQueueImg_1676624333.00.jpg","contentUrl":"https:\/\/static.africa-press.net\/congo-brazzaville\/sites\/51\/2023\/02\/postQueueImg_1676624333.00.jpg","width":1280,"height":720,"caption":"Hommage: les 40 ans de la disparition de Grand Kall\u00e9 Jeff comm\u00e9mor\u00e9s avec faste"},{"@type":"BreadcrumbList","@id":"https:\/\/www.africa-press.net\/congo-brazzaville\/culture-et-art\/hommage-les-40-ans-de-la-disparition-de-grand-kalle-jeff-commemores-avec-faste#breadcrumb","itemListElement":[{"@type":"ListItem","position":1,"name":"Accueil","item":"https:\/\/www.africa-press.net\/congo-brazzaville\/"},{"@type":"ListItem","position":2,"name":"Hommage: les 40 ans de la disparition de Grand Kall\u00e9 Jeff comm\u00e9mor\u00e9s avec faste"}]},{"@type":"WebSite","@id":"https:\/\/www.africa-press.net\/congo-brazzaville\/#website","url":"https:\/\/www.africa-press.net\/congo-brazzaville\/","name":"Congo Brazzaville","description":"Just another Africa News Agency Sites site","potentialAction":[{"@type":"SearchAction","target":{"@type":"EntryPoint","urlTemplate":"https:\/\/www.africa-press.net\/congo-brazzaville\/?s={search_term_string}"},"query-input":{"@type":"PropertyValueSpecification","valueRequired":true,"valueName":"search_term_string"}}],"inLanguage":"fr-FR"},{"@type":"Person","@id":"https:\/\/www.africa-press.net\/congo-brazzaville\/#\/schema\/person\/2b1cf3cd81a31e3cd26889ca66d677f1","name":"cfeditorfr"}]}},"_links":{"self":[{"href":"https:\/\/www.africa-press.net\/congo-brazzaville\/wp-json\/wp\/v2\/posts\/14528","targetHints":{"allow":["GET"]}}],"collection":[{"href":"https:\/\/www.africa-press.net\/congo-brazzaville\/wp-json\/wp\/v2\/posts"}],"about":[{"href":"https:\/\/www.africa-press.net\/congo-brazzaville\/wp-json\/wp\/v2\/types\/post"}],"author":[{"embeddable":true,"href":"https:\/\/www.africa-press.net\/congo-brazzaville\/wp-json\/wp\/v2\/users\/82"}],"replies":[{"embeddable":true,"href":"https:\/\/www.africa-press.net\/congo-brazzaville\/wp-json\/wp\/v2\/comments?post=14528"}],"version-history":[{"count":0,"href":"https:\/\/www.africa-press.net\/congo-brazzaville\/wp-json\/wp\/v2\/posts\/14528\/revisions"}],"wp:featuredmedia":[{"embeddable":true,"href":"https:\/\/www.africa-press.net\/congo-brazzaville\/wp-json\/wp\/v2\/media\/14527"}],"wp:attachment":[{"href":"https:\/\/www.africa-press.net\/congo-brazzaville\/wp-json\/wp\/v2\/media?parent=14528"}],"wp:term":[{"taxonomy":"category","embeddable":true,"href":"https:\/\/www.africa-press.net\/congo-brazzaville\/wp-json\/wp\/v2\/categories?post=14528"},{"taxonomy":"post_tag","embeddable":true,"href":"https:\/\/www.africa-press.net\/congo-brazzaville\/wp-json\/wp\/v2\/tags?post=14528"}],"curies":[{"name":"wp","href":"https:\/\/api.w.org\/{rel}","templated":true}]}}