{"id":14534,"date":"2023-02-17T12:29:13","date_gmt":"2023-02-17T12:29:13","guid":{"rendered":"https:\/\/www.africa-press.net\/congo-brazzaville\/politique\/celebration-le-monde-va-feter-le-20-fevrier-la-journee-de-la-justice-sociale"},"modified":"2023-02-17T12:43:46","modified_gmt":"2023-02-17T12:43:46","slug":"celebration-le-monde-va-feter-le-20-fevrier-la-journee-de-la-justice-sociale","status":"publish","type":"post","link":"https:\/\/www.africa-press.net\/congo-brazzaville\/toutes-les-actualites\/celebration-le-monde-va-feter-le-20-fevrier-la-journee-de-la-justice-sociale","title":{"rendered":"C\u00e9l\u00e9bration : le monde va f\u00eater le 20 f\u00e9vrier la Journ\u00e9e de la justice sociale"},"content":{"rendered":"<p><span style=\"color: #ff6600\"><strong>Africa-Press &#8211; Congo Brazzaville. <\/strong><\/span><b>Le 20 fe\u0301vrier de chaque anne\u0301e depuis 2009, la communaute\u0301 mondiale ce\u0301le\u0300bre la Journe\u0301e internationale de la justice sociale qui se fonde sur l&rsquo;e\u0301galite\u0301 des droits pour tous les peuples et la possibilite\u0301 pour eux, sans discrimination, de be\u0301ne\u0301ficier du progre\u0300s e\u0301conomique et social partout. <\/b><\/p>\n<p>Dans ouvrage intitule\u0301 \u00ab The\u0301orie de la justice de 1971 \u00bb, le libe\u0301ral John Rawls e\u0301crit : \u00ab Une socie\u0301te\u0301 est juste si elle respecte trois principes dans l\u2019ordre : garantie des liberte\u0301s de base e\u0301gales pour tous, e\u0301galite\u0301 des chances, maintien des seules ine\u0301galite\u0301s qui profitent aux plus de\u0301favorise\u0301s \u00bb.<\/p>\n<p>La justice sociale consiste ainsi a\u0300 transformer les relations et les ordres sociaux injustes et violents par la sensibilisation, l&rsquo;organisation syste\u0301matique et la mobilisation des personnes politiquement, e\u0301conomiquement, e\u0301cologiquement et socialement marginalise\u0301es et opprime\u0301es. Selon les Nations unies, il existe cinq fac\u0327ons de lutter contre le racisme et l&rsquo;injustice, notamment e\u0301couter et amplifier la voix des Noirs, de\u0301noncer le sectarisme et le discours haineux, enseigner aux enfants la compassion, l\u2019e\u0301quite\u0301 et les droits de la personne, de\u0301fendre les personnes victimes de harce\u0300lement et intervenir s\u2019il n\u2019est pas dangereux de le faire.<\/p>\n<p>Plusieurs textes des Nations unies estiment que s&rsquo;il est bien une notion aussi peu et mal partage\u0301e sur les diffe\u0301rents continents, c&rsquo;est celle de la justice sociale. En proclamant la Journe\u0301e mondiale de la justice le 20 fe\u0301vrier, l&rsquo;Assemble\u0301e ge\u0301ne\u0301rale des Nations unies a certainement mesure\u0301 la distance qui se\u0301parait le v\u0153u de certaines re\u0301alite\u0301s sur le terrain. Pour elle, en effet, les E\u0301tats membres devraient ce\u0301le\u0301brer cette journe\u0301e avec faste en organisant des activite\u0301s concre\u0300tes visant a\u0300 promouvoir les buts et les objectifs proclame\u0301s lors du sommet mondial pour le de\u0301veloppement social. Ainsi, tous les gouvernements du monde sont appele\u0301s a\u0300 faire de l\u2019e\u0301limination de la pauvrete\u0301 et du cho\u0302mage l\u2019une de leurs priorite\u0301s. Le renforcement de la justice, la promotion de l\u2019e\u0301quite\u0301, la de\u0301mocratie, la participation et la transparence ont e\u0301te\u0301 et demeurent des axes de travail propose\u0301s par l&rsquo;Assemble\u0301e.<\/p>\n<p>Celle-ci reconnai\u0302t que le de\u0301veloppement et la justice sociale sont indispensables a\u0300 l&rsquo;instauration et au maintien de la paix ainsi que de la se\u0301curite\u0301 au sein des nations et entre elles. A leur tour, ces deux notions ne peuvent e\u0302tre atteintes en l&rsquo;absence de paix et de se\u0301curite\u0301 ou en l&rsquo;absence du respect de tous les droits de l&rsquo;homme et liberte\u0301s fondamentales. En outre, la mondialisation et l&rsquo;interde\u0301pendance ouvrent de nouvelles opportunite\u0301s gra\u0302ce au commerce, aux investissements, aux flux de capitaux et aux progre\u0300s technologiques, y compris les technologies de l&rsquo;information, pour la croissance de l&rsquo;e\u0301conomie mondiale et le de\u0301veloppement tout comme l&rsquo;ame\u0301lioration des niveaux de vie dans le monde. Toutefois, il reste de se\u0301rieux de\u0301fis, notamment de graves crises financie\u0300res, l&rsquo;inse\u0301curite\u0301, la pauvrete\u0301, l&rsquo;exclusion et les ine\u0301galite\u0301s au sein des socie\u0301te\u0301s et entre elles, ainsi que des obstacles conside\u0301rables a\u0300 une inte\u0301gration plus pousse\u0301e et a\u0300 une pleine participation a\u0300 l&rsquo;e\u0301conomie mondiale pour les pays en de\u0301veloppement ainsi que pour certains pays a\u0300 e\u0301conomie en transition.<\/p>\n<p><b>Mais d&rsquo;ou\u0300 nous vient la justice sociale ?<\/b><\/p>\n<p>Parler de justice sociale ame\u0300ne invariablement a\u0300 s\u2019interroger sur l&rsquo;origine re\u0301elle de cette notion. Habituellement, les historiens situent l&rsquo;e\u0301mergence de ce combat au de\u0301but du XXe sie\u0300cle, a\u0300 l&rsquo;e\u0301poque des premie\u0300res re\u0301actions organise\u0301es contre la socie\u0301te\u0301 industrielle toute puissante et son e\u0301talage des richesses qui co\u0302toyaient l&rsquo;extre\u0302me pauvrete\u0301 de la classe ouvrie\u0300re.<\/p>\n<p>Les combats mene\u0301s alors ont permis, d&rsquo;une part, une re\u0301elle prise de conscience et, d&rsquo;autre part, des avance\u0301es notables dans le droit du travail, au moins dans les pays dits de\u0301veloppe\u0301s. Les uns y ont vu l&rsquo;influence directe de la pense\u0301e marxiste, les autres ont davantage reconnu l&rsquo;affirmation d&rsquo;un courant de pense\u0301e humaniste en lien avec l&rsquo;e\u0301mergence de la doctrine sociale de l&rsquo;e\u0301glise promue par le pape Le\u0301on XIII.<\/p>\n<p>Notons que le the\u0300me de cette anne\u0301e sera axe\u0301 sur les recommandations visant a\u0300 renforcer la solidarite\u0301 mondiale et a\u0300 re\u0301tablir la confiance dans les gouvernements en surmontant les obstacles et en libe\u0301rant les opportunite\u0301s pour la justice sociale. La justice s&rsquo;organise en trois voies: pe\u0301nale, pour les actes coupables; civile, pour les conflits entre personnes et administrative, pour les conflits avec les administrations. Grosso modo, les Nations unies pensent que la justice fait respecter les re\u0300gles de la vie en socie\u0301te\u0301 et dissuade les individus d&#8217;empie\u0301ter sur les droits des autres. Elle prote\u0300ge en priorite\u0301 les personnes les plus vulne\u0301rables.<\/p>\n<p><strong>Pour plus d&rsquo;informations et d&rsquo;analyses sur la <a href=\"https:\/\/www.africa-press.net\/congo-brazzaville\">Congo Brazzaville<\/a>, suivez <a href=\"https:\/\/www.africa-press.net\/\">Africa-Press<\/a><\/strong><\/p>\n","protected":false},"excerpt":{"rendered":"<p>Africa-Press &#8211; Congo Brazzaville. Le 20 fe\u0301vrier de chaque anne\u0301e depuis 2009, la communaute\u0301 mondiale ce\u0301le\u0300bre la Journe\u0301e internationale de la justice sociale qui se fonde sur l&rsquo;e\u0301galite\u0301 des droits pour tous les peuples et la possibilite\u0301 pour eux, sans discrimination, de be\u0301ne\u0301ficier du progre\u0300s e\u0301conomique et social partout. Dans ouvrage intitule\u0301 \u00ab The\u0301orie de [&hellip;]<\/p>\n","protected":false},"author":82,"featured_media":14532,"comment_status":"open","ping_status":"closed","sticky":false,"template":"","format":"standard","meta":{"footnotes":""},"categories":[21,10],"tags":[36,47,46],"class_list":["post-14534","post","type-post","status-publish","format-standard","has-post-thumbnail","hentry","category-communaute","category-toutes-les-actualites","tag-africa-press","tag-africa-press-congo-brazzaville","tag-congo-brazzaville"],"yoast_head":"<!-- This site is optimized with the Yoast SEO Premium plugin v26.1 (Yoast SEO v27.0) - https:\/\/yoast.com\/product\/yoast-seo-premium-wordpress\/ -->\n<title>C\u00e9l\u00e9bration : le monde va f\u00eater le 20 f\u00e9vrier la Journ\u00e9e de la justice sociale - Congo Brazzaville<\/title>\n<meta name=\"description\" content=\"Le 20 fe\u0301vrier de chaque anne\u0301e depuis 2009, la communaute\u0301 mondiale ce\u0301le\u0300bre la Journe\u0301e internationale de la justi ...\" \/>\n<meta name=\"robots\" content=\"index, follow, max-snippet:-1, max-image-preview:large, max-video-preview:-1\" \/>\n<link rel=\"canonical\" href=\"https:\/\/www.africa-press.net\/congo-brazzaville\/toutes-les-actualites\/celebration-le-monde-va-feter-le-20-fevrier-la-journee-de-la-justice-sociale\" \/>\n<meta property=\"og:locale\" content=\"fr_FR\" \/>\n<meta property=\"og:type\" content=\"article\" \/>\n<meta property=\"og:title\" content=\"C\u00e9l\u00e9bration : le monde va f\u00eater le 20 f\u00e9vrier la Journ\u00e9e de la justice sociale\" \/>\n<meta property=\"og:description\" content=\"Le 20 fe\u0301vrier de chaque anne\u0301e depuis 2009, la communaute\u0301 mondiale ce\u0301le\u0300bre la Journe\u0301e internationale de la justi ...\" \/>\n<meta property=\"og:url\" content=\"https:\/\/www.africa-press.net\/congo-brazzaville\/toutes-les-actualites\/celebration-le-monde-va-feter-le-20-fevrier-la-journee-de-la-justice-sociale\" \/>\n<meta property=\"og:site_name\" content=\"Congo Brazzaville\" \/>\n<meta property=\"article:published_time\" content=\"2023-02-17T12:29:13+00:00\" \/>\n<meta property=\"article:modified_time\" content=\"2023-02-17T12:43:46+00:00\" \/>\n<meta property=\"og:image\" content=\"https:\/\/static.africa-press.net\/congo-brazzaville\/sites\/51\/2023\/02\/postQueueImg_1676624356.24.jpg\" \/>\n\t<meta property=\"og:image:width\" content=\"720\" \/>\n\t<meta property=\"og:image:height\" content=\"365\" \/>\n\t<meta property=\"og:image:type\" content=\"image\/jpeg\" \/>\n<meta name=\"author\" content=\"cfeditorfr\" \/>\n<meta name=\"twitter:card\" content=\"summary_large_image\" \/>\n<meta name=\"twitter:label1\" content=\"\u00c9crit par\" \/>\n\t<meta name=\"twitter:data1\" content=\"cfeditorfr\" \/>\n\t<meta name=\"twitter:label2\" content=\"Dur\u00e9e de lecture estim\u00e9e\" \/>\n\t<meta name=\"twitter:data2\" content=\"4 minutes\" \/>\n<script type=\"application\/ld+json\" class=\"yoast-schema-graph\">{\"@context\":\"https:\/\/schema.org\",\"@graph\":[{\"@type\":\"Article\",\"@id\":\"https:\/\/www.africa-press.net\/congo-brazzaville\/toutes-les-actualites\/celebration-le-monde-va-feter-le-20-fevrier-la-journee-de-la-justice-sociale#article\",\"isPartOf\":{\"@id\":\"https:\/\/www.africa-press.net\/congo-brazzaville\/toutes-les-actualites\/celebration-le-monde-va-feter-le-20-fevrier-la-journee-de-la-justice-sociale\"},\"author\":{\"name\":\"cfeditorfr\",\"@id\":\"https:\/\/www.africa-press.net\/congo-brazzaville\/#\/schema\/person\/2b1cf3cd81a31e3cd26889ca66d677f1\"},\"headline\":\"C\u00e9l\u00e9bration : le monde va f\u00eater le 20 f\u00e9vrier la Journ\u00e9e de la justice sociale\",\"datePublished\":\"2023-02-17T12:29:13+00:00\",\"dateModified\":\"2023-02-17T12:43:46+00:00\",\"mainEntityOfPage\":{\"@id\":\"https:\/\/www.africa-press.net\/congo-brazzaville\/toutes-les-actualites\/celebration-le-monde-va-feter-le-20-fevrier-la-journee-de-la-justice-sociale\"},\"wordCount\":912,\"commentCount\":0,\"image\":{\"@id\":\"https:\/\/www.africa-press.net\/congo-brazzaville\/toutes-les-actualites\/celebration-le-monde-va-feter-le-20-fevrier-la-journee-de-la-justice-sociale#primaryimage\"},\"thumbnailUrl\":\"https:\/\/static.africa-press.net\/congo-brazzaville\/sites\/51\/2023\/02\/postQueueImg_1676624356.24.jpg\",\"keywords\":[\"Africa Press\",\"Africa Press-Congo Brazzaville\",\"Congo Brazzaville\"],\"articleSection\":[\"Communaut\u00e9\",\"Toutes les actualit\u00e9s\"],\"inLanguage\":\"fr-FR\",\"potentialAction\":[{\"@type\":\"CommentAction\",\"name\":\"Comment\",\"target\":[\"https:\/\/www.africa-press.net\/congo-brazzaville\/toutes-les-actualites\/celebration-le-monde-va-feter-le-20-fevrier-la-journee-de-la-justice-sociale#respond\"]}]},{\"@type\":\"WebPage\",\"@id\":\"https:\/\/www.africa-press.net\/congo-brazzaville\/toutes-les-actualites\/celebration-le-monde-va-feter-le-20-fevrier-la-journee-de-la-justice-sociale\",\"url\":\"https:\/\/www.africa-press.net\/congo-brazzaville\/toutes-les-actualites\/celebration-le-monde-va-feter-le-20-fevrier-la-journee-de-la-justice-sociale\",\"name\":\"C\u00e9l\u00e9bration : le monde va f\u00eater le 20 f\u00e9vrier la Journ\u00e9e de la justice sociale - Congo Brazzaville\",\"isPartOf\":{\"@id\":\"https:\/\/www.africa-press.net\/congo-brazzaville\/#website\"},\"primaryImageOfPage\":{\"@id\":\"https:\/\/www.africa-press.net\/congo-brazzaville\/toutes-les-actualites\/celebration-le-monde-va-feter-le-20-fevrier-la-journee-de-la-justice-sociale#primaryimage\"},\"image\":{\"@id\":\"https:\/\/www.africa-press.net\/congo-brazzaville\/toutes-les-actualites\/celebration-le-monde-va-feter-le-20-fevrier-la-journee-de-la-justice-sociale#primaryimage\"},\"thumbnailUrl\":\"https:\/\/static.africa-press.net\/congo-brazzaville\/sites\/51\/2023\/02\/postQueueImg_1676624356.24.jpg\",\"datePublished\":\"2023-02-17T12:29:13+00:00\",\"dateModified\":\"2023-02-17T12:43:46+00:00\",\"author\":{\"@id\":\"https:\/\/www.africa-press.net\/congo-brazzaville\/#\/schema\/person\/2b1cf3cd81a31e3cd26889ca66d677f1\"},\"description\":\"Le 20 fe\u0301vrier de chaque anne\u0301e depuis 2009, la communaute\u0301 mondiale ce\u0301le\u0300bre la Journe\u0301e internationale de la justi ...\",\"breadcrumb\":{\"@id\":\"https:\/\/www.africa-press.net\/congo-brazzaville\/toutes-les-actualites\/celebration-le-monde-va-feter-le-20-fevrier-la-journee-de-la-justice-sociale#breadcrumb\"},\"inLanguage\":\"fr-FR\",\"potentialAction\":[{\"@type\":\"ReadAction\",\"target\":[\"https:\/\/www.africa-press.net\/congo-brazzaville\/toutes-les-actualites\/celebration-le-monde-va-feter-le-20-fevrier-la-journee-de-la-justice-sociale\"]}]},{\"@type\":\"ImageObject\",\"inLanguage\":\"fr-FR\",\"@id\":\"https:\/\/www.africa-press.net\/congo-brazzaville\/toutes-les-actualites\/celebration-le-monde-va-feter-le-20-fevrier-la-journee-de-la-justice-sociale#primaryimage\",\"url\":\"https:\/\/static.africa-press.net\/congo-brazzaville\/sites\/51\/2023\/02\/postQueueImg_1676624356.24.jpg\",\"contentUrl\":\"https:\/\/static.africa-press.net\/congo-brazzaville\/sites\/51\/2023\/02\/postQueueImg_1676624356.24.jpg\",\"width\":720,\"height\":365,\"caption\":\"C\u00e9l\u00e9bration : le monde va f\u00eater le 20 f\u00e9vrier la Journ\u00e9e de la justice sociale\"},{\"@type\":\"BreadcrumbList\",\"@id\":\"https:\/\/www.africa-press.net\/congo-brazzaville\/toutes-les-actualites\/celebration-le-monde-va-feter-le-20-fevrier-la-journee-de-la-justice-sociale#breadcrumb\",\"itemListElement\":[{\"@type\":\"ListItem\",\"position\":1,\"name\":\"Accueil\",\"item\":\"https:\/\/www.africa-press.net\/congo-brazzaville\/\"},{\"@type\":\"ListItem\",\"position\":2,\"name\":\"C\u00e9l\u00e9bration : le monde va f\u00eater le 20 f\u00e9vrier la Journ\u00e9e de la justice sociale\"}]},{\"@type\":\"WebSite\",\"@id\":\"https:\/\/www.africa-press.net\/congo-brazzaville\/#website\",\"url\":\"https:\/\/www.africa-press.net\/congo-brazzaville\/\",\"name\":\"Congo Brazzaville\",\"description\":\"Just another Africa News Agency Sites site\",\"potentialAction\":[{\"@type\":\"SearchAction\",\"target\":{\"@type\":\"EntryPoint\",\"urlTemplate\":\"https:\/\/www.africa-press.net\/congo-brazzaville\/?s={search_term_string}\"},\"query-input\":{\"@type\":\"PropertyValueSpecification\",\"valueRequired\":true,\"valueName\":\"search_term_string\"}}],\"inLanguage\":\"fr-FR\"},{\"@type\":\"Person\",\"@id\":\"https:\/\/www.africa-press.net\/congo-brazzaville\/#\/schema\/person\/2b1cf3cd81a31e3cd26889ca66d677f1\",\"name\":\"cfeditorfr\"}]}<\/script>\n<!-- \/ Yoast SEO Premium plugin. -->","yoast_head_json":{"title":"C\u00e9l\u00e9bration : le monde va f\u00eater le 20 f\u00e9vrier la Journ\u00e9e de la justice sociale - Congo Brazzaville","description":"Le 20 fe\u0301vrier de chaque anne\u0301e depuis 2009, la communaute\u0301 mondiale ce\u0301le\u0300bre la Journe\u0301e internationale de la justi ...","robots":{"index":"index","follow":"follow","max-snippet":"max-snippet:-1","max-image-preview":"max-image-preview:large","max-video-preview":"max-video-preview:-1"},"canonical":"https:\/\/www.africa-press.net\/congo-brazzaville\/toutes-les-actualites\/celebration-le-monde-va-feter-le-20-fevrier-la-journee-de-la-justice-sociale","og_locale":"fr_FR","og_type":"article","og_title":"C\u00e9l\u00e9bration : le monde va f\u00eater le 20 f\u00e9vrier la Journ\u00e9e de la justice sociale","og_description":"Le 20 fe\u0301vrier de chaque anne\u0301e depuis 2009, la communaute\u0301 mondiale ce\u0301le\u0300bre la Journe\u0301e internationale de la justi ...","og_url":"https:\/\/www.africa-press.net\/congo-brazzaville\/toutes-les-actualites\/celebration-le-monde-va-feter-le-20-fevrier-la-journee-de-la-justice-sociale","og_site_name":"Congo Brazzaville","article_published_time":"2023-02-17T12:29:13+00:00","article_modified_time":"2023-02-17T12:43:46+00:00","og_image":[{"width":720,"height":365,"url":"https:\/\/static.africa-press.net\/congo-brazzaville\/sites\/51\/2023\/02\/postQueueImg_1676624356.24.jpg","type":"image\/jpeg"}],"author":"cfeditorfr","twitter_card":"summary_large_image","twitter_misc":{"\u00c9crit par":"cfeditorfr","Dur\u00e9e de lecture estim\u00e9e":"4 minutes"},"schema":{"@context":"https:\/\/schema.org","@graph":[{"@type":"Article","@id":"https:\/\/www.africa-press.net\/congo-brazzaville\/toutes-les-actualites\/celebration-le-monde-va-feter-le-20-fevrier-la-journee-de-la-justice-sociale#article","isPartOf":{"@id":"https:\/\/www.africa-press.net\/congo-brazzaville\/toutes-les-actualites\/celebration-le-monde-va-feter-le-20-fevrier-la-journee-de-la-justice-sociale"},"author":{"name":"cfeditorfr","@id":"https:\/\/www.africa-press.net\/congo-brazzaville\/#\/schema\/person\/2b1cf3cd81a31e3cd26889ca66d677f1"},"headline":"C\u00e9l\u00e9bration : le monde va f\u00eater le 20 f\u00e9vrier la Journ\u00e9e de la justice sociale","datePublished":"2023-02-17T12:29:13+00:00","dateModified":"2023-02-17T12:43:46+00:00","mainEntityOfPage":{"@id":"https:\/\/www.africa-press.net\/congo-brazzaville\/toutes-les-actualites\/celebration-le-monde-va-feter-le-20-fevrier-la-journee-de-la-justice-sociale"},"wordCount":912,"commentCount":0,"image":{"@id":"https:\/\/www.africa-press.net\/congo-brazzaville\/toutes-les-actualites\/celebration-le-monde-va-feter-le-20-fevrier-la-journee-de-la-justice-sociale#primaryimage"},"thumbnailUrl":"https:\/\/static.africa-press.net\/congo-brazzaville\/sites\/51\/2023\/02\/postQueueImg_1676624356.24.jpg","keywords":["Africa Press","Africa Press-Congo Brazzaville","Congo Brazzaville"],"articleSection":["Communaut\u00e9","Toutes les actualit\u00e9s"],"inLanguage":"fr-FR","potentialAction":[{"@type":"CommentAction","name":"Comment","target":["https:\/\/www.africa-press.net\/congo-brazzaville\/toutes-les-actualites\/celebration-le-monde-va-feter-le-20-fevrier-la-journee-de-la-justice-sociale#respond"]}]},{"@type":"WebPage","@id":"https:\/\/www.africa-press.net\/congo-brazzaville\/toutes-les-actualites\/celebration-le-monde-va-feter-le-20-fevrier-la-journee-de-la-justice-sociale","url":"https:\/\/www.africa-press.net\/congo-brazzaville\/toutes-les-actualites\/celebration-le-monde-va-feter-le-20-fevrier-la-journee-de-la-justice-sociale","name":"C\u00e9l\u00e9bration : le monde va f\u00eater le 20 f\u00e9vrier la Journ\u00e9e de la justice sociale - Congo Brazzaville","isPartOf":{"@id":"https:\/\/www.africa-press.net\/congo-brazzaville\/#website"},"primaryImageOfPage":{"@id":"https:\/\/www.africa-press.net\/congo-brazzaville\/toutes-les-actualites\/celebration-le-monde-va-feter-le-20-fevrier-la-journee-de-la-justice-sociale#primaryimage"},"image":{"@id":"https:\/\/www.africa-press.net\/congo-brazzaville\/toutes-les-actualites\/celebration-le-monde-va-feter-le-20-fevrier-la-journee-de-la-justice-sociale#primaryimage"},"thumbnailUrl":"https:\/\/static.africa-press.net\/congo-brazzaville\/sites\/51\/2023\/02\/postQueueImg_1676624356.24.jpg","datePublished":"2023-02-17T12:29:13+00:00","dateModified":"2023-02-17T12:43:46+00:00","author":{"@id":"https:\/\/www.africa-press.net\/congo-brazzaville\/#\/schema\/person\/2b1cf3cd81a31e3cd26889ca66d677f1"},"description":"Le 20 fe\u0301vrier de chaque anne\u0301e depuis 2009, la communaute\u0301 mondiale ce\u0301le\u0300bre la Journe\u0301e internationale de la justi ...","breadcrumb":{"@id":"https:\/\/www.africa-press.net\/congo-brazzaville\/toutes-les-actualites\/celebration-le-monde-va-feter-le-20-fevrier-la-journee-de-la-justice-sociale#breadcrumb"},"inLanguage":"fr-FR","potentialAction":[{"@type":"ReadAction","target":["https:\/\/www.africa-press.net\/congo-brazzaville\/toutes-les-actualites\/celebration-le-monde-va-feter-le-20-fevrier-la-journee-de-la-justice-sociale"]}]},{"@type":"ImageObject","inLanguage":"fr-FR","@id":"https:\/\/www.africa-press.net\/congo-brazzaville\/toutes-les-actualites\/celebration-le-monde-va-feter-le-20-fevrier-la-journee-de-la-justice-sociale#primaryimage","url":"https:\/\/static.africa-press.net\/congo-brazzaville\/sites\/51\/2023\/02\/postQueueImg_1676624356.24.jpg","contentUrl":"https:\/\/static.africa-press.net\/congo-brazzaville\/sites\/51\/2023\/02\/postQueueImg_1676624356.24.jpg","width":720,"height":365,"caption":"C\u00e9l\u00e9bration : le monde va f\u00eater le 20 f\u00e9vrier la Journ\u00e9e de la justice sociale"},{"@type":"BreadcrumbList","@id":"https:\/\/www.africa-press.net\/congo-brazzaville\/toutes-les-actualites\/celebration-le-monde-va-feter-le-20-fevrier-la-journee-de-la-justice-sociale#breadcrumb","itemListElement":[{"@type":"ListItem","position":1,"name":"Accueil","item":"https:\/\/www.africa-press.net\/congo-brazzaville\/"},{"@type":"ListItem","position":2,"name":"C\u00e9l\u00e9bration : le monde va f\u00eater le 20 f\u00e9vrier la Journ\u00e9e de la justice sociale"}]},{"@type":"WebSite","@id":"https:\/\/www.africa-press.net\/congo-brazzaville\/#website","url":"https:\/\/www.africa-press.net\/congo-brazzaville\/","name":"Congo Brazzaville","description":"Just another Africa News Agency Sites site","potentialAction":[{"@type":"SearchAction","target":{"@type":"EntryPoint","urlTemplate":"https:\/\/www.africa-press.net\/congo-brazzaville\/?s={search_term_string}"},"query-input":{"@type":"PropertyValueSpecification","valueRequired":true,"valueName":"search_term_string"}}],"inLanguage":"fr-FR"},{"@type":"Person","@id":"https:\/\/www.africa-press.net\/congo-brazzaville\/#\/schema\/person\/2b1cf3cd81a31e3cd26889ca66d677f1","name":"cfeditorfr"}]}},"_links":{"self":[{"href":"https:\/\/www.africa-press.net\/congo-brazzaville\/wp-json\/wp\/v2\/posts\/14534","targetHints":{"allow":["GET"]}}],"collection":[{"href":"https:\/\/www.africa-press.net\/congo-brazzaville\/wp-json\/wp\/v2\/posts"}],"about":[{"href":"https:\/\/www.africa-press.net\/congo-brazzaville\/wp-json\/wp\/v2\/types\/post"}],"author":[{"embeddable":true,"href":"https:\/\/www.africa-press.net\/congo-brazzaville\/wp-json\/wp\/v2\/users\/82"}],"replies":[{"embeddable":true,"href":"https:\/\/www.africa-press.net\/congo-brazzaville\/wp-json\/wp\/v2\/comments?post=14534"}],"version-history":[{"count":0,"href":"https:\/\/www.africa-press.net\/congo-brazzaville\/wp-json\/wp\/v2\/posts\/14534\/revisions"}],"wp:featuredmedia":[{"embeddable":true,"href":"https:\/\/www.africa-press.net\/congo-brazzaville\/wp-json\/wp\/v2\/media\/14532"}],"wp:attachment":[{"href":"https:\/\/www.africa-press.net\/congo-brazzaville\/wp-json\/wp\/v2\/media?parent=14534"}],"wp:term":[{"taxonomy":"category","embeddable":true,"href":"https:\/\/www.africa-press.net\/congo-brazzaville\/wp-json\/wp\/v2\/categories?post=14534"},{"taxonomy":"post_tag","embeddable":true,"href":"https:\/\/www.africa-press.net\/congo-brazzaville\/wp-json\/wp\/v2\/tags?post=14534"}],"curies":[{"name":"wp","href":"https:\/\/api.w.org\/{rel}","templated":true}]}}