{"id":14536,"date":"2023-02-17T12:29:26","date_gmt":"2023-02-17T12:29:26","guid":{"rendered":"https:\/\/www.africa-press.net\/congo-brazzaville\/politique\/le-conseil-des-ministres-adopte-trois-projets-decrets-sur-la-gouvernance-forestiere"},"modified":"2023-02-17T12:44:08","modified_gmt":"2023-02-17T12:44:08","slug":"le-conseil-des-ministres-adopte-trois-projets-decrets-sur-la-gouvernance-forestiere","status":"publish","type":"post","link":"https:\/\/www.africa-press.net\/congo-brazzaville\/economie\/le-conseil-des-ministres-adopte-trois-projets-decrets-sur-la-gouvernance-forestiere","title":{"rendered":"le conseil des ministres adopte trois projets d\u00e9crets sur la gouvernance foresti\u00e8re"},"content":{"rendered":"<p><span style=\"color: #ff6600\"><strong>Africa-Press &#8211; Congo Brazzaville. <\/strong><\/span><b>La re\u0301union du conseil des ministres tenue sous l\u2019e\u0301gide du Chef de l\u2019Etat, Denis Sassou N\u2019Guesso, a adopte\u0301 le 16 fe\u0301vrier a\u0300 Brazzaville, trois projets de de\u0301crets attraits a\u0300 la gouvernance forestie\u0300re.<\/b><\/p>\n<p>Dans la restitution du compte-rendu du conseil des ministres, le ministre de la Communication et des me\u0301dias, Thierry Moungalla a mis en exergue ces trois projets de de\u0301crets, notamment le premier qui de\u0301termine les modalite\u0301s d\u2019exercice du consentement libre, informe\u0301 et pre\u0301alable en matie\u0300re de classement d\u2019une fore\u0302t, le deuxie\u0300me portant attributions, composition et fonctionnement de la commission interministe\u0301rielle de validation des e\u0301tudes d\u2019inventaire des ressources forestie\u0300res et des e\u0301tudes comple\u0301mentaires et le troisie\u0300me portant attributions, composition et fonctionnement de la commission forestie\u0300re.<\/p>\n<p>Le ministre Thierry Moungalla a releve\u0301 que ces textes sont pris en application de la loi n\u00b033-2020 du 8 juillet 2020 portant code forestier. Ils mate\u0301rialisent la volonte\u0301 des pouvoirs publics de garantir une gestion durable, contro\u0302le\u0301e, parcimonieuse transparente et participative des ressources forestie\u0300res.<\/p>\n<p>Sur le premier texte, il a explique\u0301 que c\u2019est un projet de de\u0301cret de\u0301termine les modalite\u0301s d\u2019exercice du consentement libre, informe\u0301 et pre\u0301alable en matie\u0300re de classement d\u2019une fore\u0302t. Pris en application de l\u2019article 40 de la loi portant code forestier, il s\u2019agit d\u2019une innovation en matie\u0300re de gouvernance.<\/p>\n<p>\u00ab Par ce texte, notre pays se conforme aux engagements pris au niveau international, dans le cadre de la gestion participative et inclusive des ressources naturelles, du respect des droits des communaute\u0301s locales et notamment des populations autochtones \u00bb, laisse\u0301 entendre le compte-rendu du conseil des ministres.<\/p>\n<p>Le troisie\u0300me texte a\u0300 savoir un projet de de\u0301cret portant attributions, composition et fonctionnement de la commission forestie\u0300re, se rapporte a\u0300 la mise en \u0153uvre de l\u2019article 141 du code forestier Cet organe est de\u0301terminant dans la chai\u0302ne de la gouvernance forestie\u0300re ; il est garant de la transparence du processus d\u2019attribution des titres d\u2019exploitation dans le secteur forestier, a notifie\u0301 le ministre de la communication et des me\u0301dias, Thierry Moungalla.<\/p>\n<p><strong>Pour plus d&rsquo;informations et d&rsquo;analyses sur la <a href=\"https:\/\/www.africa-press.net\/congo-brazzaville\">Congo Brazzaville<\/a>, suivez <a href=\"https:\/\/www.africa-press.net\/\">Africa-Press<\/a><\/strong><\/p>\n","protected":false},"excerpt":{"rendered":"<p>Africa-Press &#8211; Congo Brazzaville. La re\u0301union du conseil des ministres tenue sous l\u2019e\u0301gide du Chef de l\u2019Etat, Denis Sassou N\u2019Guesso, a adopte\u0301 le 16 fe\u0301vrier a\u0300 Brazzaville, trois projets de de\u0301crets attraits a\u0300 la gouvernance forestie\u0300re. Dans la restitution du compte-rendu du conseil des ministres, le ministre de la Communication et des me\u0301dias, Thierry Moungalla [&hellip;]<\/p>\n","protected":false},"author":82,"featured_media":14535,"comment_status":"open","ping_status":"closed","sticky":false,"template":"","format":"standard","meta":{"footnotes":""},"categories":[3,10],"tags":[36,47,46],"class_list":["post-14536","post","type-post","status-publish","format-standard","has-post-thumbnail","hentry","category-economie","category-toutes-les-actualites","tag-africa-press","tag-africa-press-congo-brazzaville","tag-congo-brazzaville"],"yoast_head":"<!-- This site is optimized with the Yoast SEO Premium plugin v26.1 (Yoast SEO v27.0) - https:\/\/yoast.com\/product\/yoast-seo-premium-wordpress\/ -->\n<title>le conseil des ministres adopte trois projets d\u00e9crets sur la gouvernance foresti\u00e8re - Congo Brazzaville<\/title>\n<meta name=\"description\" content=\"La re\u0301union du conseil des ministres tenue sous l\u2019e\u0301gide du Chef de l\u2019Etat, Denis Sassou N\u2019Guesso, a adopte\u0301 le 16 fe ...\" \/>\n<meta name=\"robots\" content=\"index, follow, max-snippet:-1, max-image-preview:large, max-video-preview:-1\" \/>\n<link rel=\"canonical\" href=\"https:\/\/www.africa-press.net\/congo-brazzaville\/economie\/le-conseil-des-ministres-adopte-trois-projets-decrets-sur-la-gouvernance-forestiere\" \/>\n<meta property=\"og:locale\" content=\"fr_FR\" \/>\n<meta property=\"og:type\" content=\"article\" \/>\n<meta property=\"og:title\" content=\"le conseil des ministres adopte trois projets d\u00e9crets sur la gouvernance foresti\u00e8re\" \/>\n<meta property=\"og:description\" content=\"La re\u0301union du conseil des ministres tenue sous l\u2019e\u0301gide du Chef de l\u2019Etat, Denis Sassou N\u2019Guesso, a adopte\u0301 le 16 fe ...\" \/>\n<meta property=\"og:url\" content=\"https:\/\/www.africa-press.net\/congo-brazzaville\/economie\/le-conseil-des-ministres-adopte-trois-projets-decrets-sur-la-gouvernance-forestiere\" \/>\n<meta property=\"og:site_name\" content=\"Congo Brazzaville\" \/>\n<meta property=\"article:published_time\" content=\"2023-02-17T12:29:26+00:00\" \/>\n<meta property=\"article:modified_time\" content=\"2023-02-17T12:44:08+00:00\" \/>\n<meta property=\"og:image\" content=\"https:\/\/static.africa-press.net\/congo-brazzaville\/sites\/51\/2023\/02\/postQueueImg_1676624536.20.jpg\" \/>\n\t<meta property=\"og:image:width\" content=\"818\" \/>\n\t<meta property=\"og:image:height\" content=\"443\" \/>\n\t<meta property=\"og:image:type\" content=\"image\/jpeg\" \/>\n<meta name=\"author\" content=\"cfeditorfr\" \/>\n<meta name=\"twitter:card\" content=\"summary_large_image\" \/>\n<meta name=\"twitter:label1\" content=\"\u00c9crit par\" \/>\n\t<meta name=\"twitter:data1\" content=\"cfeditorfr\" \/>\n\t<meta name=\"twitter:label2\" content=\"Dur\u00e9e de lecture estim\u00e9e\" \/>\n\t<meta name=\"twitter:data2\" content=\"2 minutes\" \/>\n<script type=\"application\/ld+json\" class=\"yoast-schema-graph\">{\"@context\":\"https:\/\/schema.org\",\"@graph\":[{\"@type\":\"Article\",\"@id\":\"https:\/\/www.africa-press.net\/congo-brazzaville\/economie\/le-conseil-des-ministres-adopte-trois-projets-decrets-sur-la-gouvernance-forestiere#article\",\"isPartOf\":{\"@id\":\"https:\/\/www.africa-press.net\/congo-brazzaville\/economie\/le-conseil-des-ministres-adopte-trois-projets-decrets-sur-la-gouvernance-forestiere\"},\"author\":{\"name\":\"cfeditorfr\",\"@id\":\"https:\/\/www.africa-press.net\/congo-brazzaville\/#\/schema\/person\/2b1cf3cd81a31e3cd26889ca66d677f1\"},\"headline\":\"le conseil des ministres adopte trois projets d\u00e9crets sur la gouvernance foresti\u00e8re\",\"datePublished\":\"2023-02-17T12:29:26+00:00\",\"dateModified\":\"2023-02-17T12:44:08+00:00\",\"mainEntityOfPage\":{\"@id\":\"https:\/\/www.africa-press.net\/congo-brazzaville\/economie\/le-conseil-des-ministres-adopte-trois-projets-decrets-sur-la-gouvernance-forestiere\"},\"wordCount\":404,\"commentCount\":0,\"image\":{\"@id\":\"https:\/\/www.africa-press.net\/congo-brazzaville\/economie\/le-conseil-des-ministres-adopte-trois-projets-decrets-sur-la-gouvernance-forestiere#primaryimage\"},\"thumbnailUrl\":\"https:\/\/static.africa-press.net\/congo-brazzaville\/sites\/51\/2023\/02\/postQueueImg_1676624536.20.jpg\",\"keywords\":[\"Africa Press\",\"Africa Press-Congo Brazzaville\",\"Congo Brazzaville\"],\"articleSection\":[\"\u00c9conomie\",\"Toutes les actualit\u00e9s\"],\"inLanguage\":\"fr-FR\",\"potentialAction\":[{\"@type\":\"CommentAction\",\"name\":\"Comment\",\"target\":[\"https:\/\/www.africa-press.net\/congo-brazzaville\/economie\/le-conseil-des-ministres-adopte-trois-projets-decrets-sur-la-gouvernance-forestiere#respond\"]}]},{\"@type\":\"WebPage\",\"@id\":\"https:\/\/www.africa-press.net\/congo-brazzaville\/economie\/le-conseil-des-ministres-adopte-trois-projets-decrets-sur-la-gouvernance-forestiere\",\"url\":\"https:\/\/www.africa-press.net\/congo-brazzaville\/economie\/le-conseil-des-ministres-adopte-trois-projets-decrets-sur-la-gouvernance-forestiere\",\"name\":\"le conseil des ministres adopte trois projets d\u00e9crets sur la gouvernance foresti\u00e8re - Congo Brazzaville\",\"isPartOf\":{\"@id\":\"https:\/\/www.africa-press.net\/congo-brazzaville\/#website\"},\"primaryImageOfPage\":{\"@id\":\"https:\/\/www.africa-press.net\/congo-brazzaville\/economie\/le-conseil-des-ministres-adopte-trois-projets-decrets-sur-la-gouvernance-forestiere#primaryimage\"},\"image\":{\"@id\":\"https:\/\/www.africa-press.net\/congo-brazzaville\/economie\/le-conseil-des-ministres-adopte-trois-projets-decrets-sur-la-gouvernance-forestiere#primaryimage\"},\"thumbnailUrl\":\"https:\/\/static.africa-press.net\/congo-brazzaville\/sites\/51\/2023\/02\/postQueueImg_1676624536.20.jpg\",\"datePublished\":\"2023-02-17T12:29:26+00:00\",\"dateModified\":\"2023-02-17T12:44:08+00:00\",\"author\":{\"@id\":\"https:\/\/www.africa-press.net\/congo-brazzaville\/#\/schema\/person\/2b1cf3cd81a31e3cd26889ca66d677f1\"},\"description\":\"La re\u0301union du conseil des ministres tenue sous l\u2019e\u0301gide du Chef de l\u2019Etat, Denis Sassou N\u2019Guesso, a adopte\u0301 le 16 fe ...\",\"breadcrumb\":{\"@id\":\"https:\/\/www.africa-press.net\/congo-brazzaville\/economie\/le-conseil-des-ministres-adopte-trois-projets-decrets-sur-la-gouvernance-forestiere#breadcrumb\"},\"inLanguage\":\"fr-FR\",\"potentialAction\":[{\"@type\":\"ReadAction\",\"target\":[\"https:\/\/www.africa-press.net\/congo-brazzaville\/economie\/le-conseil-des-ministres-adopte-trois-projets-decrets-sur-la-gouvernance-forestiere\"]}]},{\"@type\":\"ImageObject\",\"inLanguage\":\"fr-FR\",\"@id\":\"https:\/\/www.africa-press.net\/congo-brazzaville\/economie\/le-conseil-des-ministres-adopte-trois-projets-decrets-sur-la-gouvernance-forestiere#primaryimage\",\"url\":\"https:\/\/static.africa-press.net\/congo-brazzaville\/sites\/51\/2023\/02\/postQueueImg_1676624536.20.jpg\",\"contentUrl\":\"https:\/\/static.africa-press.net\/congo-brazzaville\/sites\/51\/2023\/02\/postQueueImg_1676624536.20.jpg\",\"width\":818,\"height\":443,\"caption\":\"le conseil des ministres adopte trois projets d\u00e9crets sur la gouvernance foresti\u00e8re\"},{\"@type\":\"BreadcrumbList\",\"@id\":\"https:\/\/www.africa-press.net\/congo-brazzaville\/economie\/le-conseil-des-ministres-adopte-trois-projets-decrets-sur-la-gouvernance-forestiere#breadcrumb\",\"itemListElement\":[{\"@type\":\"ListItem\",\"position\":1,\"name\":\"Accueil\",\"item\":\"https:\/\/www.africa-press.net\/congo-brazzaville\/\"},{\"@type\":\"ListItem\",\"position\":2,\"name\":\"le conseil des ministres adopte trois projets d\u00e9crets sur la gouvernance foresti\u00e8re\"}]},{\"@type\":\"WebSite\",\"@id\":\"https:\/\/www.africa-press.net\/congo-brazzaville\/#website\",\"url\":\"https:\/\/www.africa-press.net\/congo-brazzaville\/\",\"name\":\"Congo Brazzaville\",\"description\":\"Just another Africa News Agency Sites site\",\"potentialAction\":[{\"@type\":\"SearchAction\",\"target\":{\"@type\":\"EntryPoint\",\"urlTemplate\":\"https:\/\/www.africa-press.net\/congo-brazzaville\/?s={search_term_string}\"},\"query-input\":{\"@type\":\"PropertyValueSpecification\",\"valueRequired\":true,\"valueName\":\"search_term_string\"}}],\"inLanguage\":\"fr-FR\"},{\"@type\":\"Person\",\"@id\":\"https:\/\/www.africa-press.net\/congo-brazzaville\/#\/schema\/person\/2b1cf3cd81a31e3cd26889ca66d677f1\",\"name\":\"cfeditorfr\"}]}<\/script>\n<!-- \/ Yoast SEO Premium plugin. -->","yoast_head_json":{"title":"le conseil des ministres adopte trois projets d\u00e9crets sur la gouvernance foresti\u00e8re - Congo Brazzaville","description":"La re\u0301union du conseil des ministres tenue sous l\u2019e\u0301gide du Chef de l\u2019Etat, Denis Sassou N\u2019Guesso, a adopte\u0301 le 16 fe ...","robots":{"index":"index","follow":"follow","max-snippet":"max-snippet:-1","max-image-preview":"max-image-preview:large","max-video-preview":"max-video-preview:-1"},"canonical":"https:\/\/www.africa-press.net\/congo-brazzaville\/economie\/le-conseil-des-ministres-adopte-trois-projets-decrets-sur-la-gouvernance-forestiere","og_locale":"fr_FR","og_type":"article","og_title":"le conseil des ministres adopte trois projets d\u00e9crets sur la gouvernance foresti\u00e8re","og_description":"La re\u0301union du conseil des ministres tenue sous l\u2019e\u0301gide du Chef de l\u2019Etat, Denis Sassou N\u2019Guesso, a adopte\u0301 le 16 fe ...","og_url":"https:\/\/www.africa-press.net\/congo-brazzaville\/economie\/le-conseil-des-ministres-adopte-trois-projets-decrets-sur-la-gouvernance-forestiere","og_site_name":"Congo Brazzaville","article_published_time":"2023-02-17T12:29:26+00:00","article_modified_time":"2023-02-17T12:44:08+00:00","og_image":[{"width":818,"height":443,"url":"https:\/\/static.africa-press.net\/congo-brazzaville\/sites\/51\/2023\/02\/postQueueImg_1676624536.20.jpg","type":"image\/jpeg"}],"author":"cfeditorfr","twitter_card":"summary_large_image","twitter_misc":{"\u00c9crit par":"cfeditorfr","Dur\u00e9e de lecture estim\u00e9e":"2 minutes"},"schema":{"@context":"https:\/\/schema.org","@graph":[{"@type":"Article","@id":"https:\/\/www.africa-press.net\/congo-brazzaville\/economie\/le-conseil-des-ministres-adopte-trois-projets-decrets-sur-la-gouvernance-forestiere#article","isPartOf":{"@id":"https:\/\/www.africa-press.net\/congo-brazzaville\/economie\/le-conseil-des-ministres-adopte-trois-projets-decrets-sur-la-gouvernance-forestiere"},"author":{"name":"cfeditorfr","@id":"https:\/\/www.africa-press.net\/congo-brazzaville\/#\/schema\/person\/2b1cf3cd81a31e3cd26889ca66d677f1"},"headline":"le conseil des ministres adopte trois projets d\u00e9crets sur la gouvernance foresti\u00e8re","datePublished":"2023-02-17T12:29:26+00:00","dateModified":"2023-02-17T12:44:08+00:00","mainEntityOfPage":{"@id":"https:\/\/www.africa-press.net\/congo-brazzaville\/economie\/le-conseil-des-ministres-adopte-trois-projets-decrets-sur-la-gouvernance-forestiere"},"wordCount":404,"commentCount":0,"image":{"@id":"https:\/\/www.africa-press.net\/congo-brazzaville\/economie\/le-conseil-des-ministres-adopte-trois-projets-decrets-sur-la-gouvernance-forestiere#primaryimage"},"thumbnailUrl":"https:\/\/static.africa-press.net\/congo-brazzaville\/sites\/51\/2023\/02\/postQueueImg_1676624536.20.jpg","keywords":["Africa Press","Africa Press-Congo Brazzaville","Congo Brazzaville"],"articleSection":["\u00c9conomie","Toutes les actualit\u00e9s"],"inLanguage":"fr-FR","potentialAction":[{"@type":"CommentAction","name":"Comment","target":["https:\/\/www.africa-press.net\/congo-brazzaville\/economie\/le-conseil-des-ministres-adopte-trois-projets-decrets-sur-la-gouvernance-forestiere#respond"]}]},{"@type":"WebPage","@id":"https:\/\/www.africa-press.net\/congo-brazzaville\/economie\/le-conseil-des-ministres-adopte-trois-projets-decrets-sur-la-gouvernance-forestiere","url":"https:\/\/www.africa-press.net\/congo-brazzaville\/economie\/le-conseil-des-ministres-adopte-trois-projets-decrets-sur-la-gouvernance-forestiere","name":"le conseil des ministres adopte trois projets d\u00e9crets sur la gouvernance foresti\u00e8re - Congo Brazzaville","isPartOf":{"@id":"https:\/\/www.africa-press.net\/congo-brazzaville\/#website"},"primaryImageOfPage":{"@id":"https:\/\/www.africa-press.net\/congo-brazzaville\/economie\/le-conseil-des-ministres-adopte-trois-projets-decrets-sur-la-gouvernance-forestiere#primaryimage"},"image":{"@id":"https:\/\/www.africa-press.net\/congo-brazzaville\/economie\/le-conseil-des-ministres-adopte-trois-projets-decrets-sur-la-gouvernance-forestiere#primaryimage"},"thumbnailUrl":"https:\/\/static.africa-press.net\/congo-brazzaville\/sites\/51\/2023\/02\/postQueueImg_1676624536.20.jpg","datePublished":"2023-02-17T12:29:26+00:00","dateModified":"2023-02-17T12:44:08+00:00","author":{"@id":"https:\/\/www.africa-press.net\/congo-brazzaville\/#\/schema\/person\/2b1cf3cd81a31e3cd26889ca66d677f1"},"description":"La re\u0301union du conseil des ministres tenue sous l\u2019e\u0301gide du Chef de l\u2019Etat, Denis Sassou N\u2019Guesso, a adopte\u0301 le 16 fe ...","breadcrumb":{"@id":"https:\/\/www.africa-press.net\/congo-brazzaville\/economie\/le-conseil-des-ministres-adopte-trois-projets-decrets-sur-la-gouvernance-forestiere#breadcrumb"},"inLanguage":"fr-FR","potentialAction":[{"@type":"ReadAction","target":["https:\/\/www.africa-press.net\/congo-brazzaville\/economie\/le-conseil-des-ministres-adopte-trois-projets-decrets-sur-la-gouvernance-forestiere"]}]},{"@type":"ImageObject","inLanguage":"fr-FR","@id":"https:\/\/www.africa-press.net\/congo-brazzaville\/economie\/le-conseil-des-ministres-adopte-trois-projets-decrets-sur-la-gouvernance-forestiere#primaryimage","url":"https:\/\/static.africa-press.net\/congo-brazzaville\/sites\/51\/2023\/02\/postQueueImg_1676624536.20.jpg","contentUrl":"https:\/\/static.africa-press.net\/congo-brazzaville\/sites\/51\/2023\/02\/postQueueImg_1676624536.20.jpg","width":818,"height":443,"caption":"le conseil des ministres adopte trois projets d\u00e9crets sur la gouvernance foresti\u00e8re"},{"@type":"BreadcrumbList","@id":"https:\/\/www.africa-press.net\/congo-brazzaville\/economie\/le-conseil-des-ministres-adopte-trois-projets-decrets-sur-la-gouvernance-forestiere#breadcrumb","itemListElement":[{"@type":"ListItem","position":1,"name":"Accueil","item":"https:\/\/www.africa-press.net\/congo-brazzaville\/"},{"@type":"ListItem","position":2,"name":"le conseil des ministres adopte trois projets d\u00e9crets sur la gouvernance foresti\u00e8re"}]},{"@type":"WebSite","@id":"https:\/\/www.africa-press.net\/congo-brazzaville\/#website","url":"https:\/\/www.africa-press.net\/congo-brazzaville\/","name":"Congo Brazzaville","description":"Just another Africa News Agency Sites site","potentialAction":[{"@type":"SearchAction","target":{"@type":"EntryPoint","urlTemplate":"https:\/\/www.africa-press.net\/congo-brazzaville\/?s={search_term_string}"},"query-input":{"@type":"PropertyValueSpecification","valueRequired":true,"valueName":"search_term_string"}}],"inLanguage":"fr-FR"},{"@type":"Person","@id":"https:\/\/www.africa-press.net\/congo-brazzaville\/#\/schema\/person\/2b1cf3cd81a31e3cd26889ca66d677f1","name":"cfeditorfr"}]}},"_links":{"self":[{"href":"https:\/\/www.africa-press.net\/congo-brazzaville\/wp-json\/wp\/v2\/posts\/14536","targetHints":{"allow":["GET"]}}],"collection":[{"href":"https:\/\/www.africa-press.net\/congo-brazzaville\/wp-json\/wp\/v2\/posts"}],"about":[{"href":"https:\/\/www.africa-press.net\/congo-brazzaville\/wp-json\/wp\/v2\/types\/post"}],"author":[{"embeddable":true,"href":"https:\/\/www.africa-press.net\/congo-brazzaville\/wp-json\/wp\/v2\/users\/82"}],"replies":[{"embeddable":true,"href":"https:\/\/www.africa-press.net\/congo-brazzaville\/wp-json\/wp\/v2\/comments?post=14536"}],"version-history":[{"count":0,"href":"https:\/\/www.africa-press.net\/congo-brazzaville\/wp-json\/wp\/v2\/posts\/14536\/revisions"}],"wp:featuredmedia":[{"embeddable":true,"href":"https:\/\/www.africa-press.net\/congo-brazzaville\/wp-json\/wp\/v2\/media\/14535"}],"wp:attachment":[{"href":"https:\/\/www.africa-press.net\/congo-brazzaville\/wp-json\/wp\/v2\/media?parent=14536"}],"wp:term":[{"taxonomy":"category","embeddable":true,"href":"https:\/\/www.africa-press.net\/congo-brazzaville\/wp-json\/wp\/v2\/categories?post=14536"},{"taxonomy":"post_tag","embeddable":true,"href":"https:\/\/www.africa-press.net\/congo-brazzaville\/wp-json\/wp\/v2\/tags?post=14536"}],"curies":[{"name":"wp","href":"https:\/\/api.w.org\/{rel}","templated":true}]}}