{"id":14553,"date":"2023-02-17T20:20:00","date_gmt":"2023-02-17T20:20:00","guid":{"rendered":"https:\/\/www.africa-press.net\/congo-brazzaville\/politique\/salon-osiane-2023-lequipe-dorganisation-contacte-des-investisseurs-a-paris-et-bruxelles"},"modified":"2023-02-17T21:37:35","modified_gmt":"2023-02-17T21:37:35","slug":"salon-osiane-2023-lequipe-dorganisation-contacte-des-investisseurs-a-paris-et-bruxelles","status":"publish","type":"post","link":"https:\/\/www.africa-press.net\/congo-brazzaville\/politique\/salon-osiane-2023-lequipe-dorganisation-contacte-des-investisseurs-a-paris-et-bruxelles","title":{"rendered":"Salon Osiane 2023: l&rsquo;\u00e9quipe d&rsquo;organisation contacte des investisseurs \u00e0 Paris et Bruxelles"},"content":{"rendered":"<p><span style=\"color: #ff6600\"><strong>Africa-Press &#8211; Congo Brazzaville. <\/strong><\/span><b>En deux e\u0301tapes, Paris et Bruxelles, l\u2019e\u0301quipe conduite par Luc Missidimbazi, pre\u0301sident de l\u2019organisation non gouvernementale Pratic, est entre\u0301e en contact avec la diaspora et les potentiels investisseurs dans le nume\u0301rique au Congo, en vue de promouvoir la septie\u0300me e\u0301dition du Salon international Osiane et de mettre en lumie\u0300re les progre\u0300s re\u0301alise\u0301s dans le secteur depuis dix ans.<\/b><\/p>\n<p>En pre\u0301lude a\u0300 la campagne promotionnelle, Luc Missidimbazi, en qualite\u0301 de conseiller du Premier ministre, Anatole Collinet Makosso, a participe\u0301 a\u0300 la deuxie\u0300me e\u0301dition du \u00ab\u00a0World artificial intelligence Cannes festival\u00a0\u00bb. Il est intervenu en tant que paneliste lors d\u2019une des confe\u0301rences intitule\u0301e \u00ab\u00a0Africa &amp; l\u2019IA, les perspectives\u00a0\u00bb; une participation lui ayant permis d&rsquo;e\u0301largir la vision de Pratic sur l&rsquo;innovation et de cre\u0301er de nouveaux partenariats.<\/p>\n<p>Dans cette lance\u0301e, la premie\u0300re e\u0301tape de pre\u0301sentation Osiane, anime\u0301e par la journaliste Sabrina Bandundi, a pu de\u0301marrer de\u0300s le 13 fe\u0301vrier a\u0300 Paris. Elle s\u2019est de\u0301roule\u0301e en pre\u0301sence de l\u2019ambassadeur Henri Ossebi, de\u0301le\u0301gue\u0301 permanent de la De\u0301le\u0301gation permanente du Congo aupre\u0300s de l&rsquo;Unesco, et des de\u0301le\u0301gue\u0301s de partenaires tels que le Groupe Vivendi, repre\u0301sente\u0301 par son secre\u0301taire ge\u0301ne\u0301ral Pierre Roy-Constantin, ou E-Futura, repre\u0301sente\u0301 par son pre\u0301sident Jean-Pierre de la Hausse de la Louvie\u0300re.<\/p>\n<p>Outre la pre\u0301sentation du concept \u00ab\u00a0Osiane\u00a0\u00bb, le pre\u0301sident de Pratic a tenu une plaidoirie de motivation a\u0300 l\u2019e\u0301gard de ses compatriotes, leur demandant de \u00ab\u00a0penser au pays d\u2019origine et de s\u2019y impliquer\u00a0\u00bb a\u0300 point nomme\u0301 durant la grande mutation de l\u2019e\u0301cosyste\u0300me nume\u0301rique du moment.<\/p>\n<p>Luc Missidimbazi s\u2019est souvenu que lui-aussi est e\u0301galement issu de la diaspora. Avec des membres de Pratic, Nat-Sy Missamou, Dione Samba, pour ne citer que ceux-la\u0300, ils ont traverse\u0301 diffe\u0301rents \u00ab\u00a0contextes\u00a0\u00bb en partant des premie\u0300res missions de prospection en 2008. Mais que de chemin parcouru jusqu\u2019a\u0300 la mise en place du Salon international Osiane, apre\u0300s d\u2019innombrables pe\u0301ripe\u0301ties ayant ne\u0301cessite\u0301 de s\u2019armer de patience et de concevoir ensemble avec les institutions congolaises !<\/p>\n<p><b>Faire du salon Osiane un lieu de rencontres<\/b><\/p>\n<p>Pour sa pre\u0301sentation, il a tenu a\u0300 rendre hommage aux hommes et femmes de tout horizon professionnel et social, national ainsi qu\u2019international, qui contribuent significativement, a\u0300 partir d\u2019Osiane, chaque anne\u0301e depuis sept ans, a\u0300 faire de Brazzaville la capitale de la Tech et de l\u2019innovation de l\u2019Afrique centrale.<\/p>\n<p>En tant qu\u2019acteurs engage\u0301s de l\u2019e\u0301cosyste\u0300me du nume\u0301rique en Afrique centrale, ils tiennent a\u0300 faire de ce salon un lieu de rencontres, de re\u0301flexion, d\u2019analyses et d\u2019expositions de bonnes pratiques, a-t-il explique\u0301. Il a confie\u0301 que depuis 2017, Osiane a re\u0301ussi a\u0300 re\u0301unir l\u2019ensemble des acteurs prive\u0301s, publics, institutionnels et de la socie\u0301te\u0301 civile pour la recherche de solutions innovantes.<\/p>\n<p>La septie\u0300me e\u0301dition, du 25 au 29 avril, sur le the\u0300me \u00ab\u00a0Innovons pour progresser\u00a0\u00bb, re\u0301unira les agences du de\u0301veloppement nume\u0301rique, re\u0301gulateurs, les ope\u0301rateurs internet et te\u0301le\u0301coms, l\u2019e\u0301conomie Fintech, de\u0301cideurs et principaux usagers des services internet autour des questions des technologies de l\u2019information et de la communication (TIC).<\/p>\n<p>Baptise\u0301e \u00ab\u00a0Kumisa\u00a0\u00bb, elle vise principalement a\u0300 promouvoir toutes les initiatives technologiques et les usages concrets qui ont pour objectif de fe\u0301de\u0301rer les acteurs e\u0301conomiques de l\u2019Afrique centrale ; e\u0302tre la principale plateforme d\u2019e\u0301changes entre l\u2019offre et la demande technologiques ; mettre en lumie\u0300re les usages massifs et de qualite\u0301 ; cre\u0301er des e\u0301cosyste\u0300mes africains autour des services et me\u0301tiers impacte\u0301s par le nume\u0301rique ; renforcer le cadre d\u2019e\u0301changes ; promouvoir l\u2019innovation et les start-up a\u0300 se de\u0301velopper par le biais des clusters et renforcer la notorie\u0301te\u0301 du salon a\u0300 l\u2019international en re\u0301unissant les ge\u0301ants de la Tech. Cette vision a e\u0301te\u0301 rendue possible au Congo gra\u0302ce a\u0300 une volonte\u0301 politique. Il existe aujourd\u2019hui un cadre le\u0301gislatif de\u0301die\u0301 aux TIC.<\/p>\n<p><b>Pre\u0301sentation convaincante<\/b><\/p>\n<p>Une pre\u0301sentation qui a suscite\u0301 l\u2019adhe\u0301sion et l\u2019inte\u0301re\u0302t de l\u2019assistance, a\u0300 en croire l\u2019interaction des e\u0301changes et la prise de parole de l\u2019ambassadeur Henri Ossebi. Le diplomate a salue\u0301 cette pre\u0301sentation en tant qu\u2019universitaire ayant cru au concept Osiane. \u00ab Osiane est un challenge important \u00bb, a-t-il confie\u0301. Il a encourage\u0301 les organisateurs a\u0300 continuer en faisant observer que \u00ab le Congo peut s\u2019arrimer aussi a\u0300 la modernite\u0301 malgre\u0301 les failles \u00bb.<\/p>\n<p>L\u2019ambassadeur Henri Ossebi a sugge\u0301re\u0301 aux organisateurs de ne pas oublier la proble\u0301matique de l\u2019e\u0301ducation avec les contenus e\u0301ducatifs ; de mobiliser les diasporas au sein des pays e\u0301trangers ; d\u2019inviter les partenaires e\u0301conomiques, surtout ceux du culturel, a\u0300 travailler a\u0300 la digitalisation de la rumba. Il a conclu en invitant les Congolais de l\u2019e\u0301tranger a\u0300 venir a\u0300 la Semaine africaine au mois de mai.<\/p>\n<p>La de\u0301le\u0301gation Osiane s\u2019est de\u0301porte\u0301e a\u0300 Bruxelles pour une pre\u0301sentation a\u0300 la Chambre de commerce, d\u2019industrie et de l\u2019agriculture de la Belgique, Luxembourg, et ACP. Une rencontre organise\u0301e sous le haut patronage de l\u2019ambassadeur du Congo en Belgique, Raphael Moukoko, en pre\u0301sence de Guy Bultynck, pre\u0301sident de la Chambre de commerce; de Magali Dugardin, consul honoraire de la Re\u0301publique du Congo en Wallonie; du corps diplomatique et des chefs d\u2019entreprise.<\/p>\n<p>Il s\u2019est de\u0301gage\u0301 une forte volonte\u0301 des participants a\u0300 cre\u0301er des passerelles et de\u0301velopper le partenariat dans le secteur du nume\u0301rique. Le salon Osiane a e\u0301te\u0301 choisi par les participants comme plateforme pour sceller un partenariat qui marquera le point de de\u0301part d\u2019une nouvelle forme de coope\u0301ration.<\/p>\n<p>En marge de la rencontre, la de\u0301le\u0301gation a e\u0301galement e\u0301te\u0301 rec\u0327ue par les chefs d\u2019entreprise belges tels qu&rsquo;Awad Chamas, pre\u0301sident Eurogulfconsulting &amp; CEO FMMP ou Fre\u0301de\u0301ric Lemoux, CEO BBA.<\/p>\n<p>Au regard des rencontres et de l\u2019engouement suscite\u0301 par cette tourne\u0301e \u00ab\u00a0Roadshow Osiane-Tour 2023\u00a0\u00bb a\u0300 Paris et a\u0300 Bruxelles, Luc Missidimbazi a confie\u0301 que la de\u0301le\u0301gation repartait avec, dans ses bagages, des accords et engagements solides pour la re\u0301alisation de la septie\u0300me e\u0301dition Osiane qui s\u2019annonce, d\u2019ores et de\u0301ja\u0300, riche en contenus et en qualite\u0301 d\u2019intervenants.<\/p>\n<p><strong>Pour plus d&rsquo;informations et d&rsquo;analyses sur la <a href=\"https:\/\/www.africa-press.net\/congo-brazzaville\">Congo Brazzaville<\/a>, suivez <a href=\"https:\/\/www.africa-press.net\/\">Africa-Press<\/a><\/strong><\/p>\n","protected":false},"excerpt":{"rendered":"<p>Africa-Press &#8211; Congo Brazzaville. En deux e\u0301tapes, Paris et Bruxelles, l\u2019e\u0301quipe conduite par Luc Missidimbazi, pre\u0301sident de l\u2019organisation non gouvernementale Pratic, est entre\u0301e en contact avec la diaspora et les potentiels investisseurs dans le nume\u0301rique au Congo, en vue de promouvoir la septie\u0300me e\u0301dition du Salon international Osiane et de mettre en lumie\u0300re les progre\u0300s [&hellip;]<\/p>\n","protected":false},"author":82,"featured_media":14552,"comment_status":"open","ping_status":"closed","sticky":false,"template":"","format":"standard","meta":{"footnotes":""},"categories":[2,10],"tags":[36,47,46],"class_list":["post-14553","post","type-post","status-publish","format-standard","has-post-thumbnail","hentry","category-politique","category-toutes-les-actualites","tag-africa-press","tag-africa-press-congo-brazzaville","tag-congo-brazzaville"],"yoast_head":"<!-- This site is optimized with the Yoast SEO Premium plugin v26.1 (Yoast SEO v27.0) - https:\/\/yoast.com\/product\/yoast-seo-premium-wordpress\/ -->\n<title>Salon Osiane 2023: l&#039;\u00e9quipe d&#039;organisation contacte des investisseurs \u00e0 Paris et Bruxelles - Congo Brazzaville<\/title>\n<meta name=\"description\" content=\"En deux e\u0301tapes, Paris et Bruxelles, l\u2019e\u0301quipe conduite par Luc Missidimbazi, pre\u0301sident de l\u2019organisation non gouver ...\" \/>\n<meta name=\"robots\" content=\"index, follow, max-snippet:-1, max-image-preview:large, max-video-preview:-1\" \/>\n<link rel=\"canonical\" href=\"https:\/\/www.africa-press.net\/congo-brazzaville\/politique\/salon-osiane-2023-lequipe-dorganisation-contacte-des-investisseurs-a-paris-et-bruxelles\" \/>\n<meta property=\"og:locale\" content=\"fr_FR\" \/>\n<meta property=\"og:type\" content=\"article\" \/>\n<meta property=\"og:title\" content=\"Salon Osiane 2023: l&#039;\u00e9quipe d&#039;organisation contacte des investisseurs \u00e0 Paris et Bruxelles\" \/>\n<meta property=\"og:description\" content=\"En deux e\u0301tapes, Paris et Bruxelles, l\u2019e\u0301quipe conduite par Luc Missidimbazi, pre\u0301sident de l\u2019organisation non gouver ...\" \/>\n<meta property=\"og:url\" content=\"https:\/\/www.africa-press.net\/congo-brazzaville\/politique\/salon-osiane-2023-lequipe-dorganisation-contacte-des-investisseurs-a-paris-et-bruxelles\" \/>\n<meta property=\"og:site_name\" content=\"Congo Brazzaville\" \/>\n<meta property=\"article:published_time\" content=\"2023-02-17T20:20:00+00:00\" \/>\n<meta property=\"article:modified_time\" content=\"2023-02-17T21:37:35+00:00\" \/>\n<meta property=\"og:image\" content=\"https:\/\/static.africa-press.net\/congo-brazzaville\/sites\/51\/2023\/02\/postQueueImg_1676652923.81.jpg\" \/>\n\t<meta property=\"og:image:width\" content=\"1280\" \/>\n\t<meta property=\"og:image:height\" content=\"720\" \/>\n\t<meta property=\"og:image:type\" content=\"image\/jpeg\" \/>\n<meta name=\"author\" content=\"cfeditorfr\" \/>\n<meta name=\"twitter:card\" content=\"summary_large_image\" \/>\n<meta name=\"twitter:label1\" content=\"\u00c9crit par\" \/>\n\t<meta name=\"twitter:data1\" content=\"cfeditorfr\" \/>\n\t<meta name=\"twitter:label2\" content=\"Dur\u00e9e de lecture estim\u00e9e\" \/>\n\t<meta name=\"twitter:data2\" content=\"6 minutes\" \/>\n<script type=\"application\/ld+json\" class=\"yoast-schema-graph\">{\"@context\":\"https:\/\/schema.org\",\"@graph\":[{\"@type\":\"Article\",\"@id\":\"https:\/\/www.africa-press.net\/congo-brazzaville\/politique\/salon-osiane-2023-lequipe-dorganisation-contacte-des-investisseurs-a-paris-et-bruxelles#article\",\"isPartOf\":{\"@id\":\"https:\/\/www.africa-press.net\/congo-brazzaville\/politique\/salon-osiane-2023-lequipe-dorganisation-contacte-des-investisseurs-a-paris-et-bruxelles\"},\"author\":{\"name\":\"cfeditorfr\",\"@id\":\"https:\/\/www.africa-press.net\/congo-brazzaville\/#\/schema\/person\/2b1cf3cd81a31e3cd26889ca66d677f1\"},\"headline\":\"Salon Osiane 2023: l&rsquo;\u00e9quipe d&rsquo;organisation contacte des investisseurs \u00e0 Paris et Bruxelles\",\"datePublished\":\"2023-02-17T20:20:00+00:00\",\"dateModified\":\"2023-02-17T21:37:35+00:00\",\"mainEntityOfPage\":{\"@id\":\"https:\/\/www.africa-press.net\/congo-brazzaville\/politique\/salon-osiane-2023-lequipe-dorganisation-contacte-des-investisseurs-a-paris-et-bruxelles\"},\"wordCount\":1153,\"commentCount\":0,\"image\":{\"@id\":\"https:\/\/www.africa-press.net\/congo-brazzaville\/politique\/salon-osiane-2023-lequipe-dorganisation-contacte-des-investisseurs-a-paris-et-bruxelles#primaryimage\"},\"thumbnailUrl\":\"https:\/\/static.africa-press.net\/congo-brazzaville\/sites\/51\/2023\/02\/postQueueImg_1676652923.81.jpg\",\"keywords\":[\"Africa Press\",\"Africa Press-Congo Brazzaville\",\"Congo Brazzaville\"],\"articleSection\":[\"Politique\",\"Toutes les actualit\u00e9s\"],\"inLanguage\":\"fr-FR\",\"potentialAction\":[{\"@type\":\"CommentAction\",\"name\":\"Comment\",\"target\":[\"https:\/\/www.africa-press.net\/congo-brazzaville\/politique\/salon-osiane-2023-lequipe-dorganisation-contacte-des-investisseurs-a-paris-et-bruxelles#respond\"]}]},{\"@type\":\"WebPage\",\"@id\":\"https:\/\/www.africa-press.net\/congo-brazzaville\/politique\/salon-osiane-2023-lequipe-dorganisation-contacte-des-investisseurs-a-paris-et-bruxelles\",\"url\":\"https:\/\/www.africa-press.net\/congo-brazzaville\/politique\/salon-osiane-2023-lequipe-dorganisation-contacte-des-investisseurs-a-paris-et-bruxelles\",\"name\":\"Salon Osiane 2023: l'\u00e9quipe d'organisation contacte des investisseurs \u00e0 Paris et Bruxelles - Congo Brazzaville\",\"isPartOf\":{\"@id\":\"https:\/\/www.africa-press.net\/congo-brazzaville\/#website\"},\"primaryImageOfPage\":{\"@id\":\"https:\/\/www.africa-press.net\/congo-brazzaville\/politique\/salon-osiane-2023-lequipe-dorganisation-contacte-des-investisseurs-a-paris-et-bruxelles#primaryimage\"},\"image\":{\"@id\":\"https:\/\/www.africa-press.net\/congo-brazzaville\/politique\/salon-osiane-2023-lequipe-dorganisation-contacte-des-investisseurs-a-paris-et-bruxelles#primaryimage\"},\"thumbnailUrl\":\"https:\/\/static.africa-press.net\/congo-brazzaville\/sites\/51\/2023\/02\/postQueueImg_1676652923.81.jpg\",\"datePublished\":\"2023-02-17T20:20:00+00:00\",\"dateModified\":\"2023-02-17T21:37:35+00:00\",\"author\":{\"@id\":\"https:\/\/www.africa-press.net\/congo-brazzaville\/#\/schema\/person\/2b1cf3cd81a31e3cd26889ca66d677f1\"},\"description\":\"En deux e\u0301tapes, Paris et Bruxelles, l\u2019e\u0301quipe conduite par Luc Missidimbazi, pre\u0301sident de l\u2019organisation non gouver ...\",\"breadcrumb\":{\"@id\":\"https:\/\/www.africa-press.net\/congo-brazzaville\/politique\/salon-osiane-2023-lequipe-dorganisation-contacte-des-investisseurs-a-paris-et-bruxelles#breadcrumb\"},\"inLanguage\":\"fr-FR\",\"potentialAction\":[{\"@type\":\"ReadAction\",\"target\":[\"https:\/\/www.africa-press.net\/congo-brazzaville\/politique\/salon-osiane-2023-lequipe-dorganisation-contacte-des-investisseurs-a-paris-et-bruxelles\"]}]},{\"@type\":\"ImageObject\",\"inLanguage\":\"fr-FR\",\"@id\":\"https:\/\/www.africa-press.net\/congo-brazzaville\/politique\/salon-osiane-2023-lequipe-dorganisation-contacte-des-investisseurs-a-paris-et-bruxelles#primaryimage\",\"url\":\"https:\/\/static.africa-press.net\/congo-brazzaville\/sites\/51\/2023\/02\/postQueueImg_1676652923.81.jpg\",\"contentUrl\":\"https:\/\/static.africa-press.net\/congo-brazzaville\/sites\/51\/2023\/02\/postQueueImg_1676652923.81.jpg\",\"width\":1280,\"height\":720,\"caption\":\"Salon Osiane 2023: l'\u00e9quipe d'organisation contacte des investisseurs \u00e0 Paris et Bruxelles\"},{\"@type\":\"BreadcrumbList\",\"@id\":\"https:\/\/www.africa-press.net\/congo-brazzaville\/politique\/salon-osiane-2023-lequipe-dorganisation-contacte-des-investisseurs-a-paris-et-bruxelles#breadcrumb\",\"itemListElement\":[{\"@type\":\"ListItem\",\"position\":1,\"name\":\"Accueil\",\"item\":\"https:\/\/www.africa-press.net\/congo-brazzaville\/\"},{\"@type\":\"ListItem\",\"position\":2,\"name\":\"Salon Osiane 2023: l&rsquo;\u00e9quipe d&rsquo;organisation contacte des investisseurs \u00e0 Paris et Bruxelles\"}]},{\"@type\":\"WebSite\",\"@id\":\"https:\/\/www.africa-press.net\/congo-brazzaville\/#website\",\"url\":\"https:\/\/www.africa-press.net\/congo-brazzaville\/\",\"name\":\"Congo Brazzaville\",\"description\":\"Just another Africa News Agency Sites site\",\"potentialAction\":[{\"@type\":\"SearchAction\",\"target\":{\"@type\":\"EntryPoint\",\"urlTemplate\":\"https:\/\/www.africa-press.net\/congo-brazzaville\/?s={search_term_string}\"},\"query-input\":{\"@type\":\"PropertyValueSpecification\",\"valueRequired\":true,\"valueName\":\"search_term_string\"}}],\"inLanguage\":\"fr-FR\"},{\"@type\":\"Person\",\"@id\":\"https:\/\/www.africa-press.net\/congo-brazzaville\/#\/schema\/person\/2b1cf3cd81a31e3cd26889ca66d677f1\",\"name\":\"cfeditorfr\"}]}<\/script>\n<!-- \/ Yoast SEO Premium plugin. -->","yoast_head_json":{"title":"Salon Osiane 2023: l'\u00e9quipe d'organisation contacte des investisseurs \u00e0 Paris et Bruxelles - Congo Brazzaville","description":"En deux e\u0301tapes, Paris et Bruxelles, l\u2019e\u0301quipe conduite par Luc Missidimbazi, pre\u0301sident de l\u2019organisation non gouver ...","robots":{"index":"index","follow":"follow","max-snippet":"max-snippet:-1","max-image-preview":"max-image-preview:large","max-video-preview":"max-video-preview:-1"},"canonical":"https:\/\/www.africa-press.net\/congo-brazzaville\/politique\/salon-osiane-2023-lequipe-dorganisation-contacte-des-investisseurs-a-paris-et-bruxelles","og_locale":"fr_FR","og_type":"article","og_title":"Salon Osiane 2023: l'\u00e9quipe d'organisation contacte des investisseurs \u00e0 Paris et Bruxelles","og_description":"En deux e\u0301tapes, Paris et Bruxelles, l\u2019e\u0301quipe conduite par Luc Missidimbazi, pre\u0301sident de l\u2019organisation non gouver ...","og_url":"https:\/\/www.africa-press.net\/congo-brazzaville\/politique\/salon-osiane-2023-lequipe-dorganisation-contacte-des-investisseurs-a-paris-et-bruxelles","og_site_name":"Congo Brazzaville","article_published_time":"2023-02-17T20:20:00+00:00","article_modified_time":"2023-02-17T21:37:35+00:00","og_image":[{"width":1280,"height":720,"url":"https:\/\/static.africa-press.net\/congo-brazzaville\/sites\/51\/2023\/02\/postQueueImg_1676652923.81.jpg","type":"image\/jpeg"}],"author":"cfeditorfr","twitter_card":"summary_large_image","twitter_misc":{"\u00c9crit par":"cfeditorfr","Dur\u00e9e de lecture estim\u00e9e":"6 minutes"},"schema":{"@context":"https:\/\/schema.org","@graph":[{"@type":"Article","@id":"https:\/\/www.africa-press.net\/congo-brazzaville\/politique\/salon-osiane-2023-lequipe-dorganisation-contacte-des-investisseurs-a-paris-et-bruxelles#article","isPartOf":{"@id":"https:\/\/www.africa-press.net\/congo-brazzaville\/politique\/salon-osiane-2023-lequipe-dorganisation-contacte-des-investisseurs-a-paris-et-bruxelles"},"author":{"name":"cfeditorfr","@id":"https:\/\/www.africa-press.net\/congo-brazzaville\/#\/schema\/person\/2b1cf3cd81a31e3cd26889ca66d677f1"},"headline":"Salon Osiane 2023: l&rsquo;\u00e9quipe d&rsquo;organisation contacte des investisseurs \u00e0 Paris et Bruxelles","datePublished":"2023-02-17T20:20:00+00:00","dateModified":"2023-02-17T21:37:35+00:00","mainEntityOfPage":{"@id":"https:\/\/www.africa-press.net\/congo-brazzaville\/politique\/salon-osiane-2023-lequipe-dorganisation-contacte-des-investisseurs-a-paris-et-bruxelles"},"wordCount":1153,"commentCount":0,"image":{"@id":"https:\/\/www.africa-press.net\/congo-brazzaville\/politique\/salon-osiane-2023-lequipe-dorganisation-contacte-des-investisseurs-a-paris-et-bruxelles#primaryimage"},"thumbnailUrl":"https:\/\/static.africa-press.net\/congo-brazzaville\/sites\/51\/2023\/02\/postQueueImg_1676652923.81.jpg","keywords":["Africa Press","Africa Press-Congo Brazzaville","Congo Brazzaville"],"articleSection":["Politique","Toutes les actualit\u00e9s"],"inLanguage":"fr-FR","potentialAction":[{"@type":"CommentAction","name":"Comment","target":["https:\/\/www.africa-press.net\/congo-brazzaville\/politique\/salon-osiane-2023-lequipe-dorganisation-contacte-des-investisseurs-a-paris-et-bruxelles#respond"]}]},{"@type":"WebPage","@id":"https:\/\/www.africa-press.net\/congo-brazzaville\/politique\/salon-osiane-2023-lequipe-dorganisation-contacte-des-investisseurs-a-paris-et-bruxelles","url":"https:\/\/www.africa-press.net\/congo-brazzaville\/politique\/salon-osiane-2023-lequipe-dorganisation-contacte-des-investisseurs-a-paris-et-bruxelles","name":"Salon Osiane 2023: l'\u00e9quipe d'organisation contacte des investisseurs \u00e0 Paris et Bruxelles - Congo Brazzaville","isPartOf":{"@id":"https:\/\/www.africa-press.net\/congo-brazzaville\/#website"},"primaryImageOfPage":{"@id":"https:\/\/www.africa-press.net\/congo-brazzaville\/politique\/salon-osiane-2023-lequipe-dorganisation-contacte-des-investisseurs-a-paris-et-bruxelles#primaryimage"},"image":{"@id":"https:\/\/www.africa-press.net\/congo-brazzaville\/politique\/salon-osiane-2023-lequipe-dorganisation-contacte-des-investisseurs-a-paris-et-bruxelles#primaryimage"},"thumbnailUrl":"https:\/\/static.africa-press.net\/congo-brazzaville\/sites\/51\/2023\/02\/postQueueImg_1676652923.81.jpg","datePublished":"2023-02-17T20:20:00+00:00","dateModified":"2023-02-17T21:37:35+00:00","author":{"@id":"https:\/\/www.africa-press.net\/congo-brazzaville\/#\/schema\/person\/2b1cf3cd81a31e3cd26889ca66d677f1"},"description":"En deux e\u0301tapes, Paris et Bruxelles, l\u2019e\u0301quipe conduite par Luc Missidimbazi, pre\u0301sident de l\u2019organisation non gouver ...","breadcrumb":{"@id":"https:\/\/www.africa-press.net\/congo-brazzaville\/politique\/salon-osiane-2023-lequipe-dorganisation-contacte-des-investisseurs-a-paris-et-bruxelles#breadcrumb"},"inLanguage":"fr-FR","potentialAction":[{"@type":"ReadAction","target":["https:\/\/www.africa-press.net\/congo-brazzaville\/politique\/salon-osiane-2023-lequipe-dorganisation-contacte-des-investisseurs-a-paris-et-bruxelles"]}]},{"@type":"ImageObject","inLanguage":"fr-FR","@id":"https:\/\/www.africa-press.net\/congo-brazzaville\/politique\/salon-osiane-2023-lequipe-dorganisation-contacte-des-investisseurs-a-paris-et-bruxelles#primaryimage","url":"https:\/\/static.africa-press.net\/congo-brazzaville\/sites\/51\/2023\/02\/postQueueImg_1676652923.81.jpg","contentUrl":"https:\/\/static.africa-press.net\/congo-brazzaville\/sites\/51\/2023\/02\/postQueueImg_1676652923.81.jpg","width":1280,"height":720,"caption":"Salon Osiane 2023: l'\u00e9quipe d'organisation contacte des investisseurs \u00e0 Paris et Bruxelles"},{"@type":"BreadcrumbList","@id":"https:\/\/www.africa-press.net\/congo-brazzaville\/politique\/salon-osiane-2023-lequipe-dorganisation-contacte-des-investisseurs-a-paris-et-bruxelles#breadcrumb","itemListElement":[{"@type":"ListItem","position":1,"name":"Accueil","item":"https:\/\/www.africa-press.net\/congo-brazzaville\/"},{"@type":"ListItem","position":2,"name":"Salon Osiane 2023: l&rsquo;\u00e9quipe d&rsquo;organisation contacte des investisseurs \u00e0 Paris et Bruxelles"}]},{"@type":"WebSite","@id":"https:\/\/www.africa-press.net\/congo-brazzaville\/#website","url":"https:\/\/www.africa-press.net\/congo-brazzaville\/","name":"Congo Brazzaville","description":"Just another Africa News Agency Sites site","potentialAction":[{"@type":"SearchAction","target":{"@type":"EntryPoint","urlTemplate":"https:\/\/www.africa-press.net\/congo-brazzaville\/?s={search_term_string}"},"query-input":{"@type":"PropertyValueSpecification","valueRequired":true,"valueName":"search_term_string"}}],"inLanguage":"fr-FR"},{"@type":"Person","@id":"https:\/\/www.africa-press.net\/congo-brazzaville\/#\/schema\/person\/2b1cf3cd81a31e3cd26889ca66d677f1","name":"cfeditorfr"}]}},"_links":{"self":[{"href":"https:\/\/www.africa-press.net\/congo-brazzaville\/wp-json\/wp\/v2\/posts\/14553","targetHints":{"allow":["GET"]}}],"collection":[{"href":"https:\/\/www.africa-press.net\/congo-brazzaville\/wp-json\/wp\/v2\/posts"}],"about":[{"href":"https:\/\/www.africa-press.net\/congo-brazzaville\/wp-json\/wp\/v2\/types\/post"}],"author":[{"embeddable":true,"href":"https:\/\/www.africa-press.net\/congo-brazzaville\/wp-json\/wp\/v2\/users\/82"}],"replies":[{"embeddable":true,"href":"https:\/\/www.africa-press.net\/congo-brazzaville\/wp-json\/wp\/v2\/comments?post=14553"}],"version-history":[{"count":0,"href":"https:\/\/www.africa-press.net\/congo-brazzaville\/wp-json\/wp\/v2\/posts\/14553\/revisions"}],"wp:featuredmedia":[{"embeddable":true,"href":"https:\/\/www.africa-press.net\/congo-brazzaville\/wp-json\/wp\/v2\/media\/14552"}],"wp:attachment":[{"href":"https:\/\/www.africa-press.net\/congo-brazzaville\/wp-json\/wp\/v2\/media?parent=14553"}],"wp:term":[{"taxonomy":"category","embeddable":true,"href":"https:\/\/www.africa-press.net\/congo-brazzaville\/wp-json\/wp\/v2\/categories?post=14553"},{"taxonomy":"post_tag","embeddable":true,"href":"https:\/\/www.africa-press.net\/congo-brazzaville\/wp-json\/wp\/v2\/tags?post=14553"}],"curies":[{"name":"wp","href":"https:\/\/api.w.org\/{rel}","templated":true}]}}