{"id":14560,"date":"2023-02-18T12:44:40","date_gmt":"2023-02-18T12:44:40","guid":{"rendered":"https:\/\/www.africa-press.net\/congo-brazzaville\/politique\/kouilou-la-deuxieme-session-budgetaire-ouverte-vendredi"},"modified":"2023-02-18T12:50:45","modified_gmt":"2023-02-18T12:50:45","slug":"kouilou-la-deuxieme-session-budgetaire-ouverte-vendredi","status":"publish","type":"post","link":"https:\/\/www.africa-press.net\/congo-brazzaville\/politique\/kouilou-la-deuxieme-session-budgetaire-ouverte-vendredi","title":{"rendered":"Kouilou: la deuxi\u00e8me  session budg\u00e9taire ouverte vendredi"},"content":{"rendered":"<p><span style=\"color: #ff6600\"><strong>Africa-Press &#8211; Congo Brazzaville. <\/strong><\/span><b>Les travaux de la session budge\u0301taire se sont ouverts le 17 fe\u0301vrier au sie\u0300ge du Conseil de\u0301partemental du Kouilou, a\u0300 Loango, sous la direction d\u2019Alexandre Mabiala, pre\u0301sident de cette institution, avec a\u0300 ses co\u0302te\u0301s Paul Adam Dibouilou, pre\u0301fet de ce de\u0301partement. <\/b><\/p>\n<p>Quatorze affaires sont soumises a\u0300 l\u2019examen des e\u0301lus locaux du Kouilou au cours de ces assises, a\u0300 savoir l\u2019examen du projet du budget primitif du Conseil de\u0301partemental du Kouilou exercice 2023 ; l\u2019examen du projet de de\u0301libe\u0301ration portant adoption du budget primitif du Conseil de\u0301partemental du Kouilou exercice 2023 ; l\u2019examen du projet de compte administratif du Conseil de\u0301partemental du Kouilou exercice 2022 et autres.<\/p>\n<p>Ouvrant les travaux, Alexandre Mabiala a signifie\u0301 qu&rsquo;ils devront tenir compte du contexte actuel marque\u0301 par plusieurs indicateurs dont l\u2019impact est visible tant au plan national que local, avec des notes d\u2019espoir pour transcender les craintes dues a\u0300 la hausse du cou\u0302t de la vie, et de l\u2019arre\u0302t qu\u2019ont connu plusieurs chantiers suite a\u0300 l\u2019incapacite\u0301 actuelle de la collectivite\u0301 locale de faire face a\u0300 certaines obligations administratives et sociales.<\/p>\n<p>\u00ab Le 28 novembre 2022 dernier, s\u2019adressant au Parlement re\u0301uni en congre\u0300s, le pre\u0301sident de la Re\u0301publique a voulu rassurer les de\u0301cideurs locaux et les communaute\u0301s rurales que sa de\u0301termination a\u0300 soutenir le processus de de\u0301centralisation engage\u0301 pour impulser le de\u0301veloppement local est totale et irre\u0301versible. En outre, le lancement des projets importants, par ce dernier, dans les de\u0301partements du Kouilou et de Pointe-Noire, notamment la construction de l\u2019universite\u0301 de Loango, de la zone e\u0301conomique spe\u0301ciale de Pointe-Noire et du Kouilou, sont autant d\u2019indicateurs de la volonte\u0301 du gouvernement de la Re\u0301publique d\u2019aller de l\u2019avant. Notre sens d\u2019initiative est alors un facteur de\u0301terminant pour le succe\u0300s de cette mission. Il appartient a\u0300 la collectivite\u0301 locale, que nous sommes, de cre\u0301er des conditions de notre e\u0301mergence gra\u0302ce aux avantages que nous conce\u0300de l\u2019Etat par le biais de la gestion de\u0301centralise\u0301e \u00bb, a-t-il de\u0301clare\u0301.<\/p>\n<p>Notons que ces retrouvailles s\u2019ache\u0300veront le 27 fe\u0301vrier. La ce\u0301re\u0301monie d&rsquo;ouverture a e\u0301te\u0301 marque\u0301e par l\u2019observation d\u2019une minute de silence en me\u0301moire de Joseph Mavoungou, Albert Dembi, Roger Marcel Gnali-Gomez, respectivement secre\u0301taire du bureau exe\u0301cutif du Kouilou, doyen d\u2019a\u0302ge et fondateur du notariat congolais. Ces assises sont convoque\u0301es conforme\u0301ment a\u0300 l\u2019arre\u0302te\u0301 n\u00b00001\/DK\/CD\/BE\/S du 3 janvier 2023.<\/p>\n<p><strong>Pour plus d&rsquo;informations et d&rsquo;analyses sur la <a href=\"https:\/\/www.africa-press.net\/congo-brazzaville\">Congo Brazzaville<\/a>, suivez <a href=\"https:\/\/www.africa-press.net\/\">Africa-Press<\/a><\/strong><\/p>\n","protected":false},"excerpt":{"rendered":"<p>Africa-Press &#8211; Congo Brazzaville. Les travaux de la session budge\u0301taire se sont ouverts le 17 fe\u0301vrier au sie\u0300ge du Conseil de\u0301partemental du Kouilou, a\u0300 Loango, sous la direction d\u2019Alexandre Mabiala, pre\u0301sident de cette institution, avec a\u0300 ses co\u0302te\u0301s Paul Adam Dibouilou, pre\u0301fet de ce de\u0301partement. Quatorze affaires sont soumises a\u0300 l\u2019examen des e\u0301lus locaux du [&hellip;]<\/p>\n","protected":false},"author":82,"featured_media":14559,"comment_status":"open","ping_status":"closed","sticky":false,"template":"","format":"standard","meta":{"footnotes":""},"categories":[2,10],"tags":[36,47,46],"class_list":["post-14560","post","type-post","status-publish","format-standard","has-post-thumbnail","hentry","category-politique","category-toutes-les-actualites","tag-africa-press","tag-africa-press-congo-brazzaville","tag-congo-brazzaville"],"yoast_head":"<!-- This site is optimized with the Yoast SEO Premium plugin v26.1 (Yoast SEO v27.0) - https:\/\/yoast.com\/product\/yoast-seo-premium-wordpress\/ -->\n<title>Kouilou: la deuxi\u00e8me session budg\u00e9taire ouverte vendredi - Congo Brazzaville<\/title>\n<meta name=\"description\" content=\"Les travaux de la session budge\u0301taire se sont ouverts le 17 fe\u0301vrier au sie\u0300ge du Conseil de\u0301partemental du Kouilou, ...\" \/>\n<meta name=\"robots\" content=\"index, follow, max-snippet:-1, max-image-preview:large, max-video-preview:-1\" \/>\n<link rel=\"canonical\" href=\"https:\/\/www.africa-press.net\/congo-brazzaville\/politique\/kouilou-la-deuxieme-session-budgetaire-ouverte-vendredi\" \/>\n<meta property=\"og:locale\" content=\"fr_FR\" \/>\n<meta property=\"og:type\" content=\"article\" \/>\n<meta property=\"og:title\" content=\"Kouilou: la deuxi\u00e8me session budg\u00e9taire ouverte vendredi\" \/>\n<meta property=\"og:description\" content=\"Les travaux de la session budge\u0301taire se sont ouverts le 17 fe\u0301vrier au sie\u0300ge du Conseil de\u0301partemental du Kouilou, ...\" \/>\n<meta property=\"og:url\" content=\"https:\/\/www.africa-press.net\/congo-brazzaville\/politique\/kouilou-la-deuxieme-session-budgetaire-ouverte-vendredi\" \/>\n<meta property=\"og:site_name\" content=\"Congo Brazzaville\" \/>\n<meta property=\"article:published_time\" content=\"2023-02-18T12:44:40+00:00\" \/>\n<meta property=\"article:modified_time\" content=\"2023-02-18T12:50:45+00:00\" \/>\n<meta property=\"og:image\" content=\"https:\/\/static.africa-press.net\/congo-brazzaville\/sites\/51\/2023\/02\/postQueueImg_1676711684.14.jpg\" \/>\n\t<meta property=\"og:image:width\" content=\"1365\" \/>\n\t<meta property=\"og:image:height\" content=\"768\" \/>\n\t<meta property=\"og:image:type\" content=\"image\/jpeg\" \/>\n<meta name=\"author\" content=\"cfeditorfr\" \/>\n<meta name=\"twitter:card\" content=\"summary_large_image\" \/>\n<meta name=\"twitter:label1\" content=\"\u00c9crit par\" \/>\n\t<meta name=\"twitter:data1\" content=\"cfeditorfr\" \/>\n\t<meta name=\"twitter:label2\" content=\"Dur\u00e9e de lecture estim\u00e9e\" \/>\n\t<meta name=\"twitter:data2\" content=\"2 minutes\" \/>\n<script type=\"application\/ld+json\" class=\"yoast-schema-graph\">{\"@context\":\"https:\/\/schema.org\",\"@graph\":[{\"@type\":\"Article\",\"@id\":\"https:\/\/www.africa-press.net\/congo-brazzaville\/politique\/kouilou-la-deuxieme-session-budgetaire-ouverte-vendredi#article\",\"isPartOf\":{\"@id\":\"https:\/\/www.africa-press.net\/congo-brazzaville\/politique\/kouilou-la-deuxieme-session-budgetaire-ouverte-vendredi\"},\"author\":{\"name\":\"cfeditorfr\",\"@id\":\"https:\/\/www.africa-press.net\/congo-brazzaville\/#\/schema\/person\/2b1cf3cd81a31e3cd26889ca66d677f1\"},\"headline\":\"Kouilou: la deuxi\u00e8me session budg\u00e9taire ouverte vendredi\",\"datePublished\":\"2023-02-18T12:44:40+00:00\",\"dateModified\":\"2023-02-18T12:50:45+00:00\",\"mainEntityOfPage\":{\"@id\":\"https:\/\/www.africa-press.net\/congo-brazzaville\/politique\/kouilou-la-deuxieme-session-budgetaire-ouverte-vendredi\"},\"wordCount\":467,\"commentCount\":0,\"image\":{\"@id\":\"https:\/\/www.africa-press.net\/congo-brazzaville\/politique\/kouilou-la-deuxieme-session-budgetaire-ouverte-vendredi#primaryimage\"},\"thumbnailUrl\":\"https:\/\/static.africa-press.net\/congo-brazzaville\/sites\/51\/2023\/02\/postQueueImg_1676711684.14.jpg\",\"keywords\":[\"Africa Press\",\"Africa Press-Congo Brazzaville\",\"Congo Brazzaville\"],\"articleSection\":[\"Politique\",\"Toutes les actualit\u00e9s\"],\"inLanguage\":\"fr-FR\",\"potentialAction\":[{\"@type\":\"CommentAction\",\"name\":\"Comment\",\"target\":[\"https:\/\/www.africa-press.net\/congo-brazzaville\/politique\/kouilou-la-deuxieme-session-budgetaire-ouverte-vendredi#respond\"]}]},{\"@type\":\"WebPage\",\"@id\":\"https:\/\/www.africa-press.net\/congo-brazzaville\/politique\/kouilou-la-deuxieme-session-budgetaire-ouverte-vendredi\",\"url\":\"https:\/\/www.africa-press.net\/congo-brazzaville\/politique\/kouilou-la-deuxieme-session-budgetaire-ouverte-vendredi\",\"name\":\"Kouilou: la deuxi\u00e8me session budg\u00e9taire ouverte vendredi - Congo Brazzaville\",\"isPartOf\":{\"@id\":\"https:\/\/www.africa-press.net\/congo-brazzaville\/#website\"},\"primaryImageOfPage\":{\"@id\":\"https:\/\/www.africa-press.net\/congo-brazzaville\/politique\/kouilou-la-deuxieme-session-budgetaire-ouverte-vendredi#primaryimage\"},\"image\":{\"@id\":\"https:\/\/www.africa-press.net\/congo-brazzaville\/politique\/kouilou-la-deuxieme-session-budgetaire-ouverte-vendredi#primaryimage\"},\"thumbnailUrl\":\"https:\/\/static.africa-press.net\/congo-brazzaville\/sites\/51\/2023\/02\/postQueueImg_1676711684.14.jpg\",\"datePublished\":\"2023-02-18T12:44:40+00:00\",\"dateModified\":\"2023-02-18T12:50:45+00:00\",\"author\":{\"@id\":\"https:\/\/www.africa-press.net\/congo-brazzaville\/#\/schema\/person\/2b1cf3cd81a31e3cd26889ca66d677f1\"},\"description\":\"Les travaux de la session budge\u0301taire se sont ouverts le 17 fe\u0301vrier au sie\u0300ge du Conseil de\u0301partemental du Kouilou, ...\",\"breadcrumb\":{\"@id\":\"https:\/\/www.africa-press.net\/congo-brazzaville\/politique\/kouilou-la-deuxieme-session-budgetaire-ouverte-vendredi#breadcrumb\"},\"inLanguage\":\"fr-FR\",\"potentialAction\":[{\"@type\":\"ReadAction\",\"target\":[\"https:\/\/www.africa-press.net\/congo-brazzaville\/politique\/kouilou-la-deuxieme-session-budgetaire-ouverte-vendredi\"]}]},{\"@type\":\"ImageObject\",\"inLanguage\":\"fr-FR\",\"@id\":\"https:\/\/www.africa-press.net\/congo-brazzaville\/politique\/kouilou-la-deuxieme-session-budgetaire-ouverte-vendredi#primaryimage\",\"url\":\"https:\/\/static.africa-press.net\/congo-brazzaville\/sites\/51\/2023\/02\/postQueueImg_1676711684.14.jpg\",\"contentUrl\":\"https:\/\/static.africa-press.net\/congo-brazzaville\/sites\/51\/2023\/02\/postQueueImg_1676711684.14.jpg\",\"width\":1365,\"height\":768,\"caption\":\"Kouilou: la deuxi\u00e8me session budg\u00e9taire ouverte vendredi\"},{\"@type\":\"BreadcrumbList\",\"@id\":\"https:\/\/www.africa-press.net\/congo-brazzaville\/politique\/kouilou-la-deuxieme-session-budgetaire-ouverte-vendredi#breadcrumb\",\"itemListElement\":[{\"@type\":\"ListItem\",\"position\":1,\"name\":\"Accueil\",\"item\":\"https:\/\/www.africa-press.net\/congo-brazzaville\/\"},{\"@type\":\"ListItem\",\"position\":2,\"name\":\"Kouilou: la deuxi\u00e8me session budg\u00e9taire ouverte vendredi\"}]},{\"@type\":\"WebSite\",\"@id\":\"https:\/\/www.africa-press.net\/congo-brazzaville\/#website\",\"url\":\"https:\/\/www.africa-press.net\/congo-brazzaville\/\",\"name\":\"Congo Brazzaville\",\"description\":\"Just another Africa News Agency Sites site\",\"potentialAction\":[{\"@type\":\"SearchAction\",\"target\":{\"@type\":\"EntryPoint\",\"urlTemplate\":\"https:\/\/www.africa-press.net\/congo-brazzaville\/?s={search_term_string}\"},\"query-input\":{\"@type\":\"PropertyValueSpecification\",\"valueRequired\":true,\"valueName\":\"search_term_string\"}}],\"inLanguage\":\"fr-FR\"},{\"@type\":\"Person\",\"@id\":\"https:\/\/www.africa-press.net\/congo-brazzaville\/#\/schema\/person\/2b1cf3cd81a31e3cd26889ca66d677f1\",\"name\":\"cfeditorfr\"}]}<\/script>\n<!-- \/ Yoast SEO Premium plugin. -->","yoast_head_json":{"title":"Kouilou: la deuxi\u00e8me session budg\u00e9taire ouverte vendredi - Congo Brazzaville","description":"Les travaux de la session budge\u0301taire se sont ouverts le 17 fe\u0301vrier au sie\u0300ge du Conseil de\u0301partemental du Kouilou, ...","robots":{"index":"index","follow":"follow","max-snippet":"max-snippet:-1","max-image-preview":"max-image-preview:large","max-video-preview":"max-video-preview:-1"},"canonical":"https:\/\/www.africa-press.net\/congo-brazzaville\/politique\/kouilou-la-deuxieme-session-budgetaire-ouverte-vendredi","og_locale":"fr_FR","og_type":"article","og_title":"Kouilou: la deuxi\u00e8me session budg\u00e9taire ouverte vendredi","og_description":"Les travaux de la session budge\u0301taire se sont ouverts le 17 fe\u0301vrier au sie\u0300ge du Conseil de\u0301partemental du Kouilou, ...","og_url":"https:\/\/www.africa-press.net\/congo-brazzaville\/politique\/kouilou-la-deuxieme-session-budgetaire-ouverte-vendredi","og_site_name":"Congo Brazzaville","article_published_time":"2023-02-18T12:44:40+00:00","article_modified_time":"2023-02-18T12:50:45+00:00","og_image":[{"width":1365,"height":768,"url":"https:\/\/static.africa-press.net\/congo-brazzaville\/sites\/51\/2023\/02\/postQueueImg_1676711684.14.jpg","type":"image\/jpeg"}],"author":"cfeditorfr","twitter_card":"summary_large_image","twitter_misc":{"\u00c9crit par":"cfeditorfr","Dur\u00e9e de lecture estim\u00e9e":"2 minutes"},"schema":{"@context":"https:\/\/schema.org","@graph":[{"@type":"Article","@id":"https:\/\/www.africa-press.net\/congo-brazzaville\/politique\/kouilou-la-deuxieme-session-budgetaire-ouverte-vendredi#article","isPartOf":{"@id":"https:\/\/www.africa-press.net\/congo-brazzaville\/politique\/kouilou-la-deuxieme-session-budgetaire-ouverte-vendredi"},"author":{"name":"cfeditorfr","@id":"https:\/\/www.africa-press.net\/congo-brazzaville\/#\/schema\/person\/2b1cf3cd81a31e3cd26889ca66d677f1"},"headline":"Kouilou: la deuxi\u00e8me session budg\u00e9taire ouverte vendredi","datePublished":"2023-02-18T12:44:40+00:00","dateModified":"2023-02-18T12:50:45+00:00","mainEntityOfPage":{"@id":"https:\/\/www.africa-press.net\/congo-brazzaville\/politique\/kouilou-la-deuxieme-session-budgetaire-ouverte-vendredi"},"wordCount":467,"commentCount":0,"image":{"@id":"https:\/\/www.africa-press.net\/congo-brazzaville\/politique\/kouilou-la-deuxieme-session-budgetaire-ouverte-vendredi#primaryimage"},"thumbnailUrl":"https:\/\/static.africa-press.net\/congo-brazzaville\/sites\/51\/2023\/02\/postQueueImg_1676711684.14.jpg","keywords":["Africa Press","Africa Press-Congo Brazzaville","Congo Brazzaville"],"articleSection":["Politique","Toutes les actualit\u00e9s"],"inLanguage":"fr-FR","potentialAction":[{"@type":"CommentAction","name":"Comment","target":["https:\/\/www.africa-press.net\/congo-brazzaville\/politique\/kouilou-la-deuxieme-session-budgetaire-ouverte-vendredi#respond"]}]},{"@type":"WebPage","@id":"https:\/\/www.africa-press.net\/congo-brazzaville\/politique\/kouilou-la-deuxieme-session-budgetaire-ouverte-vendredi","url":"https:\/\/www.africa-press.net\/congo-brazzaville\/politique\/kouilou-la-deuxieme-session-budgetaire-ouverte-vendredi","name":"Kouilou: la deuxi\u00e8me session budg\u00e9taire ouverte vendredi - Congo Brazzaville","isPartOf":{"@id":"https:\/\/www.africa-press.net\/congo-brazzaville\/#website"},"primaryImageOfPage":{"@id":"https:\/\/www.africa-press.net\/congo-brazzaville\/politique\/kouilou-la-deuxieme-session-budgetaire-ouverte-vendredi#primaryimage"},"image":{"@id":"https:\/\/www.africa-press.net\/congo-brazzaville\/politique\/kouilou-la-deuxieme-session-budgetaire-ouverte-vendredi#primaryimage"},"thumbnailUrl":"https:\/\/static.africa-press.net\/congo-brazzaville\/sites\/51\/2023\/02\/postQueueImg_1676711684.14.jpg","datePublished":"2023-02-18T12:44:40+00:00","dateModified":"2023-02-18T12:50:45+00:00","author":{"@id":"https:\/\/www.africa-press.net\/congo-brazzaville\/#\/schema\/person\/2b1cf3cd81a31e3cd26889ca66d677f1"},"description":"Les travaux de la session budge\u0301taire se sont ouverts le 17 fe\u0301vrier au sie\u0300ge du Conseil de\u0301partemental du Kouilou, ...","breadcrumb":{"@id":"https:\/\/www.africa-press.net\/congo-brazzaville\/politique\/kouilou-la-deuxieme-session-budgetaire-ouverte-vendredi#breadcrumb"},"inLanguage":"fr-FR","potentialAction":[{"@type":"ReadAction","target":["https:\/\/www.africa-press.net\/congo-brazzaville\/politique\/kouilou-la-deuxieme-session-budgetaire-ouverte-vendredi"]}]},{"@type":"ImageObject","inLanguage":"fr-FR","@id":"https:\/\/www.africa-press.net\/congo-brazzaville\/politique\/kouilou-la-deuxieme-session-budgetaire-ouverte-vendredi#primaryimage","url":"https:\/\/static.africa-press.net\/congo-brazzaville\/sites\/51\/2023\/02\/postQueueImg_1676711684.14.jpg","contentUrl":"https:\/\/static.africa-press.net\/congo-brazzaville\/sites\/51\/2023\/02\/postQueueImg_1676711684.14.jpg","width":1365,"height":768,"caption":"Kouilou: la deuxi\u00e8me session budg\u00e9taire ouverte vendredi"},{"@type":"BreadcrumbList","@id":"https:\/\/www.africa-press.net\/congo-brazzaville\/politique\/kouilou-la-deuxieme-session-budgetaire-ouverte-vendredi#breadcrumb","itemListElement":[{"@type":"ListItem","position":1,"name":"Accueil","item":"https:\/\/www.africa-press.net\/congo-brazzaville\/"},{"@type":"ListItem","position":2,"name":"Kouilou: la deuxi\u00e8me session budg\u00e9taire ouverte vendredi"}]},{"@type":"WebSite","@id":"https:\/\/www.africa-press.net\/congo-brazzaville\/#website","url":"https:\/\/www.africa-press.net\/congo-brazzaville\/","name":"Congo Brazzaville","description":"Just another Africa News Agency Sites site","potentialAction":[{"@type":"SearchAction","target":{"@type":"EntryPoint","urlTemplate":"https:\/\/www.africa-press.net\/congo-brazzaville\/?s={search_term_string}"},"query-input":{"@type":"PropertyValueSpecification","valueRequired":true,"valueName":"search_term_string"}}],"inLanguage":"fr-FR"},{"@type":"Person","@id":"https:\/\/www.africa-press.net\/congo-brazzaville\/#\/schema\/person\/2b1cf3cd81a31e3cd26889ca66d677f1","name":"cfeditorfr"}]}},"_links":{"self":[{"href":"https:\/\/www.africa-press.net\/congo-brazzaville\/wp-json\/wp\/v2\/posts\/14560","targetHints":{"allow":["GET"]}}],"collection":[{"href":"https:\/\/www.africa-press.net\/congo-brazzaville\/wp-json\/wp\/v2\/posts"}],"about":[{"href":"https:\/\/www.africa-press.net\/congo-brazzaville\/wp-json\/wp\/v2\/types\/post"}],"author":[{"embeddable":true,"href":"https:\/\/www.africa-press.net\/congo-brazzaville\/wp-json\/wp\/v2\/users\/82"}],"replies":[{"embeddable":true,"href":"https:\/\/www.africa-press.net\/congo-brazzaville\/wp-json\/wp\/v2\/comments?post=14560"}],"version-history":[{"count":0,"href":"https:\/\/www.africa-press.net\/congo-brazzaville\/wp-json\/wp\/v2\/posts\/14560\/revisions"}],"wp:featuredmedia":[{"embeddable":true,"href":"https:\/\/www.africa-press.net\/congo-brazzaville\/wp-json\/wp\/v2\/media\/14559"}],"wp:attachment":[{"href":"https:\/\/www.africa-press.net\/congo-brazzaville\/wp-json\/wp\/v2\/media?parent=14560"}],"wp:term":[{"taxonomy":"category","embeddable":true,"href":"https:\/\/www.africa-press.net\/congo-brazzaville\/wp-json\/wp\/v2\/categories?post=14560"},{"taxonomy":"post_tag","embeddable":true,"href":"https:\/\/www.africa-press.net\/congo-brazzaville\/wp-json\/wp\/v2\/tags?post=14560"}],"curies":[{"name":"wp","href":"https:\/\/api.w.org\/{rel}","templated":true}]}}