{"id":14565,"date":"2023-02-18T12:45:23","date_gmt":"2023-02-18T12:45:23","guid":{"rendered":"https:\/\/www.africa-press.net\/congo-brazzaville\/politique\/le-promoteur-de-lacafet-annonce-la-rentree-footballistique-pour-mars-2023"},"modified":"2023-02-18T12:52:04","modified_gmt":"2023-02-18T12:52:04","slug":"le-promoteur-de-lacafet-annonce-la-rentree-footballistique-pour-mars-2023","status":"publish","type":"post","link":"https:\/\/www.africa-press.net\/congo-brazzaville\/sports\/le-promoteur-de-lacafet-annonce-la-rentree-footballistique-pour-mars-2023","title":{"rendered":"le promoteur de l\u2019acafet annonce la rentr\u00e9e footballistique pour mars 2023"},"content":{"rendered":"<p><span style=\"color: #ff6600\"><strong>Africa-Press &#8211; Congo Brazzaville. <\/strong><\/span><b>Le promoteur de l\u2019Acade\u0301mie de football e\u0301tudes (ACAFET) de Ngania dans la Cuvette, Paul Victor Moigny a annonce\u0301 le 17 fe\u0301vrier, lors d\u2019une confe\u0301rence de presse anime\u0301e a\u0300 Brazzaville, la rentre\u0301e de la formation des acade\u0301miciens au football pour mars prochain. Il a ainsi fait un rappel sur cette acade\u0301mie, les conditions d\u2019acce\u0300s et la vocation de ce centre qui associe e\u0301tudes et formation du football.<\/b><\/p>\n<p>Ne\u0301e de la ne\u0301cessite\u0301 de re\u0301soudre la proble\u0301matique de la formation des jeunes au football afin de relever le niveau du sport roi en Re\u0301publique du Congo, l\u2019Acade\u0301mie de football e\u0301tudes (ACAFET) est fonctionnel sur son volet e\u0301tudes depuis la rentre\u0301e scolaire 2022-2023 et lancera le volet formation de football sous peu : \u00ab L\u2019ACAFET vient d\u2019ouvrir ses portes depuis la rentre\u0301e scolaire en cours ; le 7 janvier nous avons d\u2019ailleurs remis les cle\u0301s du site au ministre en charge de l\u2019enseignement primaire et secondaire. En mi-mars nous lancerons le volet formation du football \u00bb, a explique\u0301 Paul Victor Moigny, promoteur de l\u2019ACAFET et pre\u0301sident de l\u2019association pour la jeunesse et le football (PAJF).<\/p>\n<p>Le promoteur de cette acade\u0301mie est par ailleurs revenu sur les objectifs de sa structure : \u00ab L\u2019objectif pour nous, en cre\u0301ant cette acade\u0301mie, est de donner une dynamique nouvelle aux clubs et aux e\u0301quipes nationales des diffe\u0301rentes cate\u0301gories afin de permettre au football congolais de se de\u0301velopper \u00bb, a-t-il indique\u0301.<\/p>\n<p>L\u2019acce\u0300s a\u0300 cette acade\u0301mie s\u2019est fait a\u0300 l\u2019issue des tests organise\u0301s dans 13 sites dont 12 dans les 12 de\u0301partements du Congo et un dernier a\u0300 Ollombo, le district ho\u0302te de l\u2019Acade\u0301mie : \u00ab Les internes de l\u2019ACAFET sont dote\u0301s en e\u0301quipements sportifs et scolaires, assure\u0301s pour leurs e\u0301tudes et la formation du football, nourries, loge\u0301s aux frais de l\u2019acade\u0301mie \u00bb, a poursuivi, le pre\u0301sident de la PAJF.<\/p>\n<p>E\u0301tendue sur une superficie de 15 hectares a\u0300 Ngania, district d\u2019Ollombo dans le de\u0301partement de la Cuvette, l\u2019ACAFET accueille pour sa premie\u0300re anne\u0301e scolaire et sportive pre\u0300s d\u2019une centaine d\u2019acade\u0301miciens a\u0302ge\u0301s entre 10 et 20 ans inscrits de la 6e en terminale.<\/p>\n<p><strong>Pour plus d&rsquo;informations et d&rsquo;analyses sur la <a href=\"https:\/\/www.africa-press.net\/congo-brazzaville\">Congo Brazzaville<\/a>, suivez <a href=\"https:\/\/www.africa-press.net\/\">Africa-Press<\/a><\/strong><\/p>\n","protected":false},"excerpt":{"rendered":"<p>Africa-Press &#8211; Congo Brazzaville. Le promoteur de l\u2019Acade\u0301mie de football e\u0301tudes (ACAFET) de Ngania dans la Cuvette, Paul Victor Moigny a annonce\u0301 le 17 fe\u0301vrier, lors d\u2019une confe\u0301rence de presse anime\u0301e a\u0300 Brazzaville, la rentre\u0301e de la formation des acade\u0301miciens au football pour mars prochain. Il a ainsi fait un rappel sur cette acade\u0301mie, les [&hellip;]<\/p>\n","protected":false},"author":82,"featured_media":14564,"comment_status":"open","ping_status":"closed","sticky":false,"template":"","format":"standard","meta":{"footnotes":""},"categories":[6,10],"tags":[36,47,46],"class_list":["post-14565","post","type-post","status-publish","format-standard","has-post-thumbnail","hentry","category-sports","category-toutes-les-actualites","tag-africa-press","tag-africa-press-congo-brazzaville","tag-congo-brazzaville"],"yoast_head":"<!-- This site is optimized with the Yoast SEO Premium plugin v26.1 (Yoast SEO v27.0) - https:\/\/yoast.com\/product\/yoast-seo-premium-wordpress\/ -->\n<title>le promoteur de l\u2019acafet annonce la rentr\u00e9e footballistique pour mars 2023 - Congo Brazzaville<\/title>\n<meta name=\"description\" content=\"Le promoteur de l\u2019Acade\u0301mie de football e\u0301tudes (ACAFET) de Ngania dans la Cuvette, Paul Victor Moigny a annonce\u0301 le ...\" \/>\n<meta name=\"robots\" content=\"index, follow, max-snippet:-1, max-image-preview:large, max-video-preview:-1\" \/>\n<link rel=\"canonical\" href=\"https:\/\/www.africa-press.net\/congo-brazzaville\/sports\/le-promoteur-de-lacafet-annonce-la-rentree-footballistique-pour-mars-2023\" \/>\n<meta property=\"og:locale\" content=\"fr_FR\" \/>\n<meta property=\"og:type\" content=\"article\" \/>\n<meta property=\"og:title\" content=\"le promoteur de l\u2019acafet annonce la rentr\u00e9e footballistique pour mars 2023\" \/>\n<meta property=\"og:description\" content=\"Le promoteur de l\u2019Acade\u0301mie de football e\u0301tudes (ACAFET) de Ngania dans la Cuvette, Paul Victor Moigny a annonce\u0301 le ...\" \/>\n<meta property=\"og:url\" content=\"https:\/\/www.africa-press.net\/congo-brazzaville\/sports\/le-promoteur-de-lacafet-annonce-la-rentree-footballistique-pour-mars-2023\" \/>\n<meta property=\"og:site_name\" content=\"Congo Brazzaville\" \/>\n<meta property=\"article:published_time\" content=\"2023-02-18T12:45:23+00:00\" \/>\n<meta property=\"article:modified_time\" content=\"2023-02-18T12:52:04+00:00\" \/>\n<meta property=\"og:image\" content=\"https:\/\/static.africa-press.net\/congo-brazzaville\/sites\/51\/2023\/02\/postQueueImg_1676711733.32.jpg\" \/>\n\t<meta property=\"og:image:width\" content=\"702\" \/>\n\t<meta property=\"og:image:height\" content=\"440\" \/>\n\t<meta property=\"og:image:type\" content=\"image\/jpeg\" \/>\n<meta name=\"author\" content=\"cfeditorfr\" \/>\n<meta name=\"twitter:card\" content=\"summary_large_image\" \/>\n<meta name=\"twitter:label1\" content=\"\u00c9crit par\" \/>\n\t<meta name=\"twitter:data1\" content=\"cfeditorfr\" \/>\n\t<meta name=\"twitter:label2\" content=\"Dur\u00e9e de lecture estim\u00e9e\" \/>\n\t<meta name=\"twitter:data2\" content=\"2 minutes\" \/>\n<script type=\"application\/ld+json\" class=\"yoast-schema-graph\">{\"@context\":\"https:\/\/schema.org\",\"@graph\":[{\"@type\":\"Article\",\"@id\":\"https:\/\/www.africa-press.net\/congo-brazzaville\/sports\/le-promoteur-de-lacafet-annonce-la-rentree-footballistique-pour-mars-2023#article\",\"isPartOf\":{\"@id\":\"https:\/\/www.africa-press.net\/congo-brazzaville\/sports\/le-promoteur-de-lacafet-annonce-la-rentree-footballistique-pour-mars-2023\"},\"author\":{\"name\":\"cfeditorfr\",\"@id\":\"https:\/\/www.africa-press.net\/congo-brazzaville\/#\/schema\/person\/2b1cf3cd81a31e3cd26889ca66d677f1\"},\"headline\":\"le promoteur de l\u2019acafet annonce la rentr\u00e9e footballistique pour mars 2023\",\"datePublished\":\"2023-02-18T12:45:23+00:00\",\"dateModified\":\"2023-02-18T12:52:04+00:00\",\"mainEntityOfPage\":{\"@id\":\"https:\/\/www.africa-press.net\/congo-brazzaville\/sports\/le-promoteur-de-lacafet-annonce-la-rentree-footballistique-pour-mars-2023\"},\"wordCount\":424,\"commentCount\":0,\"image\":{\"@id\":\"https:\/\/www.africa-press.net\/congo-brazzaville\/sports\/le-promoteur-de-lacafet-annonce-la-rentree-footballistique-pour-mars-2023#primaryimage\"},\"thumbnailUrl\":\"https:\/\/static.africa-press.net\/congo-brazzaville\/sites\/51\/2023\/02\/postQueueImg_1676711733.32.jpg\",\"keywords\":[\"Africa Press\",\"Africa Press-Congo Brazzaville\",\"Congo Brazzaville\"],\"articleSection\":[\"Sports\",\"Toutes les actualit\u00e9s\"],\"inLanguage\":\"fr-FR\",\"potentialAction\":[{\"@type\":\"CommentAction\",\"name\":\"Comment\",\"target\":[\"https:\/\/www.africa-press.net\/congo-brazzaville\/sports\/le-promoteur-de-lacafet-annonce-la-rentree-footballistique-pour-mars-2023#respond\"]}]},{\"@type\":\"WebPage\",\"@id\":\"https:\/\/www.africa-press.net\/congo-brazzaville\/sports\/le-promoteur-de-lacafet-annonce-la-rentree-footballistique-pour-mars-2023\",\"url\":\"https:\/\/www.africa-press.net\/congo-brazzaville\/sports\/le-promoteur-de-lacafet-annonce-la-rentree-footballistique-pour-mars-2023\",\"name\":\"le promoteur de l\u2019acafet annonce la rentr\u00e9e footballistique pour mars 2023 - Congo Brazzaville\",\"isPartOf\":{\"@id\":\"https:\/\/www.africa-press.net\/congo-brazzaville\/#website\"},\"primaryImageOfPage\":{\"@id\":\"https:\/\/www.africa-press.net\/congo-brazzaville\/sports\/le-promoteur-de-lacafet-annonce-la-rentree-footballistique-pour-mars-2023#primaryimage\"},\"image\":{\"@id\":\"https:\/\/www.africa-press.net\/congo-brazzaville\/sports\/le-promoteur-de-lacafet-annonce-la-rentree-footballistique-pour-mars-2023#primaryimage\"},\"thumbnailUrl\":\"https:\/\/static.africa-press.net\/congo-brazzaville\/sites\/51\/2023\/02\/postQueueImg_1676711733.32.jpg\",\"datePublished\":\"2023-02-18T12:45:23+00:00\",\"dateModified\":\"2023-02-18T12:52:04+00:00\",\"author\":{\"@id\":\"https:\/\/www.africa-press.net\/congo-brazzaville\/#\/schema\/person\/2b1cf3cd81a31e3cd26889ca66d677f1\"},\"description\":\"Le promoteur de l\u2019Acade\u0301mie de football e\u0301tudes (ACAFET) de Ngania dans la Cuvette, Paul Victor Moigny a annonce\u0301 le ...\",\"breadcrumb\":{\"@id\":\"https:\/\/www.africa-press.net\/congo-brazzaville\/sports\/le-promoteur-de-lacafet-annonce-la-rentree-footballistique-pour-mars-2023#breadcrumb\"},\"inLanguage\":\"fr-FR\",\"potentialAction\":[{\"@type\":\"ReadAction\",\"target\":[\"https:\/\/www.africa-press.net\/congo-brazzaville\/sports\/le-promoteur-de-lacafet-annonce-la-rentree-footballistique-pour-mars-2023\"]}]},{\"@type\":\"ImageObject\",\"inLanguage\":\"fr-FR\",\"@id\":\"https:\/\/www.africa-press.net\/congo-brazzaville\/sports\/le-promoteur-de-lacafet-annonce-la-rentree-footballistique-pour-mars-2023#primaryimage\",\"url\":\"https:\/\/static.africa-press.net\/congo-brazzaville\/sites\/51\/2023\/02\/postQueueImg_1676711733.32.jpg\",\"contentUrl\":\"https:\/\/static.africa-press.net\/congo-brazzaville\/sites\/51\/2023\/02\/postQueueImg_1676711733.32.jpg\",\"width\":702,\"height\":440,\"caption\":\"le promoteur de l\u2019acafet annonce la rentr\u00e9e footballistique pour mars 2023\"},{\"@type\":\"BreadcrumbList\",\"@id\":\"https:\/\/www.africa-press.net\/congo-brazzaville\/sports\/le-promoteur-de-lacafet-annonce-la-rentree-footballistique-pour-mars-2023#breadcrumb\",\"itemListElement\":[{\"@type\":\"ListItem\",\"position\":1,\"name\":\"Accueil\",\"item\":\"https:\/\/www.africa-press.net\/congo-brazzaville\/\"},{\"@type\":\"ListItem\",\"position\":2,\"name\":\"le promoteur de l\u2019acafet annonce la rentr\u00e9e footballistique pour mars 2023\"}]},{\"@type\":\"WebSite\",\"@id\":\"https:\/\/www.africa-press.net\/congo-brazzaville\/#website\",\"url\":\"https:\/\/www.africa-press.net\/congo-brazzaville\/\",\"name\":\"Congo Brazzaville\",\"description\":\"Just another Africa News Agency Sites site\",\"potentialAction\":[{\"@type\":\"SearchAction\",\"target\":{\"@type\":\"EntryPoint\",\"urlTemplate\":\"https:\/\/www.africa-press.net\/congo-brazzaville\/?s={search_term_string}\"},\"query-input\":{\"@type\":\"PropertyValueSpecification\",\"valueRequired\":true,\"valueName\":\"search_term_string\"}}],\"inLanguage\":\"fr-FR\"},{\"@type\":\"Person\",\"@id\":\"https:\/\/www.africa-press.net\/congo-brazzaville\/#\/schema\/person\/2b1cf3cd81a31e3cd26889ca66d677f1\",\"name\":\"cfeditorfr\"}]}<\/script>\n<!-- \/ Yoast SEO Premium plugin. -->","yoast_head_json":{"title":"le promoteur de l\u2019acafet annonce la rentr\u00e9e footballistique pour mars 2023 - Congo Brazzaville","description":"Le promoteur de l\u2019Acade\u0301mie de football e\u0301tudes (ACAFET) de Ngania dans la Cuvette, Paul Victor Moigny a annonce\u0301 le ...","robots":{"index":"index","follow":"follow","max-snippet":"max-snippet:-1","max-image-preview":"max-image-preview:large","max-video-preview":"max-video-preview:-1"},"canonical":"https:\/\/www.africa-press.net\/congo-brazzaville\/sports\/le-promoteur-de-lacafet-annonce-la-rentree-footballistique-pour-mars-2023","og_locale":"fr_FR","og_type":"article","og_title":"le promoteur de l\u2019acafet annonce la rentr\u00e9e footballistique pour mars 2023","og_description":"Le promoteur de l\u2019Acade\u0301mie de football e\u0301tudes (ACAFET) de Ngania dans la Cuvette, Paul Victor Moigny a annonce\u0301 le ...","og_url":"https:\/\/www.africa-press.net\/congo-brazzaville\/sports\/le-promoteur-de-lacafet-annonce-la-rentree-footballistique-pour-mars-2023","og_site_name":"Congo Brazzaville","article_published_time":"2023-02-18T12:45:23+00:00","article_modified_time":"2023-02-18T12:52:04+00:00","og_image":[{"width":702,"height":440,"url":"https:\/\/static.africa-press.net\/congo-brazzaville\/sites\/51\/2023\/02\/postQueueImg_1676711733.32.jpg","type":"image\/jpeg"}],"author":"cfeditorfr","twitter_card":"summary_large_image","twitter_misc":{"\u00c9crit par":"cfeditorfr","Dur\u00e9e de lecture estim\u00e9e":"2 minutes"},"schema":{"@context":"https:\/\/schema.org","@graph":[{"@type":"Article","@id":"https:\/\/www.africa-press.net\/congo-brazzaville\/sports\/le-promoteur-de-lacafet-annonce-la-rentree-footballistique-pour-mars-2023#article","isPartOf":{"@id":"https:\/\/www.africa-press.net\/congo-brazzaville\/sports\/le-promoteur-de-lacafet-annonce-la-rentree-footballistique-pour-mars-2023"},"author":{"name":"cfeditorfr","@id":"https:\/\/www.africa-press.net\/congo-brazzaville\/#\/schema\/person\/2b1cf3cd81a31e3cd26889ca66d677f1"},"headline":"le promoteur de l\u2019acafet annonce la rentr\u00e9e footballistique pour mars 2023","datePublished":"2023-02-18T12:45:23+00:00","dateModified":"2023-02-18T12:52:04+00:00","mainEntityOfPage":{"@id":"https:\/\/www.africa-press.net\/congo-brazzaville\/sports\/le-promoteur-de-lacafet-annonce-la-rentree-footballistique-pour-mars-2023"},"wordCount":424,"commentCount":0,"image":{"@id":"https:\/\/www.africa-press.net\/congo-brazzaville\/sports\/le-promoteur-de-lacafet-annonce-la-rentree-footballistique-pour-mars-2023#primaryimage"},"thumbnailUrl":"https:\/\/static.africa-press.net\/congo-brazzaville\/sites\/51\/2023\/02\/postQueueImg_1676711733.32.jpg","keywords":["Africa Press","Africa Press-Congo Brazzaville","Congo Brazzaville"],"articleSection":["Sports","Toutes les actualit\u00e9s"],"inLanguage":"fr-FR","potentialAction":[{"@type":"CommentAction","name":"Comment","target":["https:\/\/www.africa-press.net\/congo-brazzaville\/sports\/le-promoteur-de-lacafet-annonce-la-rentree-footballistique-pour-mars-2023#respond"]}]},{"@type":"WebPage","@id":"https:\/\/www.africa-press.net\/congo-brazzaville\/sports\/le-promoteur-de-lacafet-annonce-la-rentree-footballistique-pour-mars-2023","url":"https:\/\/www.africa-press.net\/congo-brazzaville\/sports\/le-promoteur-de-lacafet-annonce-la-rentree-footballistique-pour-mars-2023","name":"le promoteur de l\u2019acafet annonce la rentr\u00e9e footballistique pour mars 2023 - Congo Brazzaville","isPartOf":{"@id":"https:\/\/www.africa-press.net\/congo-brazzaville\/#website"},"primaryImageOfPage":{"@id":"https:\/\/www.africa-press.net\/congo-brazzaville\/sports\/le-promoteur-de-lacafet-annonce-la-rentree-footballistique-pour-mars-2023#primaryimage"},"image":{"@id":"https:\/\/www.africa-press.net\/congo-brazzaville\/sports\/le-promoteur-de-lacafet-annonce-la-rentree-footballistique-pour-mars-2023#primaryimage"},"thumbnailUrl":"https:\/\/static.africa-press.net\/congo-brazzaville\/sites\/51\/2023\/02\/postQueueImg_1676711733.32.jpg","datePublished":"2023-02-18T12:45:23+00:00","dateModified":"2023-02-18T12:52:04+00:00","author":{"@id":"https:\/\/www.africa-press.net\/congo-brazzaville\/#\/schema\/person\/2b1cf3cd81a31e3cd26889ca66d677f1"},"description":"Le promoteur de l\u2019Acade\u0301mie de football e\u0301tudes (ACAFET) de Ngania dans la Cuvette, Paul Victor Moigny a annonce\u0301 le ...","breadcrumb":{"@id":"https:\/\/www.africa-press.net\/congo-brazzaville\/sports\/le-promoteur-de-lacafet-annonce-la-rentree-footballistique-pour-mars-2023#breadcrumb"},"inLanguage":"fr-FR","potentialAction":[{"@type":"ReadAction","target":["https:\/\/www.africa-press.net\/congo-brazzaville\/sports\/le-promoteur-de-lacafet-annonce-la-rentree-footballistique-pour-mars-2023"]}]},{"@type":"ImageObject","inLanguage":"fr-FR","@id":"https:\/\/www.africa-press.net\/congo-brazzaville\/sports\/le-promoteur-de-lacafet-annonce-la-rentree-footballistique-pour-mars-2023#primaryimage","url":"https:\/\/static.africa-press.net\/congo-brazzaville\/sites\/51\/2023\/02\/postQueueImg_1676711733.32.jpg","contentUrl":"https:\/\/static.africa-press.net\/congo-brazzaville\/sites\/51\/2023\/02\/postQueueImg_1676711733.32.jpg","width":702,"height":440,"caption":"le promoteur de l\u2019acafet annonce la rentr\u00e9e footballistique pour mars 2023"},{"@type":"BreadcrumbList","@id":"https:\/\/www.africa-press.net\/congo-brazzaville\/sports\/le-promoteur-de-lacafet-annonce-la-rentree-footballistique-pour-mars-2023#breadcrumb","itemListElement":[{"@type":"ListItem","position":1,"name":"Accueil","item":"https:\/\/www.africa-press.net\/congo-brazzaville\/"},{"@type":"ListItem","position":2,"name":"le promoteur de l\u2019acafet annonce la rentr\u00e9e footballistique pour mars 2023"}]},{"@type":"WebSite","@id":"https:\/\/www.africa-press.net\/congo-brazzaville\/#website","url":"https:\/\/www.africa-press.net\/congo-brazzaville\/","name":"Congo Brazzaville","description":"Just another Africa News Agency Sites site","potentialAction":[{"@type":"SearchAction","target":{"@type":"EntryPoint","urlTemplate":"https:\/\/www.africa-press.net\/congo-brazzaville\/?s={search_term_string}"},"query-input":{"@type":"PropertyValueSpecification","valueRequired":true,"valueName":"search_term_string"}}],"inLanguage":"fr-FR"},{"@type":"Person","@id":"https:\/\/www.africa-press.net\/congo-brazzaville\/#\/schema\/person\/2b1cf3cd81a31e3cd26889ca66d677f1","name":"cfeditorfr"}]}},"_links":{"self":[{"href":"https:\/\/www.africa-press.net\/congo-brazzaville\/wp-json\/wp\/v2\/posts\/14565","targetHints":{"allow":["GET"]}}],"collection":[{"href":"https:\/\/www.africa-press.net\/congo-brazzaville\/wp-json\/wp\/v2\/posts"}],"about":[{"href":"https:\/\/www.africa-press.net\/congo-brazzaville\/wp-json\/wp\/v2\/types\/post"}],"author":[{"embeddable":true,"href":"https:\/\/www.africa-press.net\/congo-brazzaville\/wp-json\/wp\/v2\/users\/82"}],"replies":[{"embeddable":true,"href":"https:\/\/www.africa-press.net\/congo-brazzaville\/wp-json\/wp\/v2\/comments?post=14565"}],"version-history":[{"count":0,"href":"https:\/\/www.africa-press.net\/congo-brazzaville\/wp-json\/wp\/v2\/posts\/14565\/revisions"}],"wp:featuredmedia":[{"embeddable":true,"href":"https:\/\/www.africa-press.net\/congo-brazzaville\/wp-json\/wp\/v2\/media\/14564"}],"wp:attachment":[{"href":"https:\/\/www.africa-press.net\/congo-brazzaville\/wp-json\/wp\/v2\/media?parent=14565"}],"wp:term":[{"taxonomy":"category","embeddable":true,"href":"https:\/\/www.africa-press.net\/congo-brazzaville\/wp-json\/wp\/v2\/categories?post=14565"},{"taxonomy":"post_tag","embeddable":true,"href":"https:\/\/www.africa-press.net\/congo-brazzaville\/wp-json\/wp\/v2\/tags?post=14565"}],"curies":[{"name":"wp","href":"https:\/\/api.w.org\/{rel}","templated":true}]}}