{"id":14572,"date":"2023-02-18T12:44:34","date_gmt":"2023-02-18T12:44:34","guid":{"rendered":"https:\/\/www.africa-press.net\/congo-brazzaville\/politique\/conseil-municipal-de-brazzaville-ouverture-de-la-session-ordinaire-budgetaire"},"modified":"2023-02-18T12:53:55","modified_gmt":"2023-02-18T12:53:55","slug":"conseil-municipal-de-brazzaville-ouverture-de-la-session-ordinaire-budgetaire","status":"publish","type":"post","link":"https:\/\/www.africa-press.net\/congo-brazzaville\/politique\/conseil-municipal-de-brazzaville-ouverture-de-la-session-ordinaire-budgetaire","title":{"rendered":"Conseil municipal de Brazzaville: ouverture de la session ordinaire budg\u00e9taire"},"content":{"rendered":"<p><span style=\"color: #ff6600\"><strong>Africa-Press &#8211; Congo Brazzaville. <\/strong><\/span><b>Le Conseil de\u0301partemental et municipal de Brazzaville a ouvert, le 17 fe\u0301vrier, sa premie\u0300re session ordinaire budge\u0301taire sous l\u2019e\u0301gide de son pre\u0301sident, Dieudonne\u0301 Bantsimba. Six affaires sont inscrites au ro\u0302le de la session, au nombre desquelles l\u2019adoption du budget du Conseil au titre de l\u2019anne\u0301e 2023.<\/b><\/p>\n<p>Pendant dix jours, les cent-un e\u0301lus locaux du Conseil de\u0301partemental et municipal de Brazzaville vont, avec opinia\u0302trete\u0301, de\u0301battre de six affaires soumises a\u0300 leur approbation. Ils auront, en premier, a\u0300 examiner puis adopter le budget du Conseil de\u0301partemental et municipal au titre de l\u2019anne\u0301e en cours.<\/p>\n<p>Il s\u2019agira de doter la mairie de Brazzaville des fonds ne\u0301cessaires lui permettant de faire face aux nombreux proble\u0300mes auxquels elle est confronte\u0301e. Des difficulte\u0301s qui sont lie\u0301es, entre autres, a\u0300 l\u2019assainissement de la ville capitale, a\u0300 la re\u0301habilitation du re\u0301seau routier municipal fortement de\u0301grade\u0301, a\u0300 l\u2019occupation anarchique de l\u2019espace public ainsi que de bien d\u2019autres responsabilite\u0301s qui l\u2019incombent, pour lesquelles la population attend des solutions idoines.<\/p>\n<p>Les conseillers municipaux vont aussi, a\u0300 cet effet, adopter le programme d\u2019investissement du Conseil de\u0301partemental exercice 2023 ; le projet de de\u0301libe\u0301ration portant examen et adoption du plan d\u2019action du Conseil municipal au titre des anne\u0301es 2022-2027 ainsi que la validation du plan local d\u2019urbanisme.<\/p>\n<p>Ces derniers devront examiner aussi le projet de de\u0301libe\u0301ration portant adoption de la convention de partenariat entre l\u2019Universite\u0301 Denis-Sassou-N\u2019Guesso et la mairie de Brazzaville. Ils vont aussi plancher sur la de\u0301libe\u0301ration portant modification de la de\u0301libe\u0301ration du 22 septembre 2011 fixant le taux de la taxe sur l\u2019exploitation des produits de carrie\u0300re dans la commune de Brazzaville.<\/p>\n<p>Ouvrant les travaux, le pre\u0301sident du Conseil de\u0301partemental et municipal, maire de Brazzaville, conscient des de\u0301fis que doit relever son administration, a invite\u0301 les e\u0301lus locaux a\u0300 travailler avec responsabilite\u0301.<\/p>\n<p>\u00ab Face a\u0300 ce de\u0301fi, les e\u0301lus locaux que nous sommes devons faire preuve d\u2019un sens e\u0301leve\u0301 de responsabilite\u0301 et nous mettre en premie\u0300re ligne pour re\u0301pondre aux attentes de nos concitoyens. C\u2019est pourquoi, j\u2019invite le ple\u0301num du Conseil a\u0300 les examiner avec rigueur et parcimonie, car c\u2019est a\u0300 ce prix que nous pourrons continuer a\u0300 be\u0301ne\u0301ficier de leur confiance \u00bb, a indique\u0301 Dieudonne\u0301 Bantsimba.<\/p>\n<p>Pour atteindre cet objectif, a renche\u0301ri le de\u0301pute\u0301-maire de Brazzaville, \u00ab le bureau du Conseil se propose d\u2019innover dans le fonctionnement de notre organe courant ce mandat, en proposant la mise en place des commissions the\u0301matiques \u00bb. Le but vise\u0301 par cette innovation est de re\u0301fle\u0301chir sur des sujets pre\u0301cis afin de participer a\u0300 des actions d\u2019envergure pour appuyer le bureau exe\u0301cutif dans sa mission. Car les \u00ab de\u0301fis qui nous attendent sont nombreux, et c\u2019est dans le travail que nous parviendrons a\u0300 les relever \u00bb, a-t-il conclu.<\/p>\n<p><strong>Pour plus d&rsquo;informations et d&rsquo;analyses sur la <a href=\"https:\/\/www.africa-press.net\/congo-brazzaville\">Congo Brazzaville<\/a>, suivez <a href=\"https:\/\/www.africa-press.net\/\">Africa-Press<\/a><\/strong><\/p>\n","protected":false},"excerpt":{"rendered":"<p>Africa-Press &#8211; Congo Brazzaville. Le Conseil de\u0301partemental et municipal de Brazzaville a ouvert, le 17 fe\u0301vrier, sa premie\u0300re session ordinaire budge\u0301taire sous l\u2019e\u0301gide de son pre\u0301sident, Dieudonne\u0301 Bantsimba. Six affaires sont inscrites au ro\u0302le de la session, au nombre desquelles l\u2019adoption du budget du Conseil au titre de l\u2019anne\u0301e 2023. Pendant dix jours, les cent-un [&hellip;]<\/p>\n","protected":false},"author":82,"featured_media":14570,"comment_status":"open","ping_status":"closed","sticky":false,"template":"","format":"standard","meta":{"footnotes":""},"categories":[2,10],"tags":[36,47,46],"class_list":["post-14572","post","type-post","status-publish","format-standard","has-post-thumbnail","hentry","category-politique","category-toutes-les-actualites","tag-africa-press","tag-africa-press-congo-brazzaville","tag-congo-brazzaville"],"yoast_head":"<!-- This site is optimized with the Yoast SEO Premium plugin v26.1 (Yoast SEO v27.0) - https:\/\/yoast.com\/product\/yoast-seo-premium-wordpress\/ -->\n<title>Conseil municipal de Brazzaville: ouverture de la session ordinaire budg\u00e9taire - Congo Brazzaville<\/title>\n<meta name=\"description\" content=\"Le Conseil de\u0301partemental et municipal de Brazzaville a ouvert, le 17 fe\u0301vrier, sa premie\u0300re session ordinaire budge\u0301 ...\" \/>\n<meta name=\"robots\" content=\"index, follow, max-snippet:-1, max-image-preview:large, max-video-preview:-1\" \/>\n<link rel=\"canonical\" href=\"https:\/\/www.africa-press.net\/congo-brazzaville\/politique\/conseil-municipal-de-brazzaville-ouverture-de-la-session-ordinaire-budgetaire\" \/>\n<meta property=\"og:locale\" content=\"fr_FR\" \/>\n<meta property=\"og:type\" content=\"article\" \/>\n<meta property=\"og:title\" content=\"Conseil municipal de Brazzaville: ouverture de la session ordinaire budg\u00e9taire\" \/>\n<meta property=\"og:description\" content=\"Le Conseil de\u0301partemental et municipal de Brazzaville a ouvert, le 17 fe\u0301vrier, sa premie\u0300re session ordinaire budge\u0301 ...\" \/>\n<meta property=\"og:url\" content=\"https:\/\/www.africa-press.net\/congo-brazzaville\/politique\/conseil-municipal-de-brazzaville-ouverture-de-la-session-ordinaire-budgetaire\" \/>\n<meta property=\"og:site_name\" content=\"Congo Brazzaville\" \/>\n<meta property=\"article:published_time\" content=\"2023-02-18T12:44:34+00:00\" \/>\n<meta property=\"article:modified_time\" content=\"2023-02-18T12:53:55+00:00\" \/>\n<meta property=\"og:image\" content=\"https:\/\/static.africa-press.net\/congo-brazzaville\/sites\/51\/2023\/02\/postQueueImg_1676711975.14.jpg\" \/>\n\t<meta property=\"og:image:width\" content=\"1669\" \/>\n\t<meta property=\"og:image:height\" content=\"768\" \/>\n\t<meta property=\"og:image:type\" content=\"image\/jpeg\" \/>\n<meta name=\"author\" content=\"cfeditorfr\" \/>\n<meta name=\"twitter:card\" content=\"summary_large_image\" \/>\n<meta name=\"twitter:label1\" content=\"\u00c9crit par\" \/>\n\t<meta name=\"twitter:data1\" content=\"cfeditorfr\" \/>\n\t<meta name=\"twitter:label2\" content=\"Dur\u00e9e de lecture estim\u00e9e\" \/>\n\t<meta name=\"twitter:data2\" content=\"3 minutes\" \/>\n<script type=\"application\/ld+json\" class=\"yoast-schema-graph\">{\"@context\":\"https:\/\/schema.org\",\"@graph\":[{\"@type\":\"Article\",\"@id\":\"https:\/\/www.africa-press.net\/congo-brazzaville\/politique\/conseil-municipal-de-brazzaville-ouverture-de-la-session-ordinaire-budgetaire#article\",\"isPartOf\":{\"@id\":\"https:\/\/www.africa-press.net\/congo-brazzaville\/politique\/conseil-municipal-de-brazzaville-ouverture-de-la-session-ordinaire-budgetaire\"},\"author\":{\"name\":\"cfeditorfr\",\"@id\":\"https:\/\/www.africa-press.net\/congo-brazzaville\/#\/schema\/person\/2b1cf3cd81a31e3cd26889ca66d677f1\"},\"headline\":\"Conseil municipal de Brazzaville: ouverture de la session ordinaire budg\u00e9taire\",\"datePublished\":\"2023-02-18T12:44:34+00:00\",\"dateModified\":\"2023-02-18T12:53:55+00:00\",\"mainEntityOfPage\":{\"@id\":\"https:\/\/www.africa-press.net\/congo-brazzaville\/politique\/conseil-municipal-de-brazzaville-ouverture-de-la-session-ordinaire-budgetaire\"},\"wordCount\":538,\"commentCount\":0,\"image\":{\"@id\":\"https:\/\/www.africa-press.net\/congo-brazzaville\/politique\/conseil-municipal-de-brazzaville-ouverture-de-la-session-ordinaire-budgetaire#primaryimage\"},\"thumbnailUrl\":\"https:\/\/static.africa-press.net\/congo-brazzaville\/sites\/51\/2023\/02\/postQueueImg_1676711975.14.jpg\",\"keywords\":[\"Africa Press\",\"Africa Press-Congo Brazzaville\",\"Congo Brazzaville\"],\"articleSection\":[\"Politique\",\"Toutes les actualit\u00e9s\"],\"inLanguage\":\"fr-FR\",\"potentialAction\":[{\"@type\":\"CommentAction\",\"name\":\"Comment\",\"target\":[\"https:\/\/www.africa-press.net\/congo-brazzaville\/politique\/conseil-municipal-de-brazzaville-ouverture-de-la-session-ordinaire-budgetaire#respond\"]}]},{\"@type\":\"WebPage\",\"@id\":\"https:\/\/www.africa-press.net\/congo-brazzaville\/politique\/conseil-municipal-de-brazzaville-ouverture-de-la-session-ordinaire-budgetaire\",\"url\":\"https:\/\/www.africa-press.net\/congo-brazzaville\/politique\/conseil-municipal-de-brazzaville-ouverture-de-la-session-ordinaire-budgetaire\",\"name\":\"Conseil municipal de Brazzaville: ouverture de la session ordinaire budg\u00e9taire - Congo Brazzaville\",\"isPartOf\":{\"@id\":\"https:\/\/www.africa-press.net\/congo-brazzaville\/#website\"},\"primaryImageOfPage\":{\"@id\":\"https:\/\/www.africa-press.net\/congo-brazzaville\/politique\/conseil-municipal-de-brazzaville-ouverture-de-la-session-ordinaire-budgetaire#primaryimage\"},\"image\":{\"@id\":\"https:\/\/www.africa-press.net\/congo-brazzaville\/politique\/conseil-municipal-de-brazzaville-ouverture-de-la-session-ordinaire-budgetaire#primaryimage\"},\"thumbnailUrl\":\"https:\/\/static.africa-press.net\/congo-brazzaville\/sites\/51\/2023\/02\/postQueueImg_1676711975.14.jpg\",\"datePublished\":\"2023-02-18T12:44:34+00:00\",\"dateModified\":\"2023-02-18T12:53:55+00:00\",\"author\":{\"@id\":\"https:\/\/www.africa-press.net\/congo-brazzaville\/#\/schema\/person\/2b1cf3cd81a31e3cd26889ca66d677f1\"},\"description\":\"Le Conseil de\u0301partemental et municipal de Brazzaville a ouvert, le 17 fe\u0301vrier, sa premie\u0300re session ordinaire budge\u0301 ...\",\"breadcrumb\":{\"@id\":\"https:\/\/www.africa-press.net\/congo-brazzaville\/politique\/conseil-municipal-de-brazzaville-ouverture-de-la-session-ordinaire-budgetaire#breadcrumb\"},\"inLanguage\":\"fr-FR\",\"potentialAction\":[{\"@type\":\"ReadAction\",\"target\":[\"https:\/\/www.africa-press.net\/congo-brazzaville\/politique\/conseil-municipal-de-brazzaville-ouverture-de-la-session-ordinaire-budgetaire\"]}]},{\"@type\":\"ImageObject\",\"inLanguage\":\"fr-FR\",\"@id\":\"https:\/\/www.africa-press.net\/congo-brazzaville\/politique\/conseil-municipal-de-brazzaville-ouverture-de-la-session-ordinaire-budgetaire#primaryimage\",\"url\":\"https:\/\/static.africa-press.net\/congo-brazzaville\/sites\/51\/2023\/02\/postQueueImg_1676711975.14.jpg\",\"contentUrl\":\"https:\/\/static.africa-press.net\/congo-brazzaville\/sites\/51\/2023\/02\/postQueueImg_1676711975.14.jpg\",\"width\":1669,\"height\":768,\"caption\":\"Conseil municipal de Brazzaville: ouverture de la session ordinaire budg\u00e9taire\"},{\"@type\":\"BreadcrumbList\",\"@id\":\"https:\/\/www.africa-press.net\/congo-brazzaville\/politique\/conseil-municipal-de-brazzaville-ouverture-de-la-session-ordinaire-budgetaire#breadcrumb\",\"itemListElement\":[{\"@type\":\"ListItem\",\"position\":1,\"name\":\"Accueil\",\"item\":\"https:\/\/www.africa-press.net\/congo-brazzaville\/\"},{\"@type\":\"ListItem\",\"position\":2,\"name\":\"Conseil municipal de Brazzaville: ouverture de la session ordinaire budg\u00e9taire\"}]},{\"@type\":\"WebSite\",\"@id\":\"https:\/\/www.africa-press.net\/congo-brazzaville\/#website\",\"url\":\"https:\/\/www.africa-press.net\/congo-brazzaville\/\",\"name\":\"Congo Brazzaville\",\"description\":\"Just another Africa News Agency Sites site\",\"potentialAction\":[{\"@type\":\"SearchAction\",\"target\":{\"@type\":\"EntryPoint\",\"urlTemplate\":\"https:\/\/www.africa-press.net\/congo-brazzaville\/?s={search_term_string}\"},\"query-input\":{\"@type\":\"PropertyValueSpecification\",\"valueRequired\":true,\"valueName\":\"search_term_string\"}}],\"inLanguage\":\"fr-FR\"},{\"@type\":\"Person\",\"@id\":\"https:\/\/www.africa-press.net\/congo-brazzaville\/#\/schema\/person\/2b1cf3cd81a31e3cd26889ca66d677f1\",\"name\":\"cfeditorfr\"}]}<\/script>\n<!-- \/ Yoast SEO Premium plugin. -->","yoast_head_json":{"title":"Conseil municipal de Brazzaville: ouverture de la session ordinaire budg\u00e9taire - Congo Brazzaville","description":"Le Conseil de\u0301partemental et municipal de Brazzaville a ouvert, le 17 fe\u0301vrier, sa premie\u0300re session ordinaire budge\u0301 ...","robots":{"index":"index","follow":"follow","max-snippet":"max-snippet:-1","max-image-preview":"max-image-preview:large","max-video-preview":"max-video-preview:-1"},"canonical":"https:\/\/www.africa-press.net\/congo-brazzaville\/politique\/conseil-municipal-de-brazzaville-ouverture-de-la-session-ordinaire-budgetaire","og_locale":"fr_FR","og_type":"article","og_title":"Conseil municipal de Brazzaville: ouverture de la session ordinaire budg\u00e9taire","og_description":"Le Conseil de\u0301partemental et municipal de Brazzaville a ouvert, le 17 fe\u0301vrier, sa premie\u0300re session ordinaire budge\u0301 ...","og_url":"https:\/\/www.africa-press.net\/congo-brazzaville\/politique\/conseil-municipal-de-brazzaville-ouverture-de-la-session-ordinaire-budgetaire","og_site_name":"Congo Brazzaville","article_published_time":"2023-02-18T12:44:34+00:00","article_modified_time":"2023-02-18T12:53:55+00:00","og_image":[{"width":1669,"height":768,"url":"https:\/\/static.africa-press.net\/congo-brazzaville\/sites\/51\/2023\/02\/postQueueImg_1676711975.14.jpg","type":"image\/jpeg"}],"author":"cfeditorfr","twitter_card":"summary_large_image","twitter_misc":{"\u00c9crit par":"cfeditorfr","Dur\u00e9e de lecture estim\u00e9e":"3 minutes"},"schema":{"@context":"https:\/\/schema.org","@graph":[{"@type":"Article","@id":"https:\/\/www.africa-press.net\/congo-brazzaville\/politique\/conseil-municipal-de-brazzaville-ouverture-de-la-session-ordinaire-budgetaire#article","isPartOf":{"@id":"https:\/\/www.africa-press.net\/congo-brazzaville\/politique\/conseil-municipal-de-brazzaville-ouverture-de-la-session-ordinaire-budgetaire"},"author":{"name":"cfeditorfr","@id":"https:\/\/www.africa-press.net\/congo-brazzaville\/#\/schema\/person\/2b1cf3cd81a31e3cd26889ca66d677f1"},"headline":"Conseil municipal de Brazzaville: ouverture de la session ordinaire budg\u00e9taire","datePublished":"2023-02-18T12:44:34+00:00","dateModified":"2023-02-18T12:53:55+00:00","mainEntityOfPage":{"@id":"https:\/\/www.africa-press.net\/congo-brazzaville\/politique\/conseil-municipal-de-brazzaville-ouverture-de-la-session-ordinaire-budgetaire"},"wordCount":538,"commentCount":0,"image":{"@id":"https:\/\/www.africa-press.net\/congo-brazzaville\/politique\/conseil-municipal-de-brazzaville-ouverture-de-la-session-ordinaire-budgetaire#primaryimage"},"thumbnailUrl":"https:\/\/static.africa-press.net\/congo-brazzaville\/sites\/51\/2023\/02\/postQueueImg_1676711975.14.jpg","keywords":["Africa Press","Africa Press-Congo Brazzaville","Congo Brazzaville"],"articleSection":["Politique","Toutes les actualit\u00e9s"],"inLanguage":"fr-FR","potentialAction":[{"@type":"CommentAction","name":"Comment","target":["https:\/\/www.africa-press.net\/congo-brazzaville\/politique\/conseil-municipal-de-brazzaville-ouverture-de-la-session-ordinaire-budgetaire#respond"]}]},{"@type":"WebPage","@id":"https:\/\/www.africa-press.net\/congo-brazzaville\/politique\/conseil-municipal-de-brazzaville-ouverture-de-la-session-ordinaire-budgetaire","url":"https:\/\/www.africa-press.net\/congo-brazzaville\/politique\/conseil-municipal-de-brazzaville-ouverture-de-la-session-ordinaire-budgetaire","name":"Conseil municipal de Brazzaville: ouverture de la session ordinaire budg\u00e9taire - Congo Brazzaville","isPartOf":{"@id":"https:\/\/www.africa-press.net\/congo-brazzaville\/#website"},"primaryImageOfPage":{"@id":"https:\/\/www.africa-press.net\/congo-brazzaville\/politique\/conseil-municipal-de-brazzaville-ouverture-de-la-session-ordinaire-budgetaire#primaryimage"},"image":{"@id":"https:\/\/www.africa-press.net\/congo-brazzaville\/politique\/conseil-municipal-de-brazzaville-ouverture-de-la-session-ordinaire-budgetaire#primaryimage"},"thumbnailUrl":"https:\/\/static.africa-press.net\/congo-brazzaville\/sites\/51\/2023\/02\/postQueueImg_1676711975.14.jpg","datePublished":"2023-02-18T12:44:34+00:00","dateModified":"2023-02-18T12:53:55+00:00","author":{"@id":"https:\/\/www.africa-press.net\/congo-brazzaville\/#\/schema\/person\/2b1cf3cd81a31e3cd26889ca66d677f1"},"description":"Le Conseil de\u0301partemental et municipal de Brazzaville a ouvert, le 17 fe\u0301vrier, sa premie\u0300re session ordinaire budge\u0301 ...","breadcrumb":{"@id":"https:\/\/www.africa-press.net\/congo-brazzaville\/politique\/conseil-municipal-de-brazzaville-ouverture-de-la-session-ordinaire-budgetaire#breadcrumb"},"inLanguage":"fr-FR","potentialAction":[{"@type":"ReadAction","target":["https:\/\/www.africa-press.net\/congo-brazzaville\/politique\/conseil-municipal-de-brazzaville-ouverture-de-la-session-ordinaire-budgetaire"]}]},{"@type":"ImageObject","inLanguage":"fr-FR","@id":"https:\/\/www.africa-press.net\/congo-brazzaville\/politique\/conseil-municipal-de-brazzaville-ouverture-de-la-session-ordinaire-budgetaire#primaryimage","url":"https:\/\/static.africa-press.net\/congo-brazzaville\/sites\/51\/2023\/02\/postQueueImg_1676711975.14.jpg","contentUrl":"https:\/\/static.africa-press.net\/congo-brazzaville\/sites\/51\/2023\/02\/postQueueImg_1676711975.14.jpg","width":1669,"height":768,"caption":"Conseil municipal de Brazzaville: ouverture de la session ordinaire budg\u00e9taire"},{"@type":"BreadcrumbList","@id":"https:\/\/www.africa-press.net\/congo-brazzaville\/politique\/conseil-municipal-de-brazzaville-ouverture-de-la-session-ordinaire-budgetaire#breadcrumb","itemListElement":[{"@type":"ListItem","position":1,"name":"Accueil","item":"https:\/\/www.africa-press.net\/congo-brazzaville\/"},{"@type":"ListItem","position":2,"name":"Conseil municipal de Brazzaville: ouverture de la session ordinaire budg\u00e9taire"}]},{"@type":"WebSite","@id":"https:\/\/www.africa-press.net\/congo-brazzaville\/#website","url":"https:\/\/www.africa-press.net\/congo-brazzaville\/","name":"Congo Brazzaville","description":"Just another Africa News Agency Sites site","potentialAction":[{"@type":"SearchAction","target":{"@type":"EntryPoint","urlTemplate":"https:\/\/www.africa-press.net\/congo-brazzaville\/?s={search_term_string}"},"query-input":{"@type":"PropertyValueSpecification","valueRequired":true,"valueName":"search_term_string"}}],"inLanguage":"fr-FR"},{"@type":"Person","@id":"https:\/\/www.africa-press.net\/congo-brazzaville\/#\/schema\/person\/2b1cf3cd81a31e3cd26889ca66d677f1","name":"cfeditorfr"}]}},"_links":{"self":[{"href":"https:\/\/www.africa-press.net\/congo-brazzaville\/wp-json\/wp\/v2\/posts\/14572","targetHints":{"allow":["GET"]}}],"collection":[{"href":"https:\/\/www.africa-press.net\/congo-brazzaville\/wp-json\/wp\/v2\/posts"}],"about":[{"href":"https:\/\/www.africa-press.net\/congo-brazzaville\/wp-json\/wp\/v2\/types\/post"}],"author":[{"embeddable":true,"href":"https:\/\/www.africa-press.net\/congo-brazzaville\/wp-json\/wp\/v2\/users\/82"}],"replies":[{"embeddable":true,"href":"https:\/\/www.africa-press.net\/congo-brazzaville\/wp-json\/wp\/v2\/comments?post=14572"}],"version-history":[{"count":0,"href":"https:\/\/www.africa-press.net\/congo-brazzaville\/wp-json\/wp\/v2\/posts\/14572\/revisions"}],"wp:featuredmedia":[{"embeddable":true,"href":"https:\/\/www.africa-press.net\/congo-brazzaville\/wp-json\/wp\/v2\/media\/14570"}],"wp:attachment":[{"href":"https:\/\/www.africa-press.net\/congo-brazzaville\/wp-json\/wp\/v2\/media?parent=14572"}],"wp:term":[{"taxonomy":"category","embeddable":true,"href":"https:\/\/www.africa-press.net\/congo-brazzaville\/wp-json\/wp\/v2\/categories?post=14572"},{"taxonomy":"post_tag","embeddable":true,"href":"https:\/\/www.africa-press.net\/congo-brazzaville\/wp-json\/wp\/v2\/tags?post=14572"}],"curies":[{"name":"wp","href":"https:\/\/api.w.org\/{rel}","templated":true}]}}