{"id":14587,"date":"2023-02-18T19:06:00","date_gmt":"2023-02-18T19:06:00","guid":{"rendered":"https:\/\/www.africa-press.net\/congo-brazzaville\/politique\/can-u-20-le-congo-debute-face-au-soudan-du-sud"},"modified":"2023-02-18T19:43:08","modified_gmt":"2023-02-18T19:43:08","slug":"can-u-20-le-congo-debute-face-au-soudan-du-sud","status":"publish","type":"post","link":"https:\/\/www.africa-press.net\/congo-brazzaville\/sports\/can-u-20-le-congo-debute-face-au-soudan-du-sud","title":{"rendered":"CAN U-20 :  le Congo d\u00e9bute face au  Soudan du Sud"},"content":{"rendered":"<p><span style=\"color: #ff6600\"><strong>Africa-Press &#8211; Congo Brazzaville. <\/strong><\/span><b>Les Diables rouges de moins de 20 ans de\u0301butent la compe\u0301tition que l\u2019Egypte abrite en affrontant ce lundi les Bright stars du Soudan du Sud qui participent a\u0300 la compe\u0301tition pour la premie\u0300re fois de leur histoire. Les deux formations sont loge\u0301es dans le me\u0302me groupe B que les Cra\u0302nes de l\u2019Ouganda et les Fauves du Bas Oubangui de la Re\u0301publique centrafricaine.<\/b><\/p>\n<p>Les Congolais champions d\u2019Afrique en 2007 retrouvent la Coupe d&rsquo;Afrique des nations (CAN) apre\u0300s leur dernie\u0300re participation en 2015 et veulent frapper un grand coup. Ils ont boucle\u0301 leur mise au vert au Maroc en livrant deux rencontres de haute facture face a\u0300 deux autres se\u0301lections qualifie\u0301es e\u0301galement dans cette CAN. Lors de leur premie\u0300re rencontre amicale, les Diables rouges se sont incline\u0301s 0-1 face au Nigeria avant de conce\u0301der un nul de 0-0 face au Be\u0301nin. Ils semblent pre\u0302ts a\u0300 en de\u0301coudre avec les Sud Soudan dont les deux matches amicaux se sont solde\u0301s par deux e\u0301checs, notamment 0-1 contre l\u2019Egypte puis 0-3 face a\u0300 la Zambie. Le premier match s\u2019annonce capital pour eux dans cette compe\u0301tition cre\u0301e\u0301e depuis 1979 par la Confe\u0301de\u0301ration africaine de football et se tient tous les deux ans. Apre\u0300s le Sud Soudan, les Diables rouges croiseront, le 23 fe\u0301vrier, les Cra\u0302nes de l\u2019Ouganda avant d\u2019affronter les Fauves du Bas Oubangui, le 26 du me\u0302me mois, pour le dernier match de la phase de poules.<\/p>\n<p>Pre\u0301cisons que douze pays disputent, du 19 fe\u0301vrier au 11 mars, le trophe\u0301e mis en jeu mais aussi une qualification pour la phase finale de la Coupe du monde pre\u0301vue du 2 mai au 11 juin en Indonesie. Les douze se\u0301lections sont reparties dans trois poules de quatre. Le groupe A est compose\u0301 de l\u2019Egypte, du Mozambique, du Se\u0301ne\u0301gal et du Nigeria. Le groupe C comprend la Gambie, la Tunisie, le Be\u0301nin et la Zambie. Le groupe D, quant a\u0300 lui, a pour adversaires la Gambie, la Tunisie, le Be\u0301nin et la Zambie. Les deux premiers de chaque groupe seront directement qualifie\u0301s pour les quarts de finale plus les deux meilleurs troisie\u0300mes. Pour de\u0301signer les deux meilleurs troisie\u0300mes, un classement est effectue\u0301 en comparant les re\u0301sultats dans leur groupe respectif de chacune des e\u0301quipes : le plus grand nombre de points obtenus ; la meilleure diffe\u0301rence de buts ; le plus grand nombre de buts marque\u0301s ; le classement du fair-play (deux cartons jaunes dans le me\u0302me match ou un carton rouge direct e\u0301quivalent a\u0300 -3 points, et un carton jaune a\u0300 -1 point).<\/p>\n<p>Les e\u0301quipes qui atteindront le dernier carre\u0301 seront automatiquement qualifie\u0301es pour le Mondial. Le Congo a dispute\u0301 la phase finale de la Coupe du monde en 2007. Il avait fait jeu e\u0301gal avec l\u2019Autriche 1-1 avant de battre respectivement le Chili 3-0 et le Canada 2-0. En huitie\u0300mes de finale, les Diablotins s\u2019e\u0301taient incline\u0301s devant le Mexique 0-3. C\u2019est la seule participation puisqu\u2019au Se\u0301ne\u0301gal le Congo e\u0301tait e\u0301limine\u0301 au premier tour. Retrouver la phase finale de la Coupe du monde fait partie des ambitions.<\/p>\n<p><strong>Pour plus d&rsquo;informations et d&rsquo;analyses sur la <a href=\"https:\/\/www.africa-press.net\/congo-brazzaville\">Congo Brazzaville<\/a>, suivez <a href=\"https:\/\/www.africa-press.net\/\">Africa-Press<\/a><\/strong><\/p>\n","protected":false},"excerpt":{"rendered":"<p>Africa-Press &#8211; Congo Brazzaville. Les Diables rouges de moins de 20 ans de\u0301butent la compe\u0301tition que l\u2019Egypte abrite en affrontant ce lundi les Bright stars du Soudan du Sud qui participent a\u0300 la compe\u0301tition pour la premie\u0300re fois de leur histoire. Les deux formations sont loge\u0301es dans le me\u0302me groupe B que les Cra\u0302nes de [&hellip;]<\/p>\n","protected":false},"author":82,"featured_media":14586,"comment_status":"open","ping_status":"closed","sticky":false,"template":"","format":"standard","meta":{"footnotes":""},"categories":[6,10],"tags":[36,47,46],"class_list":["post-14587","post","type-post","status-publish","format-standard","has-post-thumbnail","hentry","category-sports","category-toutes-les-actualites","tag-africa-press","tag-africa-press-congo-brazzaville","tag-congo-brazzaville"],"yoast_head":"<!-- This site is optimized with the Yoast SEO Premium plugin v26.1 (Yoast SEO v27.0) - https:\/\/yoast.com\/product\/yoast-seo-premium-wordpress\/ -->\n<title>CAN U-20 : le Congo d\u00e9bute face au Soudan du Sud - Congo Brazzaville<\/title>\n<meta name=\"description\" content=\"Les Diables rouges de moins de 20 ans de\u0301butent la compe\u0301tition que l\u2019Egypte abrite en affrontant ce lundi les Bright ...\" \/>\n<meta name=\"robots\" content=\"index, follow, max-snippet:-1, max-image-preview:large, max-video-preview:-1\" \/>\n<link rel=\"canonical\" href=\"https:\/\/www.africa-press.net\/congo-brazzaville\/sports\/can-u-20-le-congo-debute-face-au-soudan-du-sud\" \/>\n<meta property=\"og:locale\" content=\"fr_FR\" \/>\n<meta property=\"og:type\" content=\"article\" \/>\n<meta property=\"og:title\" content=\"CAN U-20 : le Congo d\u00e9bute face au Soudan du Sud\" \/>\n<meta property=\"og:description\" content=\"Les Diables rouges de moins de 20 ans de\u0301butent la compe\u0301tition que l\u2019Egypte abrite en affrontant ce lundi les Bright ...\" \/>\n<meta property=\"og:url\" content=\"https:\/\/www.africa-press.net\/congo-brazzaville\/sports\/can-u-20-le-congo-debute-face-au-soudan-du-sud\" \/>\n<meta property=\"og:site_name\" content=\"Congo Brazzaville\" \/>\n<meta property=\"article:published_time\" content=\"2023-02-18T19:06:00+00:00\" \/>\n<meta property=\"article:modified_time\" content=\"2023-02-18T19:43:08+00:00\" \/>\n<meta property=\"og:image\" content=\"https:\/\/static.africa-press.net\/congo-brazzaville\/sites\/51\/2023\/02\/postQueueImg_1676734566.10.jpg\" \/>\n\t<meta property=\"og:image:width\" content=\"1155\" \/>\n\t<meta property=\"og:image:height\" content=\"768\" \/>\n\t<meta property=\"og:image:type\" content=\"image\/jpeg\" \/>\n<meta name=\"author\" content=\"cfeditorfr\" \/>\n<meta name=\"twitter:card\" content=\"summary_large_image\" \/>\n<meta name=\"twitter:label1\" content=\"\u00c9crit par\" \/>\n\t<meta name=\"twitter:data1\" content=\"cfeditorfr\" \/>\n\t<meta name=\"twitter:label2\" content=\"Dur\u00e9e de lecture estim\u00e9e\" \/>\n\t<meta name=\"twitter:data2\" content=\"3 minutes\" \/>\n<script type=\"application\/ld+json\" class=\"yoast-schema-graph\">{\"@context\":\"https:\/\/schema.org\",\"@graph\":[{\"@type\":\"Article\",\"@id\":\"https:\/\/www.africa-press.net\/congo-brazzaville\/sports\/can-u-20-le-congo-debute-face-au-soudan-du-sud#article\",\"isPartOf\":{\"@id\":\"https:\/\/www.africa-press.net\/congo-brazzaville\/sports\/can-u-20-le-congo-debute-face-au-soudan-du-sud\"},\"author\":{\"name\":\"cfeditorfr\",\"@id\":\"https:\/\/www.africa-press.net\/congo-brazzaville\/#\/schema\/person\/2b1cf3cd81a31e3cd26889ca66d677f1\"},\"headline\":\"CAN U-20 : le Congo d\u00e9bute face au Soudan du Sud\",\"datePublished\":\"2023-02-18T19:06:00+00:00\",\"dateModified\":\"2023-02-18T19:43:08+00:00\",\"mainEntityOfPage\":{\"@id\":\"https:\/\/www.africa-press.net\/congo-brazzaville\/sports\/can-u-20-le-congo-debute-face-au-soudan-du-sud\"},\"wordCount\":585,\"commentCount\":0,\"image\":{\"@id\":\"https:\/\/www.africa-press.net\/congo-brazzaville\/sports\/can-u-20-le-congo-debute-face-au-soudan-du-sud#primaryimage\"},\"thumbnailUrl\":\"https:\/\/static.africa-press.net\/congo-brazzaville\/sites\/51\/2023\/02\/postQueueImg_1676734566.10.jpg\",\"keywords\":[\"Africa Press\",\"Africa Press-Congo Brazzaville\",\"Congo Brazzaville\"],\"articleSection\":[\"Sports\",\"Toutes les actualit\u00e9s\"],\"inLanguage\":\"fr-FR\",\"potentialAction\":[{\"@type\":\"CommentAction\",\"name\":\"Comment\",\"target\":[\"https:\/\/www.africa-press.net\/congo-brazzaville\/sports\/can-u-20-le-congo-debute-face-au-soudan-du-sud#respond\"]}]},{\"@type\":\"WebPage\",\"@id\":\"https:\/\/www.africa-press.net\/congo-brazzaville\/sports\/can-u-20-le-congo-debute-face-au-soudan-du-sud\",\"url\":\"https:\/\/www.africa-press.net\/congo-brazzaville\/sports\/can-u-20-le-congo-debute-face-au-soudan-du-sud\",\"name\":\"CAN U-20 : le Congo d\u00e9bute face au Soudan du Sud - Congo Brazzaville\",\"isPartOf\":{\"@id\":\"https:\/\/www.africa-press.net\/congo-brazzaville\/#website\"},\"primaryImageOfPage\":{\"@id\":\"https:\/\/www.africa-press.net\/congo-brazzaville\/sports\/can-u-20-le-congo-debute-face-au-soudan-du-sud#primaryimage\"},\"image\":{\"@id\":\"https:\/\/www.africa-press.net\/congo-brazzaville\/sports\/can-u-20-le-congo-debute-face-au-soudan-du-sud#primaryimage\"},\"thumbnailUrl\":\"https:\/\/static.africa-press.net\/congo-brazzaville\/sites\/51\/2023\/02\/postQueueImg_1676734566.10.jpg\",\"datePublished\":\"2023-02-18T19:06:00+00:00\",\"dateModified\":\"2023-02-18T19:43:08+00:00\",\"author\":{\"@id\":\"https:\/\/www.africa-press.net\/congo-brazzaville\/#\/schema\/person\/2b1cf3cd81a31e3cd26889ca66d677f1\"},\"description\":\"Les Diables rouges de moins de 20 ans de\u0301butent la compe\u0301tition que l\u2019Egypte abrite en affrontant ce lundi les Bright ...\",\"breadcrumb\":{\"@id\":\"https:\/\/www.africa-press.net\/congo-brazzaville\/sports\/can-u-20-le-congo-debute-face-au-soudan-du-sud#breadcrumb\"},\"inLanguage\":\"fr-FR\",\"potentialAction\":[{\"@type\":\"ReadAction\",\"target\":[\"https:\/\/www.africa-press.net\/congo-brazzaville\/sports\/can-u-20-le-congo-debute-face-au-soudan-du-sud\"]}]},{\"@type\":\"ImageObject\",\"inLanguage\":\"fr-FR\",\"@id\":\"https:\/\/www.africa-press.net\/congo-brazzaville\/sports\/can-u-20-le-congo-debute-face-au-soudan-du-sud#primaryimage\",\"url\":\"https:\/\/static.africa-press.net\/congo-brazzaville\/sites\/51\/2023\/02\/postQueueImg_1676734566.10.jpg\",\"contentUrl\":\"https:\/\/static.africa-press.net\/congo-brazzaville\/sites\/51\/2023\/02\/postQueueImg_1676734566.10.jpg\",\"width\":1155,\"height\":768,\"caption\":\"CAN U-20 : le Congo d\u00e9bute face au Soudan du Sud\"},{\"@type\":\"BreadcrumbList\",\"@id\":\"https:\/\/www.africa-press.net\/congo-brazzaville\/sports\/can-u-20-le-congo-debute-face-au-soudan-du-sud#breadcrumb\",\"itemListElement\":[{\"@type\":\"ListItem\",\"position\":1,\"name\":\"Accueil\",\"item\":\"https:\/\/www.africa-press.net\/congo-brazzaville\/\"},{\"@type\":\"ListItem\",\"position\":2,\"name\":\"CAN U-20 : le Congo d\u00e9bute face au Soudan du Sud\"}]},{\"@type\":\"WebSite\",\"@id\":\"https:\/\/www.africa-press.net\/congo-brazzaville\/#website\",\"url\":\"https:\/\/www.africa-press.net\/congo-brazzaville\/\",\"name\":\"Congo Brazzaville\",\"description\":\"Just another Africa News Agency Sites site\",\"potentialAction\":[{\"@type\":\"SearchAction\",\"target\":{\"@type\":\"EntryPoint\",\"urlTemplate\":\"https:\/\/www.africa-press.net\/congo-brazzaville\/?s={search_term_string}\"},\"query-input\":{\"@type\":\"PropertyValueSpecification\",\"valueRequired\":true,\"valueName\":\"search_term_string\"}}],\"inLanguage\":\"fr-FR\"},{\"@type\":\"Person\",\"@id\":\"https:\/\/www.africa-press.net\/congo-brazzaville\/#\/schema\/person\/2b1cf3cd81a31e3cd26889ca66d677f1\",\"name\":\"cfeditorfr\"}]}<\/script>\n<!-- \/ Yoast SEO Premium plugin. -->","yoast_head_json":{"title":"CAN U-20 : le Congo d\u00e9bute face au Soudan du Sud - Congo Brazzaville","description":"Les Diables rouges de moins de 20 ans de\u0301butent la compe\u0301tition que l\u2019Egypte abrite en affrontant ce lundi les Bright ...","robots":{"index":"index","follow":"follow","max-snippet":"max-snippet:-1","max-image-preview":"max-image-preview:large","max-video-preview":"max-video-preview:-1"},"canonical":"https:\/\/www.africa-press.net\/congo-brazzaville\/sports\/can-u-20-le-congo-debute-face-au-soudan-du-sud","og_locale":"fr_FR","og_type":"article","og_title":"CAN U-20 : le Congo d\u00e9bute face au Soudan du Sud","og_description":"Les Diables rouges de moins de 20 ans de\u0301butent la compe\u0301tition que l\u2019Egypte abrite en affrontant ce lundi les Bright ...","og_url":"https:\/\/www.africa-press.net\/congo-brazzaville\/sports\/can-u-20-le-congo-debute-face-au-soudan-du-sud","og_site_name":"Congo Brazzaville","article_published_time":"2023-02-18T19:06:00+00:00","article_modified_time":"2023-02-18T19:43:08+00:00","og_image":[{"width":1155,"height":768,"url":"https:\/\/static.africa-press.net\/congo-brazzaville\/sites\/51\/2023\/02\/postQueueImg_1676734566.10.jpg","type":"image\/jpeg"}],"author":"cfeditorfr","twitter_card":"summary_large_image","twitter_misc":{"\u00c9crit par":"cfeditorfr","Dur\u00e9e de lecture estim\u00e9e":"3 minutes"},"schema":{"@context":"https:\/\/schema.org","@graph":[{"@type":"Article","@id":"https:\/\/www.africa-press.net\/congo-brazzaville\/sports\/can-u-20-le-congo-debute-face-au-soudan-du-sud#article","isPartOf":{"@id":"https:\/\/www.africa-press.net\/congo-brazzaville\/sports\/can-u-20-le-congo-debute-face-au-soudan-du-sud"},"author":{"name":"cfeditorfr","@id":"https:\/\/www.africa-press.net\/congo-brazzaville\/#\/schema\/person\/2b1cf3cd81a31e3cd26889ca66d677f1"},"headline":"CAN U-20 : le Congo d\u00e9bute face au Soudan du Sud","datePublished":"2023-02-18T19:06:00+00:00","dateModified":"2023-02-18T19:43:08+00:00","mainEntityOfPage":{"@id":"https:\/\/www.africa-press.net\/congo-brazzaville\/sports\/can-u-20-le-congo-debute-face-au-soudan-du-sud"},"wordCount":585,"commentCount":0,"image":{"@id":"https:\/\/www.africa-press.net\/congo-brazzaville\/sports\/can-u-20-le-congo-debute-face-au-soudan-du-sud#primaryimage"},"thumbnailUrl":"https:\/\/static.africa-press.net\/congo-brazzaville\/sites\/51\/2023\/02\/postQueueImg_1676734566.10.jpg","keywords":["Africa Press","Africa Press-Congo Brazzaville","Congo Brazzaville"],"articleSection":["Sports","Toutes les actualit\u00e9s"],"inLanguage":"fr-FR","potentialAction":[{"@type":"CommentAction","name":"Comment","target":["https:\/\/www.africa-press.net\/congo-brazzaville\/sports\/can-u-20-le-congo-debute-face-au-soudan-du-sud#respond"]}]},{"@type":"WebPage","@id":"https:\/\/www.africa-press.net\/congo-brazzaville\/sports\/can-u-20-le-congo-debute-face-au-soudan-du-sud","url":"https:\/\/www.africa-press.net\/congo-brazzaville\/sports\/can-u-20-le-congo-debute-face-au-soudan-du-sud","name":"CAN U-20 : le Congo d\u00e9bute face au Soudan du Sud - Congo Brazzaville","isPartOf":{"@id":"https:\/\/www.africa-press.net\/congo-brazzaville\/#website"},"primaryImageOfPage":{"@id":"https:\/\/www.africa-press.net\/congo-brazzaville\/sports\/can-u-20-le-congo-debute-face-au-soudan-du-sud#primaryimage"},"image":{"@id":"https:\/\/www.africa-press.net\/congo-brazzaville\/sports\/can-u-20-le-congo-debute-face-au-soudan-du-sud#primaryimage"},"thumbnailUrl":"https:\/\/static.africa-press.net\/congo-brazzaville\/sites\/51\/2023\/02\/postQueueImg_1676734566.10.jpg","datePublished":"2023-02-18T19:06:00+00:00","dateModified":"2023-02-18T19:43:08+00:00","author":{"@id":"https:\/\/www.africa-press.net\/congo-brazzaville\/#\/schema\/person\/2b1cf3cd81a31e3cd26889ca66d677f1"},"description":"Les Diables rouges de moins de 20 ans de\u0301butent la compe\u0301tition que l\u2019Egypte abrite en affrontant ce lundi les Bright ...","breadcrumb":{"@id":"https:\/\/www.africa-press.net\/congo-brazzaville\/sports\/can-u-20-le-congo-debute-face-au-soudan-du-sud#breadcrumb"},"inLanguage":"fr-FR","potentialAction":[{"@type":"ReadAction","target":["https:\/\/www.africa-press.net\/congo-brazzaville\/sports\/can-u-20-le-congo-debute-face-au-soudan-du-sud"]}]},{"@type":"ImageObject","inLanguage":"fr-FR","@id":"https:\/\/www.africa-press.net\/congo-brazzaville\/sports\/can-u-20-le-congo-debute-face-au-soudan-du-sud#primaryimage","url":"https:\/\/static.africa-press.net\/congo-brazzaville\/sites\/51\/2023\/02\/postQueueImg_1676734566.10.jpg","contentUrl":"https:\/\/static.africa-press.net\/congo-brazzaville\/sites\/51\/2023\/02\/postQueueImg_1676734566.10.jpg","width":1155,"height":768,"caption":"CAN U-20 : le Congo d\u00e9bute face au Soudan du Sud"},{"@type":"BreadcrumbList","@id":"https:\/\/www.africa-press.net\/congo-brazzaville\/sports\/can-u-20-le-congo-debute-face-au-soudan-du-sud#breadcrumb","itemListElement":[{"@type":"ListItem","position":1,"name":"Accueil","item":"https:\/\/www.africa-press.net\/congo-brazzaville\/"},{"@type":"ListItem","position":2,"name":"CAN U-20 : le Congo d\u00e9bute face au Soudan du Sud"}]},{"@type":"WebSite","@id":"https:\/\/www.africa-press.net\/congo-brazzaville\/#website","url":"https:\/\/www.africa-press.net\/congo-brazzaville\/","name":"Congo Brazzaville","description":"Just another Africa News Agency Sites site","potentialAction":[{"@type":"SearchAction","target":{"@type":"EntryPoint","urlTemplate":"https:\/\/www.africa-press.net\/congo-brazzaville\/?s={search_term_string}"},"query-input":{"@type":"PropertyValueSpecification","valueRequired":true,"valueName":"search_term_string"}}],"inLanguage":"fr-FR"},{"@type":"Person","@id":"https:\/\/www.africa-press.net\/congo-brazzaville\/#\/schema\/person\/2b1cf3cd81a31e3cd26889ca66d677f1","name":"cfeditorfr"}]}},"_links":{"self":[{"href":"https:\/\/www.africa-press.net\/congo-brazzaville\/wp-json\/wp\/v2\/posts\/14587","targetHints":{"allow":["GET"]}}],"collection":[{"href":"https:\/\/www.africa-press.net\/congo-brazzaville\/wp-json\/wp\/v2\/posts"}],"about":[{"href":"https:\/\/www.africa-press.net\/congo-brazzaville\/wp-json\/wp\/v2\/types\/post"}],"author":[{"embeddable":true,"href":"https:\/\/www.africa-press.net\/congo-brazzaville\/wp-json\/wp\/v2\/users\/82"}],"replies":[{"embeddable":true,"href":"https:\/\/www.africa-press.net\/congo-brazzaville\/wp-json\/wp\/v2\/comments?post=14587"}],"version-history":[{"count":0,"href":"https:\/\/www.africa-press.net\/congo-brazzaville\/wp-json\/wp\/v2\/posts\/14587\/revisions"}],"wp:featuredmedia":[{"embeddable":true,"href":"https:\/\/www.africa-press.net\/congo-brazzaville\/wp-json\/wp\/v2\/media\/14586"}],"wp:attachment":[{"href":"https:\/\/www.africa-press.net\/congo-brazzaville\/wp-json\/wp\/v2\/media?parent=14587"}],"wp:term":[{"taxonomy":"category","embeddable":true,"href":"https:\/\/www.africa-press.net\/congo-brazzaville\/wp-json\/wp\/v2\/categories?post=14587"},{"taxonomy":"post_tag","embeddable":true,"href":"https:\/\/www.africa-press.net\/congo-brazzaville\/wp-json\/wp\/v2\/tags?post=14587"}],"curies":[{"name":"wp","href":"https:\/\/api.w.org\/{rel}","templated":true}]}}