{"id":14589,"date":"2023-02-18T19:06:12","date_gmt":"2023-02-18T19:06:12","guid":{"rendered":"https:\/\/www.africa-press.net\/congo-brazzaville\/politique\/seisme-en-turquie-le-congo-exprime-sa-solidarite"},"modified":"2023-02-18T19:43:28","modified_gmt":"2023-02-18T19:43:28","slug":"seisme-en-turquie-le-congo-exprime-sa-solidarite","status":"publish","type":"post","link":"https:\/\/www.africa-press.net\/congo-brazzaville\/politique\/seisme-en-turquie-le-congo-exprime-sa-solidarite","title":{"rendered":"S\u00e9isme en Turquie : le Congo exprime sa solidarit\u00e9"},"content":{"rendered":"<p><span style=\"color: #ff6600\"><strong>Africa-Press &#8211; Congo Brazzaville. <\/strong><\/span><b>Le pre\u0301sident de la Re\u0301publique, Denis Sassou N\u2019Guesso, a de\u0301pe\u0302che\u0301 le 15 fe\u0301vrier, a\u0300 Ankara, en Turquie, son directeur de cabinet, le ministre d\u2019Etat Florent Ntsiba, a\u0300 la te\u0302te d\u2019une de\u0301le\u0301gation.<\/b><\/p>\n<p>La visite du ministre d\u2019Etat en Turquie a eu pour objectif d\u2019apporter l\u2019assistance et la solidarite\u0301 au pre\u0301sident de ce pays, Recep Tayyip Erdog\u0306an, et particulie\u0300rement a\u0300 la population victime du se\u0301isme dans le Sud-Est de la Turquie, qui a fait des milliers de morts et de blesse\u0301s.<\/p>\n<p>Apre\u0300s avoir e\u0301change\u0301 avec le ministre turc des Affaires e\u0301trange\u0300res, Mevlu\u0308t C\u0327avus\u0327og\u0306lu, la de\u0301le\u0301gation congolaise s\u2019est rendue a\u0300 l\u2019Agence gouvernementale des situations des catastrophes pour adresser ses condole\u0301ances \u00ab les plus attriste\u0301es \u00bb tout en exprimant \u00ab sa profonde et since\u0300re compassion \u00bb, au nom du chef de l\u2019Etat congolais, Denis Sassou N\u2019Guesso.<\/p>\n<p>A\u0300 l\u2019issue des diffe\u0301rentes rencontres, les autorite\u0301s turques ont salue\u0301 l\u2019e\u0301lan de solidarite\u0301 du Congo a\u0300 la population turque victime de la trage\u0301die.<\/p>\n<p>\u00ab On ne peut pas entretenir une telle proximite\u0301 et e\u0302tre indiffe\u0301rent face a\u0300 ce genre de drame que vient de connai\u0302tre ce pays ami et fre\u0300re. C\u2019est le plus grand drame des temps modernes \u00bb, a de\u0301clare\u0301 le ministre d\u2019Etat Florent Ntsiba.<\/p>\n<p>\u00ab On se souvient que le 4 mars 2012, la Turquie a e\u0301te\u0301 proche de nous. Le pre\u0301sident de la Re\u0301publique, son gouvernement et le peuple congolais ne pouvaient pas rester indiffe\u0301rents face a\u0300 un tel drame. Lorsque nous parlons de la proximite\u0301, ce n\u2019est pas du bout des le\u0300vres. Le pre\u0301sident nous a de\u0301pe\u0302che\u0301s ici pour porter au plus pre\u0300s la voix du c\u0153ur de notre pays et de son peuple \u00bb, a-t-il ajoute\u0301.<\/p>\n<p>Signalons que le Congo et la Turquie entretiennent d\u2019excellentes relations d\u2019amitie\u0301 et de coope\u0301ration porte\u0301es au haut niveau par les pre\u0301sidents Denis Sassou N\u2019Guesso et Recep Tayyip Erdog\u0306an.<\/p>\n<p><strong>Pour plus d&rsquo;informations et d&rsquo;analyses sur la <a href=\"https:\/\/www.africa-press.net\/congo-brazzaville\">Congo Brazzaville<\/a>, suivez <a href=\"https:\/\/www.africa-press.net\/\">Africa-Press<\/a><\/strong><\/p>\n","protected":false},"excerpt":{"rendered":"<p>Africa-Press &#8211; Congo Brazzaville. Le pre\u0301sident de la Re\u0301publique, Denis Sassou N\u2019Guesso, a de\u0301pe\u0302che\u0301 le 15 fe\u0301vrier, a\u0300 Ankara, en Turquie, son directeur de cabinet, le ministre d\u2019Etat Florent Ntsiba, a\u0300 la te\u0302te d\u2019une de\u0301le\u0301gation. La visite du ministre d\u2019Etat en Turquie a eu pour objectif d\u2019apporter l\u2019assistance et la solidarite\u0301 au pre\u0301sident de ce [&hellip;]<\/p>\n","protected":false},"author":82,"featured_media":14588,"comment_status":"open","ping_status":"closed","sticky":false,"template":"","format":"standard","meta":{"footnotes":""},"categories":[2,20,10],"tags":[36,47,46],"class_list":["post-14589","post","type-post","status-publish","format-standard","has-post-thumbnail","hentry","category-politique","category-top-nouvelles","category-toutes-les-actualites","tag-africa-press","tag-africa-press-congo-brazzaville","tag-congo-brazzaville"],"yoast_head":"<!-- This site is optimized with the Yoast SEO Premium plugin v26.1 (Yoast SEO v27.0) - https:\/\/yoast.com\/product\/yoast-seo-premium-wordpress\/ -->\n<title>S\u00e9isme en Turquie : le Congo exprime sa solidarit\u00e9 - Congo Brazzaville<\/title>\n<meta name=\"description\" content=\"Le pre\u0301sident de la Re\u0301publique, Denis Sassou N\u2019Guesso, a de\u0301pe\u0302che\u0301 le 15 fe\u0301vrier, a\u0300 Ankara, en Turquie, son direc ...\" \/>\n<meta name=\"robots\" content=\"index, follow, max-snippet:-1, max-image-preview:large, max-video-preview:-1\" \/>\n<link rel=\"canonical\" href=\"https:\/\/www.africa-press.net\/congo-brazzaville\/politique\/seisme-en-turquie-le-congo-exprime-sa-solidarite\" \/>\n<meta property=\"og:locale\" content=\"fr_FR\" \/>\n<meta property=\"og:type\" content=\"article\" \/>\n<meta property=\"og:title\" content=\"S\u00e9isme en Turquie : le Congo exprime sa solidarit\u00e9\" \/>\n<meta property=\"og:description\" content=\"Le pre\u0301sident de la Re\u0301publique, Denis Sassou N\u2019Guesso, a de\u0301pe\u0302che\u0301 le 15 fe\u0301vrier, a\u0300 Ankara, en Turquie, son direc ...\" \/>\n<meta property=\"og:url\" content=\"https:\/\/www.africa-press.net\/congo-brazzaville\/politique\/seisme-en-turquie-le-congo-exprime-sa-solidarite\" \/>\n<meta property=\"og:site_name\" content=\"Congo Brazzaville\" \/>\n<meta property=\"article:published_time\" content=\"2023-02-18T19:06:12+00:00\" \/>\n<meta property=\"article:modified_time\" content=\"2023-02-18T19:43:28+00:00\" \/>\n<meta property=\"og:image\" content=\"https:\/\/static.africa-press.net\/congo-brazzaville\/sites\/51\/2023\/02\/postQueueImg_1676734581.38.jpg\" \/>\n\t<meta property=\"og:image:width\" content=\"1280\" \/>\n\t<meta property=\"og:image:height\" content=\"720\" \/>\n\t<meta property=\"og:image:type\" content=\"image\/jpeg\" \/>\n<meta name=\"author\" content=\"cfeditorfr\" \/>\n<meta name=\"twitter:card\" content=\"summary_large_image\" \/>\n<meta name=\"twitter:label1\" content=\"\u00c9crit par\" \/>\n\t<meta name=\"twitter:data1\" content=\"cfeditorfr\" \/>\n\t<meta name=\"twitter:label2\" content=\"Dur\u00e9e de lecture estim\u00e9e\" \/>\n\t<meta name=\"twitter:data2\" content=\"2 minutes\" \/>\n<script type=\"application\/ld+json\" class=\"yoast-schema-graph\">{\"@context\":\"https:\/\/schema.org\",\"@graph\":[{\"@type\":\"Article\",\"@id\":\"https:\/\/www.africa-press.net\/congo-brazzaville\/politique\/seisme-en-turquie-le-congo-exprime-sa-solidarite#article\",\"isPartOf\":{\"@id\":\"https:\/\/www.africa-press.net\/congo-brazzaville\/politique\/seisme-en-turquie-le-congo-exprime-sa-solidarite\"},\"author\":{\"name\":\"cfeditorfr\",\"@id\":\"https:\/\/www.africa-press.net\/congo-brazzaville\/#\/schema\/person\/2b1cf3cd81a31e3cd26889ca66d677f1\"},\"headline\":\"S\u00e9isme en Turquie : le Congo exprime sa solidarit\u00e9\",\"datePublished\":\"2023-02-18T19:06:12+00:00\",\"dateModified\":\"2023-02-18T19:43:28+00:00\",\"mainEntityOfPage\":{\"@id\":\"https:\/\/www.africa-press.net\/congo-brazzaville\/politique\/seisme-en-turquie-le-congo-exprime-sa-solidarite\"},\"wordCount\":384,\"commentCount\":0,\"image\":{\"@id\":\"https:\/\/www.africa-press.net\/congo-brazzaville\/politique\/seisme-en-turquie-le-congo-exprime-sa-solidarite#primaryimage\"},\"thumbnailUrl\":\"https:\/\/static.africa-press.net\/congo-brazzaville\/sites\/51\/2023\/02\/postQueueImg_1676734581.38.jpg\",\"keywords\":[\"Africa Press\",\"Africa Press-Congo Brazzaville\",\"Congo Brazzaville\"],\"articleSection\":[\"Politique\",\"Top Nouvelles\",\"Toutes les actualit\u00e9s\"],\"inLanguage\":\"fr-FR\",\"potentialAction\":[{\"@type\":\"CommentAction\",\"name\":\"Comment\",\"target\":[\"https:\/\/www.africa-press.net\/congo-brazzaville\/politique\/seisme-en-turquie-le-congo-exprime-sa-solidarite#respond\"]}]},{\"@type\":\"WebPage\",\"@id\":\"https:\/\/www.africa-press.net\/congo-brazzaville\/politique\/seisme-en-turquie-le-congo-exprime-sa-solidarite\",\"url\":\"https:\/\/www.africa-press.net\/congo-brazzaville\/politique\/seisme-en-turquie-le-congo-exprime-sa-solidarite\",\"name\":\"S\u00e9isme en Turquie : le Congo exprime sa solidarit\u00e9 - Congo Brazzaville\",\"isPartOf\":{\"@id\":\"https:\/\/www.africa-press.net\/congo-brazzaville\/#website\"},\"primaryImageOfPage\":{\"@id\":\"https:\/\/www.africa-press.net\/congo-brazzaville\/politique\/seisme-en-turquie-le-congo-exprime-sa-solidarite#primaryimage\"},\"image\":{\"@id\":\"https:\/\/www.africa-press.net\/congo-brazzaville\/politique\/seisme-en-turquie-le-congo-exprime-sa-solidarite#primaryimage\"},\"thumbnailUrl\":\"https:\/\/static.africa-press.net\/congo-brazzaville\/sites\/51\/2023\/02\/postQueueImg_1676734581.38.jpg\",\"datePublished\":\"2023-02-18T19:06:12+00:00\",\"dateModified\":\"2023-02-18T19:43:28+00:00\",\"author\":{\"@id\":\"https:\/\/www.africa-press.net\/congo-brazzaville\/#\/schema\/person\/2b1cf3cd81a31e3cd26889ca66d677f1\"},\"description\":\"Le pre\u0301sident de la Re\u0301publique, Denis Sassou N\u2019Guesso, a de\u0301pe\u0302che\u0301 le 15 fe\u0301vrier, a\u0300 Ankara, en Turquie, son direc ...\",\"breadcrumb\":{\"@id\":\"https:\/\/www.africa-press.net\/congo-brazzaville\/politique\/seisme-en-turquie-le-congo-exprime-sa-solidarite#breadcrumb\"},\"inLanguage\":\"fr-FR\",\"potentialAction\":[{\"@type\":\"ReadAction\",\"target\":[\"https:\/\/www.africa-press.net\/congo-brazzaville\/politique\/seisme-en-turquie-le-congo-exprime-sa-solidarite\"]}]},{\"@type\":\"ImageObject\",\"inLanguage\":\"fr-FR\",\"@id\":\"https:\/\/www.africa-press.net\/congo-brazzaville\/politique\/seisme-en-turquie-le-congo-exprime-sa-solidarite#primaryimage\",\"url\":\"https:\/\/static.africa-press.net\/congo-brazzaville\/sites\/51\/2023\/02\/postQueueImg_1676734581.38.jpg\",\"contentUrl\":\"https:\/\/static.africa-press.net\/congo-brazzaville\/sites\/51\/2023\/02\/postQueueImg_1676734581.38.jpg\",\"width\":1280,\"height\":720,\"caption\":\"S\u00e9isme en Turquie : le Congo exprime sa solidarit\u00e9\"},{\"@type\":\"BreadcrumbList\",\"@id\":\"https:\/\/www.africa-press.net\/congo-brazzaville\/politique\/seisme-en-turquie-le-congo-exprime-sa-solidarite#breadcrumb\",\"itemListElement\":[{\"@type\":\"ListItem\",\"position\":1,\"name\":\"Accueil\",\"item\":\"https:\/\/www.africa-press.net\/congo-brazzaville\/\"},{\"@type\":\"ListItem\",\"position\":2,\"name\":\"S\u00e9isme en Turquie : le Congo exprime sa solidarit\u00e9\"}]},{\"@type\":\"WebSite\",\"@id\":\"https:\/\/www.africa-press.net\/congo-brazzaville\/#website\",\"url\":\"https:\/\/www.africa-press.net\/congo-brazzaville\/\",\"name\":\"Congo Brazzaville\",\"description\":\"Just another Africa News Agency Sites site\",\"potentialAction\":[{\"@type\":\"SearchAction\",\"target\":{\"@type\":\"EntryPoint\",\"urlTemplate\":\"https:\/\/www.africa-press.net\/congo-brazzaville\/?s={search_term_string}\"},\"query-input\":{\"@type\":\"PropertyValueSpecification\",\"valueRequired\":true,\"valueName\":\"search_term_string\"}}],\"inLanguage\":\"fr-FR\"},{\"@type\":\"Person\",\"@id\":\"https:\/\/www.africa-press.net\/congo-brazzaville\/#\/schema\/person\/2b1cf3cd81a31e3cd26889ca66d677f1\",\"name\":\"cfeditorfr\"}]}<\/script>\n<!-- \/ Yoast SEO Premium plugin. -->","yoast_head_json":{"title":"S\u00e9isme en Turquie : le Congo exprime sa solidarit\u00e9 - Congo Brazzaville","description":"Le pre\u0301sident de la Re\u0301publique, Denis Sassou N\u2019Guesso, a de\u0301pe\u0302che\u0301 le 15 fe\u0301vrier, a\u0300 Ankara, en Turquie, son direc ...","robots":{"index":"index","follow":"follow","max-snippet":"max-snippet:-1","max-image-preview":"max-image-preview:large","max-video-preview":"max-video-preview:-1"},"canonical":"https:\/\/www.africa-press.net\/congo-brazzaville\/politique\/seisme-en-turquie-le-congo-exprime-sa-solidarite","og_locale":"fr_FR","og_type":"article","og_title":"S\u00e9isme en Turquie : le Congo exprime sa solidarit\u00e9","og_description":"Le pre\u0301sident de la Re\u0301publique, Denis Sassou N\u2019Guesso, a de\u0301pe\u0302che\u0301 le 15 fe\u0301vrier, a\u0300 Ankara, en Turquie, son direc ...","og_url":"https:\/\/www.africa-press.net\/congo-brazzaville\/politique\/seisme-en-turquie-le-congo-exprime-sa-solidarite","og_site_name":"Congo Brazzaville","article_published_time":"2023-02-18T19:06:12+00:00","article_modified_time":"2023-02-18T19:43:28+00:00","og_image":[{"width":1280,"height":720,"url":"https:\/\/static.africa-press.net\/congo-brazzaville\/sites\/51\/2023\/02\/postQueueImg_1676734581.38.jpg","type":"image\/jpeg"}],"author":"cfeditorfr","twitter_card":"summary_large_image","twitter_misc":{"\u00c9crit par":"cfeditorfr","Dur\u00e9e de lecture estim\u00e9e":"2 minutes"},"schema":{"@context":"https:\/\/schema.org","@graph":[{"@type":"Article","@id":"https:\/\/www.africa-press.net\/congo-brazzaville\/politique\/seisme-en-turquie-le-congo-exprime-sa-solidarite#article","isPartOf":{"@id":"https:\/\/www.africa-press.net\/congo-brazzaville\/politique\/seisme-en-turquie-le-congo-exprime-sa-solidarite"},"author":{"name":"cfeditorfr","@id":"https:\/\/www.africa-press.net\/congo-brazzaville\/#\/schema\/person\/2b1cf3cd81a31e3cd26889ca66d677f1"},"headline":"S\u00e9isme en Turquie : le Congo exprime sa solidarit\u00e9","datePublished":"2023-02-18T19:06:12+00:00","dateModified":"2023-02-18T19:43:28+00:00","mainEntityOfPage":{"@id":"https:\/\/www.africa-press.net\/congo-brazzaville\/politique\/seisme-en-turquie-le-congo-exprime-sa-solidarite"},"wordCount":384,"commentCount":0,"image":{"@id":"https:\/\/www.africa-press.net\/congo-brazzaville\/politique\/seisme-en-turquie-le-congo-exprime-sa-solidarite#primaryimage"},"thumbnailUrl":"https:\/\/static.africa-press.net\/congo-brazzaville\/sites\/51\/2023\/02\/postQueueImg_1676734581.38.jpg","keywords":["Africa Press","Africa Press-Congo Brazzaville","Congo Brazzaville"],"articleSection":["Politique","Top Nouvelles","Toutes les actualit\u00e9s"],"inLanguage":"fr-FR","potentialAction":[{"@type":"CommentAction","name":"Comment","target":["https:\/\/www.africa-press.net\/congo-brazzaville\/politique\/seisme-en-turquie-le-congo-exprime-sa-solidarite#respond"]}]},{"@type":"WebPage","@id":"https:\/\/www.africa-press.net\/congo-brazzaville\/politique\/seisme-en-turquie-le-congo-exprime-sa-solidarite","url":"https:\/\/www.africa-press.net\/congo-brazzaville\/politique\/seisme-en-turquie-le-congo-exprime-sa-solidarite","name":"S\u00e9isme en Turquie : le Congo exprime sa solidarit\u00e9 - Congo Brazzaville","isPartOf":{"@id":"https:\/\/www.africa-press.net\/congo-brazzaville\/#website"},"primaryImageOfPage":{"@id":"https:\/\/www.africa-press.net\/congo-brazzaville\/politique\/seisme-en-turquie-le-congo-exprime-sa-solidarite#primaryimage"},"image":{"@id":"https:\/\/www.africa-press.net\/congo-brazzaville\/politique\/seisme-en-turquie-le-congo-exprime-sa-solidarite#primaryimage"},"thumbnailUrl":"https:\/\/static.africa-press.net\/congo-brazzaville\/sites\/51\/2023\/02\/postQueueImg_1676734581.38.jpg","datePublished":"2023-02-18T19:06:12+00:00","dateModified":"2023-02-18T19:43:28+00:00","author":{"@id":"https:\/\/www.africa-press.net\/congo-brazzaville\/#\/schema\/person\/2b1cf3cd81a31e3cd26889ca66d677f1"},"description":"Le pre\u0301sident de la Re\u0301publique, Denis Sassou N\u2019Guesso, a de\u0301pe\u0302che\u0301 le 15 fe\u0301vrier, a\u0300 Ankara, en Turquie, son direc ...","breadcrumb":{"@id":"https:\/\/www.africa-press.net\/congo-brazzaville\/politique\/seisme-en-turquie-le-congo-exprime-sa-solidarite#breadcrumb"},"inLanguage":"fr-FR","potentialAction":[{"@type":"ReadAction","target":["https:\/\/www.africa-press.net\/congo-brazzaville\/politique\/seisme-en-turquie-le-congo-exprime-sa-solidarite"]}]},{"@type":"ImageObject","inLanguage":"fr-FR","@id":"https:\/\/www.africa-press.net\/congo-brazzaville\/politique\/seisme-en-turquie-le-congo-exprime-sa-solidarite#primaryimage","url":"https:\/\/static.africa-press.net\/congo-brazzaville\/sites\/51\/2023\/02\/postQueueImg_1676734581.38.jpg","contentUrl":"https:\/\/static.africa-press.net\/congo-brazzaville\/sites\/51\/2023\/02\/postQueueImg_1676734581.38.jpg","width":1280,"height":720,"caption":"S\u00e9isme en Turquie : le Congo exprime sa solidarit\u00e9"},{"@type":"BreadcrumbList","@id":"https:\/\/www.africa-press.net\/congo-brazzaville\/politique\/seisme-en-turquie-le-congo-exprime-sa-solidarite#breadcrumb","itemListElement":[{"@type":"ListItem","position":1,"name":"Accueil","item":"https:\/\/www.africa-press.net\/congo-brazzaville\/"},{"@type":"ListItem","position":2,"name":"S\u00e9isme en Turquie : le Congo exprime sa solidarit\u00e9"}]},{"@type":"WebSite","@id":"https:\/\/www.africa-press.net\/congo-brazzaville\/#website","url":"https:\/\/www.africa-press.net\/congo-brazzaville\/","name":"Congo Brazzaville","description":"Just another Africa News Agency Sites site","potentialAction":[{"@type":"SearchAction","target":{"@type":"EntryPoint","urlTemplate":"https:\/\/www.africa-press.net\/congo-brazzaville\/?s={search_term_string}"},"query-input":{"@type":"PropertyValueSpecification","valueRequired":true,"valueName":"search_term_string"}}],"inLanguage":"fr-FR"},{"@type":"Person","@id":"https:\/\/www.africa-press.net\/congo-brazzaville\/#\/schema\/person\/2b1cf3cd81a31e3cd26889ca66d677f1","name":"cfeditorfr"}]}},"_links":{"self":[{"href":"https:\/\/www.africa-press.net\/congo-brazzaville\/wp-json\/wp\/v2\/posts\/14589","targetHints":{"allow":["GET"]}}],"collection":[{"href":"https:\/\/www.africa-press.net\/congo-brazzaville\/wp-json\/wp\/v2\/posts"}],"about":[{"href":"https:\/\/www.africa-press.net\/congo-brazzaville\/wp-json\/wp\/v2\/types\/post"}],"author":[{"embeddable":true,"href":"https:\/\/www.africa-press.net\/congo-brazzaville\/wp-json\/wp\/v2\/users\/82"}],"replies":[{"embeddable":true,"href":"https:\/\/www.africa-press.net\/congo-brazzaville\/wp-json\/wp\/v2\/comments?post=14589"}],"version-history":[{"count":0,"href":"https:\/\/www.africa-press.net\/congo-brazzaville\/wp-json\/wp\/v2\/posts\/14589\/revisions"}],"wp:featuredmedia":[{"embeddable":true,"href":"https:\/\/www.africa-press.net\/congo-brazzaville\/wp-json\/wp\/v2\/media\/14588"}],"wp:attachment":[{"href":"https:\/\/www.africa-press.net\/congo-brazzaville\/wp-json\/wp\/v2\/media?parent=14589"}],"wp:term":[{"taxonomy":"category","embeddable":true,"href":"https:\/\/www.africa-press.net\/congo-brazzaville\/wp-json\/wp\/v2\/categories?post=14589"},{"taxonomy":"post_tag","embeddable":true,"href":"https:\/\/www.africa-press.net\/congo-brazzaville\/wp-json\/wp\/v2\/tags?post=14589"}],"curies":[{"name":"wp","href":"https:\/\/api.w.org\/{rel}","templated":true}]}}