{"id":14591,"date":"2023-02-18T19:06:33","date_gmt":"2023-02-18T19:06:33","guid":{"rendered":"https:\/\/www.africa-press.net\/congo-brazzaville\/politique\/collectivites-locales-le-ceprod-invite-a-la-conference-damiens"},"modified":"2023-02-18T19:43:46","modified_gmt":"2023-02-18T19:43:46","slug":"collectivites-locales-le-ceprod-invite-a-la-conference-damiens","status":"publish","type":"post","link":"https:\/\/www.africa-press.net\/congo-brazzaville\/toutes-les-actualites\/collectivites-locales-le-ceprod-invite-a-la-conference-damiens","title":{"rendered":"Collectivit\u00e9s locales : le Ceprod invit\u00e9 \u00e0 la conf\u00e9rence d\u2019Amiens"},"content":{"rendered":"<p><span style=\"color: #ff6600\"><strong>Africa-Press &#8211; Congo Brazzaville. <\/strong><\/span><b>La ville d\u2019Amiens, en France, va abriter au mois de mai une grande re\u0301union sur les collectivite\u0301s locales et le Centre de prospective pour le de\u0301veloppement (Ceprod) y prendra part. L\u2019invitation lui a e\u0301te\u0301 transmise le 17 fe\u0301vrier, lors d\u2019une confe\u0301rence tenue en ligne avec l\u2019Association de la communication e\u0301ducative sino-franc\u0327aise (Acesf).<\/b><\/p>\n<p>La re\u0301union virtuelle a rassemble\u0301 la France, la Chine et le Congo qui y a participe\u0301 a\u0300 travers le Ceprod, dans le cadre du partenariat triangulaire entre les trois pays. Les e\u0301changes ont porte\u0301 sur trois points essentiels, en premier la tenue des assises d\u2019Amiens, une collectivite\u0301 locale situe\u0301e au Nord de la France.<\/p>\n<p>La rencontre y affe\u0301rente se tiendra a\u0300 l\u2019occasion de la visite, en France, en mai prochain, des maires de Chine. Des retrouvailles qui pre\u0301parent la tenue, dans la ville de Zengzhou, en Chine, d&rsquo;un congre\u0300s en octobre 2023.<\/p>\n<p>A la confe\u0301rence d\u2019Amiens, le Ceprod devrait y prendre part en compagnie des gestionnaires de quelques collectivite\u0301s locales congolaises.<\/p>\n<p>Ensuite, les trois parties ont de\u0301battu de la possibilite\u0301 d\u2019organiser a\u0300 Brazzaville, en juillet prochain, le 3e congre\u0300s d\u2019Acesf, sur le the\u0300me \u00ab Lutte contre le cancer \u00bb. A cet effet, l\u2019information a e\u0301te\u0301 donne\u0301e au Ceprod de prendre attache avec la tutelle pour concevoir le planning du congre\u0300s ainsi que les modalite\u0301s du choix des cadres et spe\u0301cialistes congolais devant de\u0301velopper des expose\u0301s ou animer des ateliers.<\/p>\n<p>\u00ab Les organisateurs ont souhaite\u0301 la participation des officiels congolais et entreprises congolaises spe\u0301cialise\u0301es dans la conception et la fourniture des e\u0301quipements me\u0301dicaux ainsi que des me\u0301dicaments \u00bb, a souligne\u0301 Jean E\u0301ric Djendja Itoua, qui a supervise\u0301 la re\u0301union virtuelle pour le compte du Ceprod.<\/p>\n<p>Cre\u0301e\u0301 en 2008, le Ceprod est un cadre de rencontres de l&rsquo;e\u0301lite multidisciplinaire soucieuse de relever les de\u0301fis du de\u0301veloppement par des analyses prospectives. Dirige\u0301 par Michel Ngakala, en tant que pre\u0301sident de la Confe\u0301rence ge\u0301ne\u0301rale, le Ceprod a de\u0301ja\u0300 organise\u0301 plusieurs colloques et symposiums de haut niveau sur des the\u0300mes varie\u0301s. Il s\u2019agit, entre autres, de la \u00ab Crise financie\u0300re internationale et de nouvelles perspectives pour le Congo \u00bb ; \u00ab Ide\u0301ologies, partis politiques et projets de socie\u0301te\u0301 \u00bb ; \u00ab Pe\u0301trole et diversification de l\u2019e\u0301conomie congolaise : quelles strate\u0301gies pour la SNPC ?\u00bb; \u00ab Emergence e\u0301conomique : comment y parvenir ?\u00bb<\/p>\n<p><strong>Pour plus d&rsquo;informations et d&rsquo;analyses sur la <a href=\"https:\/\/www.africa-press.net\/congo-brazzaville\">Congo Brazzaville<\/a>, suivez <a href=\"https:\/\/www.africa-press.net\/\">Africa-Press<\/a><\/strong><\/p>\n","protected":false},"excerpt":{"rendered":"<p>Africa-Press &#8211; Congo Brazzaville. La ville d\u2019Amiens, en France, va abriter au mois de mai une grande re\u0301union sur les collectivite\u0301s locales et le Centre de prospective pour le de\u0301veloppement (Ceprod) y prendra part. L\u2019invitation lui a e\u0301te\u0301 transmise le 17 fe\u0301vrier, lors d\u2019une confe\u0301rence tenue en ligne avec l\u2019Association de la communication e\u0301ducative sino-franc\u0327aise [&hellip;]<\/p>\n","protected":false},"author":82,"featured_media":14590,"comment_status":"open","ping_status":"closed","sticky":false,"template":"","format":"standard","meta":{"footnotes":""},"categories":[21,10],"tags":[36,47,46],"class_list":["post-14591","post","type-post","status-publish","format-standard","has-post-thumbnail","hentry","category-communaute","category-toutes-les-actualites","tag-africa-press","tag-africa-press-congo-brazzaville","tag-congo-brazzaville"],"yoast_head":"<!-- This site is optimized with the Yoast SEO Premium plugin v26.1 (Yoast SEO v27.0) - https:\/\/yoast.com\/product\/yoast-seo-premium-wordpress\/ -->\n<title>Collectivit\u00e9s locales : le Ceprod invit\u00e9 \u00e0 la conf\u00e9rence d\u2019Amiens - Congo Brazzaville<\/title>\n<meta name=\"description\" content=\"La ville d\u2019Amiens, en France, va abriter au mois de mai une grande re\u0301union sur les collectivite\u0301s locales et le Cent ...\" \/>\n<meta name=\"robots\" content=\"index, follow, max-snippet:-1, max-image-preview:large, max-video-preview:-1\" \/>\n<link rel=\"canonical\" href=\"https:\/\/www.africa-press.net\/congo-brazzaville\/toutes-les-actualites\/collectivites-locales-le-ceprod-invite-a-la-conference-damiens\" \/>\n<meta property=\"og:locale\" content=\"fr_FR\" \/>\n<meta property=\"og:type\" content=\"article\" \/>\n<meta property=\"og:title\" content=\"Collectivit\u00e9s locales : le Ceprod invit\u00e9 \u00e0 la conf\u00e9rence d\u2019Amiens\" \/>\n<meta property=\"og:description\" content=\"La ville d\u2019Amiens, en France, va abriter au mois de mai une grande re\u0301union sur les collectivite\u0301s locales et le Cent ...\" \/>\n<meta property=\"og:url\" content=\"https:\/\/www.africa-press.net\/congo-brazzaville\/toutes-les-actualites\/collectivites-locales-le-ceprod-invite-a-la-conference-damiens\" \/>\n<meta property=\"og:site_name\" content=\"Congo Brazzaville\" \/>\n<meta property=\"article:published_time\" content=\"2023-02-18T19:06:33+00:00\" \/>\n<meta property=\"article:modified_time\" content=\"2023-02-18T19:43:46+00:00\" \/>\n<meta property=\"og:image\" content=\"https:\/\/static.africa-press.net\/congo-brazzaville\/sites\/51\/2023\/02\/postQueueImg_1676734598.10.jpg\" \/>\n\t<meta property=\"og:image:width\" content=\"1669\" \/>\n\t<meta property=\"og:image:height\" content=\"768\" \/>\n\t<meta property=\"og:image:type\" content=\"image\/jpeg\" \/>\n<meta name=\"author\" content=\"cfeditorfr\" \/>\n<meta name=\"twitter:card\" content=\"summary_large_image\" \/>\n<meta name=\"twitter:label1\" content=\"\u00c9crit par\" \/>\n\t<meta name=\"twitter:data1\" content=\"cfeditorfr\" \/>\n\t<meta name=\"twitter:label2\" content=\"Dur\u00e9e de lecture estim\u00e9e\" \/>\n\t<meta name=\"twitter:data2\" content=\"2 minutes\" \/>\n<script type=\"application\/ld+json\" class=\"yoast-schema-graph\">{\"@context\":\"https:\/\/schema.org\",\"@graph\":[{\"@type\":\"Article\",\"@id\":\"https:\/\/www.africa-press.net\/congo-brazzaville\/toutes-les-actualites\/collectivites-locales-le-ceprod-invite-a-la-conference-damiens#article\",\"isPartOf\":{\"@id\":\"https:\/\/www.africa-press.net\/congo-brazzaville\/toutes-les-actualites\/collectivites-locales-le-ceprod-invite-a-la-conference-damiens\"},\"author\":{\"name\":\"cfeditorfr\",\"@id\":\"https:\/\/www.africa-press.net\/congo-brazzaville\/#\/schema\/person\/2b1cf3cd81a31e3cd26889ca66d677f1\"},\"headline\":\"Collectivit\u00e9s locales : le Ceprod invit\u00e9 \u00e0 la conf\u00e9rence d\u2019Amiens\",\"datePublished\":\"2023-02-18T19:06:33+00:00\",\"dateModified\":\"2023-02-18T19:43:46+00:00\",\"mainEntityOfPage\":{\"@id\":\"https:\/\/www.africa-press.net\/congo-brazzaville\/toutes-les-actualites\/collectivites-locales-le-ceprod-invite-a-la-conference-damiens\"},\"wordCount\":453,\"commentCount\":0,\"image\":{\"@id\":\"https:\/\/www.africa-press.net\/congo-brazzaville\/toutes-les-actualites\/collectivites-locales-le-ceprod-invite-a-la-conference-damiens#primaryimage\"},\"thumbnailUrl\":\"https:\/\/static.africa-press.net\/congo-brazzaville\/sites\/51\/2023\/02\/postQueueImg_1676734598.10.jpg\",\"keywords\":[\"Africa Press\",\"Africa Press-Congo Brazzaville\",\"Congo Brazzaville\"],\"articleSection\":[\"Communaut\u00e9\",\"Toutes les actualit\u00e9s\"],\"inLanguage\":\"fr-FR\",\"potentialAction\":[{\"@type\":\"CommentAction\",\"name\":\"Comment\",\"target\":[\"https:\/\/www.africa-press.net\/congo-brazzaville\/toutes-les-actualites\/collectivites-locales-le-ceprod-invite-a-la-conference-damiens#respond\"]}]},{\"@type\":\"WebPage\",\"@id\":\"https:\/\/www.africa-press.net\/congo-brazzaville\/toutes-les-actualites\/collectivites-locales-le-ceprod-invite-a-la-conference-damiens\",\"url\":\"https:\/\/www.africa-press.net\/congo-brazzaville\/toutes-les-actualites\/collectivites-locales-le-ceprod-invite-a-la-conference-damiens\",\"name\":\"Collectivit\u00e9s locales : le Ceprod invit\u00e9 \u00e0 la conf\u00e9rence d\u2019Amiens - Congo Brazzaville\",\"isPartOf\":{\"@id\":\"https:\/\/www.africa-press.net\/congo-brazzaville\/#website\"},\"primaryImageOfPage\":{\"@id\":\"https:\/\/www.africa-press.net\/congo-brazzaville\/toutes-les-actualites\/collectivites-locales-le-ceprod-invite-a-la-conference-damiens#primaryimage\"},\"image\":{\"@id\":\"https:\/\/www.africa-press.net\/congo-brazzaville\/toutes-les-actualites\/collectivites-locales-le-ceprod-invite-a-la-conference-damiens#primaryimage\"},\"thumbnailUrl\":\"https:\/\/static.africa-press.net\/congo-brazzaville\/sites\/51\/2023\/02\/postQueueImg_1676734598.10.jpg\",\"datePublished\":\"2023-02-18T19:06:33+00:00\",\"dateModified\":\"2023-02-18T19:43:46+00:00\",\"author\":{\"@id\":\"https:\/\/www.africa-press.net\/congo-brazzaville\/#\/schema\/person\/2b1cf3cd81a31e3cd26889ca66d677f1\"},\"description\":\"La ville d\u2019Amiens, en France, va abriter au mois de mai une grande re\u0301union sur les collectivite\u0301s locales et le Cent ...\",\"breadcrumb\":{\"@id\":\"https:\/\/www.africa-press.net\/congo-brazzaville\/toutes-les-actualites\/collectivites-locales-le-ceprod-invite-a-la-conference-damiens#breadcrumb\"},\"inLanguage\":\"fr-FR\",\"potentialAction\":[{\"@type\":\"ReadAction\",\"target\":[\"https:\/\/www.africa-press.net\/congo-brazzaville\/toutes-les-actualites\/collectivites-locales-le-ceprod-invite-a-la-conference-damiens\"]}]},{\"@type\":\"ImageObject\",\"inLanguage\":\"fr-FR\",\"@id\":\"https:\/\/www.africa-press.net\/congo-brazzaville\/toutes-les-actualites\/collectivites-locales-le-ceprod-invite-a-la-conference-damiens#primaryimage\",\"url\":\"https:\/\/static.africa-press.net\/congo-brazzaville\/sites\/51\/2023\/02\/postQueueImg_1676734598.10.jpg\",\"contentUrl\":\"https:\/\/static.africa-press.net\/congo-brazzaville\/sites\/51\/2023\/02\/postQueueImg_1676734598.10.jpg\",\"width\":1669,\"height\":768,\"caption\":\"Collectivit\u00e9s locales : le Ceprod invit\u00e9 \u00e0 la conf\u00e9rence d\u2019Amiens\"},{\"@type\":\"BreadcrumbList\",\"@id\":\"https:\/\/www.africa-press.net\/congo-brazzaville\/toutes-les-actualites\/collectivites-locales-le-ceprod-invite-a-la-conference-damiens#breadcrumb\",\"itemListElement\":[{\"@type\":\"ListItem\",\"position\":1,\"name\":\"Accueil\",\"item\":\"https:\/\/www.africa-press.net\/congo-brazzaville\/\"},{\"@type\":\"ListItem\",\"position\":2,\"name\":\"Collectivit\u00e9s locales : le Ceprod invit\u00e9 \u00e0 la conf\u00e9rence d\u2019Amiens\"}]},{\"@type\":\"WebSite\",\"@id\":\"https:\/\/www.africa-press.net\/congo-brazzaville\/#website\",\"url\":\"https:\/\/www.africa-press.net\/congo-brazzaville\/\",\"name\":\"Congo Brazzaville\",\"description\":\"Just another Africa News Agency Sites site\",\"potentialAction\":[{\"@type\":\"SearchAction\",\"target\":{\"@type\":\"EntryPoint\",\"urlTemplate\":\"https:\/\/www.africa-press.net\/congo-brazzaville\/?s={search_term_string}\"},\"query-input\":{\"@type\":\"PropertyValueSpecification\",\"valueRequired\":true,\"valueName\":\"search_term_string\"}}],\"inLanguage\":\"fr-FR\"},{\"@type\":\"Person\",\"@id\":\"https:\/\/www.africa-press.net\/congo-brazzaville\/#\/schema\/person\/2b1cf3cd81a31e3cd26889ca66d677f1\",\"name\":\"cfeditorfr\"}]}<\/script>\n<!-- \/ Yoast SEO Premium plugin. -->","yoast_head_json":{"title":"Collectivit\u00e9s locales : le Ceprod invit\u00e9 \u00e0 la conf\u00e9rence d\u2019Amiens - Congo Brazzaville","description":"La ville d\u2019Amiens, en France, va abriter au mois de mai une grande re\u0301union sur les collectivite\u0301s locales et le Cent ...","robots":{"index":"index","follow":"follow","max-snippet":"max-snippet:-1","max-image-preview":"max-image-preview:large","max-video-preview":"max-video-preview:-1"},"canonical":"https:\/\/www.africa-press.net\/congo-brazzaville\/toutes-les-actualites\/collectivites-locales-le-ceprod-invite-a-la-conference-damiens","og_locale":"fr_FR","og_type":"article","og_title":"Collectivit\u00e9s locales : le Ceprod invit\u00e9 \u00e0 la conf\u00e9rence d\u2019Amiens","og_description":"La ville d\u2019Amiens, en France, va abriter au mois de mai une grande re\u0301union sur les collectivite\u0301s locales et le Cent ...","og_url":"https:\/\/www.africa-press.net\/congo-brazzaville\/toutes-les-actualites\/collectivites-locales-le-ceprod-invite-a-la-conference-damiens","og_site_name":"Congo Brazzaville","article_published_time":"2023-02-18T19:06:33+00:00","article_modified_time":"2023-02-18T19:43:46+00:00","og_image":[{"width":1669,"height":768,"url":"https:\/\/static.africa-press.net\/congo-brazzaville\/sites\/51\/2023\/02\/postQueueImg_1676734598.10.jpg","type":"image\/jpeg"}],"author":"cfeditorfr","twitter_card":"summary_large_image","twitter_misc":{"\u00c9crit par":"cfeditorfr","Dur\u00e9e de lecture estim\u00e9e":"2 minutes"},"schema":{"@context":"https:\/\/schema.org","@graph":[{"@type":"Article","@id":"https:\/\/www.africa-press.net\/congo-brazzaville\/toutes-les-actualites\/collectivites-locales-le-ceprod-invite-a-la-conference-damiens#article","isPartOf":{"@id":"https:\/\/www.africa-press.net\/congo-brazzaville\/toutes-les-actualites\/collectivites-locales-le-ceprod-invite-a-la-conference-damiens"},"author":{"name":"cfeditorfr","@id":"https:\/\/www.africa-press.net\/congo-brazzaville\/#\/schema\/person\/2b1cf3cd81a31e3cd26889ca66d677f1"},"headline":"Collectivit\u00e9s locales : le Ceprod invit\u00e9 \u00e0 la conf\u00e9rence d\u2019Amiens","datePublished":"2023-02-18T19:06:33+00:00","dateModified":"2023-02-18T19:43:46+00:00","mainEntityOfPage":{"@id":"https:\/\/www.africa-press.net\/congo-brazzaville\/toutes-les-actualites\/collectivites-locales-le-ceprod-invite-a-la-conference-damiens"},"wordCount":453,"commentCount":0,"image":{"@id":"https:\/\/www.africa-press.net\/congo-brazzaville\/toutes-les-actualites\/collectivites-locales-le-ceprod-invite-a-la-conference-damiens#primaryimage"},"thumbnailUrl":"https:\/\/static.africa-press.net\/congo-brazzaville\/sites\/51\/2023\/02\/postQueueImg_1676734598.10.jpg","keywords":["Africa Press","Africa Press-Congo Brazzaville","Congo Brazzaville"],"articleSection":["Communaut\u00e9","Toutes les actualit\u00e9s"],"inLanguage":"fr-FR","potentialAction":[{"@type":"CommentAction","name":"Comment","target":["https:\/\/www.africa-press.net\/congo-brazzaville\/toutes-les-actualites\/collectivites-locales-le-ceprod-invite-a-la-conference-damiens#respond"]}]},{"@type":"WebPage","@id":"https:\/\/www.africa-press.net\/congo-brazzaville\/toutes-les-actualites\/collectivites-locales-le-ceprod-invite-a-la-conference-damiens","url":"https:\/\/www.africa-press.net\/congo-brazzaville\/toutes-les-actualites\/collectivites-locales-le-ceprod-invite-a-la-conference-damiens","name":"Collectivit\u00e9s locales : le Ceprod invit\u00e9 \u00e0 la conf\u00e9rence d\u2019Amiens - Congo Brazzaville","isPartOf":{"@id":"https:\/\/www.africa-press.net\/congo-brazzaville\/#website"},"primaryImageOfPage":{"@id":"https:\/\/www.africa-press.net\/congo-brazzaville\/toutes-les-actualites\/collectivites-locales-le-ceprod-invite-a-la-conference-damiens#primaryimage"},"image":{"@id":"https:\/\/www.africa-press.net\/congo-brazzaville\/toutes-les-actualites\/collectivites-locales-le-ceprod-invite-a-la-conference-damiens#primaryimage"},"thumbnailUrl":"https:\/\/static.africa-press.net\/congo-brazzaville\/sites\/51\/2023\/02\/postQueueImg_1676734598.10.jpg","datePublished":"2023-02-18T19:06:33+00:00","dateModified":"2023-02-18T19:43:46+00:00","author":{"@id":"https:\/\/www.africa-press.net\/congo-brazzaville\/#\/schema\/person\/2b1cf3cd81a31e3cd26889ca66d677f1"},"description":"La ville d\u2019Amiens, en France, va abriter au mois de mai une grande re\u0301union sur les collectivite\u0301s locales et le Cent ...","breadcrumb":{"@id":"https:\/\/www.africa-press.net\/congo-brazzaville\/toutes-les-actualites\/collectivites-locales-le-ceprod-invite-a-la-conference-damiens#breadcrumb"},"inLanguage":"fr-FR","potentialAction":[{"@type":"ReadAction","target":["https:\/\/www.africa-press.net\/congo-brazzaville\/toutes-les-actualites\/collectivites-locales-le-ceprod-invite-a-la-conference-damiens"]}]},{"@type":"ImageObject","inLanguage":"fr-FR","@id":"https:\/\/www.africa-press.net\/congo-brazzaville\/toutes-les-actualites\/collectivites-locales-le-ceprod-invite-a-la-conference-damiens#primaryimage","url":"https:\/\/static.africa-press.net\/congo-brazzaville\/sites\/51\/2023\/02\/postQueueImg_1676734598.10.jpg","contentUrl":"https:\/\/static.africa-press.net\/congo-brazzaville\/sites\/51\/2023\/02\/postQueueImg_1676734598.10.jpg","width":1669,"height":768,"caption":"Collectivit\u00e9s locales : le Ceprod invit\u00e9 \u00e0 la conf\u00e9rence d\u2019Amiens"},{"@type":"BreadcrumbList","@id":"https:\/\/www.africa-press.net\/congo-brazzaville\/toutes-les-actualites\/collectivites-locales-le-ceprod-invite-a-la-conference-damiens#breadcrumb","itemListElement":[{"@type":"ListItem","position":1,"name":"Accueil","item":"https:\/\/www.africa-press.net\/congo-brazzaville\/"},{"@type":"ListItem","position":2,"name":"Collectivit\u00e9s locales : le Ceprod invit\u00e9 \u00e0 la conf\u00e9rence d\u2019Amiens"}]},{"@type":"WebSite","@id":"https:\/\/www.africa-press.net\/congo-brazzaville\/#website","url":"https:\/\/www.africa-press.net\/congo-brazzaville\/","name":"Congo Brazzaville","description":"Just another Africa News Agency Sites site","potentialAction":[{"@type":"SearchAction","target":{"@type":"EntryPoint","urlTemplate":"https:\/\/www.africa-press.net\/congo-brazzaville\/?s={search_term_string}"},"query-input":{"@type":"PropertyValueSpecification","valueRequired":true,"valueName":"search_term_string"}}],"inLanguage":"fr-FR"},{"@type":"Person","@id":"https:\/\/www.africa-press.net\/congo-brazzaville\/#\/schema\/person\/2b1cf3cd81a31e3cd26889ca66d677f1","name":"cfeditorfr"}]}},"_links":{"self":[{"href":"https:\/\/www.africa-press.net\/congo-brazzaville\/wp-json\/wp\/v2\/posts\/14591","targetHints":{"allow":["GET"]}}],"collection":[{"href":"https:\/\/www.africa-press.net\/congo-brazzaville\/wp-json\/wp\/v2\/posts"}],"about":[{"href":"https:\/\/www.africa-press.net\/congo-brazzaville\/wp-json\/wp\/v2\/types\/post"}],"author":[{"embeddable":true,"href":"https:\/\/www.africa-press.net\/congo-brazzaville\/wp-json\/wp\/v2\/users\/82"}],"replies":[{"embeddable":true,"href":"https:\/\/www.africa-press.net\/congo-brazzaville\/wp-json\/wp\/v2\/comments?post=14591"}],"version-history":[{"count":0,"href":"https:\/\/www.africa-press.net\/congo-brazzaville\/wp-json\/wp\/v2\/posts\/14591\/revisions"}],"wp:featuredmedia":[{"embeddable":true,"href":"https:\/\/www.africa-press.net\/congo-brazzaville\/wp-json\/wp\/v2\/media\/14590"}],"wp:attachment":[{"href":"https:\/\/www.africa-press.net\/congo-brazzaville\/wp-json\/wp\/v2\/media?parent=14591"}],"wp:term":[{"taxonomy":"category","embeddable":true,"href":"https:\/\/www.africa-press.net\/congo-brazzaville\/wp-json\/wp\/v2\/categories?post=14591"},{"taxonomy":"post_tag","embeddable":true,"href":"https:\/\/www.africa-press.net\/congo-brazzaville\/wp-json\/wp\/v2\/tags?post=14591"}],"curies":[{"name":"wp","href":"https:\/\/api.w.org\/{rel}","templated":true}]}}