{"id":14593,"date":"2023-02-18T19:06:47","date_gmt":"2023-02-18T19:06:47","guid":{"rendered":"https:\/\/www.africa-press.net\/congo-brazzaville\/politique\/le-comite-pct-kintele-presente-les-prix-gagnes-aux-militants"},"modified":"2023-02-18T19:44:06","modified_gmt":"2023-02-18T19:44:06","slug":"le-comite-pct-kintele-presente-les-prix-gagnes-aux-militants","status":"publish","type":"post","link":"https:\/\/www.africa-press.net\/congo-brazzaville\/politique\/le-comite-pct-kintele-presente-les-prix-gagnes-aux-militants","title":{"rendered":"le comit\u00e9 pct kint\u00e9l\u00e9 pr\u00e9sente les prix gagn\u00e9s aux militants"},"content":{"rendered":"<p><span style=\"color: #ff6600\"><strong>Africa-Press &#8211; Congo Brazzaville. <\/strong><\/span><b>Le pre\u0301sident du Comite\u0301 du Parti congolais du travail de Kinte\u0301le\u0301, Pascal Mfira a pre\u0301sente\u0301 le 17 fe\u0301vrier a\u0300 kinte\u0301le\u0301, relevant du de\u0301partement du Pool, les trois prix remporte\u0301s par cette commune a\u0300 l\u2019occasion de la remise des prix de re\u0301compense organise\u0301e par la Fe\u0301de\u0301ration de cette formation politique dans cette localite\u0301.<\/b><\/p>\n<p>\u00ab Nous avons rec\u0327u le 29 janvier 2023 de de la part de la fe\u0301de\u0301ration du parti congolais du travail Pool des prix de re\u0301compense. Il s\u2019agit du prix de salubrite\u0301, prix de solidarite\u0301 et du prix de cotisation extra- statutaire. Il e\u0301tait important de pre\u0301senter ces trois prix aux militants pour se rendre compte du travail qu\u2019ils effectuent au quotidien pour la visibilite\u0301 du comite\u0301 PCT Kinte\u0301le\u0301, et de les encourager a\u0300 poursuivre sur cette lance\u0301e \u00bb, a fait savoir le pre\u0301sident du comite\u0301 du Parti congolais du travail de Kinte\u0301le\u0301, Pascal Mfira, lors de la ce\u0301re\u0301monie de pre\u0301sentation des prix.<\/p>\n<p>Pour le membre du comite\u0301 central du Parti congolais du travail, Stella Mensah Sassou N\u2019Guesso, les efforts du PCT Kinte\u0301le\u0301 sont louables. \u00ab Nous remercions l\u2019ensemble des militants pour votre soutien. Nous vous demandons de continuer a\u0300 nous accompagner pour que nous soyons toujours les meilleurs. Nous devons par conse\u0301quent faire des efforts dans le domaine de la sante\u0301 et nous espe\u0301rons qu\u2019avec la de\u0301centralisation, nous aurons la possibilite\u0301 de rehausser le niveau de me\u0301decine a\u0300 Kinte\u0301le\u0301 \u00ab, a-t-elle renche\u0301ri.<\/p>\n<p>Sur les huit comite\u0301s PCT du de\u0301partement du Pool retenus, ont e\u0301te\u0301 prime\u0301s. Le comite\u0301 du parti congolais du travail de Kinte\u0301le\u0301 a e\u0301te\u0301 le meilleur, il a remporte\u0301 trois prix sur les cinq.<\/p>\n<p>Au terme de cette re\u0301union de restitution, le comite\u0301 du parti congolais du travail de Kinte\u0301le\u0301 a e\u0301te\u0301 encourage\u0301 a\u0300 faire des cotisations statutaires pour le bon fonctionnement de ce comite\u0301.<\/p>\n<p><strong>Pour plus d&rsquo;informations et d&rsquo;analyses sur la <a href=\"https:\/\/www.africa-press.net\/congo-brazzaville\">Congo Brazzaville<\/a>, suivez <a href=\"https:\/\/www.africa-press.net\/\">Africa-Press<\/a><\/strong><\/p>\n","protected":false},"excerpt":{"rendered":"<p>Africa-Press &#8211; Congo Brazzaville. Le pre\u0301sident du Comite\u0301 du Parti congolais du travail de Kinte\u0301le\u0301, Pascal Mfira a pre\u0301sente\u0301 le 17 fe\u0301vrier a\u0300 kinte\u0301le\u0301, relevant du de\u0301partement du Pool, les trois prix remporte\u0301s par cette commune a\u0300 l\u2019occasion de la remise des prix de re\u0301compense organise\u0301e par la Fe\u0301de\u0301ration de cette formation politique dans cette [&hellip;]<\/p>\n","protected":false},"author":82,"featured_media":14592,"comment_status":"open","ping_status":"closed","sticky":false,"template":"","format":"standard","meta":{"footnotes":""},"categories":[2,10],"tags":[36,47,46],"class_list":["post-14593","post","type-post","status-publish","format-standard","has-post-thumbnail","hentry","category-politique","category-toutes-les-actualites","tag-africa-press","tag-africa-press-congo-brazzaville","tag-congo-brazzaville"],"yoast_head":"<!-- This site is optimized with the Yoast SEO Premium plugin v26.1 (Yoast SEO v27.0) - https:\/\/yoast.com\/product\/yoast-seo-premium-wordpress\/ -->\n<title>le comit\u00e9 pct kint\u00e9l\u00e9 pr\u00e9sente les prix gagn\u00e9s aux militants - Congo Brazzaville<\/title>\n<meta name=\"description\" content=\"Le pre\u0301sident du Comite\u0301 du Parti congolais du travail de Kinte\u0301le\u0301, Pascal Mfira a pre\u0301sente\u0301 le 17 fe\u0301vrier a\u0300 kint ...\" \/>\n<meta name=\"robots\" content=\"index, follow, max-snippet:-1, max-image-preview:large, max-video-preview:-1\" \/>\n<link rel=\"canonical\" href=\"https:\/\/www.africa-press.net\/congo-brazzaville\/politique\/le-comite-pct-kintele-presente-les-prix-gagnes-aux-militants\" \/>\n<meta property=\"og:locale\" content=\"fr_FR\" \/>\n<meta property=\"og:type\" content=\"article\" \/>\n<meta property=\"og:title\" content=\"le comit\u00e9 pct kint\u00e9l\u00e9 pr\u00e9sente les prix gagn\u00e9s aux militants\" \/>\n<meta property=\"og:description\" content=\"Le pre\u0301sident du Comite\u0301 du Parti congolais du travail de Kinte\u0301le\u0301, Pascal Mfira a pre\u0301sente\u0301 le 17 fe\u0301vrier a\u0300 kint ...\" \/>\n<meta property=\"og:url\" content=\"https:\/\/www.africa-press.net\/congo-brazzaville\/politique\/le-comite-pct-kintele-presente-les-prix-gagnes-aux-militants\" \/>\n<meta property=\"og:site_name\" content=\"Congo Brazzaville\" \/>\n<meta property=\"article:published_time\" content=\"2023-02-18T19:06:47+00:00\" \/>\n<meta property=\"article:modified_time\" content=\"2023-02-18T19:44:06+00:00\" \/>\n<meta property=\"og:image\" content=\"https:\/\/static.africa-press.net\/congo-brazzaville\/sites\/51\/2023\/02\/postQueueImg_1676734634.64.jpg\" \/>\n\t<meta property=\"og:image:width\" content=\"825\" \/>\n\t<meta property=\"og:image:height\" content=\"440\" \/>\n\t<meta property=\"og:image:type\" content=\"image\/jpeg\" \/>\n<meta name=\"author\" content=\"cfeditorfr\" \/>\n<meta name=\"twitter:card\" content=\"summary_large_image\" \/>\n<meta name=\"twitter:label1\" content=\"\u00c9crit par\" \/>\n\t<meta name=\"twitter:data1\" content=\"cfeditorfr\" \/>\n\t<meta name=\"twitter:label2\" content=\"Dur\u00e9e de lecture estim\u00e9e\" \/>\n\t<meta name=\"twitter:data2\" content=\"2 minutes\" \/>\n<script type=\"application\/ld+json\" class=\"yoast-schema-graph\">{\"@context\":\"https:\/\/schema.org\",\"@graph\":[{\"@type\":\"Article\",\"@id\":\"https:\/\/www.africa-press.net\/congo-brazzaville\/politique\/le-comite-pct-kintele-presente-les-prix-gagnes-aux-militants#article\",\"isPartOf\":{\"@id\":\"https:\/\/www.africa-press.net\/congo-brazzaville\/politique\/le-comite-pct-kintele-presente-les-prix-gagnes-aux-militants\"},\"author\":{\"name\":\"cfeditorfr\",\"@id\":\"https:\/\/www.africa-press.net\/congo-brazzaville\/#\/schema\/person\/2b1cf3cd81a31e3cd26889ca66d677f1\"},\"headline\":\"le comit\u00e9 pct kint\u00e9l\u00e9 pr\u00e9sente les prix gagn\u00e9s aux militants\",\"datePublished\":\"2023-02-18T19:06:47+00:00\",\"dateModified\":\"2023-02-18T19:44:06+00:00\",\"mainEntityOfPage\":{\"@id\":\"https:\/\/www.africa-press.net\/congo-brazzaville\/politique\/le-comite-pct-kintele-presente-les-prix-gagnes-aux-militants\"},\"wordCount\":368,\"commentCount\":0,\"image\":{\"@id\":\"https:\/\/www.africa-press.net\/congo-brazzaville\/politique\/le-comite-pct-kintele-presente-les-prix-gagnes-aux-militants#primaryimage\"},\"thumbnailUrl\":\"https:\/\/static.africa-press.net\/congo-brazzaville\/sites\/51\/2023\/02\/postQueueImg_1676734634.64.jpg\",\"keywords\":[\"Africa Press\",\"Africa Press-Congo Brazzaville\",\"Congo Brazzaville\"],\"articleSection\":[\"Politique\",\"Toutes les actualit\u00e9s\"],\"inLanguage\":\"fr-FR\",\"potentialAction\":[{\"@type\":\"CommentAction\",\"name\":\"Comment\",\"target\":[\"https:\/\/www.africa-press.net\/congo-brazzaville\/politique\/le-comite-pct-kintele-presente-les-prix-gagnes-aux-militants#respond\"]}]},{\"@type\":\"WebPage\",\"@id\":\"https:\/\/www.africa-press.net\/congo-brazzaville\/politique\/le-comite-pct-kintele-presente-les-prix-gagnes-aux-militants\",\"url\":\"https:\/\/www.africa-press.net\/congo-brazzaville\/politique\/le-comite-pct-kintele-presente-les-prix-gagnes-aux-militants\",\"name\":\"le comit\u00e9 pct kint\u00e9l\u00e9 pr\u00e9sente les prix gagn\u00e9s aux militants - Congo Brazzaville\",\"isPartOf\":{\"@id\":\"https:\/\/www.africa-press.net\/congo-brazzaville\/#website\"},\"primaryImageOfPage\":{\"@id\":\"https:\/\/www.africa-press.net\/congo-brazzaville\/politique\/le-comite-pct-kintele-presente-les-prix-gagnes-aux-militants#primaryimage\"},\"image\":{\"@id\":\"https:\/\/www.africa-press.net\/congo-brazzaville\/politique\/le-comite-pct-kintele-presente-les-prix-gagnes-aux-militants#primaryimage\"},\"thumbnailUrl\":\"https:\/\/static.africa-press.net\/congo-brazzaville\/sites\/51\/2023\/02\/postQueueImg_1676734634.64.jpg\",\"datePublished\":\"2023-02-18T19:06:47+00:00\",\"dateModified\":\"2023-02-18T19:44:06+00:00\",\"author\":{\"@id\":\"https:\/\/www.africa-press.net\/congo-brazzaville\/#\/schema\/person\/2b1cf3cd81a31e3cd26889ca66d677f1\"},\"description\":\"Le pre\u0301sident du Comite\u0301 du Parti congolais du travail de Kinte\u0301le\u0301, Pascal Mfira a pre\u0301sente\u0301 le 17 fe\u0301vrier a\u0300 kint ...\",\"breadcrumb\":{\"@id\":\"https:\/\/www.africa-press.net\/congo-brazzaville\/politique\/le-comite-pct-kintele-presente-les-prix-gagnes-aux-militants#breadcrumb\"},\"inLanguage\":\"fr-FR\",\"potentialAction\":[{\"@type\":\"ReadAction\",\"target\":[\"https:\/\/www.africa-press.net\/congo-brazzaville\/politique\/le-comite-pct-kintele-presente-les-prix-gagnes-aux-militants\"]}]},{\"@type\":\"ImageObject\",\"inLanguage\":\"fr-FR\",\"@id\":\"https:\/\/www.africa-press.net\/congo-brazzaville\/politique\/le-comite-pct-kintele-presente-les-prix-gagnes-aux-militants#primaryimage\",\"url\":\"https:\/\/static.africa-press.net\/congo-brazzaville\/sites\/51\/2023\/02\/postQueueImg_1676734634.64.jpg\",\"contentUrl\":\"https:\/\/static.africa-press.net\/congo-brazzaville\/sites\/51\/2023\/02\/postQueueImg_1676734634.64.jpg\",\"width\":825,\"height\":440,\"caption\":\"le comit\u00e9 pct kint\u00e9l\u00e9 pr\u00e9sente les prix gagn\u00e9s aux militants\"},{\"@type\":\"BreadcrumbList\",\"@id\":\"https:\/\/www.africa-press.net\/congo-brazzaville\/politique\/le-comite-pct-kintele-presente-les-prix-gagnes-aux-militants#breadcrumb\",\"itemListElement\":[{\"@type\":\"ListItem\",\"position\":1,\"name\":\"Accueil\",\"item\":\"https:\/\/www.africa-press.net\/congo-brazzaville\/\"},{\"@type\":\"ListItem\",\"position\":2,\"name\":\"le comit\u00e9 pct kint\u00e9l\u00e9 pr\u00e9sente les prix gagn\u00e9s aux militants\"}]},{\"@type\":\"WebSite\",\"@id\":\"https:\/\/www.africa-press.net\/congo-brazzaville\/#website\",\"url\":\"https:\/\/www.africa-press.net\/congo-brazzaville\/\",\"name\":\"Congo Brazzaville\",\"description\":\"Just another Africa News Agency Sites site\",\"potentialAction\":[{\"@type\":\"SearchAction\",\"target\":{\"@type\":\"EntryPoint\",\"urlTemplate\":\"https:\/\/www.africa-press.net\/congo-brazzaville\/?s={search_term_string}\"},\"query-input\":{\"@type\":\"PropertyValueSpecification\",\"valueRequired\":true,\"valueName\":\"search_term_string\"}}],\"inLanguage\":\"fr-FR\"},{\"@type\":\"Person\",\"@id\":\"https:\/\/www.africa-press.net\/congo-brazzaville\/#\/schema\/person\/2b1cf3cd81a31e3cd26889ca66d677f1\",\"name\":\"cfeditorfr\"}]}<\/script>\n<!-- \/ Yoast SEO Premium plugin. -->","yoast_head_json":{"title":"le comit\u00e9 pct kint\u00e9l\u00e9 pr\u00e9sente les prix gagn\u00e9s aux militants - Congo Brazzaville","description":"Le pre\u0301sident du Comite\u0301 du Parti congolais du travail de Kinte\u0301le\u0301, Pascal Mfira a pre\u0301sente\u0301 le 17 fe\u0301vrier a\u0300 kint ...","robots":{"index":"index","follow":"follow","max-snippet":"max-snippet:-1","max-image-preview":"max-image-preview:large","max-video-preview":"max-video-preview:-1"},"canonical":"https:\/\/www.africa-press.net\/congo-brazzaville\/politique\/le-comite-pct-kintele-presente-les-prix-gagnes-aux-militants","og_locale":"fr_FR","og_type":"article","og_title":"le comit\u00e9 pct kint\u00e9l\u00e9 pr\u00e9sente les prix gagn\u00e9s aux militants","og_description":"Le pre\u0301sident du Comite\u0301 du Parti congolais du travail de Kinte\u0301le\u0301, Pascal Mfira a pre\u0301sente\u0301 le 17 fe\u0301vrier a\u0300 kint ...","og_url":"https:\/\/www.africa-press.net\/congo-brazzaville\/politique\/le-comite-pct-kintele-presente-les-prix-gagnes-aux-militants","og_site_name":"Congo Brazzaville","article_published_time":"2023-02-18T19:06:47+00:00","article_modified_time":"2023-02-18T19:44:06+00:00","og_image":[{"width":825,"height":440,"url":"https:\/\/static.africa-press.net\/congo-brazzaville\/sites\/51\/2023\/02\/postQueueImg_1676734634.64.jpg","type":"image\/jpeg"}],"author":"cfeditorfr","twitter_card":"summary_large_image","twitter_misc":{"\u00c9crit par":"cfeditorfr","Dur\u00e9e de lecture estim\u00e9e":"2 minutes"},"schema":{"@context":"https:\/\/schema.org","@graph":[{"@type":"Article","@id":"https:\/\/www.africa-press.net\/congo-brazzaville\/politique\/le-comite-pct-kintele-presente-les-prix-gagnes-aux-militants#article","isPartOf":{"@id":"https:\/\/www.africa-press.net\/congo-brazzaville\/politique\/le-comite-pct-kintele-presente-les-prix-gagnes-aux-militants"},"author":{"name":"cfeditorfr","@id":"https:\/\/www.africa-press.net\/congo-brazzaville\/#\/schema\/person\/2b1cf3cd81a31e3cd26889ca66d677f1"},"headline":"le comit\u00e9 pct kint\u00e9l\u00e9 pr\u00e9sente les prix gagn\u00e9s aux militants","datePublished":"2023-02-18T19:06:47+00:00","dateModified":"2023-02-18T19:44:06+00:00","mainEntityOfPage":{"@id":"https:\/\/www.africa-press.net\/congo-brazzaville\/politique\/le-comite-pct-kintele-presente-les-prix-gagnes-aux-militants"},"wordCount":368,"commentCount":0,"image":{"@id":"https:\/\/www.africa-press.net\/congo-brazzaville\/politique\/le-comite-pct-kintele-presente-les-prix-gagnes-aux-militants#primaryimage"},"thumbnailUrl":"https:\/\/static.africa-press.net\/congo-brazzaville\/sites\/51\/2023\/02\/postQueueImg_1676734634.64.jpg","keywords":["Africa Press","Africa Press-Congo Brazzaville","Congo Brazzaville"],"articleSection":["Politique","Toutes les actualit\u00e9s"],"inLanguage":"fr-FR","potentialAction":[{"@type":"CommentAction","name":"Comment","target":["https:\/\/www.africa-press.net\/congo-brazzaville\/politique\/le-comite-pct-kintele-presente-les-prix-gagnes-aux-militants#respond"]}]},{"@type":"WebPage","@id":"https:\/\/www.africa-press.net\/congo-brazzaville\/politique\/le-comite-pct-kintele-presente-les-prix-gagnes-aux-militants","url":"https:\/\/www.africa-press.net\/congo-brazzaville\/politique\/le-comite-pct-kintele-presente-les-prix-gagnes-aux-militants","name":"le comit\u00e9 pct kint\u00e9l\u00e9 pr\u00e9sente les prix gagn\u00e9s aux militants - Congo Brazzaville","isPartOf":{"@id":"https:\/\/www.africa-press.net\/congo-brazzaville\/#website"},"primaryImageOfPage":{"@id":"https:\/\/www.africa-press.net\/congo-brazzaville\/politique\/le-comite-pct-kintele-presente-les-prix-gagnes-aux-militants#primaryimage"},"image":{"@id":"https:\/\/www.africa-press.net\/congo-brazzaville\/politique\/le-comite-pct-kintele-presente-les-prix-gagnes-aux-militants#primaryimage"},"thumbnailUrl":"https:\/\/static.africa-press.net\/congo-brazzaville\/sites\/51\/2023\/02\/postQueueImg_1676734634.64.jpg","datePublished":"2023-02-18T19:06:47+00:00","dateModified":"2023-02-18T19:44:06+00:00","author":{"@id":"https:\/\/www.africa-press.net\/congo-brazzaville\/#\/schema\/person\/2b1cf3cd81a31e3cd26889ca66d677f1"},"description":"Le pre\u0301sident du Comite\u0301 du Parti congolais du travail de Kinte\u0301le\u0301, Pascal Mfira a pre\u0301sente\u0301 le 17 fe\u0301vrier a\u0300 kint ...","breadcrumb":{"@id":"https:\/\/www.africa-press.net\/congo-brazzaville\/politique\/le-comite-pct-kintele-presente-les-prix-gagnes-aux-militants#breadcrumb"},"inLanguage":"fr-FR","potentialAction":[{"@type":"ReadAction","target":["https:\/\/www.africa-press.net\/congo-brazzaville\/politique\/le-comite-pct-kintele-presente-les-prix-gagnes-aux-militants"]}]},{"@type":"ImageObject","inLanguage":"fr-FR","@id":"https:\/\/www.africa-press.net\/congo-brazzaville\/politique\/le-comite-pct-kintele-presente-les-prix-gagnes-aux-militants#primaryimage","url":"https:\/\/static.africa-press.net\/congo-brazzaville\/sites\/51\/2023\/02\/postQueueImg_1676734634.64.jpg","contentUrl":"https:\/\/static.africa-press.net\/congo-brazzaville\/sites\/51\/2023\/02\/postQueueImg_1676734634.64.jpg","width":825,"height":440,"caption":"le comit\u00e9 pct kint\u00e9l\u00e9 pr\u00e9sente les prix gagn\u00e9s aux militants"},{"@type":"BreadcrumbList","@id":"https:\/\/www.africa-press.net\/congo-brazzaville\/politique\/le-comite-pct-kintele-presente-les-prix-gagnes-aux-militants#breadcrumb","itemListElement":[{"@type":"ListItem","position":1,"name":"Accueil","item":"https:\/\/www.africa-press.net\/congo-brazzaville\/"},{"@type":"ListItem","position":2,"name":"le comit\u00e9 pct kint\u00e9l\u00e9 pr\u00e9sente les prix gagn\u00e9s aux militants"}]},{"@type":"WebSite","@id":"https:\/\/www.africa-press.net\/congo-brazzaville\/#website","url":"https:\/\/www.africa-press.net\/congo-brazzaville\/","name":"Congo Brazzaville","description":"Just another Africa News Agency Sites site","potentialAction":[{"@type":"SearchAction","target":{"@type":"EntryPoint","urlTemplate":"https:\/\/www.africa-press.net\/congo-brazzaville\/?s={search_term_string}"},"query-input":{"@type":"PropertyValueSpecification","valueRequired":true,"valueName":"search_term_string"}}],"inLanguage":"fr-FR"},{"@type":"Person","@id":"https:\/\/www.africa-press.net\/congo-brazzaville\/#\/schema\/person\/2b1cf3cd81a31e3cd26889ca66d677f1","name":"cfeditorfr"}]}},"_links":{"self":[{"href":"https:\/\/www.africa-press.net\/congo-brazzaville\/wp-json\/wp\/v2\/posts\/14593","targetHints":{"allow":["GET"]}}],"collection":[{"href":"https:\/\/www.africa-press.net\/congo-brazzaville\/wp-json\/wp\/v2\/posts"}],"about":[{"href":"https:\/\/www.africa-press.net\/congo-brazzaville\/wp-json\/wp\/v2\/types\/post"}],"author":[{"embeddable":true,"href":"https:\/\/www.africa-press.net\/congo-brazzaville\/wp-json\/wp\/v2\/users\/82"}],"replies":[{"embeddable":true,"href":"https:\/\/www.africa-press.net\/congo-brazzaville\/wp-json\/wp\/v2\/comments?post=14593"}],"version-history":[{"count":0,"href":"https:\/\/www.africa-press.net\/congo-brazzaville\/wp-json\/wp\/v2\/posts\/14593\/revisions"}],"wp:featuredmedia":[{"embeddable":true,"href":"https:\/\/www.africa-press.net\/congo-brazzaville\/wp-json\/wp\/v2\/media\/14592"}],"wp:attachment":[{"href":"https:\/\/www.africa-press.net\/congo-brazzaville\/wp-json\/wp\/v2\/media?parent=14593"}],"wp:term":[{"taxonomy":"category","embeddable":true,"href":"https:\/\/www.africa-press.net\/congo-brazzaville\/wp-json\/wp\/v2\/categories?post=14593"},{"taxonomy":"post_tag","embeddable":true,"href":"https:\/\/www.africa-press.net\/congo-brazzaville\/wp-json\/wp\/v2\/tags?post=14593"}],"curies":[{"name":"wp","href":"https:\/\/api.w.org\/{rel}","templated":true}]}}