{"id":14608,"date":"2023-02-19T19:04:42","date_gmt":"2023-02-19T19:04:42","guid":{"rendered":"https:\/\/www.africa-press.net\/congo-brazzaville\/politique\/le-collectif-liloba-a-desormais-un-observatoire"},"modified":"2023-02-19T19:39:12","modified_gmt":"2023-02-19T19:39:12","slug":"le-collectif-liloba-a-desormais-un-observatoire","status":"publish","type":"post","link":"https:\/\/www.africa-press.net\/congo-brazzaville\/toutes-les-actualites\/le-collectif-liloba-a-desormais-un-observatoire","title":{"rendered":"le collectif liloba a d\u00e9sormais un observatoire"},"content":{"rendered":"<p><span style=\"color: #ff6600\"><strong>Africa-Press &#8211; Congo Brazzaville. <\/strong><\/span><b>Le pre\u0301sident de l\u2019Organisation non gouvernementale Observatoire Handicap Humanite\u0301 (H20), Emmanuel Batsi a indique\u0301 le 18 fe\u0301vrier a\u0300 Brazzaville que le Collectif Liloba posse\u0300de de\u0301sormais un observatoire handicap humanite\u0301.<\/b><\/p>\n<p>\u00ab C\u2019est l\u2019espace d\u2019observation scientifique expe\u0301rimental que nous pouvons faire aupre\u0300s du gouvernement et des autres institutions internationales et nationales. Il y a l\u2019observation des droits de l\u2019homme et aujourd\u2019hui, nous avons un observatoire des personnes vivant avec handicap \u00bb, a re\u0301ve\u0301le\u0301 le pre\u0301sident de l\u2019Observatoire Handicap Humanite\u0301 au lancement officiel des sessions de formation de l\u2019anne\u0301e 2022-2023 couple\u0301 a\u0300 la sortie officielle de cet Observatoire.<\/p>\n<p>Le bureau exe\u0301cutif national de cette nouvelle structure dite H2O qui a vu le jour le 11 janvier 2023 est compose\u0301 d\u2019un pre\u0301sident, Emmanuel Batsi, d\u2019une secre\u0301taire ge\u0301ne\u0301rale charge\u0301e du genre, Gustavine Louzolo Massanga, d\u2019un secre\u0301taire charge\u0301 des relations exte\u0301rieures et de la communication de\u0301nomme\u0301 Rodolphe Gassaye Mouandza, d\u2019un secre\u0301taire aux projets, Armand Blaise Balembonkazi et d\u2019une tre\u0301sorie\u0300re, Marle\u0300ne LarineYimbou.<\/p>\n<p>H2O a un mandat de 4 ans pour convaincre, relever les de\u0301fis majeurs de la proble\u0301matique des personnes vivants avec handicap au Congo, contribuer a\u0300 l\u2019ame\u0301lioration de l\u2019arsenal juridique et enfin re\u0301ge\u0301ne\u0301rer la dignite\u0301 de la femme handicape\u0301e urbaines et rural sous le poids de la triple peine en tant que femme-handicape\u0301e-pauvre.<\/p>\n<p>Cette Organisation Non gouvernementale (ONG) est fonde\u0301e sur quatre piliers : le handicap, l\u2019humanite\u0301, le de\u0301veloppement et les violences faites aux femmes vivant avec handicap.<\/p>\n<p><strong>Pour plus d&rsquo;informations et d&rsquo;analyses sur la <a href=\"https:\/\/www.africa-press.net\/congo-brazzaville\">Congo Brazzaville<\/a>, suivez <a href=\"https:\/\/www.africa-press.net\/\">Africa-Press<\/a><\/strong><\/p>\n","protected":false},"excerpt":{"rendered":"<p>Africa-Press &#8211; Congo Brazzaville. Le pre\u0301sident de l\u2019Organisation non gouvernementale Observatoire Handicap Humanite\u0301 (H20), Emmanuel Batsi a indique\u0301 le 18 fe\u0301vrier a\u0300 Brazzaville que le Collectif Liloba posse\u0300de de\u0301sormais un observatoire handicap humanite\u0301. \u00ab C\u2019est l\u2019espace d\u2019observation scientifique expe\u0301rimental que nous pouvons faire aupre\u0300s du gouvernement et des autres institutions internationales et nationales. Il y [&hellip;]<\/p>\n","protected":false},"author":82,"featured_media":14607,"comment_status":"open","ping_status":"closed","sticky":false,"template":"","format":"standard","meta":{"footnotes":""},"categories":[21,10],"tags":[36,47,46],"class_list":["post-14608","post","type-post","status-publish","format-standard","has-post-thumbnail","hentry","category-communaute","category-toutes-les-actualites","tag-africa-press","tag-africa-press-congo-brazzaville","tag-congo-brazzaville"],"yoast_head":"<!-- This site is optimized with the Yoast SEO Premium plugin v26.1 (Yoast SEO v27.0) - https:\/\/yoast.com\/product\/yoast-seo-premium-wordpress\/ -->\n<title>le collectif liloba a d\u00e9sormais un observatoire - Congo Brazzaville<\/title>\n<meta name=\"description\" content=\"Le pre\u0301sident de l\u2019Organisation non gouvernementale Observatoire Handicap Humanite\u0301 (H20), Emmanuel Batsi a indique\u0301 ...\" \/>\n<meta name=\"robots\" content=\"index, follow, max-snippet:-1, max-image-preview:large, max-video-preview:-1\" \/>\n<link rel=\"canonical\" href=\"https:\/\/www.africa-press.net\/congo-brazzaville\/toutes-les-actualites\/le-collectif-liloba-a-desormais-un-observatoire\" \/>\n<meta property=\"og:locale\" content=\"fr_FR\" \/>\n<meta property=\"og:type\" content=\"article\" \/>\n<meta property=\"og:title\" content=\"le collectif liloba a d\u00e9sormais un observatoire\" \/>\n<meta property=\"og:description\" content=\"Le pre\u0301sident de l\u2019Organisation non gouvernementale Observatoire Handicap Humanite\u0301 (H20), Emmanuel Batsi a indique\u0301 ...\" \/>\n<meta property=\"og:url\" content=\"https:\/\/www.africa-press.net\/congo-brazzaville\/toutes-les-actualites\/le-collectif-liloba-a-desormais-un-observatoire\" \/>\n<meta property=\"og:site_name\" content=\"Congo Brazzaville\" \/>\n<meta property=\"article:published_time\" content=\"2023-02-19T19:04:42+00:00\" \/>\n<meta property=\"article:modified_time\" content=\"2023-02-19T19:39:12+00:00\" \/>\n<meta property=\"og:image\" content=\"https:\/\/static.africa-press.net\/congo-brazzaville\/sites\/51\/2023\/02\/postQueueImg_1676820900.51.jpg\" \/>\n\t<meta property=\"og:image:width\" content=\"787\" \/>\n\t<meta property=\"og:image:height\" content=\"443\" \/>\n\t<meta property=\"og:image:type\" content=\"image\/jpeg\" \/>\n<meta name=\"author\" content=\"cfeditorfr\" \/>\n<meta name=\"twitter:card\" content=\"summary_large_image\" \/>\n<meta name=\"twitter:label1\" content=\"\u00c9crit par\" \/>\n\t<meta name=\"twitter:data1\" content=\"cfeditorfr\" \/>\n\t<meta name=\"twitter:label2\" content=\"Dur\u00e9e de lecture estim\u00e9e\" \/>\n\t<meta name=\"twitter:data2\" content=\"1 minute\" \/>\n<script type=\"application\/ld+json\" class=\"yoast-schema-graph\">{\"@context\":\"https:\/\/schema.org\",\"@graph\":[{\"@type\":\"Article\",\"@id\":\"https:\/\/www.africa-press.net\/congo-brazzaville\/toutes-les-actualites\/le-collectif-liloba-a-desormais-un-observatoire#article\",\"isPartOf\":{\"@id\":\"https:\/\/www.africa-press.net\/congo-brazzaville\/toutes-les-actualites\/le-collectif-liloba-a-desormais-un-observatoire\"},\"author\":{\"name\":\"cfeditorfr\",\"@id\":\"https:\/\/www.africa-press.net\/congo-brazzaville\/#\/schema\/person\/2b1cf3cd81a31e3cd26889ca66d677f1\"},\"headline\":\"le collectif liloba a d\u00e9sormais un observatoire\",\"datePublished\":\"2023-02-19T19:04:42+00:00\",\"dateModified\":\"2023-02-19T19:39:12+00:00\",\"mainEntityOfPage\":{\"@id\":\"https:\/\/www.africa-press.net\/congo-brazzaville\/toutes-les-actualites\/le-collectif-liloba-a-desormais-un-observatoire\"},\"wordCount\":302,\"commentCount\":0,\"image\":{\"@id\":\"https:\/\/www.africa-press.net\/congo-brazzaville\/toutes-les-actualites\/le-collectif-liloba-a-desormais-un-observatoire#primaryimage\"},\"thumbnailUrl\":\"https:\/\/static.africa-press.net\/congo-brazzaville\/sites\/51\/2023\/02\/postQueueImg_1676820900.51.jpg\",\"keywords\":[\"Africa Press\",\"Africa Press-Congo Brazzaville\",\"Congo Brazzaville\"],\"articleSection\":[\"Communaut\u00e9\",\"Toutes les actualit\u00e9s\"],\"inLanguage\":\"fr-FR\",\"potentialAction\":[{\"@type\":\"CommentAction\",\"name\":\"Comment\",\"target\":[\"https:\/\/www.africa-press.net\/congo-brazzaville\/toutes-les-actualites\/le-collectif-liloba-a-desormais-un-observatoire#respond\"]}]},{\"@type\":\"WebPage\",\"@id\":\"https:\/\/www.africa-press.net\/congo-brazzaville\/toutes-les-actualites\/le-collectif-liloba-a-desormais-un-observatoire\",\"url\":\"https:\/\/www.africa-press.net\/congo-brazzaville\/toutes-les-actualites\/le-collectif-liloba-a-desormais-un-observatoire\",\"name\":\"le collectif liloba a d\u00e9sormais un observatoire - Congo Brazzaville\",\"isPartOf\":{\"@id\":\"https:\/\/www.africa-press.net\/congo-brazzaville\/#website\"},\"primaryImageOfPage\":{\"@id\":\"https:\/\/www.africa-press.net\/congo-brazzaville\/toutes-les-actualites\/le-collectif-liloba-a-desormais-un-observatoire#primaryimage\"},\"image\":{\"@id\":\"https:\/\/www.africa-press.net\/congo-brazzaville\/toutes-les-actualites\/le-collectif-liloba-a-desormais-un-observatoire#primaryimage\"},\"thumbnailUrl\":\"https:\/\/static.africa-press.net\/congo-brazzaville\/sites\/51\/2023\/02\/postQueueImg_1676820900.51.jpg\",\"datePublished\":\"2023-02-19T19:04:42+00:00\",\"dateModified\":\"2023-02-19T19:39:12+00:00\",\"author\":{\"@id\":\"https:\/\/www.africa-press.net\/congo-brazzaville\/#\/schema\/person\/2b1cf3cd81a31e3cd26889ca66d677f1\"},\"description\":\"Le pre\u0301sident de l\u2019Organisation non gouvernementale Observatoire Handicap Humanite\u0301 (H20), Emmanuel Batsi a indique\u0301 ...\",\"breadcrumb\":{\"@id\":\"https:\/\/www.africa-press.net\/congo-brazzaville\/toutes-les-actualites\/le-collectif-liloba-a-desormais-un-observatoire#breadcrumb\"},\"inLanguage\":\"fr-FR\",\"potentialAction\":[{\"@type\":\"ReadAction\",\"target\":[\"https:\/\/www.africa-press.net\/congo-brazzaville\/toutes-les-actualites\/le-collectif-liloba-a-desormais-un-observatoire\"]}]},{\"@type\":\"ImageObject\",\"inLanguage\":\"fr-FR\",\"@id\":\"https:\/\/www.africa-press.net\/congo-brazzaville\/toutes-les-actualites\/le-collectif-liloba-a-desormais-un-observatoire#primaryimage\",\"url\":\"https:\/\/static.africa-press.net\/congo-brazzaville\/sites\/51\/2023\/02\/postQueueImg_1676820900.51.jpg\",\"contentUrl\":\"https:\/\/static.africa-press.net\/congo-brazzaville\/sites\/51\/2023\/02\/postQueueImg_1676820900.51.jpg\",\"width\":787,\"height\":443,\"caption\":\"le collectif liloba a d\u00e9sormais un observatoire\"},{\"@type\":\"BreadcrumbList\",\"@id\":\"https:\/\/www.africa-press.net\/congo-brazzaville\/toutes-les-actualites\/le-collectif-liloba-a-desormais-un-observatoire#breadcrumb\",\"itemListElement\":[{\"@type\":\"ListItem\",\"position\":1,\"name\":\"Accueil\",\"item\":\"https:\/\/www.africa-press.net\/congo-brazzaville\/\"},{\"@type\":\"ListItem\",\"position\":2,\"name\":\"le collectif liloba a d\u00e9sormais un observatoire\"}]},{\"@type\":\"WebSite\",\"@id\":\"https:\/\/www.africa-press.net\/congo-brazzaville\/#website\",\"url\":\"https:\/\/www.africa-press.net\/congo-brazzaville\/\",\"name\":\"Congo Brazzaville\",\"description\":\"Just another Africa News Agency Sites site\",\"potentialAction\":[{\"@type\":\"SearchAction\",\"target\":{\"@type\":\"EntryPoint\",\"urlTemplate\":\"https:\/\/www.africa-press.net\/congo-brazzaville\/?s={search_term_string}\"},\"query-input\":{\"@type\":\"PropertyValueSpecification\",\"valueRequired\":true,\"valueName\":\"search_term_string\"}}],\"inLanguage\":\"fr-FR\"},{\"@type\":\"Person\",\"@id\":\"https:\/\/www.africa-press.net\/congo-brazzaville\/#\/schema\/person\/2b1cf3cd81a31e3cd26889ca66d677f1\",\"name\":\"cfeditorfr\"}]}<\/script>\n<!-- \/ Yoast SEO Premium plugin. -->","yoast_head_json":{"title":"le collectif liloba a d\u00e9sormais un observatoire - Congo Brazzaville","description":"Le pre\u0301sident de l\u2019Organisation non gouvernementale Observatoire Handicap Humanite\u0301 (H20), Emmanuel Batsi a indique\u0301 ...","robots":{"index":"index","follow":"follow","max-snippet":"max-snippet:-1","max-image-preview":"max-image-preview:large","max-video-preview":"max-video-preview:-1"},"canonical":"https:\/\/www.africa-press.net\/congo-brazzaville\/toutes-les-actualites\/le-collectif-liloba-a-desormais-un-observatoire","og_locale":"fr_FR","og_type":"article","og_title":"le collectif liloba a d\u00e9sormais un observatoire","og_description":"Le pre\u0301sident de l\u2019Organisation non gouvernementale Observatoire Handicap Humanite\u0301 (H20), Emmanuel Batsi a indique\u0301 ...","og_url":"https:\/\/www.africa-press.net\/congo-brazzaville\/toutes-les-actualites\/le-collectif-liloba-a-desormais-un-observatoire","og_site_name":"Congo Brazzaville","article_published_time":"2023-02-19T19:04:42+00:00","article_modified_time":"2023-02-19T19:39:12+00:00","og_image":[{"width":787,"height":443,"url":"https:\/\/static.africa-press.net\/congo-brazzaville\/sites\/51\/2023\/02\/postQueueImg_1676820900.51.jpg","type":"image\/jpeg"}],"author":"cfeditorfr","twitter_card":"summary_large_image","twitter_misc":{"\u00c9crit par":"cfeditorfr","Dur\u00e9e de lecture estim\u00e9e":"1 minute"},"schema":{"@context":"https:\/\/schema.org","@graph":[{"@type":"Article","@id":"https:\/\/www.africa-press.net\/congo-brazzaville\/toutes-les-actualites\/le-collectif-liloba-a-desormais-un-observatoire#article","isPartOf":{"@id":"https:\/\/www.africa-press.net\/congo-brazzaville\/toutes-les-actualites\/le-collectif-liloba-a-desormais-un-observatoire"},"author":{"name":"cfeditorfr","@id":"https:\/\/www.africa-press.net\/congo-brazzaville\/#\/schema\/person\/2b1cf3cd81a31e3cd26889ca66d677f1"},"headline":"le collectif liloba a d\u00e9sormais un observatoire","datePublished":"2023-02-19T19:04:42+00:00","dateModified":"2023-02-19T19:39:12+00:00","mainEntityOfPage":{"@id":"https:\/\/www.africa-press.net\/congo-brazzaville\/toutes-les-actualites\/le-collectif-liloba-a-desormais-un-observatoire"},"wordCount":302,"commentCount":0,"image":{"@id":"https:\/\/www.africa-press.net\/congo-brazzaville\/toutes-les-actualites\/le-collectif-liloba-a-desormais-un-observatoire#primaryimage"},"thumbnailUrl":"https:\/\/static.africa-press.net\/congo-brazzaville\/sites\/51\/2023\/02\/postQueueImg_1676820900.51.jpg","keywords":["Africa Press","Africa Press-Congo Brazzaville","Congo Brazzaville"],"articleSection":["Communaut\u00e9","Toutes les actualit\u00e9s"],"inLanguage":"fr-FR","potentialAction":[{"@type":"CommentAction","name":"Comment","target":["https:\/\/www.africa-press.net\/congo-brazzaville\/toutes-les-actualites\/le-collectif-liloba-a-desormais-un-observatoire#respond"]}]},{"@type":"WebPage","@id":"https:\/\/www.africa-press.net\/congo-brazzaville\/toutes-les-actualites\/le-collectif-liloba-a-desormais-un-observatoire","url":"https:\/\/www.africa-press.net\/congo-brazzaville\/toutes-les-actualites\/le-collectif-liloba-a-desormais-un-observatoire","name":"le collectif liloba a d\u00e9sormais un observatoire - Congo Brazzaville","isPartOf":{"@id":"https:\/\/www.africa-press.net\/congo-brazzaville\/#website"},"primaryImageOfPage":{"@id":"https:\/\/www.africa-press.net\/congo-brazzaville\/toutes-les-actualites\/le-collectif-liloba-a-desormais-un-observatoire#primaryimage"},"image":{"@id":"https:\/\/www.africa-press.net\/congo-brazzaville\/toutes-les-actualites\/le-collectif-liloba-a-desormais-un-observatoire#primaryimage"},"thumbnailUrl":"https:\/\/static.africa-press.net\/congo-brazzaville\/sites\/51\/2023\/02\/postQueueImg_1676820900.51.jpg","datePublished":"2023-02-19T19:04:42+00:00","dateModified":"2023-02-19T19:39:12+00:00","author":{"@id":"https:\/\/www.africa-press.net\/congo-brazzaville\/#\/schema\/person\/2b1cf3cd81a31e3cd26889ca66d677f1"},"description":"Le pre\u0301sident de l\u2019Organisation non gouvernementale Observatoire Handicap Humanite\u0301 (H20), Emmanuel Batsi a indique\u0301 ...","breadcrumb":{"@id":"https:\/\/www.africa-press.net\/congo-brazzaville\/toutes-les-actualites\/le-collectif-liloba-a-desormais-un-observatoire#breadcrumb"},"inLanguage":"fr-FR","potentialAction":[{"@type":"ReadAction","target":["https:\/\/www.africa-press.net\/congo-brazzaville\/toutes-les-actualites\/le-collectif-liloba-a-desormais-un-observatoire"]}]},{"@type":"ImageObject","inLanguage":"fr-FR","@id":"https:\/\/www.africa-press.net\/congo-brazzaville\/toutes-les-actualites\/le-collectif-liloba-a-desormais-un-observatoire#primaryimage","url":"https:\/\/static.africa-press.net\/congo-brazzaville\/sites\/51\/2023\/02\/postQueueImg_1676820900.51.jpg","contentUrl":"https:\/\/static.africa-press.net\/congo-brazzaville\/sites\/51\/2023\/02\/postQueueImg_1676820900.51.jpg","width":787,"height":443,"caption":"le collectif liloba a d\u00e9sormais un observatoire"},{"@type":"BreadcrumbList","@id":"https:\/\/www.africa-press.net\/congo-brazzaville\/toutes-les-actualites\/le-collectif-liloba-a-desormais-un-observatoire#breadcrumb","itemListElement":[{"@type":"ListItem","position":1,"name":"Accueil","item":"https:\/\/www.africa-press.net\/congo-brazzaville\/"},{"@type":"ListItem","position":2,"name":"le collectif liloba a d\u00e9sormais un observatoire"}]},{"@type":"WebSite","@id":"https:\/\/www.africa-press.net\/congo-brazzaville\/#website","url":"https:\/\/www.africa-press.net\/congo-brazzaville\/","name":"Congo Brazzaville","description":"Just another Africa News Agency Sites site","potentialAction":[{"@type":"SearchAction","target":{"@type":"EntryPoint","urlTemplate":"https:\/\/www.africa-press.net\/congo-brazzaville\/?s={search_term_string}"},"query-input":{"@type":"PropertyValueSpecification","valueRequired":true,"valueName":"search_term_string"}}],"inLanguage":"fr-FR"},{"@type":"Person","@id":"https:\/\/www.africa-press.net\/congo-brazzaville\/#\/schema\/person\/2b1cf3cd81a31e3cd26889ca66d677f1","name":"cfeditorfr"}]}},"_links":{"self":[{"href":"https:\/\/www.africa-press.net\/congo-brazzaville\/wp-json\/wp\/v2\/posts\/14608","targetHints":{"allow":["GET"]}}],"collection":[{"href":"https:\/\/www.africa-press.net\/congo-brazzaville\/wp-json\/wp\/v2\/posts"}],"about":[{"href":"https:\/\/www.africa-press.net\/congo-brazzaville\/wp-json\/wp\/v2\/types\/post"}],"author":[{"embeddable":true,"href":"https:\/\/www.africa-press.net\/congo-brazzaville\/wp-json\/wp\/v2\/users\/82"}],"replies":[{"embeddable":true,"href":"https:\/\/www.africa-press.net\/congo-brazzaville\/wp-json\/wp\/v2\/comments?post=14608"}],"version-history":[{"count":0,"href":"https:\/\/www.africa-press.net\/congo-brazzaville\/wp-json\/wp\/v2\/posts\/14608\/revisions"}],"wp:featuredmedia":[{"embeddable":true,"href":"https:\/\/www.africa-press.net\/congo-brazzaville\/wp-json\/wp\/v2\/media\/14607"}],"wp:attachment":[{"href":"https:\/\/www.africa-press.net\/congo-brazzaville\/wp-json\/wp\/v2\/media?parent=14608"}],"wp:term":[{"taxonomy":"category","embeddable":true,"href":"https:\/\/www.africa-press.net\/congo-brazzaville\/wp-json\/wp\/v2\/categories?post=14608"},{"taxonomy":"post_tag","embeddable":true,"href":"https:\/\/www.africa-press.net\/congo-brazzaville\/wp-json\/wp\/v2\/tags?post=14608"}],"curies":[{"name":"wp","href":"https:\/\/api.w.org\/{rel}","templated":true}]}}