{"id":14610,"date":"2023-02-19T19:00:00","date_gmt":"2023-02-19T19:00:00","guid":{"rendered":"https:\/\/www.africa-press.net\/congo-brazzaville\/politique\/une-quinzaine-des-jeunes-feministes-renforcent-leurs-capacites-au-pouvoir-dagir"},"modified":"2023-02-19T19:39:34","modified_gmt":"2023-02-19T19:39:34","slug":"une-quinzaine-des-jeunes-feministes-renforcent-leurs-capacites-au-pouvoir-dagir","status":"publish","type":"post","link":"https:\/\/www.africa-press.net\/congo-brazzaville\/toutes-les-actualites\/une-quinzaine-des-jeunes-feministes-renforcent-leurs-capacites-au-pouvoir-dagir","title":{"rendered":"une quinzaine des jeunes f\u00e9ministes renforcent leurs capacit\u00e9s au pouvoir d\u2019agir"},"content":{"rendered":"<p><span style=\"color: #ff6600\"><strong>Africa-Press &#8211; Congo Brazzaville. <\/strong><\/span><b>La coordonnatrice du projet \u00ab Elles agissent ensemble \u00bb, Gabrielle Seinzor, a releve\u0301 le 18 fe\u0301vrier a\u0300 Pointe-Noire que l\u2019atelier de formation, devrait permettre de renforcer les capacite\u0301s et le pouvoir d\u2019agir d\u2019une quinzaine des jeunes fe\u0301ministes. <\/b><\/p>\n<p>\u00ab Nous avons se\u0301lectionne\u0301 une quinzaine des actrices de la socie\u0301te\u0301 civile, en vue de les former et faire le relais a\u0300 leurs communaute\u0301s respectives des enseignements rec\u0327us au cours de cet atelier de formation. Apre\u0300s la ville de Pointe-Noire, nous allons organiser des rencontres en pre\u0301sentielle et e\u0301galement des descentes en zone rurale pour permettre d\u2019identifier les besoins des jeunes femmes des diffe\u0301rentes associations qui militent dans le milieu rural \u00bb, a-t-elle indique\u0301, lors de l\u2019atelier de renforcement des capacite\u0301s des jeunes fe\u0301ministes d\u2019Afrique Centrale.<\/p>\n<p>Gabrielle Seinzor a fait savoir que cet atelier a permis de rede\u0301finir et d\u2019octroyer les concepts de fe\u0301minisme et de leadership fe\u0301minin, de comprendre les contextes de violences base\u0301es sur le genre, de favoriser le re\u0301seautage des jeunes fe\u0301ministes et de cre\u0301er un espace d\u2019e\u0301changes et de discussions interge\u0301ne\u0301rationnelle et inter-sectionnelle.<\/p>\n<p>Les participantes, venues des diffe\u0301rentes localite\u0301s du Congo, sont des leaders associatifs, des actrices de la socie\u0301te\u0301 civile, ayant une expe\u0301rience et un inte\u0301re\u0302t personnel en matie\u0300re de fe\u0301minisme africain, des droits humains, des droits des femmes, du genre et des droits des minorite\u0301s, a-t-elle signifie\u0301.<\/p>\n<p>Apre\u0300s le Cameroun, le Tchad et le Congo, la prochaine e\u0301tape sera la Re\u0301publique De\u0301mocratique du Congo dans les tout prochains jours, a re\u0301ve\u0301le\u0301 Gabrielle Seinzor.<\/p>\n<p>Cet atelier a e\u0301te\u0301 organise\u0301 par le Re\u0301seau des jeunes fe\u0301ministes d\u2019Afrique Centrale (REJEFEMAC) avec l\u2019appui financier du Fonds Africain pour le de\u0301veloppement de la femme (AWDF). Un re\u0301seau constitue\u0301 des membres a\u0302ge\u0301s de 18 a\u0300 35 ans ressortissants du Cameroun, du Tchad, du Gabon, de la Re\u0301publique du Congo, la Re\u0301publique de\u0301mocratique du Congo(RDC) et de la Re\u0301publique Centrafricaine, a-t-elle pre\u0301cise\u0301.<\/p>\n<p><strong>Pour plus d&rsquo;informations et d&rsquo;analyses sur la <a href=\"https:\/\/www.africa-press.net\/congo-brazzaville\">Congo Brazzaville<\/a>, suivez <a href=\"https:\/\/www.africa-press.net\/\">Africa-Press<\/a><\/strong><\/p>\n","protected":false},"excerpt":{"rendered":"<p>Africa-Press &#8211; Congo Brazzaville. La coordonnatrice du projet \u00ab Elles agissent ensemble \u00bb, Gabrielle Seinzor, a releve\u0301 le 18 fe\u0301vrier a\u0300 Pointe-Noire que l\u2019atelier de formation, devrait permettre de renforcer les capacite\u0301s et le pouvoir d\u2019agir d\u2019une quinzaine des jeunes fe\u0301ministes. \u00ab Nous avons se\u0301lectionne\u0301 une quinzaine des actrices de la socie\u0301te\u0301 civile, en vue [&hellip;]<\/p>\n","protected":false},"author":82,"featured_media":14609,"comment_status":"open","ping_status":"closed","sticky":false,"template":"","format":"standard","meta":{"footnotes":""},"categories":[21,10],"tags":[36,47,46],"class_list":["post-14610","post","type-post","status-publish","format-standard","has-post-thumbnail","hentry","category-communaute","category-toutes-les-actualites","tag-africa-press","tag-africa-press-congo-brazzaville","tag-congo-brazzaville"],"yoast_head":"<!-- This site is optimized with the Yoast SEO Premium plugin v26.1 (Yoast SEO v27.0) - https:\/\/yoast.com\/product\/yoast-seo-premium-wordpress\/ -->\n<title>une quinzaine des jeunes f\u00e9ministes renforcent leurs capacit\u00e9s au pouvoir d\u2019agir - Congo Brazzaville<\/title>\n<meta name=\"description\" content=\"La coordonnatrice du projet \u00ab Elles agissent ensemble \u00bb, Gabrielle Seinzor, a releve\u0301 le 18 fe\u0301vrier a\u0300 Pointe-Noire ...\" \/>\n<meta name=\"robots\" content=\"index, follow, max-snippet:-1, max-image-preview:large, max-video-preview:-1\" \/>\n<link rel=\"canonical\" href=\"https:\/\/www.africa-press.net\/congo-brazzaville\/toutes-les-actualites\/une-quinzaine-des-jeunes-feministes-renforcent-leurs-capacites-au-pouvoir-dagir\" \/>\n<meta property=\"og:locale\" content=\"fr_FR\" \/>\n<meta property=\"og:type\" content=\"article\" \/>\n<meta property=\"og:title\" content=\"une quinzaine des jeunes f\u00e9ministes renforcent leurs capacit\u00e9s au pouvoir d\u2019agir\" \/>\n<meta property=\"og:description\" content=\"La coordonnatrice du projet \u00ab Elles agissent ensemble \u00bb, Gabrielle Seinzor, a releve\u0301 le 18 fe\u0301vrier a\u0300 Pointe-Noire ...\" \/>\n<meta property=\"og:url\" content=\"https:\/\/www.africa-press.net\/congo-brazzaville\/toutes-les-actualites\/une-quinzaine-des-jeunes-feministes-renforcent-leurs-capacites-au-pouvoir-dagir\" \/>\n<meta property=\"og:site_name\" content=\"Congo Brazzaville\" \/>\n<meta property=\"article:published_time\" content=\"2023-02-19T19:00:00+00:00\" \/>\n<meta property=\"article:modified_time\" content=\"2023-02-19T19:39:34+00:00\" \/>\n<meta property=\"og:image\" content=\"https:\/\/static.africa-press.net\/congo-brazzaville\/sites\/51\/2023\/02\/postQueueImg_1676820928.09.jpg\" \/>\n\t<meta property=\"og:image:width\" content=\"796\" \/>\n\t<meta property=\"og:image:height\" content=\"439\" \/>\n\t<meta property=\"og:image:type\" content=\"image\/jpeg\" \/>\n<meta name=\"author\" content=\"cfeditorfr\" \/>\n<meta name=\"twitter:card\" content=\"summary_large_image\" \/>\n<meta name=\"twitter:label1\" content=\"\u00c9crit par\" \/>\n\t<meta name=\"twitter:data1\" content=\"cfeditorfr\" \/>\n\t<meta name=\"twitter:label2\" content=\"Dur\u00e9e de lecture estim\u00e9e\" \/>\n\t<meta name=\"twitter:data2\" content=\"2 minutes\" \/>\n<script type=\"application\/ld+json\" class=\"yoast-schema-graph\">{\"@context\":\"https:\/\/schema.org\",\"@graph\":[{\"@type\":\"Article\",\"@id\":\"https:\/\/www.africa-press.net\/congo-brazzaville\/toutes-les-actualites\/une-quinzaine-des-jeunes-feministes-renforcent-leurs-capacites-au-pouvoir-dagir#article\",\"isPartOf\":{\"@id\":\"https:\/\/www.africa-press.net\/congo-brazzaville\/toutes-les-actualites\/une-quinzaine-des-jeunes-feministes-renforcent-leurs-capacites-au-pouvoir-dagir\"},\"author\":{\"name\":\"cfeditorfr\",\"@id\":\"https:\/\/www.africa-press.net\/congo-brazzaville\/#\/schema\/person\/2b1cf3cd81a31e3cd26889ca66d677f1\"},\"headline\":\"une quinzaine des jeunes f\u00e9ministes renforcent leurs capacit\u00e9s au pouvoir d\u2019agir\",\"datePublished\":\"2023-02-19T19:00:00+00:00\",\"dateModified\":\"2023-02-19T19:39:34+00:00\",\"mainEntityOfPage\":{\"@id\":\"https:\/\/www.africa-press.net\/congo-brazzaville\/toutes-les-actualites\/une-quinzaine-des-jeunes-feministes-renforcent-leurs-capacites-au-pouvoir-dagir\"},\"wordCount\":393,\"commentCount\":0,\"image\":{\"@id\":\"https:\/\/www.africa-press.net\/congo-brazzaville\/toutes-les-actualites\/une-quinzaine-des-jeunes-feministes-renforcent-leurs-capacites-au-pouvoir-dagir#primaryimage\"},\"thumbnailUrl\":\"https:\/\/static.africa-press.net\/congo-brazzaville\/sites\/51\/2023\/02\/postQueueImg_1676820928.09.jpg\",\"keywords\":[\"Africa Press\",\"Africa Press-Congo Brazzaville\",\"Congo Brazzaville\"],\"articleSection\":[\"Communaut\u00e9\",\"Toutes les actualit\u00e9s\"],\"inLanguage\":\"fr-FR\",\"potentialAction\":[{\"@type\":\"CommentAction\",\"name\":\"Comment\",\"target\":[\"https:\/\/www.africa-press.net\/congo-brazzaville\/toutes-les-actualites\/une-quinzaine-des-jeunes-feministes-renforcent-leurs-capacites-au-pouvoir-dagir#respond\"]}]},{\"@type\":\"WebPage\",\"@id\":\"https:\/\/www.africa-press.net\/congo-brazzaville\/toutes-les-actualites\/une-quinzaine-des-jeunes-feministes-renforcent-leurs-capacites-au-pouvoir-dagir\",\"url\":\"https:\/\/www.africa-press.net\/congo-brazzaville\/toutes-les-actualites\/une-quinzaine-des-jeunes-feministes-renforcent-leurs-capacites-au-pouvoir-dagir\",\"name\":\"une quinzaine des jeunes f\u00e9ministes renforcent leurs capacit\u00e9s au pouvoir d\u2019agir - Congo Brazzaville\",\"isPartOf\":{\"@id\":\"https:\/\/www.africa-press.net\/congo-brazzaville\/#website\"},\"primaryImageOfPage\":{\"@id\":\"https:\/\/www.africa-press.net\/congo-brazzaville\/toutes-les-actualites\/une-quinzaine-des-jeunes-feministes-renforcent-leurs-capacites-au-pouvoir-dagir#primaryimage\"},\"image\":{\"@id\":\"https:\/\/www.africa-press.net\/congo-brazzaville\/toutes-les-actualites\/une-quinzaine-des-jeunes-feministes-renforcent-leurs-capacites-au-pouvoir-dagir#primaryimage\"},\"thumbnailUrl\":\"https:\/\/static.africa-press.net\/congo-brazzaville\/sites\/51\/2023\/02\/postQueueImg_1676820928.09.jpg\",\"datePublished\":\"2023-02-19T19:00:00+00:00\",\"dateModified\":\"2023-02-19T19:39:34+00:00\",\"author\":{\"@id\":\"https:\/\/www.africa-press.net\/congo-brazzaville\/#\/schema\/person\/2b1cf3cd81a31e3cd26889ca66d677f1\"},\"description\":\"La coordonnatrice du projet \u00ab Elles agissent ensemble \u00bb, Gabrielle Seinzor, a releve\u0301 le 18 fe\u0301vrier a\u0300 Pointe-Noire ...\",\"breadcrumb\":{\"@id\":\"https:\/\/www.africa-press.net\/congo-brazzaville\/toutes-les-actualites\/une-quinzaine-des-jeunes-feministes-renforcent-leurs-capacites-au-pouvoir-dagir#breadcrumb\"},\"inLanguage\":\"fr-FR\",\"potentialAction\":[{\"@type\":\"ReadAction\",\"target\":[\"https:\/\/www.africa-press.net\/congo-brazzaville\/toutes-les-actualites\/une-quinzaine-des-jeunes-feministes-renforcent-leurs-capacites-au-pouvoir-dagir\"]}]},{\"@type\":\"ImageObject\",\"inLanguage\":\"fr-FR\",\"@id\":\"https:\/\/www.africa-press.net\/congo-brazzaville\/toutes-les-actualites\/une-quinzaine-des-jeunes-feministes-renforcent-leurs-capacites-au-pouvoir-dagir#primaryimage\",\"url\":\"https:\/\/static.africa-press.net\/congo-brazzaville\/sites\/51\/2023\/02\/postQueueImg_1676820928.09.jpg\",\"contentUrl\":\"https:\/\/static.africa-press.net\/congo-brazzaville\/sites\/51\/2023\/02\/postQueueImg_1676820928.09.jpg\",\"width\":796,\"height\":439,\"caption\":\"une quinzaine des jeunes f\u00e9ministes renforcent leurs capacit\u00e9s au pouvoir d\u2019agir\"},{\"@type\":\"BreadcrumbList\",\"@id\":\"https:\/\/www.africa-press.net\/congo-brazzaville\/toutes-les-actualites\/une-quinzaine-des-jeunes-feministes-renforcent-leurs-capacites-au-pouvoir-dagir#breadcrumb\",\"itemListElement\":[{\"@type\":\"ListItem\",\"position\":1,\"name\":\"Accueil\",\"item\":\"https:\/\/www.africa-press.net\/congo-brazzaville\/\"},{\"@type\":\"ListItem\",\"position\":2,\"name\":\"une quinzaine des jeunes f\u00e9ministes renforcent leurs capacit\u00e9s au pouvoir d\u2019agir\"}]},{\"@type\":\"WebSite\",\"@id\":\"https:\/\/www.africa-press.net\/congo-brazzaville\/#website\",\"url\":\"https:\/\/www.africa-press.net\/congo-brazzaville\/\",\"name\":\"Congo Brazzaville\",\"description\":\"Just another Africa News Agency Sites site\",\"potentialAction\":[{\"@type\":\"SearchAction\",\"target\":{\"@type\":\"EntryPoint\",\"urlTemplate\":\"https:\/\/www.africa-press.net\/congo-brazzaville\/?s={search_term_string}\"},\"query-input\":{\"@type\":\"PropertyValueSpecification\",\"valueRequired\":true,\"valueName\":\"search_term_string\"}}],\"inLanguage\":\"fr-FR\"},{\"@type\":\"Person\",\"@id\":\"https:\/\/www.africa-press.net\/congo-brazzaville\/#\/schema\/person\/2b1cf3cd81a31e3cd26889ca66d677f1\",\"name\":\"cfeditorfr\"}]}<\/script>\n<!-- \/ Yoast SEO Premium plugin. -->","yoast_head_json":{"title":"une quinzaine des jeunes f\u00e9ministes renforcent leurs capacit\u00e9s au pouvoir d\u2019agir - Congo Brazzaville","description":"La coordonnatrice du projet \u00ab Elles agissent ensemble \u00bb, Gabrielle Seinzor, a releve\u0301 le 18 fe\u0301vrier a\u0300 Pointe-Noire ...","robots":{"index":"index","follow":"follow","max-snippet":"max-snippet:-1","max-image-preview":"max-image-preview:large","max-video-preview":"max-video-preview:-1"},"canonical":"https:\/\/www.africa-press.net\/congo-brazzaville\/toutes-les-actualites\/une-quinzaine-des-jeunes-feministes-renforcent-leurs-capacites-au-pouvoir-dagir","og_locale":"fr_FR","og_type":"article","og_title":"une quinzaine des jeunes f\u00e9ministes renforcent leurs capacit\u00e9s au pouvoir d\u2019agir","og_description":"La coordonnatrice du projet \u00ab Elles agissent ensemble \u00bb, Gabrielle Seinzor, a releve\u0301 le 18 fe\u0301vrier a\u0300 Pointe-Noire ...","og_url":"https:\/\/www.africa-press.net\/congo-brazzaville\/toutes-les-actualites\/une-quinzaine-des-jeunes-feministes-renforcent-leurs-capacites-au-pouvoir-dagir","og_site_name":"Congo Brazzaville","article_published_time":"2023-02-19T19:00:00+00:00","article_modified_time":"2023-02-19T19:39:34+00:00","og_image":[{"width":796,"height":439,"url":"https:\/\/static.africa-press.net\/congo-brazzaville\/sites\/51\/2023\/02\/postQueueImg_1676820928.09.jpg","type":"image\/jpeg"}],"author":"cfeditorfr","twitter_card":"summary_large_image","twitter_misc":{"\u00c9crit par":"cfeditorfr","Dur\u00e9e de lecture estim\u00e9e":"2 minutes"},"schema":{"@context":"https:\/\/schema.org","@graph":[{"@type":"Article","@id":"https:\/\/www.africa-press.net\/congo-brazzaville\/toutes-les-actualites\/une-quinzaine-des-jeunes-feministes-renforcent-leurs-capacites-au-pouvoir-dagir#article","isPartOf":{"@id":"https:\/\/www.africa-press.net\/congo-brazzaville\/toutes-les-actualites\/une-quinzaine-des-jeunes-feministes-renforcent-leurs-capacites-au-pouvoir-dagir"},"author":{"name":"cfeditorfr","@id":"https:\/\/www.africa-press.net\/congo-brazzaville\/#\/schema\/person\/2b1cf3cd81a31e3cd26889ca66d677f1"},"headline":"une quinzaine des jeunes f\u00e9ministes renforcent leurs capacit\u00e9s au pouvoir d\u2019agir","datePublished":"2023-02-19T19:00:00+00:00","dateModified":"2023-02-19T19:39:34+00:00","mainEntityOfPage":{"@id":"https:\/\/www.africa-press.net\/congo-brazzaville\/toutes-les-actualites\/une-quinzaine-des-jeunes-feministes-renforcent-leurs-capacites-au-pouvoir-dagir"},"wordCount":393,"commentCount":0,"image":{"@id":"https:\/\/www.africa-press.net\/congo-brazzaville\/toutes-les-actualites\/une-quinzaine-des-jeunes-feministes-renforcent-leurs-capacites-au-pouvoir-dagir#primaryimage"},"thumbnailUrl":"https:\/\/static.africa-press.net\/congo-brazzaville\/sites\/51\/2023\/02\/postQueueImg_1676820928.09.jpg","keywords":["Africa Press","Africa Press-Congo Brazzaville","Congo Brazzaville"],"articleSection":["Communaut\u00e9","Toutes les actualit\u00e9s"],"inLanguage":"fr-FR","potentialAction":[{"@type":"CommentAction","name":"Comment","target":["https:\/\/www.africa-press.net\/congo-brazzaville\/toutes-les-actualites\/une-quinzaine-des-jeunes-feministes-renforcent-leurs-capacites-au-pouvoir-dagir#respond"]}]},{"@type":"WebPage","@id":"https:\/\/www.africa-press.net\/congo-brazzaville\/toutes-les-actualites\/une-quinzaine-des-jeunes-feministes-renforcent-leurs-capacites-au-pouvoir-dagir","url":"https:\/\/www.africa-press.net\/congo-brazzaville\/toutes-les-actualites\/une-quinzaine-des-jeunes-feministes-renforcent-leurs-capacites-au-pouvoir-dagir","name":"une quinzaine des jeunes f\u00e9ministes renforcent leurs capacit\u00e9s au pouvoir d\u2019agir - Congo Brazzaville","isPartOf":{"@id":"https:\/\/www.africa-press.net\/congo-brazzaville\/#website"},"primaryImageOfPage":{"@id":"https:\/\/www.africa-press.net\/congo-brazzaville\/toutes-les-actualites\/une-quinzaine-des-jeunes-feministes-renforcent-leurs-capacites-au-pouvoir-dagir#primaryimage"},"image":{"@id":"https:\/\/www.africa-press.net\/congo-brazzaville\/toutes-les-actualites\/une-quinzaine-des-jeunes-feministes-renforcent-leurs-capacites-au-pouvoir-dagir#primaryimage"},"thumbnailUrl":"https:\/\/static.africa-press.net\/congo-brazzaville\/sites\/51\/2023\/02\/postQueueImg_1676820928.09.jpg","datePublished":"2023-02-19T19:00:00+00:00","dateModified":"2023-02-19T19:39:34+00:00","author":{"@id":"https:\/\/www.africa-press.net\/congo-brazzaville\/#\/schema\/person\/2b1cf3cd81a31e3cd26889ca66d677f1"},"description":"La coordonnatrice du projet \u00ab Elles agissent ensemble \u00bb, Gabrielle Seinzor, a releve\u0301 le 18 fe\u0301vrier a\u0300 Pointe-Noire ...","breadcrumb":{"@id":"https:\/\/www.africa-press.net\/congo-brazzaville\/toutes-les-actualites\/une-quinzaine-des-jeunes-feministes-renforcent-leurs-capacites-au-pouvoir-dagir#breadcrumb"},"inLanguage":"fr-FR","potentialAction":[{"@type":"ReadAction","target":["https:\/\/www.africa-press.net\/congo-brazzaville\/toutes-les-actualites\/une-quinzaine-des-jeunes-feministes-renforcent-leurs-capacites-au-pouvoir-dagir"]}]},{"@type":"ImageObject","inLanguage":"fr-FR","@id":"https:\/\/www.africa-press.net\/congo-brazzaville\/toutes-les-actualites\/une-quinzaine-des-jeunes-feministes-renforcent-leurs-capacites-au-pouvoir-dagir#primaryimage","url":"https:\/\/static.africa-press.net\/congo-brazzaville\/sites\/51\/2023\/02\/postQueueImg_1676820928.09.jpg","contentUrl":"https:\/\/static.africa-press.net\/congo-brazzaville\/sites\/51\/2023\/02\/postQueueImg_1676820928.09.jpg","width":796,"height":439,"caption":"une quinzaine des jeunes f\u00e9ministes renforcent leurs capacit\u00e9s au pouvoir d\u2019agir"},{"@type":"BreadcrumbList","@id":"https:\/\/www.africa-press.net\/congo-brazzaville\/toutes-les-actualites\/une-quinzaine-des-jeunes-feministes-renforcent-leurs-capacites-au-pouvoir-dagir#breadcrumb","itemListElement":[{"@type":"ListItem","position":1,"name":"Accueil","item":"https:\/\/www.africa-press.net\/congo-brazzaville\/"},{"@type":"ListItem","position":2,"name":"une quinzaine des jeunes f\u00e9ministes renforcent leurs capacit\u00e9s au pouvoir d\u2019agir"}]},{"@type":"WebSite","@id":"https:\/\/www.africa-press.net\/congo-brazzaville\/#website","url":"https:\/\/www.africa-press.net\/congo-brazzaville\/","name":"Congo Brazzaville","description":"Just another Africa News Agency Sites site","potentialAction":[{"@type":"SearchAction","target":{"@type":"EntryPoint","urlTemplate":"https:\/\/www.africa-press.net\/congo-brazzaville\/?s={search_term_string}"},"query-input":{"@type":"PropertyValueSpecification","valueRequired":true,"valueName":"search_term_string"}}],"inLanguage":"fr-FR"},{"@type":"Person","@id":"https:\/\/www.africa-press.net\/congo-brazzaville\/#\/schema\/person\/2b1cf3cd81a31e3cd26889ca66d677f1","name":"cfeditorfr"}]}},"_links":{"self":[{"href":"https:\/\/www.africa-press.net\/congo-brazzaville\/wp-json\/wp\/v2\/posts\/14610","targetHints":{"allow":["GET"]}}],"collection":[{"href":"https:\/\/www.africa-press.net\/congo-brazzaville\/wp-json\/wp\/v2\/posts"}],"about":[{"href":"https:\/\/www.africa-press.net\/congo-brazzaville\/wp-json\/wp\/v2\/types\/post"}],"author":[{"embeddable":true,"href":"https:\/\/www.africa-press.net\/congo-brazzaville\/wp-json\/wp\/v2\/users\/82"}],"replies":[{"embeddable":true,"href":"https:\/\/www.africa-press.net\/congo-brazzaville\/wp-json\/wp\/v2\/comments?post=14610"}],"version-history":[{"count":0,"href":"https:\/\/www.africa-press.net\/congo-brazzaville\/wp-json\/wp\/v2\/posts\/14610\/revisions"}],"wp:featuredmedia":[{"embeddable":true,"href":"https:\/\/www.africa-press.net\/congo-brazzaville\/wp-json\/wp\/v2\/media\/14609"}],"wp:attachment":[{"href":"https:\/\/www.africa-press.net\/congo-brazzaville\/wp-json\/wp\/v2\/media?parent=14610"}],"wp:term":[{"taxonomy":"category","embeddable":true,"href":"https:\/\/www.africa-press.net\/congo-brazzaville\/wp-json\/wp\/v2\/categories?post=14610"},{"taxonomy":"post_tag","embeddable":true,"href":"https:\/\/www.africa-press.net\/congo-brazzaville\/wp-json\/wp\/v2\/tags?post=14610"}],"curies":[{"name":"wp","href":"https:\/\/api.w.org\/{rel}","templated":true}]}}