{"id":14615,"date":"2023-02-20T12:46:21","date_gmt":"2023-02-20T12:46:21","guid":{"rendered":"https:\/\/www.africa-press.net\/congo-brazzaville\/politique\/detection-des-talents-paul-victor-moigny-precise-les-ambitions-de-lacafet"},"modified":"2023-02-20T12:58:11","modified_gmt":"2023-02-20T12:58:11","slug":"detection-des-talents-paul-victor-moigny-precise-les-ambitions-de-lacafet","status":"publish","type":"post","link":"https:\/\/www.africa-press.net\/congo-brazzaville\/sports\/detection-des-talents-paul-victor-moigny-precise-les-ambitions-de-lacafet","title":{"rendered":"D\u00e9tection des talents : Paul Victor Moigny pr\u00e9cise les ambitions de l\u2019Acafet"},"content":{"rendered":"<p><span style=\"color: #ff6600\"><strong>Africa-Press &#8211; Congo Brazzaville. <\/strong><\/span><b>La cre\u0301ation de l\u2019Acade\u0301mie foot et e\u0301tudes (Acafet) Jean- Jacques- Ndomba- le Ge\u0301ome\u0300tre a\u0300 Ngania, dans le de\u0301partement des Pateaux, re\u0301pond a\u0300 la volonte\u0301 du promoteur de redonner une dynamique nouvelle aux clubs et renforcer les e\u0301quipes nationales du Congo dans toutes ses cate\u0301gories.<\/b><\/p>\n<p>Le ge\u0301ne\u0301ral Paul Victor Moigny, pre\u0301sident de l\u2019Association pour l\u2019amour de la jeunesse et du foot, a clairement de\u0301fini les objectifs de l&rsquo;Acafet, lors d&rsquo;une confe\u0301rence de presse qu\u2019il a anime\u0301e le 17 fe\u0301vrier, a\u0300 Brazzaville. Le promoteur s\u2019est engage\u0301 a\u0300 faire que cette acade\u0301mie soit pe\u0301renne dans le temps et qu\u2019elle forme au maximum des e\u0301le\u0301ments qui renforceront les se\u0301lections congolaises et les clubs. Les joueurs qui sortiront de cette acade\u0301mie, a-t-il assure\u0301, rehausseront le niveau du football congolais.<\/p>\n<p>\u00ab L\u2019ambition est de former les e\u0301le\u0301ments pour qu\u2019ils arrivent a\u0300 se positionner sur le plan national et international. Ils doivent e\u0302tre de\u0301tecte\u0301s et remarque\u0301s par les autres comme quoi ils ont du talent. Nous devons fournir d\u2019abord les joueurs a\u0300 nos clubs nationaux, des e\u0301le\u0301ments qui vont be\u0301ne\u0301ficier d\u2019une formation au football pour donner une dynamique nouvelle au sein des clubs. Cette dynamique peut permettre que ces joueurs e\u0301voluent demain en e\u0301quipe nationale, remonte le niveau et la qualite\u0301 de nos se\u0301lections pour qu\u2019elles puissent donner des re\u0301sultats beaucoup meilleurs que ceux d\u2019aujourd\u2019hui \u00bb, a commente\u0301 le ge\u0301ne\u0301ral Paul Victor Moigny.<\/p>\n<p>L\u2019Acafet est un centre de formation dans lequel les enfants vont non seulement jouer au football mais aussi pouvoir continuer leurs e\u0301tudes normalement. Les pensionnaires suivent de\u0301ja\u0300 la formation scolaire apre\u0300s la remise, le 7 janvier dernier, des cle\u0301s du ba\u0302timent principal de l\u2019acade\u0301mie au ministe\u0300re de l\u2019Enseignement pre\u0301scolaire, primaire, secondaire et de l&rsquo;Alphabe\u0301tisation. L\u2019Acafet se pre\u0301pare a\u0300 lancer la rentre\u0301e acade\u0301mique de football pre\u0301vue en mi-mars, sauf changement de dernie\u0300re heure.<\/p>\n<p>Les conditions de son installation sont bien meilleures en campagne pluto\u0302t que dans les villes puisqu\u2019elle dispose de 15 hectares pour quatre terrains d\u2019entrai\u0302nement. Les enfants sont recrute\u0301s a\u0300 partir de la classe de 6e jusqu\u2019en terminale pour une tranche d\u2019a\u0302ge allant de 10 a\u0300 20 ans. Le cou\u0302t de la formation e\u0301tait estime\u0301 a\u0300 13 950 000 FCFA par enfant. Mais les gestionnaires de l\u2019Acafet ont pris la meilleure option de casser le prix pour privile\u0301gier une prise en charge gratuite. \u00ab Pour les jeunes qui sont a\u0300 l\u2019acade\u0301mie, les parents n\u2019ont rien paye\u0301. C\u2019est gratuit. Les enfants sont loge\u0301s, nourris, soigne\u0301s, forme\u0301s et assure\u0301s. Les parents ne paient que les formalite\u0301s administratives estime\u0301es a\u0300 250 000 FCFA \u00bb, a-t-il pre\u0301cise\u0301.<\/p>\n<p>Les actuels pensionnaires de l\u2019Acafet ont e\u0301te\u0301 se\u0301lectionne\u0301s a\u0300 partir d\u2019un test qui avait de\u0301bute\u0301 en 2021 jusqu\u2019en 2022. Les e\u0301quipes ont e\u0301te\u0301 re\u0301parties dans tous les de\u0301partements du Congo afin de de\u0301tecter les talents en herbe. Un autre test est pre\u0301vu cette anne\u0301e pour renforcer l\u2019effectif existant. Les crite\u0300res de se\u0301lection tiennent compte de l\u2019e\u0301tat physique du candidat et la moyenne d\u2019a\u0302ge.<\/p>\n<p>Paul Victor Moigny a, par ailleurs, explique\u0301 que l\u2019ide\u0301e de cre\u0301er cette acade\u0301mie re\u0301pond a\u0300 une proble\u0301matique nationale ; le football congolais e\u0301tant suffisamment malade. Certains pays, a-t-il explique\u0301, ont progresse\u0301 et sont devenus de grandes nations du football parce qu\u2019ils ont mis l\u2019accent sur la pre\u0301paration en s\u2019appuyant sur les acade\u0301mies. \u00ab Je suis parti du constat selon lequel toutes les structures qui ont e\u0301te\u0301 cre\u0301e\u0301es dans ce sens n\u2019arrivaient pas encore a\u0300 donner la mesure de ce dont nous recherchons. Elles sont arre\u0302te\u0301es nettes et ne produisent presque plus. Dans les autres pays, les acade\u0301mies naissent ici et la\u0300. Il faut que nous nous battions pour relever le niveau de notre football. C\u2019est ma contribution \u00bb, a-t-il signifie\u0301. Le nom de Jean Jacques Ndomba a e\u0301te\u0301, selon lui, choisi parce qu\u2019il a e\u0301te\u0301 l\u2019un des meilleurs footballeurs que le Congo a connus.<\/p>\n<p><strong>Pour plus d&rsquo;informations et d&rsquo;analyses sur la <a href=\"https:\/\/www.africa-press.net\/congo-brazzaville\">Congo Brazzaville<\/a>, suivez <a href=\"https:\/\/www.africa-press.net\/\">Africa-Press<\/a><\/strong><\/p>\n","protected":false},"excerpt":{"rendered":"<p>Africa-Press &#8211; Congo Brazzaville. La cre\u0301ation de l\u2019Acade\u0301mie foot et e\u0301tudes (Acafet) Jean- Jacques- Ndomba- le Ge\u0301ome\u0300tre a\u0300 Ngania, dans le de\u0301partement des Pateaux, re\u0301pond a\u0300 la volonte\u0301 du promoteur de redonner une dynamique nouvelle aux clubs et renforcer les e\u0301quipes nationales du Congo dans toutes ses cate\u0301gories. Le ge\u0301ne\u0301ral Paul Victor Moigny, pre\u0301sident de [&hellip;]<\/p>\n","protected":false},"author":82,"featured_media":14614,"comment_status":"open","ping_status":"closed","sticky":false,"template":"","format":"standard","meta":{"footnotes":""},"categories":[6,10],"tags":[36,47,46],"class_list":["post-14615","post","type-post","status-publish","format-standard","has-post-thumbnail","hentry","category-sports","category-toutes-les-actualites","tag-africa-press","tag-africa-press-congo-brazzaville","tag-congo-brazzaville"],"yoast_head":"<!-- This site is optimized with the Yoast SEO Premium plugin v26.1 (Yoast SEO v27.0) - https:\/\/yoast.com\/product\/yoast-seo-premium-wordpress\/ -->\n<title>D\u00e9tection des talents : Paul Victor Moigny pr\u00e9cise les ambitions de l\u2019Acafet - Congo Brazzaville<\/title>\n<meta name=\"description\" content=\"La cre\u0301ation de l\u2019Acade\u0301mie foot et e\u0301tudes (Acafet) Jean- Jacques- Ndomba- le Ge\u0301ome\u0300tre a\u0300 Ngania, dans le de\u0301parte ...\" \/>\n<meta name=\"robots\" content=\"index, follow, max-snippet:-1, max-image-preview:large, max-video-preview:-1\" \/>\n<link rel=\"canonical\" href=\"https:\/\/www.africa-press.net\/congo-brazzaville\/sports\/detection-des-talents-paul-victor-moigny-precise-les-ambitions-de-lacafet\" \/>\n<meta property=\"og:locale\" content=\"fr_FR\" \/>\n<meta property=\"og:type\" content=\"article\" \/>\n<meta property=\"og:title\" content=\"D\u00e9tection des talents : Paul Victor Moigny pr\u00e9cise les ambitions de l\u2019Acafet\" \/>\n<meta property=\"og:description\" content=\"La cre\u0301ation de l\u2019Acade\u0301mie foot et e\u0301tudes (Acafet) Jean- Jacques- Ndomba- le Ge\u0301ome\u0300tre a\u0300 Ngania, dans le de\u0301parte ...\" \/>\n<meta property=\"og:url\" content=\"https:\/\/www.africa-press.net\/congo-brazzaville\/sports\/detection-des-talents-paul-victor-moigny-precise-les-ambitions-de-lacafet\" \/>\n<meta property=\"og:site_name\" content=\"Congo Brazzaville\" \/>\n<meta property=\"article:published_time\" content=\"2023-02-20T12:46:21+00:00\" \/>\n<meta property=\"article:modified_time\" content=\"2023-02-20T12:58:11+00:00\" \/>\n<meta property=\"og:image\" content=\"https:\/\/static.africa-press.net\/congo-brazzaville\/sites\/51\/2023\/02\/postQueueImg_1676884585.80.jpg\" \/>\n\t<meta property=\"og:image:width\" content=\"1155\" \/>\n\t<meta property=\"og:image:height\" content=\"768\" \/>\n\t<meta property=\"og:image:type\" content=\"image\/jpeg\" \/>\n<meta name=\"author\" content=\"cfeditorfr\" \/>\n<meta name=\"twitter:card\" content=\"summary_large_image\" \/>\n<meta name=\"twitter:label1\" content=\"\u00c9crit par\" \/>\n\t<meta name=\"twitter:data1\" content=\"cfeditorfr\" \/>\n\t<meta name=\"twitter:label2\" content=\"Dur\u00e9e de lecture estim\u00e9e\" \/>\n\t<meta name=\"twitter:data2\" content=\"4 minutes\" \/>\n<script type=\"application\/ld+json\" class=\"yoast-schema-graph\">{\"@context\":\"https:\/\/schema.org\",\"@graph\":[{\"@type\":\"Article\",\"@id\":\"https:\/\/www.africa-press.net\/congo-brazzaville\/sports\/detection-des-talents-paul-victor-moigny-precise-les-ambitions-de-lacafet#article\",\"isPartOf\":{\"@id\":\"https:\/\/www.africa-press.net\/congo-brazzaville\/sports\/detection-des-talents-paul-victor-moigny-precise-les-ambitions-de-lacafet\"},\"author\":{\"name\":\"cfeditorfr\",\"@id\":\"https:\/\/www.africa-press.net\/congo-brazzaville\/#\/schema\/person\/2b1cf3cd81a31e3cd26889ca66d677f1\"},\"headline\":\"D\u00e9tection des talents : Paul Victor Moigny pr\u00e9cise les ambitions de l\u2019Acafet\",\"datePublished\":\"2023-02-20T12:46:21+00:00\",\"dateModified\":\"2023-02-20T12:58:11+00:00\",\"mainEntityOfPage\":{\"@id\":\"https:\/\/www.africa-press.net\/congo-brazzaville\/sports\/detection-des-talents-paul-victor-moigny-precise-les-ambitions-de-lacafet\"},\"wordCount\":779,\"commentCount\":0,\"image\":{\"@id\":\"https:\/\/www.africa-press.net\/congo-brazzaville\/sports\/detection-des-talents-paul-victor-moigny-precise-les-ambitions-de-lacafet#primaryimage\"},\"thumbnailUrl\":\"https:\/\/static.africa-press.net\/congo-brazzaville\/sites\/51\/2023\/02\/postQueueImg_1676884585.80.jpg\",\"keywords\":[\"Africa Press\",\"Africa Press-Congo Brazzaville\",\"Congo Brazzaville\"],\"articleSection\":[\"Sports\",\"Toutes les actualit\u00e9s\"],\"inLanguage\":\"fr-FR\",\"potentialAction\":[{\"@type\":\"CommentAction\",\"name\":\"Comment\",\"target\":[\"https:\/\/www.africa-press.net\/congo-brazzaville\/sports\/detection-des-talents-paul-victor-moigny-precise-les-ambitions-de-lacafet#respond\"]}]},{\"@type\":\"WebPage\",\"@id\":\"https:\/\/www.africa-press.net\/congo-brazzaville\/sports\/detection-des-talents-paul-victor-moigny-precise-les-ambitions-de-lacafet\",\"url\":\"https:\/\/www.africa-press.net\/congo-brazzaville\/sports\/detection-des-talents-paul-victor-moigny-precise-les-ambitions-de-lacafet\",\"name\":\"D\u00e9tection des talents : Paul Victor Moigny pr\u00e9cise les ambitions de l\u2019Acafet - Congo Brazzaville\",\"isPartOf\":{\"@id\":\"https:\/\/www.africa-press.net\/congo-brazzaville\/#website\"},\"primaryImageOfPage\":{\"@id\":\"https:\/\/www.africa-press.net\/congo-brazzaville\/sports\/detection-des-talents-paul-victor-moigny-precise-les-ambitions-de-lacafet#primaryimage\"},\"image\":{\"@id\":\"https:\/\/www.africa-press.net\/congo-brazzaville\/sports\/detection-des-talents-paul-victor-moigny-precise-les-ambitions-de-lacafet#primaryimage\"},\"thumbnailUrl\":\"https:\/\/static.africa-press.net\/congo-brazzaville\/sites\/51\/2023\/02\/postQueueImg_1676884585.80.jpg\",\"datePublished\":\"2023-02-20T12:46:21+00:00\",\"dateModified\":\"2023-02-20T12:58:11+00:00\",\"author\":{\"@id\":\"https:\/\/www.africa-press.net\/congo-brazzaville\/#\/schema\/person\/2b1cf3cd81a31e3cd26889ca66d677f1\"},\"description\":\"La cre\u0301ation de l\u2019Acade\u0301mie foot et e\u0301tudes (Acafet) Jean- Jacques- Ndomba- le Ge\u0301ome\u0300tre a\u0300 Ngania, dans le de\u0301parte ...\",\"breadcrumb\":{\"@id\":\"https:\/\/www.africa-press.net\/congo-brazzaville\/sports\/detection-des-talents-paul-victor-moigny-precise-les-ambitions-de-lacafet#breadcrumb\"},\"inLanguage\":\"fr-FR\",\"potentialAction\":[{\"@type\":\"ReadAction\",\"target\":[\"https:\/\/www.africa-press.net\/congo-brazzaville\/sports\/detection-des-talents-paul-victor-moigny-precise-les-ambitions-de-lacafet\"]}]},{\"@type\":\"ImageObject\",\"inLanguage\":\"fr-FR\",\"@id\":\"https:\/\/www.africa-press.net\/congo-brazzaville\/sports\/detection-des-talents-paul-victor-moigny-precise-les-ambitions-de-lacafet#primaryimage\",\"url\":\"https:\/\/static.africa-press.net\/congo-brazzaville\/sites\/51\/2023\/02\/postQueueImg_1676884585.80.jpg\",\"contentUrl\":\"https:\/\/static.africa-press.net\/congo-brazzaville\/sites\/51\/2023\/02\/postQueueImg_1676884585.80.jpg\",\"width\":1155,\"height\":768,\"caption\":\"D\u00e9tection des talents : Paul Victor Moigny pr\u00e9cise les ambitions de l\u2019Acafet\"},{\"@type\":\"BreadcrumbList\",\"@id\":\"https:\/\/www.africa-press.net\/congo-brazzaville\/sports\/detection-des-talents-paul-victor-moigny-precise-les-ambitions-de-lacafet#breadcrumb\",\"itemListElement\":[{\"@type\":\"ListItem\",\"position\":1,\"name\":\"Accueil\",\"item\":\"https:\/\/www.africa-press.net\/congo-brazzaville\/\"},{\"@type\":\"ListItem\",\"position\":2,\"name\":\"D\u00e9tection des talents : Paul Victor Moigny pr\u00e9cise les ambitions de l\u2019Acafet\"}]},{\"@type\":\"WebSite\",\"@id\":\"https:\/\/www.africa-press.net\/congo-brazzaville\/#website\",\"url\":\"https:\/\/www.africa-press.net\/congo-brazzaville\/\",\"name\":\"Congo Brazzaville\",\"description\":\"Just another Africa News Agency Sites site\",\"potentialAction\":[{\"@type\":\"SearchAction\",\"target\":{\"@type\":\"EntryPoint\",\"urlTemplate\":\"https:\/\/www.africa-press.net\/congo-brazzaville\/?s={search_term_string}\"},\"query-input\":{\"@type\":\"PropertyValueSpecification\",\"valueRequired\":true,\"valueName\":\"search_term_string\"}}],\"inLanguage\":\"fr-FR\"},{\"@type\":\"Person\",\"@id\":\"https:\/\/www.africa-press.net\/congo-brazzaville\/#\/schema\/person\/2b1cf3cd81a31e3cd26889ca66d677f1\",\"name\":\"cfeditorfr\"}]}<\/script>\n<!-- \/ Yoast SEO Premium plugin. -->","yoast_head_json":{"title":"D\u00e9tection des talents : Paul Victor Moigny pr\u00e9cise les ambitions de l\u2019Acafet - Congo Brazzaville","description":"La cre\u0301ation de l\u2019Acade\u0301mie foot et e\u0301tudes (Acafet) Jean- Jacques- Ndomba- le Ge\u0301ome\u0300tre a\u0300 Ngania, dans le de\u0301parte ...","robots":{"index":"index","follow":"follow","max-snippet":"max-snippet:-1","max-image-preview":"max-image-preview:large","max-video-preview":"max-video-preview:-1"},"canonical":"https:\/\/www.africa-press.net\/congo-brazzaville\/sports\/detection-des-talents-paul-victor-moigny-precise-les-ambitions-de-lacafet","og_locale":"fr_FR","og_type":"article","og_title":"D\u00e9tection des talents : Paul Victor Moigny pr\u00e9cise les ambitions de l\u2019Acafet","og_description":"La cre\u0301ation de l\u2019Acade\u0301mie foot et e\u0301tudes (Acafet) Jean- Jacques- Ndomba- le Ge\u0301ome\u0300tre a\u0300 Ngania, dans le de\u0301parte ...","og_url":"https:\/\/www.africa-press.net\/congo-brazzaville\/sports\/detection-des-talents-paul-victor-moigny-precise-les-ambitions-de-lacafet","og_site_name":"Congo Brazzaville","article_published_time":"2023-02-20T12:46:21+00:00","article_modified_time":"2023-02-20T12:58:11+00:00","og_image":[{"width":1155,"height":768,"url":"https:\/\/static.africa-press.net\/congo-brazzaville\/sites\/51\/2023\/02\/postQueueImg_1676884585.80.jpg","type":"image\/jpeg"}],"author":"cfeditorfr","twitter_card":"summary_large_image","twitter_misc":{"\u00c9crit par":"cfeditorfr","Dur\u00e9e de lecture estim\u00e9e":"4 minutes"},"schema":{"@context":"https:\/\/schema.org","@graph":[{"@type":"Article","@id":"https:\/\/www.africa-press.net\/congo-brazzaville\/sports\/detection-des-talents-paul-victor-moigny-precise-les-ambitions-de-lacafet#article","isPartOf":{"@id":"https:\/\/www.africa-press.net\/congo-brazzaville\/sports\/detection-des-talents-paul-victor-moigny-precise-les-ambitions-de-lacafet"},"author":{"name":"cfeditorfr","@id":"https:\/\/www.africa-press.net\/congo-brazzaville\/#\/schema\/person\/2b1cf3cd81a31e3cd26889ca66d677f1"},"headline":"D\u00e9tection des talents : Paul Victor Moigny pr\u00e9cise les ambitions de l\u2019Acafet","datePublished":"2023-02-20T12:46:21+00:00","dateModified":"2023-02-20T12:58:11+00:00","mainEntityOfPage":{"@id":"https:\/\/www.africa-press.net\/congo-brazzaville\/sports\/detection-des-talents-paul-victor-moigny-precise-les-ambitions-de-lacafet"},"wordCount":779,"commentCount":0,"image":{"@id":"https:\/\/www.africa-press.net\/congo-brazzaville\/sports\/detection-des-talents-paul-victor-moigny-precise-les-ambitions-de-lacafet#primaryimage"},"thumbnailUrl":"https:\/\/static.africa-press.net\/congo-brazzaville\/sites\/51\/2023\/02\/postQueueImg_1676884585.80.jpg","keywords":["Africa Press","Africa Press-Congo Brazzaville","Congo Brazzaville"],"articleSection":["Sports","Toutes les actualit\u00e9s"],"inLanguage":"fr-FR","potentialAction":[{"@type":"CommentAction","name":"Comment","target":["https:\/\/www.africa-press.net\/congo-brazzaville\/sports\/detection-des-talents-paul-victor-moigny-precise-les-ambitions-de-lacafet#respond"]}]},{"@type":"WebPage","@id":"https:\/\/www.africa-press.net\/congo-brazzaville\/sports\/detection-des-talents-paul-victor-moigny-precise-les-ambitions-de-lacafet","url":"https:\/\/www.africa-press.net\/congo-brazzaville\/sports\/detection-des-talents-paul-victor-moigny-precise-les-ambitions-de-lacafet","name":"D\u00e9tection des talents : Paul Victor Moigny pr\u00e9cise les ambitions de l\u2019Acafet - Congo Brazzaville","isPartOf":{"@id":"https:\/\/www.africa-press.net\/congo-brazzaville\/#website"},"primaryImageOfPage":{"@id":"https:\/\/www.africa-press.net\/congo-brazzaville\/sports\/detection-des-talents-paul-victor-moigny-precise-les-ambitions-de-lacafet#primaryimage"},"image":{"@id":"https:\/\/www.africa-press.net\/congo-brazzaville\/sports\/detection-des-talents-paul-victor-moigny-precise-les-ambitions-de-lacafet#primaryimage"},"thumbnailUrl":"https:\/\/static.africa-press.net\/congo-brazzaville\/sites\/51\/2023\/02\/postQueueImg_1676884585.80.jpg","datePublished":"2023-02-20T12:46:21+00:00","dateModified":"2023-02-20T12:58:11+00:00","author":{"@id":"https:\/\/www.africa-press.net\/congo-brazzaville\/#\/schema\/person\/2b1cf3cd81a31e3cd26889ca66d677f1"},"description":"La cre\u0301ation de l\u2019Acade\u0301mie foot et e\u0301tudes (Acafet) Jean- Jacques- Ndomba- le Ge\u0301ome\u0300tre a\u0300 Ngania, dans le de\u0301parte ...","breadcrumb":{"@id":"https:\/\/www.africa-press.net\/congo-brazzaville\/sports\/detection-des-talents-paul-victor-moigny-precise-les-ambitions-de-lacafet#breadcrumb"},"inLanguage":"fr-FR","potentialAction":[{"@type":"ReadAction","target":["https:\/\/www.africa-press.net\/congo-brazzaville\/sports\/detection-des-talents-paul-victor-moigny-precise-les-ambitions-de-lacafet"]}]},{"@type":"ImageObject","inLanguage":"fr-FR","@id":"https:\/\/www.africa-press.net\/congo-brazzaville\/sports\/detection-des-talents-paul-victor-moigny-precise-les-ambitions-de-lacafet#primaryimage","url":"https:\/\/static.africa-press.net\/congo-brazzaville\/sites\/51\/2023\/02\/postQueueImg_1676884585.80.jpg","contentUrl":"https:\/\/static.africa-press.net\/congo-brazzaville\/sites\/51\/2023\/02\/postQueueImg_1676884585.80.jpg","width":1155,"height":768,"caption":"D\u00e9tection des talents : Paul Victor Moigny pr\u00e9cise les ambitions de l\u2019Acafet"},{"@type":"BreadcrumbList","@id":"https:\/\/www.africa-press.net\/congo-brazzaville\/sports\/detection-des-talents-paul-victor-moigny-precise-les-ambitions-de-lacafet#breadcrumb","itemListElement":[{"@type":"ListItem","position":1,"name":"Accueil","item":"https:\/\/www.africa-press.net\/congo-brazzaville\/"},{"@type":"ListItem","position":2,"name":"D\u00e9tection des talents : Paul Victor Moigny pr\u00e9cise les ambitions de l\u2019Acafet"}]},{"@type":"WebSite","@id":"https:\/\/www.africa-press.net\/congo-brazzaville\/#website","url":"https:\/\/www.africa-press.net\/congo-brazzaville\/","name":"Congo Brazzaville","description":"Just another Africa News Agency Sites site","potentialAction":[{"@type":"SearchAction","target":{"@type":"EntryPoint","urlTemplate":"https:\/\/www.africa-press.net\/congo-brazzaville\/?s={search_term_string}"},"query-input":{"@type":"PropertyValueSpecification","valueRequired":true,"valueName":"search_term_string"}}],"inLanguage":"fr-FR"},{"@type":"Person","@id":"https:\/\/www.africa-press.net\/congo-brazzaville\/#\/schema\/person\/2b1cf3cd81a31e3cd26889ca66d677f1","name":"cfeditorfr"}]}},"_links":{"self":[{"href":"https:\/\/www.africa-press.net\/congo-brazzaville\/wp-json\/wp\/v2\/posts\/14615","targetHints":{"allow":["GET"]}}],"collection":[{"href":"https:\/\/www.africa-press.net\/congo-brazzaville\/wp-json\/wp\/v2\/posts"}],"about":[{"href":"https:\/\/www.africa-press.net\/congo-brazzaville\/wp-json\/wp\/v2\/types\/post"}],"author":[{"embeddable":true,"href":"https:\/\/www.africa-press.net\/congo-brazzaville\/wp-json\/wp\/v2\/users\/82"}],"replies":[{"embeddable":true,"href":"https:\/\/www.africa-press.net\/congo-brazzaville\/wp-json\/wp\/v2\/comments?post=14615"}],"version-history":[{"count":0,"href":"https:\/\/www.africa-press.net\/congo-brazzaville\/wp-json\/wp\/v2\/posts\/14615\/revisions"}],"wp:featuredmedia":[{"embeddable":true,"href":"https:\/\/www.africa-press.net\/congo-brazzaville\/wp-json\/wp\/v2\/media\/14614"}],"wp:attachment":[{"href":"https:\/\/www.africa-press.net\/congo-brazzaville\/wp-json\/wp\/v2\/media?parent=14615"}],"wp:term":[{"taxonomy":"category","embeddable":true,"href":"https:\/\/www.africa-press.net\/congo-brazzaville\/wp-json\/wp\/v2\/categories?post=14615"},{"taxonomy":"post_tag","embeddable":true,"href":"https:\/\/www.africa-press.net\/congo-brazzaville\/wp-json\/wp\/v2\/tags?post=14615"}],"curies":[{"name":"wp","href":"https:\/\/api.w.org\/{rel}","templated":true}]}}